{"id":30053,"date":"2026-04-04T19:42:50","date_gmt":"2026-04-04T17:42:50","guid":{"rendered":"https:\/\/jblanz.de\/WP\/?p=30053"},"modified":"2026-04-04T20:43:28","modified_gmt":"2026-04-04T18:43:28","slug":"4-april-2026-markt-in-porlezza","status":"publish","type":"post","link":"https:\/\/jblanz.de\/WP\/4-april-2026-markt-in-porlezza\/","title":{"rendered":"4. April 2026 &#8211; Markt in Porlezza"},"content":{"rendered":"\n<p>Morgens wieder ziemlich kalt im Bus und gute Temperatur f\u00fcr das Fr\u00fchst\u00fcck in der Sonne. Dann fuhren wir zum Markt in das Dorf. \u00dcberall standen geparkte Autos und einige Strassen waren zu Einbahnstrassen umfunktioniert. Mit dem Fahrrad kamen wir aber direkt zu den Marktst\u00e4nden. Auf einem Parkplatz waren nur K\u00e4se-, Wurst- und Gem\u00fcsest\u00e4nde, in den Strassen ringsum aber vorwiegend Kleider und Tischdecken. Wir kauften 2 Tischdecken mit Zitronenmotiven. An den Gem\u00fcsest\u00e4nden kauften wir Tropea-Zwiebeln, die eine Birnenform und r\u00f6tliche Haut hatten. Karin suchte sich 2 St\u00fcck aus, wurde aber nicht bedient, da sie keinen Coupon mit einer Nummer gezogen hatte. Die Kundschaft wurde streng nach der Nummer bedient, gute Sache. Ich stellte mich mit Nummer 81 am H\u00e4hnchenstand an, momentan wurde Nummer 50 bedient. Also mussten wir uns einige Zeit gedulden bis wir ein H\u00e4hnchen vom Spiess (7 \u20ac) bekamen. Aber es war ganz lustig den beiden Verk\u00e4ufern zuzuschauen und zu sehen, wie sie mit ihrer Kundschaft interagieren. Dabei lernt man auch schnell einige Begriffe auf italienisch. Als sich bei Nummer 74 nicht sofort jemand meldete, spang spontan ein junger Mann ein und nutzte seine Chance fr\u00fcher bedient zu werden. Alle waren etwas verdutzt, keiner reagierte schnell genug. Karin durchforstete w\u00e4hrenddessen die Gem\u00fcsest\u00e4nde und kam mit einem Puntarella (Vulkanspargel) zur\u00fcck. Wir hatten letztes Jahr einige Pfl\u00e4nzchen davon im Garten, aber der Frost zerst\u00f6rte unsere ganze Ernte.\u00a0<\/p>\n\n\n\n<figure class=\"wp-block-gallery has-nested-images columns-2 is-cropped wp-block-gallery-2 is-layout-flex wp-block-gallery-is-layout-flex\">\n<figure class=\"wp-block-image size-full\"><img loading=\"lazy\" decoding=\"async\" width=\"2560\" height=\"1440\" data-id=\"30069\" src=\"https:\/\/jblanz.de\/WP\/wp-content\/uploads\/2026\/04\/26Italien-53-scaled.jpg\" alt=\"\" class=\"wp-image-30069\" srcset=\"https:\/\/jblanz.de\/WP\/wp-content\/uploads\/2026\/04\/26Italien-53-scaled.jpg 2560w, https:\/\/jblanz.de\/WP\/wp-content\/uploads\/2026\/04\/26Italien-53-300x169.jpg 300w, https:\/\/jblanz.de\/WP\/wp-content\/uploads\/2026\/04\/26Italien-53-1024x576.jpg 1024w, https:\/\/jblanz.de\/WP\/wp-content\/uploads\/2026\/04\/26Italien-53-768x432.jpg 768w, https:\/\/jblanz.de\/WP\/wp-content\/uploads\/2026\/04\/26Italien-53-1536x864.jpg 1536w, https:\/\/jblanz.de\/WP\/wp-content\/uploads\/2026\/04\/26Italien-53-2048x1152.jpg 2048w\" sizes=\"auto, (max-width: 2560px) 100vw, 2560px\" \/><\/figure>\n\n\n\n<figure class=\"wp-block-image size-full\"><img loading=\"lazy\" decoding=\"async\" width=\"2560\" height=\"1440\" data-id=\"30062\" src=\"https:\/\/jblanz.de\/WP\/wp-content\/uploads\/2026\/04\/26Italien-54-scaled.jpg\" alt=\"\" class=\"wp-image-30062\" srcset=\"https:\/\/jblanz.de\/WP\/wp-content\/uploads\/2026\/04\/26Italien-54-scaled.jpg 2560w, https:\/\/jblanz.de\/WP\/wp-content\/uploads\/2026\/04\/26Italien-54-300x169.jpg 300w, https:\/\/jblanz.de\/WP\/wp-content\/uploads\/2026\/04\/26Italien-54-1024x576.jpg 1024w, https:\/\/jblanz.de\/WP\/wp-content\/uploads\/2026\/04\/26Italien-54-768x432.jpg 768w, https:\/\/jblanz.de\/WP\/wp-content\/uploads\/2026\/04\/26Italien-54-1536x864.jpg 1536w, https:\/\/jblanz.de\/WP\/wp-content\/uploads\/2026\/04\/26Italien-54-2048x1152.jpg 2048w\" sizes=\"auto, (max-width: 2560px) 100vw, 2560px\" \/><\/figure>\n\n\n\n<figure class=\"wp-block-image size-full\"><img loading=\"lazy\" decoding=\"async\" width=\"2560\" height=\"1440\" data-id=\"30063\" src=\"https:\/\/jblanz.de\/WP\/wp-content\/uploads\/2026\/04\/26Italien-55-scaled.jpg\" alt=\"\" class=\"wp-image-30063\" srcset=\"https:\/\/jblanz.de\/WP\/wp-content\/uploads\/2026\/04\/26Italien-55-scaled.jpg 2560w, https:\/\/jblanz.de\/WP\/wp-content\/uploads\/2026\/04\/26Italien-55-300x169.jpg 300w, https:\/\/jblanz.de\/WP\/wp-content\/uploads\/2026\/04\/26Italien-55-1024x576.jpg 1024w, https:\/\/jblanz.de\/WP\/wp-content\/uploads\/2026\/04\/26Italien-55-768x432.jpg 768w, https:\/\/jblanz.de\/WP\/wp-content\/uploads\/2026\/04\/26Italien-55-1536x864.jpg 1536w, https:\/\/jblanz.de\/WP\/wp-content\/uploads\/2026\/04\/26Italien-55-2048x1152.jpg 2048w\" sizes=\"auto, (max-width: 2560px) 100vw, 2560px\" \/><\/figure>\n\n\n\n<figure class=\"wp-block-image size-full\"><img loading=\"lazy\" decoding=\"async\" width=\"2560\" height=\"1440\" data-id=\"30067\" src=\"https:\/\/jblanz.de\/WP\/wp-content\/uploads\/2026\/04\/26Italien-56-scaled.jpg\" alt=\"\" class=\"wp-image-30067\" srcset=\"https:\/\/jblanz.de\/WP\/wp-content\/uploads\/2026\/04\/26Italien-56-scaled.jpg 2560w, https:\/\/jblanz.de\/WP\/wp-content\/uploads\/2026\/04\/26Italien-56-300x169.jpg 300w, https:\/\/jblanz.de\/WP\/wp-content\/uploads\/2026\/04\/26Italien-56-1024x576.jpg 1024w, https:\/\/jblanz.de\/WP\/wp-content\/uploads\/2026\/04\/26Italien-56-768x432.jpg 768w, https:\/\/jblanz.de\/WP\/wp-content\/uploads\/2026\/04\/26Italien-56-1536x864.jpg 1536w, https:\/\/jblanz.de\/WP\/wp-content\/uploads\/2026\/04\/26Italien-56-2048x1152.jpg 2048w\" sizes=\"auto, (max-width: 2560px) 100vw, 2560px\" \/><\/figure>\n\n\n\n<figure class=\"wp-block-image size-full\"><img loading=\"lazy\" decoding=\"async\" width=\"2560\" height=\"1440\" data-id=\"30065\" src=\"https:\/\/jblanz.de\/WP\/wp-content\/uploads\/2026\/04\/26Italien-57-scaled.jpg\" alt=\"\" class=\"wp-image-30065\" srcset=\"https:\/\/jblanz.de\/WP\/wp-content\/uploads\/2026\/04\/26Italien-57-scaled.jpg 2560w, https:\/\/jblanz.de\/WP\/wp-content\/uploads\/2026\/04\/26Italien-57-300x169.jpg 300w, https:\/\/jblanz.de\/WP\/wp-content\/uploads\/2026\/04\/26Italien-57-1024x576.jpg 1024w, https:\/\/jblanz.de\/WP\/wp-content\/uploads\/2026\/04\/26Italien-57-768x432.jpg 768w, https:\/\/jblanz.de\/WP\/wp-content\/uploads\/2026\/04\/26Italien-57-1536x864.jpg 1536w, https:\/\/jblanz.de\/WP\/wp-content\/uploads\/2026\/04\/26Italien-57-2048x1152.jpg 2048w\" sizes=\"auto, (max-width: 2560px) 100vw, 2560px\" \/><\/figure>\n\n\n\n<figure class=\"wp-block-image size-full\"><img loading=\"lazy\" decoding=\"async\" width=\"2268\" height=\"1276\" data-id=\"30064\" src=\"https:\/\/jblanz.de\/WP\/wp-content\/uploads\/2026\/04\/26Italien-58.jpg\" alt=\"\" class=\"wp-image-30064\" srcset=\"https:\/\/jblanz.de\/WP\/wp-content\/uploads\/2026\/04\/26Italien-58.jpg 2268w, https:\/\/jblanz.de\/WP\/wp-content\/uploads\/2026\/04\/26Italien-58-300x169.jpg 300w, https:\/\/jblanz.de\/WP\/wp-content\/uploads\/2026\/04\/26Italien-58-1024x576.jpg 1024w, https:\/\/jblanz.de\/WP\/wp-content\/uploads\/2026\/04\/26Italien-58-768x432.jpg 768w, https:\/\/jblanz.de\/WP\/wp-content\/uploads\/2026\/04\/26Italien-58-1536x864.jpg 1536w, https:\/\/jblanz.de\/WP\/wp-content\/uploads\/2026\/04\/26Italien-58-2048x1152.jpg 2048w\" sizes=\"auto, (max-width: 2268px) 100vw, 2268px\" \/><\/figure>\n\n\n\n<figure class=\"wp-block-image size-full\"><img loading=\"lazy\" decoding=\"async\" width=\"2560\" height=\"1440\" data-id=\"30068\" src=\"https:\/\/jblanz.de\/WP\/wp-content\/uploads\/2026\/04\/26Italien-59-scaled.jpg\" alt=\"\" class=\"wp-image-30068\" srcset=\"https:\/\/jblanz.de\/WP\/wp-content\/uploads\/2026\/04\/26Italien-59-scaled.jpg 2560w, https:\/\/jblanz.de\/WP\/wp-content\/uploads\/2026\/04\/26Italien-59-300x169.jpg 300w, https:\/\/jblanz.de\/WP\/wp-content\/uploads\/2026\/04\/26Italien-59-1024x576.jpg 1024w, https:\/\/jblanz.de\/WP\/wp-content\/uploads\/2026\/04\/26Italien-59-768x432.jpg 768w, https:\/\/jblanz.de\/WP\/wp-content\/uploads\/2026\/04\/26Italien-59-1536x864.jpg 1536w, https:\/\/jblanz.de\/WP\/wp-content\/uploads\/2026\/04\/26Italien-59-2048x1152.jpg 2048w\" sizes=\"auto, (max-width: 2560px) 100vw, 2560px\" \/><\/figure>\n\n\n\n<figure class=\"wp-block-image size-full\"><img loading=\"lazy\" decoding=\"async\" width=\"2560\" height=\"1440\" data-id=\"30066\" src=\"https:\/\/jblanz.de\/WP\/wp-content\/uploads\/2026\/04\/26Italien-60-scaled.jpg\" alt=\"\" class=\"wp-image-30066\" srcset=\"https:\/\/jblanz.de\/WP\/wp-content\/uploads\/2026\/04\/26Italien-60-scaled.jpg 2560w, https:\/\/jblanz.de\/WP\/wp-content\/uploads\/2026\/04\/26Italien-60-300x169.jpg 300w, https:\/\/jblanz.de\/WP\/wp-content\/uploads\/2026\/04\/26Italien-60-1024x576.jpg 1024w, https:\/\/jblanz.de\/WP\/wp-content\/uploads\/2026\/04\/26Italien-60-768x432.jpg 768w, https:\/\/jblanz.de\/WP\/wp-content\/uploads\/2026\/04\/26Italien-60-1536x864.jpg 1536w, https:\/\/jblanz.de\/WP\/wp-content\/uploads\/2026\/04\/26Italien-60-2048x1152.jpg 2048w\" sizes=\"auto, (max-width: 2560px) 100vw, 2560px\" \/><\/figure>\n<\/figure>\n\n\n\n<p>Dann kauften wir noch schnell Vorr\u00e4te f\u00fcr die Osterfeiertage beim Carrefour ein und fuhren zur\u00fcck zu Camping. Das H\u00e4hnchen schmeckte mal wieder super. Die etwas bitteren Puntarelle-Bl\u00e4tter wurden kleingeschnitten zum Tomatensalat zugemischt. Die Temperatur hatte inzwischen die 20 \u00b0C-Marke deutlich \u00fcberschritten und wir d\u00f6sten bei der W\u00e4rme schnell etwas ein. Nach einer Stunde Siesta stiegen wir aufs Rad und fuhren ein paar Kilometer zu den H\u00f6hlen von Rescia. Einige kleine miteinander verbundene Tuffsteinh\u00f6hlen mit grossen Tropfsteinen und am Ende ein 30 m hoher Wasserfall. Gleich am Eingang bemerkten wir einen recht grossen Feuersalamander, der sich im Schein der Taschenlampe schnell wegduckte. Am Ausgang erfuhren wir, dass es einige Salamander in der H\u00f6hle gibt. Salamander legen keine Eier, sondern setzen weit entwickelte, kiementragende Larven im Wasser ab. Die H\u00f6hle ist ideal f\u00fcr diese Zwecke.<\/p>\n\n\n\n<figure class=\"wp-block-gallery has-nested-images columns-2 is-cropped wp-block-gallery-3 is-layout-flex wp-block-gallery-is-layout-flex\">\n<figure class=\"wp-block-image size-large\"><img loading=\"lazy\" decoding=\"async\" width=\"1024\" height=\"576\" data-id=\"30071\" src=\"https:\/\/jblanz.de\/WP\/wp-content\/uploads\/2026\/04\/26Italien-61-1024x576.jpg\" alt=\"\" class=\"wp-image-30071\" srcset=\"https:\/\/jblanz.de\/WP\/wp-content\/uploads\/2026\/04\/26Italien-61-1024x576.jpg 1024w, https:\/\/jblanz.de\/WP\/wp-content\/uploads\/2026\/04\/26Italien-61-300x169.jpg 300w, https:\/\/jblanz.de\/WP\/wp-content\/uploads\/2026\/04\/26Italien-61-768x432.jpg 768w, https:\/\/jblanz.de\/WP\/wp-content\/uploads\/2026\/04\/26Italien-61-1536x864.jpg 1536w, https:\/\/jblanz.de\/WP\/wp-content\/uploads\/2026\/04\/26Italien-61-2048x1152.jpg 2048w\" sizes=\"auto, (max-width: 1024px) 100vw, 1024px\" \/><\/figure>\n\n\n\n<figure class=\"wp-block-image size-large\"><img loading=\"lazy\" decoding=\"async\" width=\"1024\" height=\"576\" data-id=\"30074\" src=\"https:\/\/jblanz.de\/WP\/wp-content\/uploads\/2026\/04\/26Italien-67-1024x576.jpg\" alt=\"\" class=\"wp-image-30074\" srcset=\"https:\/\/jblanz.de\/WP\/wp-content\/uploads\/2026\/04\/26Italien-67-1024x576.jpg 1024w, https:\/\/jblanz.de\/WP\/wp-content\/uploads\/2026\/04\/26Italien-67-300x169.jpg 300w, https:\/\/jblanz.de\/WP\/wp-content\/uploads\/2026\/04\/26Italien-67-768x432.jpg 768w, https:\/\/jblanz.de\/WP\/wp-content\/uploads\/2026\/04\/26Italien-67-1536x864.jpg 1536w, https:\/\/jblanz.de\/WP\/wp-content\/uploads\/2026\/04\/26Italien-67-2048x1152.jpg 2048w\" sizes=\"auto, (max-width: 1024px) 100vw, 1024px\" \/><\/figure>\n\n\n\n<figure class=\"wp-block-image size-large\"><img loading=\"lazy\" decoding=\"async\" width=\"1024\" height=\"576\" data-id=\"30073\" src=\"https:\/\/jblanz.de\/WP\/wp-content\/uploads\/2026\/04\/26Italien-70-1024x576.jpg\" alt=\"\" class=\"wp-image-30073\" srcset=\"https:\/\/jblanz.de\/WP\/wp-content\/uploads\/2026\/04\/26Italien-70-1024x576.jpg 1024w, https:\/\/jblanz.de\/WP\/wp-content\/uploads\/2026\/04\/26Italien-70-300x169.jpg 300w, https:\/\/jblanz.de\/WP\/wp-content\/uploads\/2026\/04\/26Italien-70-768x432.jpg 768w, https:\/\/jblanz.de\/WP\/wp-content\/uploads\/2026\/04\/26Italien-70-1536x864.jpg 1536w, https:\/\/jblanz.de\/WP\/wp-content\/uploads\/2026\/04\/26Italien-70-2048x1152.jpg 2048w\" sizes=\"auto, (max-width: 1024px) 100vw, 1024px\" \/><\/figure>\n\n\n\n<figure class=\"wp-block-image size-large\"><img loading=\"lazy\" decoding=\"async\" width=\"1024\" height=\"576\" data-id=\"30072\" src=\"https:\/\/jblanz.de\/WP\/wp-content\/uploads\/2026\/04\/26Italien-74-1024x576.jpg\" alt=\"\" class=\"wp-image-30072\" srcset=\"https:\/\/jblanz.de\/WP\/wp-content\/uploads\/2026\/04\/26Italien-74-1024x576.jpg 1024w, https:\/\/jblanz.de\/WP\/wp-content\/uploads\/2026\/04\/26Italien-74-300x169.jpg 300w, https:\/\/jblanz.de\/WP\/wp-content\/uploads\/2026\/04\/26Italien-74-768x432.jpg 768w, https:\/\/jblanz.de\/WP\/wp-content\/uploads\/2026\/04\/26Italien-74-1536x864.jpg 1536w, https:\/\/jblanz.de\/WP\/wp-content\/uploads\/2026\/04\/26Italien-74-2048x1152.jpg 2048w\" sizes=\"auto, (max-width: 1024px) 100vw, 1024px\" \/><\/figure>\n\n\n\n<figure class=\"wp-block-image size-large\"><img loading=\"lazy\" decoding=\"async\" width=\"1024\" height=\"576\" data-id=\"30075\" src=\"https:\/\/jblanz.de\/WP\/wp-content\/uploads\/2026\/04\/26Italien-79-1024x576.jpg\" alt=\"\" class=\"wp-image-30075\" srcset=\"https:\/\/jblanz.de\/WP\/wp-content\/uploads\/2026\/04\/26Italien-79-1024x576.jpg 1024w, https:\/\/jblanz.de\/WP\/wp-content\/uploads\/2026\/04\/26Italien-79-300x169.jpg 300w, https:\/\/jblanz.de\/WP\/wp-content\/uploads\/2026\/04\/26Italien-79-768x432.jpg 768w, https:\/\/jblanz.de\/WP\/wp-content\/uploads\/2026\/04\/26Italien-79-1536x864.jpg 1536w, https:\/\/jblanz.de\/WP\/wp-content\/uploads\/2026\/04\/26Italien-79-2048x1152.jpg 2048w\" sizes=\"auto, (max-width: 1024px) 100vw, 1024px\" \/><\/figure>\n\n\n\n<figure class=\"wp-block-image size-large\"><img loading=\"lazy\" decoding=\"async\" width=\"1024\" height=\"576\" data-id=\"30079\" src=\"https:\/\/jblanz.de\/WP\/wp-content\/uploads\/2026\/04\/26Italien-82-1024x576.jpg\" alt=\"\" class=\"wp-image-30079\" srcset=\"https:\/\/jblanz.de\/WP\/wp-content\/uploads\/2026\/04\/26Italien-82-1024x576.jpg 1024w, https:\/\/jblanz.de\/WP\/wp-content\/uploads\/2026\/04\/26Italien-82-300x169.jpg 300w, https:\/\/jblanz.de\/WP\/wp-content\/uploads\/2026\/04\/26Italien-82-768x432.jpg 768w, https:\/\/jblanz.de\/WP\/wp-content\/uploads\/2026\/04\/26Italien-82-1536x864.jpg 1536w, https:\/\/jblanz.de\/WP\/wp-content\/uploads\/2026\/04\/26Italien-82-2048x1152.jpg 2048w\" sizes=\"auto, (max-width: 1024px) 100vw, 1024px\" \/><\/figure>\n\n\n\n<figure class=\"wp-block-image size-large\"><img loading=\"lazy\" decoding=\"async\" width=\"1024\" height=\"576\" data-id=\"30077\" src=\"https:\/\/jblanz.de\/WP\/wp-content\/uploads\/2026\/04\/26Italien-88-1024x576.jpg\" alt=\"\" class=\"wp-image-30077\" srcset=\"https:\/\/jblanz.de\/WP\/wp-content\/uploads\/2026\/04\/26Italien-88-1024x576.jpg 1024w, https:\/\/jblanz.de\/WP\/wp-content\/uploads\/2026\/04\/26Italien-88-300x169.jpg 300w, https:\/\/jblanz.de\/WP\/wp-content\/uploads\/2026\/04\/26Italien-88-768x432.jpg 768w, https:\/\/jblanz.de\/WP\/wp-content\/uploads\/2026\/04\/26Italien-88-1536x864.jpg 1536w, https:\/\/jblanz.de\/WP\/wp-content\/uploads\/2026\/04\/26Italien-88-2048x1152.jpg 2048w\" sizes=\"auto, (max-width: 1024px) 100vw, 1024px\" \/><\/figure>\n\n\n\n<figure class=\"wp-block-image size-large\"><img loading=\"lazy\" decoding=\"async\" width=\"1024\" height=\"576\" data-id=\"30076\" src=\"https:\/\/jblanz.de\/WP\/wp-content\/uploads\/2026\/04\/26Italien-93-1024x576.jpg\" alt=\"\" class=\"wp-image-30076\" srcset=\"https:\/\/jblanz.de\/WP\/wp-content\/uploads\/2026\/04\/26Italien-93-1024x576.jpg 1024w, https:\/\/jblanz.de\/WP\/wp-content\/uploads\/2026\/04\/26Italien-93-300x169.jpg 300w, https:\/\/jblanz.de\/WP\/wp-content\/uploads\/2026\/04\/26Italien-93-768x432.jpg 768w, https:\/\/jblanz.de\/WP\/wp-content\/uploads\/2026\/04\/26Italien-93-1536x864.jpg 1536w, https:\/\/jblanz.de\/WP\/wp-content\/uploads\/2026\/04\/26Italien-93-2048x1152.jpg 2048w\" sizes=\"auto, (max-width: 1024px) 100vw, 1024px\" \/><\/figure>\n\n\n\n<figure class=\"wp-block-image size-large\"><img loading=\"lazy\" decoding=\"async\" width=\"1024\" height=\"576\" data-id=\"30078\" src=\"https:\/\/jblanz.de\/WP\/wp-content\/uploads\/2026\/04\/26Italien-91-1024x576.jpg\" alt=\"\" class=\"wp-image-30078\" srcset=\"https:\/\/jblanz.de\/WP\/wp-content\/uploads\/2026\/04\/26Italien-91-1024x576.jpg 1024w, https:\/\/jblanz.de\/WP\/wp-content\/uploads\/2026\/04\/26Italien-91-300x169.jpg 300w, https:\/\/jblanz.de\/WP\/wp-content\/uploads\/2026\/04\/26Italien-91-768x432.jpg 768w, https:\/\/jblanz.de\/WP\/wp-content\/uploads\/2026\/04\/26Italien-91-1536x864.jpg 1536w, https:\/\/jblanz.de\/WP\/wp-content\/uploads\/2026\/04\/26Italien-91-2048x1152.jpg 2048w\" sizes=\"auto, (max-width: 1024px) 100vw, 1024px\" \/><\/figure>\n<\/figure>\n\n\n\n<p>Am Hang vor dem Wasserfall entfalteten Farne gerade ihre Wedeln, immer wieder ein gutes Fotomotiv.<\/p>\n\n\n\n<figure class=\"wp-block-gallery has-nested-images columns-default is-cropped wp-block-gallery-4 is-layout-flex wp-block-gallery-is-layout-flex\">\n<figure class=\"wp-block-image size-large\"><img loading=\"lazy\" decoding=\"async\" width=\"1024\" height=\"576\" data-id=\"30081\" src=\"https:\/\/jblanz.de\/WP\/wp-content\/uploads\/2026\/04\/26Italien-83-1024x576.jpg\" alt=\"\" class=\"wp-image-30081\" srcset=\"https:\/\/jblanz.de\/WP\/wp-content\/uploads\/2026\/04\/26Italien-83-1024x576.jpg 1024w, https:\/\/jblanz.de\/WP\/wp-content\/uploads\/2026\/04\/26Italien-83-300x169.jpg 300w, https:\/\/jblanz.de\/WP\/wp-content\/uploads\/2026\/04\/26Italien-83-768x432.jpg 768w, https:\/\/jblanz.de\/WP\/wp-content\/uploads\/2026\/04\/26Italien-83-1536x864.jpg 1536w, https:\/\/jblanz.de\/WP\/wp-content\/uploads\/2026\/04\/26Italien-83-2048x1152.jpg 2048w\" sizes=\"auto, (max-width: 1024px) 100vw, 1024px\" \/><\/figure>\n\n\n\n<figure class=\"wp-block-image size-large\"><img loading=\"lazy\" decoding=\"async\" width=\"1024\" height=\"576\" data-id=\"30082\" src=\"https:\/\/jblanz.de\/WP\/wp-content\/uploads\/2026\/04\/26Italien-85-1024x576.jpg\" alt=\"\" class=\"wp-image-30082\" srcset=\"https:\/\/jblanz.de\/WP\/wp-content\/uploads\/2026\/04\/26Italien-85-1024x576.jpg 1024w, https:\/\/jblanz.de\/WP\/wp-content\/uploads\/2026\/04\/26Italien-85-300x169.jpg 300w, https:\/\/jblanz.de\/WP\/wp-content\/uploads\/2026\/04\/26Italien-85-768x432.jpg 768w, https:\/\/jblanz.de\/WP\/wp-content\/uploads\/2026\/04\/26Italien-85-1536x864.jpg 1536w, https:\/\/jblanz.de\/WP\/wp-content\/uploads\/2026\/04\/26Italien-85-2048x1152.jpg 2048w\" sizes=\"auto, (max-width: 1024px) 100vw, 1024px\" \/><\/figure>\n<\/figure>\n\n\n\n<p>Nach der Besichtigung ging es auf der Uferstrasse bei recht viel Verkehr weiter nach Osteno, einem kleinen Dorf mit einer beschaulichen Uferpromenade, an der viele Leute gerade ihren Nachmittagsdrink verkosteten. Wir kehrten um und nutzen die Gelegenheit f\u00fcr ein Getr\u00e4nk vor dem Bus.<\/p>\n\n\n\n<figure class=\"wp-block-gallery has-nested-images columns-default is-cropped wp-block-gallery-5 is-layout-flex wp-block-gallery-is-layout-flex\">\n<figure class=\"wp-block-image size-full\"><img loading=\"lazy\" decoding=\"async\" width=\"2560\" height=\"1440\" data-id=\"30085\" src=\"https:\/\/jblanz.de\/WP\/wp-content\/uploads\/2026\/04\/26Italien-94-scaled.jpg\" alt=\"\" class=\"wp-image-30085\" srcset=\"https:\/\/jblanz.de\/WP\/wp-content\/uploads\/2026\/04\/26Italien-94-scaled.jpg 2560w, https:\/\/jblanz.de\/WP\/wp-content\/uploads\/2026\/04\/26Italien-94-300x169.jpg 300w, https:\/\/jblanz.de\/WP\/wp-content\/uploads\/2026\/04\/26Italien-94-1024x576.jpg 1024w, https:\/\/jblanz.de\/WP\/wp-content\/uploads\/2026\/04\/26Italien-94-768x432.jpg 768w, https:\/\/jblanz.de\/WP\/wp-content\/uploads\/2026\/04\/26Italien-94-1536x864.jpg 1536w, https:\/\/jblanz.de\/WP\/wp-content\/uploads\/2026\/04\/26Italien-94-2048x1152.jpg 2048w\" sizes=\"auto, (max-width: 2560px) 100vw, 2560px\" \/><\/figure>\n\n\n\n<figure class=\"wp-block-image size-full\"><img loading=\"lazy\" decoding=\"async\" width=\"2560\" height=\"1440\" data-id=\"30084\" src=\"https:\/\/jblanz.de\/WP\/wp-content\/uploads\/2026\/04\/26Italien-96-scaled.jpg\" alt=\"\" class=\"wp-image-30084\" srcset=\"https:\/\/jblanz.de\/WP\/wp-content\/uploads\/2026\/04\/26Italien-96-scaled.jpg 2560w, https:\/\/jblanz.de\/WP\/wp-content\/uploads\/2026\/04\/26Italien-96-300x169.jpg 300w, https:\/\/jblanz.de\/WP\/wp-content\/uploads\/2026\/04\/26Italien-96-1024x576.jpg 1024w, https:\/\/jblanz.de\/WP\/wp-content\/uploads\/2026\/04\/26Italien-96-768x432.jpg 768w, https:\/\/jblanz.de\/WP\/wp-content\/uploads\/2026\/04\/26Italien-96-1536x864.jpg 1536w, https:\/\/jblanz.de\/WP\/wp-content\/uploads\/2026\/04\/26Italien-96-2048x1152.jpg 2048w\" sizes=\"auto, (max-width: 2560px) 100vw, 2560px\" \/><\/figure>\n<\/figure>\n","protected":false},"excerpt":{"rendered":"<p>Morgens wieder ziemlich kalt im Bus und gute Temperatur f\u00fcr das Fr\u00fchst\u00fcck in der Sonne. Dann fuhren wir zum Markt<\/p>\n","protected":false},"author":1,"featured_media":30064,"comment_status":"open","ping_status":"open","sticky":false,"template":"","format":"standard","meta":{"colormag_page_container_layout":"default_layout","colormag_page_sidebar_layout":"default_layout","_monsterinsights_skip_tracking":false,"_monsterinsights_sitenote_active":false,"_monsterinsights_sitenote_note":"","_monsterinsights_sitenote_category":0,"footnotes":""},"categories":[269,350,351,306,159,167,268],"tags":[],"class_list":["post-30053","post","type-post","status-publish","format-standard","has-post-thumbnail","hentry","category-2020-jahr","category-350","category-2026-2","category-a-j","category-europa","category-italien","category-jahr"],"yoast_head":"<!-- This site is optimized with the Yoast SEO plugin v27.4 - https:\/\/yoast.com\/product\/yoast-seo-wordpress\/ -->\n<title>4. April 2026 - Markt in Porlezza - Reiseblog von Karin &amp; Joachim<\/title>\n<meta name=\"robots\" content=\"index, follow, max-snippet:-1, max-image-preview:large, max-video-preview:-1\" \/>\n<link rel=\"canonical\" href=\"https:\/\/jblanz.de\/WP\/4-april-2026-markt-in-porlezza\/\" \/>\n<meta property=\"og:locale\" content=\"de_DE\" \/>\n<meta property=\"og:type\" content=\"article\" \/>\n<meta property=\"og:title\" content=\"4. April 2026 - Markt in Porlezza - Reiseblog von Karin &amp; Joachim\" \/>\n<meta property=\"og:description\" content=\"Morgens wieder ziemlich kalt im Bus und gute Temperatur f\u00fcr das Fr\u00fchst\u00fcck in der Sonne. Dann fuhren wir zum Markt\" \/>\n<meta property=\"og:url\" content=\"https:\/\/jblanz.de\/WP\/4-april-2026-markt-in-porlezza\/\" \/>\n<meta property=\"og:site_name\" content=\"Reiseblog von Karin &amp; Joachim\" \/>\n<meta property=\"article:published_time\" content=\"2026-04-04T17:42:50+00:00\" \/>\n<meta property=\"article:modified_time\" content=\"2026-04-04T18:43:28+00:00\" \/>\n<meta property=\"og:image\" content=\"https:\/\/jblanz.de\/WP\/wp-content\/uploads\/2026\/04\/26Italien-58.jpg\" \/>\n\t<meta property=\"og:image:width\" content=\"2268\" \/>\n\t<meta property=\"og:image:height\" content=\"1276\" \/>\n\t<meta property=\"og:image:type\" content=\"image\/jpeg\" \/>\n<meta name=\"author\" content=\"Achim\" \/>\n<meta name=\"twitter:card\" content=\"summary_large_image\" \/>\n<meta name=\"twitter:label1\" content=\"Verfasst von\" \/>\n\t<meta name=\"twitter:data1\" content=\"Achim\" \/>\n\t<meta name=\"twitter:label2\" content=\"Gesch\u00e4tzte Lesezeit\" \/>\n\t<meta name=\"twitter:data2\" content=\"7\u00a0Minuten\" \/>\n<script type=\"application\/ld+json\" class=\"yoast-schema-graph\">{\"@context\":\"https:\\\/\\\/schema.org\",\"@graph\":[{\"@type\":\"Article\",\"@id\":\"https:\\\/\\\/jblanz.de\\\/WP\\\/4-april-2026-markt-in-porlezza\\\/#article\",\"isPartOf\":{\"@id\":\"https:\\\/\\\/jblanz.de\\\/WP\\\/4-april-2026-markt-in-porlezza\\\/\"},\"author\":{\"name\":\"Achim\",\"@id\":\"https:\\\/\\\/jblanz.de\\\/WP\\\/#\\\/schema\\\/person\\\/17a70f07162e42bc0b181c22397286e0\"},\"headline\":\"4. April 2026 &#8211; Markt in Porlezza\",\"datePublished\":\"2026-04-04T17:42:50+00:00\",\"dateModified\":\"2026-04-04T18:43:28+00:00\",\"mainEntityOfPage\":{\"@id\":\"https:\\\/\\\/jblanz.de\\\/WP\\\/4-april-2026-markt-in-porlezza\\\/\"},\"wordCount\":448,\"commentCount\":0,\"publisher\":{\"@id\":\"https:\\\/\\\/jblanz.de\\\/WP\\\/#\\\/schema\\\/person\\\/17a70f07162e42bc0b181c22397286e0\"},\"image\":{\"@id\":\"https:\\\/\\\/jblanz.de\\\/WP\\\/4-april-2026-markt-in-porlezza\\\/#primaryimage\"},\"thumbnailUrl\":\"https:\\\/\\\/jblanz.de\\\/WP\\\/wp-content\\\/uploads\\\/2026\\\/04\\\/26Italien-58.jpg\",\"articleSection\":[\"2020+\",\"2026\",\"2026\",\"A-J\",\"Europa\",\"Italien\",\"Jahr\"],\"inLanguage\":\"de\",\"potentialAction\":[{\"@type\":\"CommentAction\",\"name\":\"Comment\",\"target\":[\"https:\\\/\\\/jblanz.de\\\/WP\\\/4-april-2026-markt-in-porlezza\\\/#respond\"]}]},{\"@type\":\"WebPage\",\"@id\":\"https:\\\/\\\/jblanz.de\\\/WP\\\/4-april-2026-markt-in-porlezza\\\/\",\"url\":\"https:\\\/\\\/jblanz.de\\\/WP\\\/4-april-2026-markt-in-porlezza\\\/\",\"name\":\"4. April 2026 - Markt in Porlezza - Reiseblog von Karin &amp; Joachim\",\"isPartOf\":{\"@id\":\"https:\\\/\\\/jblanz.de\\\/WP\\\/#website\"},\"primaryImageOfPage\":{\"@id\":\"https:\\\/\\\/jblanz.de\\\/WP\\\/4-april-2026-markt-in-porlezza\\\/#primaryimage\"},\"image\":{\"@id\":\"https:\\\/\\\/jblanz.de\\\/WP\\\/4-april-2026-markt-in-porlezza\\\/#primaryimage\"},\"thumbnailUrl\":\"https:\\\/\\\/jblanz.de\\\/WP\\\/wp-content\\\/uploads\\\/2026\\\/04\\\/26Italien-58.jpg\",\"datePublished\":\"2026-04-04T17:42:50+00:00\",\"dateModified\":\"2026-04-04T18:43:28+00:00\",\"breadcrumb\":{\"@id\":\"https:\\\/\\\/jblanz.de\\\/WP\\\/4-april-2026-markt-in-porlezza\\\/#breadcrumb\"},\"inLanguage\":\"de\",\"potentialAction\":[{\"@type\":\"ReadAction\",\"target\":[\"https:\\\/\\\/jblanz.de\\\/WP\\\/4-april-2026-markt-in-porlezza\\\/\"]}]},{\"@type\":\"ImageObject\",\"inLanguage\":\"de\",\"@id\":\"https:\\\/\\\/jblanz.de\\\/WP\\\/4-april-2026-markt-in-porlezza\\\/#primaryimage\",\"url\":\"https:\\\/\\\/jblanz.de\\\/WP\\\/wp-content\\\/uploads\\\/2026\\\/04\\\/26Italien-58.jpg\",\"contentUrl\":\"https:\\\/\\\/jblanz.de\\\/WP\\\/wp-content\\\/uploads\\\/2026\\\/04\\\/26Italien-58.jpg\",\"width\":2268,\"height\":1276},{\"@type\":\"BreadcrumbList\",\"@id\":\"https:\\\/\\\/jblanz.de\\\/WP\\\/4-april-2026-markt-in-porlezza\\\/#breadcrumb\",\"itemListElement\":[{\"@type\":\"ListItem\",\"position\":1,\"name\":\"Startseite\",\"item\":\"https:\\\/\\\/jblanz.de\\\/WP\\\/\"},{\"@type\":\"ListItem\",\"position\":2,\"name\":\"4. April 2026 &#8211; Markt in Porlezza\"}]},{\"@type\":\"WebSite\",\"@id\":\"https:\\\/\\\/jblanz.de\\\/WP\\\/#website\",\"url\":\"https:\\\/\\\/jblanz.de\\\/WP\\\/\",\"name\":\"Reiseblog von Karin & Joachim\",\"description\":\"Wir schreiben den Blog f\u00fcr uns als Erinnerung - f\u00fcr euch als Inspiration\",\"publisher\":{\"@id\":\"https:\\\/\\\/jblanz.de\\\/WP\\\/#\\\/schema\\\/person\\\/17a70f07162e42bc0b181c22397286e0\"},\"potentialAction\":[{\"@type\":\"SearchAction\",\"target\":{\"@type\":\"EntryPoint\",\"urlTemplate\":\"https:\\\/\\\/jblanz.de\\\/WP\\\/?s={search_term_string}\"},\"query-input\":{\"@type\":\"PropertyValueSpecification\",\"valueRequired\":true,\"valueName\":\"search_term_string\"}}],\"inLanguage\":\"de\"},{\"@type\":[\"Person\",\"Organization\"],\"@id\":\"https:\\\/\\\/jblanz.de\\\/WP\\\/#\\\/schema\\\/person\\\/17a70f07162e42bc0b181c22397286e0\",\"name\":\"Achim\",\"image\":{\"@type\":\"ImageObject\",\"inLanguage\":\"de\",\"@id\":\"https:\\\/\\\/secure.gravatar.com\\\/avatar\\\/b7ab31bc55956af4a9bebf7fd034761212b11b803b7e39464914d6abeefb12f3?s=96&d=mm&r=g\",\"url\":\"https:\\\/\\\/secure.gravatar.com\\\/avatar\\\/b7ab31bc55956af4a9bebf7fd034761212b11b803b7e39464914d6abeefb12f3?s=96&d=mm&r=g\",\"contentUrl\":\"https:\\\/\\\/secure.gravatar.com\\\/avatar\\\/b7ab31bc55956af4a9bebf7fd034761212b11b803b7e39464914d6abeefb12f3?s=96&d=mm&r=g\",\"caption\":\"Achim\"},\"logo\":{\"@id\":\"https:\\\/\\\/secure.gravatar.com\\\/avatar\\\/b7ab31bc55956af4a9bebf7fd034761212b11b803b7e39464914d6abeefb12f3?s=96&d=mm&r=g\"},\"url\":\"https:\\\/\\\/jblanz.de\\\/WP\\\/author\\\/achim\\\/\"}]}<\/script>\n<!-- \/ Yoast SEO plugin. -->","yoast_head_json":{"title":"4. April 2026 - Markt in Porlezza - Reiseblog von Karin &amp; Joachim","robots":{"index":"index","follow":"follow","max-snippet":"max-snippet:-1","max-image-preview":"max-image-preview:large","max-video-preview":"max-video-preview:-1"},"canonical":"https:\/\/jblanz.de\/WP\/4-april-2026-markt-in-porlezza\/","og_locale":"de_DE","og_type":"article","og_title":"4. April 2026 - Markt in Porlezza - Reiseblog von Karin &amp; Joachim","og_description":"Morgens wieder ziemlich kalt im Bus und gute Temperatur f\u00fcr das Fr\u00fchst\u00fcck in der Sonne. Dann fuhren wir zum Markt","og_url":"https:\/\/jblanz.de\/WP\/4-april-2026-markt-in-porlezza\/","og_site_name":"Reiseblog von Karin &amp; Joachim","article_published_time":"2026-04-04T17:42:50+00:00","article_modified_time":"2026-04-04T18:43:28+00:00","og_image":[{"width":2268,"height":1276,"url":"https:\/\/jblanz.de\/WP\/wp-content\/uploads\/2026\/04\/26Italien-58.jpg","type":"image\/jpeg"}],"author":"Achim","twitter_card":"summary_large_image","twitter_misc":{"Verfasst von":"Achim","Gesch\u00e4tzte Lesezeit":"7\u00a0Minuten"},"schema":{"@context":"https:\/\/schema.org","@graph":[{"@type":"Article","@id":"https:\/\/jblanz.de\/WP\/4-april-2026-markt-in-porlezza\/#article","isPartOf":{"@id":"https:\/\/jblanz.de\/WP\/4-april-2026-markt-in-porlezza\/"},"author":{"name":"Achim","@id":"https:\/\/jblanz.de\/WP\/#\/schema\/person\/17a70f07162e42bc0b181c22397286e0"},"headline":"4. April 2026 &#8211; Markt in Porlezza","datePublished":"2026-04-04T17:42:50+00:00","dateModified":"2026-04-04T18:43:28+00:00","mainEntityOfPage":{"@id":"https:\/\/jblanz.de\/WP\/4-april-2026-markt-in-porlezza\/"},"wordCount":448,"commentCount":0,"publisher":{"@id":"https:\/\/jblanz.de\/WP\/#\/schema\/person\/17a70f07162e42bc0b181c22397286e0"},"image":{"@id":"https:\/\/jblanz.de\/WP\/4-april-2026-markt-in-porlezza\/#primaryimage"},"thumbnailUrl":"https:\/\/jblanz.de\/WP\/wp-content\/uploads\/2026\/04\/26Italien-58.jpg","articleSection":["2020+","2026","2026","A-J","Europa","Italien","Jahr"],"inLanguage":"de","potentialAction":[{"@type":"CommentAction","name":"Comment","target":["https:\/\/jblanz.de\/WP\/4-april-2026-markt-in-porlezza\/#respond"]}]},{"@type":"WebPage","@id":"https:\/\/jblanz.de\/WP\/4-april-2026-markt-in-porlezza\/","url":"https:\/\/jblanz.de\/WP\/4-april-2026-markt-in-porlezza\/","name":"4. April 2026 - Markt in Porlezza - Reiseblog von Karin &amp; Joachim","isPartOf":{"@id":"https:\/\/jblanz.de\/WP\/#website"},"primaryImageOfPage":{"@id":"https:\/\/jblanz.de\/WP\/4-april-2026-markt-in-porlezza\/#primaryimage"},"image":{"@id":"https:\/\/jblanz.de\/WP\/4-april-2026-markt-in-porlezza\/#primaryimage"},"thumbnailUrl":"https:\/\/jblanz.de\/WP\/wp-content\/uploads\/2026\/04\/26Italien-58.jpg","datePublished":"2026-04-04T17:42:50+00:00","dateModified":"2026-04-04T18:43:28+00:00","breadcrumb":{"@id":"https:\/\/jblanz.de\/WP\/4-april-2026-markt-in-porlezza\/#breadcrumb"},"inLanguage":"de","potentialAction":[{"@type":"ReadAction","target":["https:\/\/jblanz.de\/WP\/4-april-2026-markt-in-porlezza\/"]}]},{"@type":"ImageObject","inLanguage":"de","@id":"https:\/\/jblanz.de\/WP\/4-april-2026-markt-in-porlezza\/#primaryimage","url":"https:\/\/jblanz.de\/WP\/wp-content\/uploads\/2026\/04\/26Italien-58.jpg","contentUrl":"https:\/\/jblanz.de\/WP\/wp-content\/uploads\/2026\/04\/26Italien-58.jpg","width":2268,"height":1276},{"@type":"BreadcrumbList","@id":"https:\/\/jblanz.de\/WP\/4-april-2026-markt-in-porlezza\/#breadcrumb","itemListElement":[{"@type":"ListItem","position":1,"name":"Startseite","item":"https:\/\/jblanz.de\/WP\/"},{"@type":"ListItem","position":2,"name":"4. April 2026 &#8211; Markt in Porlezza"}]},{"@type":"WebSite","@id":"https:\/\/jblanz.de\/WP\/#website","url":"https:\/\/jblanz.de\/WP\/","name":"Reiseblog von Karin & Joachim","description":"Wir schreiben den Blog f\u00fcr uns als Erinnerung - f\u00fcr euch als Inspiration","publisher":{"@id":"https:\/\/jblanz.de\/WP\/#\/schema\/person\/17a70f07162e42bc0b181c22397286e0"},"potentialAction":[{"@type":"SearchAction","target":{"@type":"EntryPoint","urlTemplate":"https:\/\/jblanz.de\/WP\/?s={search_term_string}"},"query-input":{"@type":"PropertyValueSpecification","valueRequired":true,"valueName":"search_term_string"}}],"inLanguage":"de"},{"@type":["Person","Organization"],"@id":"https:\/\/jblanz.de\/WP\/#\/schema\/person\/17a70f07162e42bc0b181c22397286e0","name":"Achim","image":{"@type":"ImageObject","inLanguage":"de","@id":"https:\/\/secure.gravatar.com\/avatar\/b7ab31bc55956af4a9bebf7fd034761212b11b803b7e39464914d6abeefb12f3?s=96&d=mm&r=g","url":"https:\/\/secure.gravatar.com\/avatar\/b7ab31bc55956af4a9bebf7fd034761212b11b803b7e39464914d6abeefb12f3?s=96&d=mm&r=g","contentUrl":"https:\/\/secure.gravatar.com\/avatar\/b7ab31bc55956af4a9bebf7fd034761212b11b803b7e39464914d6abeefb12f3?s=96&d=mm&r=g","caption":"Achim"},"logo":{"@id":"https:\/\/secure.gravatar.com\/avatar\/b7ab31bc55956af4a9bebf7fd034761212b11b803b7e39464914d6abeefb12f3?s=96&d=mm&r=g"},"url":"https:\/\/jblanz.de\/WP\/author\/achim\/"}]}},"_links":{"self":[{"href":"https:\/\/jblanz.de\/WP\/wp-json\/wp\/v2\/posts\/30053","targetHints":{"allow":["GET"]}}],"collection":[{"href":"https:\/\/jblanz.de\/WP\/wp-json\/wp\/v2\/posts"}],"about":[{"href":"https:\/\/jblanz.de\/WP\/wp-json\/wp\/v2\/types\/post"}],"author":[{"embeddable":true,"href":"https:\/\/jblanz.de\/WP\/wp-json\/wp\/v2\/users\/1"}],"replies":[{"embeddable":true,"href":"https:\/\/jblanz.de\/WP\/wp-json\/wp\/v2\/comments?post=30053"}],"version-history":[{"count":7,"href":"https:\/\/jblanz.de\/WP\/wp-json\/wp\/v2\/posts\/30053\/revisions"}],"predecessor-version":[{"id":30087,"href":"https:\/\/jblanz.de\/WP\/wp-json\/wp\/v2\/posts\/30053\/revisions\/30087"}],"wp:featuredmedia":[{"embeddable":true,"href":"https:\/\/jblanz.de\/WP\/wp-json\/wp\/v2\/media\/30064"}],"wp:attachment":[{"href":"https:\/\/jblanz.de\/WP\/wp-json\/wp\/v2\/media?parent=30053"}],"wp:term":[{"taxonomy":"category","embeddable":true,"href":"https:\/\/jblanz.de\/WP\/wp-json\/wp\/v2\/categories?post=30053"},{"taxonomy":"post_tag","embeddable":true,"href":"https:\/\/jblanz.de\/WP\/wp-json\/wp\/v2\/tags?post=30053"}],"curies":[{"name":"wp","href":"https:\/\/api.w.org\/{rel}","templated":true}]}}