{"id":30922,"date":"2026-04-25T16:05:03","date_gmt":"2026-04-25T14:05:03","guid":{"rendered":"https:\/\/jblanz.de\/WP\/?p=30922"},"modified":"2026-04-25T21:24:36","modified_gmt":"2026-04-25T19:24:36","slug":"25-april-2026-radausflug-rund-um-den-camping","status":"publish","type":"post","link":"https:\/\/jblanz.de\/WP\/25-april-2026-radausflug-rund-um-den-camping\/","title":{"rendered":"25. April 2026 &#8211; Radausflug rund um den Camping"},"content":{"rendered":"\n<p>Gegen 11 Uhr fuhren wir mit den Fahrr\u00e4dern los. Es ging es an der Strasse entlang, da es keine Fahrradweg gibt. Nach einem kleinen Umweg fuhren wir zum Kloster Zv\u00ebrnec, das auf einer Insel gebaut ist. Zum Kloster f\u00fchrte ein bretterbeschlagener Steg \u00fcber die Lagune. Im Kloster selbst herrschte Fotographierverbot, das von einer Security \u00fcberwacht wurde. Es herrschte nicht sehr viel Betrieb, aber ein in Landestracht gekleideter &#8222;Musikant&#8220; bot kreischend laute Musik vom Lautsprecher die er auf einer Trommel begleitete. Wir waren froh Abstand zu gewinnen. Vom Steg aus hatte man eine sch\u00f6ne Sicht auf schneebedeckte Berge, der imposanteste heisst Qores und ist 2018 m hoch und direkt hinter dem Steg stand einer der 150 000 Bunker, die der Diktator Hoxha bauen liess.<\/p>\n\n\n\n<figure class=\"wp-block-gallery has-nested-images columns-2 is-cropped wp-block-gallery-2 is-layout-flex wp-block-gallery-is-layout-flex\">\n<figure class=\"wp-block-image size-full\"><img loading=\"lazy\" decoding=\"async\" width=\"2560\" height=\"1440\" data-id=\"30935\" src=\"https:\/\/jblanz.de\/WP\/wp-content\/uploads\/2026\/04\/26Albanien-162-scaled.jpg\" alt=\"\" class=\"wp-image-30935\" srcset=\"https:\/\/jblanz.de\/WP\/wp-content\/uploads\/2026\/04\/26Albanien-162-scaled.jpg 2560w, https:\/\/jblanz.de\/WP\/wp-content\/uploads\/2026\/04\/26Albanien-162-300x169.jpg 300w, https:\/\/jblanz.de\/WP\/wp-content\/uploads\/2026\/04\/26Albanien-162-1024x576.jpg 1024w, https:\/\/jblanz.de\/WP\/wp-content\/uploads\/2026\/04\/26Albanien-162-768x432.jpg 768w, https:\/\/jblanz.de\/WP\/wp-content\/uploads\/2026\/04\/26Albanien-162-1536x864.jpg 1536w, https:\/\/jblanz.de\/WP\/wp-content\/uploads\/2026\/04\/26Albanien-162-2048x1152.jpg 2048w\" sizes=\"auto, (max-width: 2560px) 100vw, 2560px\" \/><\/figure>\n\n\n\n<figure class=\"wp-block-image size-full\"><img loading=\"lazy\" decoding=\"async\" width=\"2560\" height=\"1440\" data-id=\"30931\" src=\"https:\/\/jblanz.de\/WP\/wp-content\/uploads\/2026\/04\/26Albanien-169-scaled.jpg\" alt=\"\" class=\"wp-image-30931\" srcset=\"https:\/\/jblanz.de\/WP\/wp-content\/uploads\/2026\/04\/26Albanien-169-scaled.jpg 2560w, https:\/\/jblanz.de\/WP\/wp-content\/uploads\/2026\/04\/26Albanien-169-300x169.jpg 300w, https:\/\/jblanz.de\/WP\/wp-content\/uploads\/2026\/04\/26Albanien-169-1024x576.jpg 1024w, https:\/\/jblanz.de\/WP\/wp-content\/uploads\/2026\/04\/26Albanien-169-768x432.jpg 768w, https:\/\/jblanz.de\/WP\/wp-content\/uploads\/2026\/04\/26Albanien-169-1536x864.jpg 1536w, https:\/\/jblanz.de\/WP\/wp-content\/uploads\/2026\/04\/26Albanien-169-2048x1152.jpg 2048w\" sizes=\"auto, (max-width: 2560px) 100vw, 2560px\" \/><\/figure>\n\n\n\n<figure class=\"wp-block-image size-full\"><img loading=\"lazy\" decoding=\"async\" width=\"2560\" height=\"1440\" data-id=\"30930\" src=\"https:\/\/jblanz.de\/WP\/wp-content\/uploads\/2026\/04\/26Albanien-168-scaled.jpg\" alt=\"\" class=\"wp-image-30930\" srcset=\"https:\/\/jblanz.de\/WP\/wp-content\/uploads\/2026\/04\/26Albanien-168-scaled.jpg 2560w, https:\/\/jblanz.de\/WP\/wp-content\/uploads\/2026\/04\/26Albanien-168-300x169.jpg 300w, https:\/\/jblanz.de\/WP\/wp-content\/uploads\/2026\/04\/26Albanien-168-1024x576.jpg 1024w, https:\/\/jblanz.de\/WP\/wp-content\/uploads\/2026\/04\/26Albanien-168-768x432.jpg 768w, https:\/\/jblanz.de\/WP\/wp-content\/uploads\/2026\/04\/26Albanien-168-1536x864.jpg 1536w, https:\/\/jblanz.de\/WP\/wp-content\/uploads\/2026\/04\/26Albanien-168-2048x1152.jpg 2048w\" sizes=\"auto, (max-width: 2560px) 100vw, 2560px\" \/><\/figure>\n\n\n\n<figure class=\"wp-block-image size-full\"><img loading=\"lazy\" decoding=\"async\" width=\"2560\" height=\"1440\" data-id=\"30933\" src=\"https:\/\/jblanz.de\/WP\/wp-content\/uploads\/2026\/04\/26Albanien-161-scaled.jpg\" alt=\"\" class=\"wp-image-30933\" srcset=\"https:\/\/jblanz.de\/WP\/wp-content\/uploads\/2026\/04\/26Albanien-161-scaled.jpg 2560w, https:\/\/jblanz.de\/WP\/wp-content\/uploads\/2026\/04\/26Albanien-161-300x169.jpg 300w, https:\/\/jblanz.de\/WP\/wp-content\/uploads\/2026\/04\/26Albanien-161-1024x576.jpg 1024w, https:\/\/jblanz.de\/WP\/wp-content\/uploads\/2026\/04\/26Albanien-161-768x432.jpg 768w, https:\/\/jblanz.de\/WP\/wp-content\/uploads\/2026\/04\/26Albanien-161-1536x864.jpg 1536w, https:\/\/jblanz.de\/WP\/wp-content\/uploads\/2026\/04\/26Albanien-161-2048x1152.jpg 2048w\" sizes=\"auto, (max-width: 2560px) 100vw, 2560px\" \/><\/figure>\n\n\n\n<figure class=\"wp-block-image size-full\"><img loading=\"lazy\" decoding=\"async\" width=\"2560\" height=\"1440\" data-id=\"30932\" src=\"https:\/\/jblanz.de\/WP\/wp-content\/uploads\/2026\/04\/26Albanien-166-scaled.jpg\" alt=\"\" class=\"wp-image-30932\" srcset=\"https:\/\/jblanz.de\/WP\/wp-content\/uploads\/2026\/04\/26Albanien-166-scaled.jpg 2560w, https:\/\/jblanz.de\/WP\/wp-content\/uploads\/2026\/04\/26Albanien-166-300x169.jpg 300w, https:\/\/jblanz.de\/WP\/wp-content\/uploads\/2026\/04\/26Albanien-166-1024x576.jpg 1024w, https:\/\/jblanz.de\/WP\/wp-content\/uploads\/2026\/04\/26Albanien-166-768x432.jpg 768w, https:\/\/jblanz.de\/WP\/wp-content\/uploads\/2026\/04\/26Albanien-166-1536x864.jpg 1536w, https:\/\/jblanz.de\/WP\/wp-content\/uploads\/2026\/04\/26Albanien-166-2048x1152.jpg 2048w\" sizes=\"auto, (max-width: 2560px) 100vw, 2560px\" \/><\/figure>\n\n\n\n<figure class=\"wp-block-image size-full\"><img loading=\"lazy\" decoding=\"async\" width=\"2560\" height=\"1440\" data-id=\"30934\" src=\"https:\/\/jblanz.de\/WP\/wp-content\/uploads\/2026\/04\/26Albanien-160-scaled.jpg\" alt=\"\" class=\"wp-image-30934\" srcset=\"https:\/\/jblanz.de\/WP\/wp-content\/uploads\/2026\/04\/26Albanien-160-scaled.jpg 2560w, https:\/\/jblanz.de\/WP\/wp-content\/uploads\/2026\/04\/26Albanien-160-300x169.jpg 300w, https:\/\/jblanz.de\/WP\/wp-content\/uploads\/2026\/04\/26Albanien-160-1024x576.jpg 1024w, https:\/\/jblanz.de\/WP\/wp-content\/uploads\/2026\/04\/26Albanien-160-768x432.jpg 768w, https:\/\/jblanz.de\/WP\/wp-content\/uploads\/2026\/04\/26Albanien-160-1536x864.jpg 1536w, https:\/\/jblanz.de\/WP\/wp-content\/uploads\/2026\/04\/26Albanien-160-2048x1152.jpg 2048w\" sizes=\"auto, (max-width: 2560px) 100vw, 2560px\" \/><\/figure>\n\n\n\n<figure class=\"wp-block-image size-full\"><img loading=\"lazy\" decoding=\"async\" width=\"2560\" height=\"1440\" data-id=\"30956\" src=\"https:\/\/jblanz.de\/WP\/wp-content\/uploads\/2026\/04\/26Albanien-237-2-scaled.jpg\" alt=\"\" class=\"wp-image-30956\" srcset=\"https:\/\/jblanz.de\/WP\/wp-content\/uploads\/2026\/04\/26Albanien-237-2-scaled.jpg 2560w, https:\/\/jblanz.de\/WP\/wp-content\/uploads\/2026\/04\/26Albanien-237-2-300x169.jpg 300w, https:\/\/jblanz.de\/WP\/wp-content\/uploads\/2026\/04\/26Albanien-237-2-1024x576.jpg 1024w, https:\/\/jblanz.de\/WP\/wp-content\/uploads\/2026\/04\/26Albanien-237-2-768x432.jpg 768w, https:\/\/jblanz.de\/WP\/wp-content\/uploads\/2026\/04\/26Albanien-237-2-1536x864.jpg 1536w, https:\/\/jblanz.de\/WP\/wp-content\/uploads\/2026\/04\/26Albanien-237-2-2048x1152.jpg 2048w\" sizes=\"auto, (max-width: 2560px) 100vw, 2560px\" \/><\/figure>\n<\/figure>\n\n\n\n<p>Auf dem R\u00fcckweg\u00a0fuhren wir mehrere Restaurants an, die direkt am Sandstrand lagen. In einer Kneipe mit sch\u00f6nem Meerblick tranken wir ein Cola. Fast alle Strandbars waren gerade in Bau, in Renovation f\u00fcr den Sommer und der Strand war praktisch menschenleer. Ein paar Kinder versuchten ins Wasser zu gehen, sie entschieden sich schnell anders und vergn\u00fcgten sich lieber am Spielplatz. Auf der Strasse lag eine Schlange, die erst vor kurzer Zeit \u00fcberfahren wurde. Google identifizierte sie als ungiftige Balkan-Zornnatter.<\/p>\n\n\n\n<figure class=\"wp-block-gallery has-nested-images columns-2 is-cropped wp-block-gallery-3 is-layout-flex wp-block-gallery-is-layout-flex\">\n<figure class=\"wp-block-image size-full\"><img loading=\"lazy\" decoding=\"async\" width=\"2560\" height=\"1440\" data-id=\"30938\" src=\"https:\/\/jblanz.de\/WP\/wp-content\/uploads\/2026\/04\/26Albanien-173-scaled.jpg\" alt=\"\" class=\"wp-image-30938\" srcset=\"https:\/\/jblanz.de\/WP\/wp-content\/uploads\/2026\/04\/26Albanien-173-scaled.jpg 2560w, https:\/\/jblanz.de\/WP\/wp-content\/uploads\/2026\/04\/26Albanien-173-300x169.jpg 300w, https:\/\/jblanz.de\/WP\/wp-content\/uploads\/2026\/04\/26Albanien-173-1024x576.jpg 1024w, https:\/\/jblanz.de\/WP\/wp-content\/uploads\/2026\/04\/26Albanien-173-768x432.jpg 768w, https:\/\/jblanz.de\/WP\/wp-content\/uploads\/2026\/04\/26Albanien-173-1536x864.jpg 1536w, https:\/\/jblanz.de\/WP\/wp-content\/uploads\/2026\/04\/26Albanien-173-2048x1152.jpg 2048w\" sizes=\"auto, (max-width: 2560px) 100vw, 2560px\" \/><\/figure>\n\n\n\n<figure class=\"wp-block-image size-full\"><img loading=\"lazy\" decoding=\"async\" width=\"2560\" height=\"1440\" data-id=\"30939\" src=\"https:\/\/jblanz.de\/WP\/wp-content\/uploads\/2026\/04\/26Albanien-175-scaled.jpg\" alt=\"\" class=\"wp-image-30939\" srcset=\"https:\/\/jblanz.de\/WP\/wp-content\/uploads\/2026\/04\/26Albanien-175-scaled.jpg 2560w, https:\/\/jblanz.de\/WP\/wp-content\/uploads\/2026\/04\/26Albanien-175-300x169.jpg 300w, https:\/\/jblanz.de\/WP\/wp-content\/uploads\/2026\/04\/26Albanien-175-1024x576.jpg 1024w, https:\/\/jblanz.de\/WP\/wp-content\/uploads\/2026\/04\/26Albanien-175-768x432.jpg 768w, https:\/\/jblanz.de\/WP\/wp-content\/uploads\/2026\/04\/26Albanien-175-1536x864.jpg 1536w, https:\/\/jblanz.de\/WP\/wp-content\/uploads\/2026\/04\/26Albanien-175-2048x1152.jpg 2048w\" sizes=\"auto, (max-width: 2560px) 100vw, 2560px\" \/><\/figure>\n\n\n\n<figure class=\"wp-block-image size-full\"><img loading=\"lazy\" decoding=\"async\" width=\"2560\" height=\"1440\" data-id=\"30941\" src=\"https:\/\/jblanz.de\/WP\/wp-content\/uploads\/2026\/04\/26Albanien-171-scaled.jpg\" alt=\"\" class=\"wp-image-30941\" srcset=\"https:\/\/jblanz.de\/WP\/wp-content\/uploads\/2026\/04\/26Albanien-171-scaled.jpg 2560w, https:\/\/jblanz.de\/WP\/wp-content\/uploads\/2026\/04\/26Albanien-171-300x169.jpg 300w, https:\/\/jblanz.de\/WP\/wp-content\/uploads\/2026\/04\/26Albanien-171-1024x576.jpg 1024w, https:\/\/jblanz.de\/WP\/wp-content\/uploads\/2026\/04\/26Albanien-171-768x432.jpg 768w, https:\/\/jblanz.de\/WP\/wp-content\/uploads\/2026\/04\/26Albanien-171-1536x864.jpg 1536w, https:\/\/jblanz.de\/WP\/wp-content\/uploads\/2026\/04\/26Albanien-171-2048x1152.jpg 2048w\" sizes=\"auto, (max-width: 2560px) 100vw, 2560px\" \/><\/figure>\n\n\n\n<figure class=\"wp-block-image size-full\"><img loading=\"lazy\" decoding=\"async\" width=\"2560\" height=\"1440\" data-id=\"30940\" src=\"https:\/\/jblanz.de\/WP\/wp-content\/uploads\/2026\/04\/26Albanien-176-scaled.jpg\" alt=\"\" class=\"wp-image-30940\" srcset=\"https:\/\/jblanz.de\/WP\/wp-content\/uploads\/2026\/04\/26Albanien-176-scaled.jpg 2560w, https:\/\/jblanz.de\/WP\/wp-content\/uploads\/2026\/04\/26Albanien-176-300x169.jpg 300w, https:\/\/jblanz.de\/WP\/wp-content\/uploads\/2026\/04\/26Albanien-176-1024x576.jpg 1024w, https:\/\/jblanz.de\/WP\/wp-content\/uploads\/2026\/04\/26Albanien-176-768x432.jpg 768w, https:\/\/jblanz.de\/WP\/wp-content\/uploads\/2026\/04\/26Albanien-176-1536x864.jpg 1536w, https:\/\/jblanz.de\/WP\/wp-content\/uploads\/2026\/04\/26Albanien-176-2048x1152.jpg 2048w\" sizes=\"auto, (max-width: 2560px) 100vw, 2560px\" \/><\/figure>\n\n\n\n<figure class=\"wp-block-image size-full\"><img loading=\"lazy\" decoding=\"async\" width=\"2560\" height=\"1440\" data-id=\"30952\" src=\"https:\/\/jblanz.de\/WP\/wp-content\/uploads\/2026\/04\/26Albanien-238-scaled.jpg\" alt=\"\" class=\"wp-image-30952\" srcset=\"https:\/\/jblanz.de\/WP\/wp-content\/uploads\/2026\/04\/26Albanien-238-scaled.jpg 2560w, https:\/\/jblanz.de\/WP\/wp-content\/uploads\/2026\/04\/26Albanien-238-300x169.jpg 300w, https:\/\/jblanz.de\/WP\/wp-content\/uploads\/2026\/04\/26Albanien-238-1024x576.jpg 1024w, https:\/\/jblanz.de\/WP\/wp-content\/uploads\/2026\/04\/26Albanien-238-768x432.jpg 768w, https:\/\/jblanz.de\/WP\/wp-content\/uploads\/2026\/04\/26Albanien-238-1536x864.jpg 1536w, https:\/\/jblanz.de\/WP\/wp-content\/uploads\/2026\/04\/26Albanien-238-2048x1152.jpg 2048w\" sizes=\"auto, (max-width: 2560px) 100vw, 2560px\" \/><\/figure>\n<\/figure>\n\n\n\n<p>Wir wollten jedoch nicht aufgeben und noch die Flamingos sehen, die irgendwo auf der grossen Lagune herumschwammen. Wir fuhren daher zur\u00fcck am Camping vorbei und die n\u00e4chste Querstrasse links. Nach ein paar gut besuchten Fischrestaurants drehten wir links in einen Feldweg ein. Sofort fielen uns ein paar V\u00f6gel auf, die merkw\u00fcrdig flogen. Mit Gl\u00fcck gelang ein Foto und im nachhinein stellten wir fest, dass es sich um Wiedehopfe gehandelt hatte.<\/p>\n\n\n\n<figure class=\"wp-block-image size-large\"><img loading=\"lazy\" decoding=\"async\" width=\"1024\" height=\"577\" src=\"https:\/\/jblanz.de\/WP\/wp-content\/uploads\/2026\/04\/26Albanien-177-1024x577.jpg\" alt=\"\" class=\"wp-image-30947\" srcset=\"https:\/\/jblanz.de\/WP\/wp-content\/uploads\/2026\/04\/26Albanien-177-1024x577.jpg 1024w, https:\/\/jblanz.de\/WP\/wp-content\/uploads\/2026\/04\/26Albanien-177-300x169.jpg 300w, https:\/\/jblanz.de\/WP\/wp-content\/uploads\/2026\/04\/26Albanien-177-768x433.jpg 768w, https:\/\/jblanz.de\/WP\/wp-content\/uploads\/2026\/04\/26Albanien-177-1536x866.jpg 1536w, https:\/\/jblanz.de\/WP\/wp-content\/uploads\/2026\/04\/26Albanien-177-2048x1155.jpg 2048w\" sizes=\"auto, (max-width: 1024px) 100vw, 1024px\" \/><\/figure>\n\n\n\n<p>Wir fuhren auf einem sandigen und teilweise schlammigen Weg einige 100 m weiter in den Wald hinein, in der Hoffnung doch irgendwie an die Lagune zu gelangen. Der Wald war leider ziemlich verm\u00fcllt &#8211; Umweltschutz hat sich noch nicht in den Herzen der Albaner verankert. Gerade als wir umkehren wollten, bekamen wir eine Gruppe von Flamingos zu sehen. Wir pirschten uns vorsichtig an und sie liessen uns eine ganze Weile gew\u00e4hren, bevor sie eine kleine Platz\u00e4nderung vornahmen. Rote Libellen schwirrten um uns herum und Reiher flogen davon. Erst hatten fast alle Flamingos ihren Kopf unter Wasser, dann bemerkten uns einige und begannen herumzugaggern. Die Unruhe breitete sich aus und irgendwann hatte ich ihre Fluchtdistanz unterschritten. Sie flogen vielleicht 100 m weiter.<\/p>\n\n\n\n<figure class=\"wp-block-gallery has-nested-images columns-2 is-cropped wp-block-gallery-4 is-layout-flex wp-block-gallery-is-layout-flex\">\n<figure class=\"wp-block-image size-full\"><img loading=\"lazy\" decoding=\"async\" width=\"2560\" height=\"1440\" data-id=\"30971\" src=\"https:\/\/jblanz.de\/WP\/wp-content\/uploads\/2026\/04\/26Albanien-180-1-scaled.jpg\" alt=\"\" class=\"wp-image-30971\" srcset=\"https:\/\/jblanz.de\/WP\/wp-content\/uploads\/2026\/04\/26Albanien-180-1-scaled.jpg 2560w, https:\/\/jblanz.de\/WP\/wp-content\/uploads\/2026\/04\/26Albanien-180-1-300x169.jpg 300w, https:\/\/jblanz.de\/WP\/wp-content\/uploads\/2026\/04\/26Albanien-180-1-1024x576.jpg 1024w, https:\/\/jblanz.de\/WP\/wp-content\/uploads\/2026\/04\/26Albanien-180-1-768x432.jpg 768w, https:\/\/jblanz.de\/WP\/wp-content\/uploads\/2026\/04\/26Albanien-180-1-1536x864.jpg 1536w, https:\/\/jblanz.de\/WP\/wp-content\/uploads\/2026\/04\/26Albanien-180-1-2048x1152.jpg 2048w\" sizes=\"auto, (max-width: 2560px) 100vw, 2560px\" \/><\/figure>\n\n\n\n<figure class=\"wp-block-image size-full\"><img loading=\"lazy\" decoding=\"async\" width=\"2510\" height=\"1414\" data-id=\"30970\" src=\"https:\/\/jblanz.de\/WP\/wp-content\/uploads\/2026\/04\/26Albanien-182-1.jpg\" alt=\"\" class=\"wp-image-30970\" srcset=\"https:\/\/jblanz.de\/WP\/wp-content\/uploads\/2026\/04\/26Albanien-182-1.jpg 2510w, https:\/\/jblanz.de\/WP\/wp-content\/uploads\/2026\/04\/26Albanien-182-1-300x169.jpg 300w, https:\/\/jblanz.de\/WP\/wp-content\/uploads\/2026\/04\/26Albanien-182-1-1024x577.jpg 1024w, https:\/\/jblanz.de\/WP\/wp-content\/uploads\/2026\/04\/26Albanien-182-1-768x433.jpg 768w, https:\/\/jblanz.de\/WP\/wp-content\/uploads\/2026\/04\/26Albanien-182-1-1536x865.jpg 1536w, https:\/\/jblanz.de\/WP\/wp-content\/uploads\/2026\/04\/26Albanien-182-1-2048x1154.jpg 2048w\" sizes=\"auto, (max-width: 2510px) 100vw, 2510px\" \/><\/figure>\n\n\n\n<figure class=\"wp-block-image size-full\"><img loading=\"lazy\" decoding=\"async\" width=\"2560\" height=\"1442\" data-id=\"30972\" src=\"https:\/\/jblanz.de\/WP\/wp-content\/uploads\/2026\/04\/26Albanien-188-1-scaled.jpg\" alt=\"\" class=\"wp-image-30972\" srcset=\"https:\/\/jblanz.de\/WP\/wp-content\/uploads\/2026\/04\/26Albanien-188-1-scaled.jpg 2560w, https:\/\/jblanz.de\/WP\/wp-content\/uploads\/2026\/04\/26Albanien-188-1-300x169.jpg 300w, https:\/\/jblanz.de\/WP\/wp-content\/uploads\/2026\/04\/26Albanien-188-1-1024x577.jpg 1024w, https:\/\/jblanz.de\/WP\/wp-content\/uploads\/2026\/04\/26Albanien-188-1-768x433.jpg 768w, https:\/\/jblanz.de\/WP\/wp-content\/uploads\/2026\/04\/26Albanien-188-1-1536x865.jpg 1536w, https:\/\/jblanz.de\/WP\/wp-content\/uploads\/2026\/04\/26Albanien-188-1-2048x1154.jpg 2048w\" sizes=\"auto, (max-width: 2560px) 100vw, 2560px\" \/><\/figure>\n\n\n\n<figure class=\"wp-block-image size-full\"><img loading=\"lazy\" decoding=\"async\" width=\"2560\" height=\"1440\" data-id=\"30974\" src=\"https:\/\/jblanz.de\/WP\/wp-content\/uploads\/2026\/04\/26Albanien-231-1-scaled.jpg\" alt=\"\" class=\"wp-image-30974\" srcset=\"https:\/\/jblanz.de\/WP\/wp-content\/uploads\/2026\/04\/26Albanien-231-1-scaled.jpg 2560w, https:\/\/jblanz.de\/WP\/wp-content\/uploads\/2026\/04\/26Albanien-231-1-300x169.jpg 300w, https:\/\/jblanz.de\/WP\/wp-content\/uploads\/2026\/04\/26Albanien-231-1-1024x576.jpg 1024w, https:\/\/jblanz.de\/WP\/wp-content\/uploads\/2026\/04\/26Albanien-231-1-768x432.jpg 768w, https:\/\/jblanz.de\/WP\/wp-content\/uploads\/2026\/04\/26Albanien-231-1-1536x864.jpg 1536w, https:\/\/jblanz.de\/WP\/wp-content\/uploads\/2026\/04\/26Albanien-231-1-2048x1152.jpg 2048w\" sizes=\"auto, (max-width: 2560px) 100vw, 2560px\" \/><\/figure>\n\n\n\n<figure class=\"wp-block-image size-full\"><img loading=\"lazy\" decoding=\"async\" width=\"2560\" height=\"1440\" data-id=\"30975\" src=\"https:\/\/jblanz.de\/WP\/wp-content\/uploads\/2026\/04\/26Albanien-191-1-scaled.jpg\" alt=\"\" class=\"wp-image-30975\" srcset=\"https:\/\/jblanz.de\/WP\/wp-content\/uploads\/2026\/04\/26Albanien-191-1-scaled.jpg 2560w, https:\/\/jblanz.de\/WP\/wp-content\/uploads\/2026\/04\/26Albanien-191-1-300x169.jpg 300w, https:\/\/jblanz.de\/WP\/wp-content\/uploads\/2026\/04\/26Albanien-191-1-1024x576.jpg 1024w, https:\/\/jblanz.de\/WP\/wp-content\/uploads\/2026\/04\/26Albanien-191-1-768x432.jpg 768w, https:\/\/jblanz.de\/WP\/wp-content\/uploads\/2026\/04\/26Albanien-191-1-1536x864.jpg 1536w, https:\/\/jblanz.de\/WP\/wp-content\/uploads\/2026\/04\/26Albanien-191-1-2048x1152.jpg 2048w\" sizes=\"auto, (max-width: 2560px) 100vw, 2560px\" \/><\/figure>\n\n\n\n<figure class=\"wp-block-image size-full\"><img loading=\"lazy\" decoding=\"async\" width=\"2560\" height=\"1440\" data-id=\"30976\" src=\"https:\/\/jblanz.de\/WP\/wp-content\/uploads\/2026\/04\/26Albanien-213-2-scaled.jpg\" alt=\"\" class=\"wp-image-30976\" srcset=\"https:\/\/jblanz.de\/WP\/wp-content\/uploads\/2026\/04\/26Albanien-213-2-scaled.jpg 2560w, https:\/\/jblanz.de\/WP\/wp-content\/uploads\/2026\/04\/26Albanien-213-2-300x169.jpg 300w, https:\/\/jblanz.de\/WP\/wp-content\/uploads\/2026\/04\/26Albanien-213-2-1024x576.jpg 1024w, https:\/\/jblanz.de\/WP\/wp-content\/uploads\/2026\/04\/26Albanien-213-2-768x432.jpg 768w, https:\/\/jblanz.de\/WP\/wp-content\/uploads\/2026\/04\/26Albanien-213-2-1536x864.jpg 1536w, https:\/\/jblanz.de\/WP\/wp-content\/uploads\/2026\/04\/26Albanien-213-2-2048x1152.jpg 2048w\" sizes=\"auto, (max-width: 2560px) 100vw, 2560px\" \/><\/figure>\n\n\n\n<figure class=\"wp-block-image size-full\"><img loading=\"lazy\" decoding=\"async\" width=\"2560\" height=\"1441\" data-id=\"30973\" src=\"https:\/\/jblanz.de\/WP\/wp-content\/uploads\/2026\/04\/26Albanien-226-1-scaled.jpg\" alt=\"\" class=\"wp-image-30973\" srcset=\"https:\/\/jblanz.de\/WP\/wp-content\/uploads\/2026\/04\/26Albanien-226-1-scaled.jpg 2560w, https:\/\/jblanz.de\/WP\/wp-content\/uploads\/2026\/04\/26Albanien-226-1-300x169.jpg 300w, https:\/\/jblanz.de\/WP\/wp-content\/uploads\/2026\/04\/26Albanien-226-1-1024x576.jpg 1024w, https:\/\/jblanz.de\/WP\/wp-content\/uploads\/2026\/04\/26Albanien-226-1-768x432.jpg 768w, https:\/\/jblanz.de\/WP\/wp-content\/uploads\/2026\/04\/26Albanien-226-1-1536x864.jpg 1536w, https:\/\/jblanz.de\/WP\/wp-content\/uploads\/2026\/04\/26Albanien-226-1-2048x1152.jpg 2048w\" sizes=\"auto, (max-width: 2560px) 100vw, 2560px\" \/><\/figure>\n<\/figure>\n\n\n\n<p>Wir fuhren einige Zeit auf sandigen Spuren, teilweise aufgew\u00fchlt durch Quad-Fahrer, zur\u00fcck zur Strasse. Am Camping erwartete uns eine \u00dcberraschung, denn ein Wohnmobil mit N\u00fcrtinger Kennzeichen stand neben uns. Wir sprachen sie an und sie kamen aus Neckartailfingen und kannten sogar Frende von uns. Alex war vor 3 Monaten sogar im Kuckucksei bei einer Veranstaltung. Wir bestellten 2 Doraden zum Preis \u00dfvon 10 \u20ac f\u00fcr das Abendessen und a\u00dfen zusammen bei einer Flasche albanischem Weisswein. Als wieder zu kalt wurde, sp\u00fclten wir schnell ab und verzogen uns ins beheizte Wohnmobil.<\/p>\n\n\n","protected":false},"excerpt":{"rendered":"<p>Gegen 11 Uhr fuhren wir mit den Fahrr\u00e4dern los. Es ging es an der Strasse entlang, da es keine Fahrradweg<\/p>\n","protected":false},"author":1,"featured_media":30966,"comment_status":"open","ping_status":"open","sticky":false,"template":"","format":"standard","meta":{"colormag_page_container_layout":"default_layout","colormag_page_sidebar_layout":"default_layout","_monsterinsights_skip_tracking":false,"_monsterinsights_sitenote_active":false,"_monsterinsights_sitenote_note":"","_monsterinsights_sitenote_category":0,"footnotes":""},"categories":[269,350,351,306,313,159,268],"tags":[],"class_list":["post-30922","post","type-post","status-publish","format-standard","has-post-thumbnail","hentry","category-2020-jahr","category-350","category-2026-2","category-a-j","category-albanien","category-europa","category-jahr"],"yoast_head":"<!-- This site is optimized with the Yoast SEO plugin v27.4 - https:\/\/yoast.com\/product\/yoast-seo-wordpress\/ -->\n<title>25. April 2026 - Radausflug rund um den Camping - Reiseblog von Karin &amp; Joachim<\/title>\n<meta name=\"robots\" content=\"index, follow, max-snippet:-1, max-image-preview:large, max-video-preview:-1\" \/>\n<link rel=\"canonical\" href=\"https:\/\/jblanz.de\/WP\/25-april-2026-radausflug-rund-um-den-camping\/\" \/>\n<meta property=\"og:locale\" content=\"de_DE\" \/>\n<meta property=\"og:type\" content=\"article\" \/>\n<meta property=\"og:title\" content=\"25. April 2026 - Radausflug rund um den Camping - Reiseblog von Karin &amp; Joachim\" \/>\n<meta property=\"og:description\" content=\"Gegen 11 Uhr fuhren wir mit den Fahrr\u00e4dern los. Es ging es an der Strasse entlang, da es keine Fahrradweg\" \/>\n<meta property=\"og:url\" content=\"https:\/\/jblanz.de\/WP\/25-april-2026-radausflug-rund-um-den-camping\/\" \/>\n<meta property=\"og:site_name\" content=\"Reiseblog von Karin &amp; Joachim\" \/>\n<meta property=\"article:published_time\" content=\"2026-04-25T14:05:03+00:00\" \/>\n<meta property=\"article:modified_time\" content=\"2026-04-25T19:24:36+00:00\" \/>\n<meta property=\"og:image\" content=\"https:\/\/jblanz.de\/WP\/wp-content\/uploads\/2026\/04\/26Albanien-213-scaled.jpg\" \/>\n\t<meta property=\"og:image:width\" content=\"2560\" \/>\n\t<meta property=\"og:image:height\" content=\"1440\" \/>\n\t<meta property=\"og:image:type\" content=\"image\/jpeg\" \/>\n<meta name=\"author\" content=\"Achim\" \/>\n<meta name=\"twitter:card\" content=\"summary_large_image\" \/>\n<meta name=\"twitter:label1\" content=\"Verfasst von\" \/>\n\t<meta name=\"twitter:data1\" content=\"Achim\" \/>\n\t<meta name=\"twitter:label2\" content=\"Gesch\u00e4tzte Lesezeit\" \/>\n\t<meta name=\"twitter:data2\" content=\"7\u00a0Minuten\" \/>\n<script type=\"application\/ld+json\" class=\"yoast-schema-graph\">{\"@context\":\"https:\\\/\\\/schema.org\",\"@graph\":[{\"@type\":\"Article\",\"@id\":\"https:\\\/\\\/jblanz.de\\\/WP\\\/25-april-2026-radausflug-rund-um-den-camping\\\/#article\",\"isPartOf\":{\"@id\":\"https:\\\/\\\/jblanz.de\\\/WP\\\/25-april-2026-radausflug-rund-um-den-camping\\\/\"},\"author\":{\"name\":\"Achim\",\"@id\":\"https:\\\/\\\/jblanz.de\\\/WP\\\/#\\\/schema\\\/person\\\/17a70f07162e42bc0b181c22397286e0\"},\"headline\":\"25. April 2026 &#8211; Radausflug rund um den Camping\",\"datePublished\":\"2026-04-25T14:05:03+00:00\",\"dateModified\":\"2026-04-25T19:24:36+00:00\",\"mainEntityOfPage\":{\"@id\":\"https:\\\/\\\/jblanz.de\\\/WP\\\/25-april-2026-radausflug-rund-um-den-camping\\\/\"},\"wordCount\":502,\"commentCount\":0,\"publisher\":{\"@id\":\"https:\\\/\\\/jblanz.de\\\/WP\\\/#\\\/schema\\\/person\\\/17a70f07162e42bc0b181c22397286e0\"},\"image\":{\"@id\":\"https:\\\/\\\/jblanz.de\\\/WP\\\/25-april-2026-radausflug-rund-um-den-camping\\\/#primaryimage\"},\"thumbnailUrl\":\"https:\\\/\\\/jblanz.de\\\/WP\\\/wp-content\\\/uploads\\\/2026\\\/04\\\/26Albanien-213-scaled.jpg\",\"articleSection\":[\"2020+\",\"2026\",\"2026\",\"A-J\",\"Albanien\",\"Europa\",\"Jahr\"],\"inLanguage\":\"de\",\"potentialAction\":[{\"@type\":\"CommentAction\",\"name\":\"Comment\",\"target\":[\"https:\\\/\\\/jblanz.de\\\/WP\\\/25-april-2026-radausflug-rund-um-den-camping\\\/#respond\"]}]},{\"@type\":\"WebPage\",\"@id\":\"https:\\\/\\\/jblanz.de\\\/WP\\\/25-april-2026-radausflug-rund-um-den-camping\\\/\",\"url\":\"https:\\\/\\\/jblanz.de\\\/WP\\\/25-april-2026-radausflug-rund-um-den-camping\\\/\",\"name\":\"25. April 2026 - Radausflug rund um den Camping - Reiseblog von Karin &amp; Joachim\",\"isPartOf\":{\"@id\":\"https:\\\/\\\/jblanz.de\\\/WP\\\/#website\"},\"primaryImageOfPage\":{\"@id\":\"https:\\\/\\\/jblanz.de\\\/WP\\\/25-april-2026-radausflug-rund-um-den-camping\\\/#primaryimage\"},\"image\":{\"@id\":\"https:\\\/\\\/jblanz.de\\\/WP\\\/25-april-2026-radausflug-rund-um-den-camping\\\/#primaryimage\"},\"thumbnailUrl\":\"https:\\\/\\\/jblanz.de\\\/WP\\\/wp-content\\\/uploads\\\/2026\\\/04\\\/26Albanien-213-scaled.jpg\",\"datePublished\":\"2026-04-25T14:05:03+00:00\",\"dateModified\":\"2026-04-25T19:24:36+00:00\",\"breadcrumb\":{\"@id\":\"https:\\\/\\\/jblanz.de\\\/WP\\\/25-april-2026-radausflug-rund-um-den-camping\\\/#breadcrumb\"},\"inLanguage\":\"de\",\"potentialAction\":[{\"@type\":\"ReadAction\",\"target\":[\"https:\\\/\\\/jblanz.de\\\/WP\\\/25-april-2026-radausflug-rund-um-den-camping\\\/\"]}]},{\"@type\":\"ImageObject\",\"inLanguage\":\"de\",\"@id\":\"https:\\\/\\\/jblanz.de\\\/WP\\\/25-april-2026-radausflug-rund-um-den-camping\\\/#primaryimage\",\"url\":\"https:\\\/\\\/jblanz.de\\\/WP\\\/wp-content\\\/uploads\\\/2026\\\/04\\\/26Albanien-213-scaled.jpg\",\"contentUrl\":\"https:\\\/\\\/jblanz.de\\\/WP\\\/wp-content\\\/uploads\\\/2026\\\/04\\\/26Albanien-213-scaled.jpg\",\"width\":2560,\"height\":1440},{\"@type\":\"BreadcrumbList\",\"@id\":\"https:\\\/\\\/jblanz.de\\\/WP\\\/25-april-2026-radausflug-rund-um-den-camping\\\/#breadcrumb\",\"itemListElement\":[{\"@type\":\"ListItem\",\"position\":1,\"name\":\"Startseite\",\"item\":\"https:\\\/\\\/jblanz.de\\\/WP\\\/\"},{\"@type\":\"ListItem\",\"position\":2,\"name\":\"25. April 2026 &#8211; Radausflug rund um den Camping\"}]},{\"@type\":\"WebSite\",\"@id\":\"https:\\\/\\\/jblanz.de\\\/WP\\\/#website\",\"url\":\"https:\\\/\\\/jblanz.de\\\/WP\\\/\",\"name\":\"Reiseblog von Karin & Joachim\",\"description\":\"Wir schreiben den Blog f\u00fcr uns als Erinnerung - f\u00fcr euch als Inspiration\",\"publisher\":{\"@id\":\"https:\\\/\\\/jblanz.de\\\/WP\\\/#\\\/schema\\\/person\\\/17a70f07162e42bc0b181c22397286e0\"},\"potentialAction\":[{\"@type\":\"SearchAction\",\"target\":{\"@type\":\"EntryPoint\",\"urlTemplate\":\"https:\\\/\\\/jblanz.de\\\/WP\\\/?s={search_term_string}\"},\"query-input\":{\"@type\":\"PropertyValueSpecification\",\"valueRequired\":true,\"valueName\":\"search_term_string\"}}],\"inLanguage\":\"de\"},{\"@type\":[\"Person\",\"Organization\"],\"@id\":\"https:\\\/\\\/jblanz.de\\\/WP\\\/#\\\/schema\\\/person\\\/17a70f07162e42bc0b181c22397286e0\",\"name\":\"Achim\",\"image\":{\"@type\":\"ImageObject\",\"inLanguage\":\"de\",\"@id\":\"https:\\\/\\\/secure.gravatar.com\\\/avatar\\\/b7ab31bc55956af4a9bebf7fd034761212b11b803b7e39464914d6abeefb12f3?s=96&d=mm&r=g\",\"url\":\"https:\\\/\\\/secure.gravatar.com\\\/avatar\\\/b7ab31bc55956af4a9bebf7fd034761212b11b803b7e39464914d6abeefb12f3?s=96&d=mm&r=g\",\"contentUrl\":\"https:\\\/\\\/secure.gravatar.com\\\/avatar\\\/b7ab31bc55956af4a9bebf7fd034761212b11b803b7e39464914d6abeefb12f3?s=96&d=mm&r=g\",\"caption\":\"Achim\"},\"logo\":{\"@id\":\"https:\\\/\\\/secure.gravatar.com\\\/avatar\\\/b7ab31bc55956af4a9bebf7fd034761212b11b803b7e39464914d6abeefb12f3?s=96&d=mm&r=g\"},\"url\":\"https:\\\/\\\/jblanz.de\\\/WP\\\/author\\\/achim\\\/\"}]}<\/script>\n<!-- \/ Yoast SEO plugin. -->","yoast_head_json":{"title":"25. April 2026 - Radausflug rund um den Camping - Reiseblog von Karin &amp; Joachim","robots":{"index":"index","follow":"follow","max-snippet":"max-snippet:-1","max-image-preview":"max-image-preview:large","max-video-preview":"max-video-preview:-1"},"canonical":"https:\/\/jblanz.de\/WP\/25-april-2026-radausflug-rund-um-den-camping\/","og_locale":"de_DE","og_type":"article","og_title":"25. April 2026 - Radausflug rund um den Camping - Reiseblog von Karin &amp; Joachim","og_description":"Gegen 11 Uhr fuhren wir mit den Fahrr\u00e4dern los. Es ging es an der Strasse entlang, da es keine Fahrradweg","og_url":"https:\/\/jblanz.de\/WP\/25-april-2026-radausflug-rund-um-den-camping\/","og_site_name":"Reiseblog von Karin &amp; Joachim","article_published_time":"2026-04-25T14:05:03+00:00","article_modified_time":"2026-04-25T19:24:36+00:00","og_image":[{"width":2560,"height":1440,"url":"https:\/\/jblanz.de\/WP\/wp-content\/uploads\/2026\/04\/26Albanien-213-scaled.jpg","type":"image\/jpeg"}],"author":"Achim","twitter_card":"summary_large_image","twitter_misc":{"Verfasst von":"Achim","Gesch\u00e4tzte Lesezeit":"7\u00a0Minuten"},"schema":{"@context":"https:\/\/schema.org","@graph":[{"@type":"Article","@id":"https:\/\/jblanz.de\/WP\/25-april-2026-radausflug-rund-um-den-camping\/#article","isPartOf":{"@id":"https:\/\/jblanz.de\/WP\/25-april-2026-radausflug-rund-um-den-camping\/"},"author":{"name":"Achim","@id":"https:\/\/jblanz.de\/WP\/#\/schema\/person\/17a70f07162e42bc0b181c22397286e0"},"headline":"25. April 2026 &#8211; Radausflug rund um den Camping","datePublished":"2026-04-25T14:05:03+00:00","dateModified":"2026-04-25T19:24:36+00:00","mainEntityOfPage":{"@id":"https:\/\/jblanz.de\/WP\/25-april-2026-radausflug-rund-um-den-camping\/"},"wordCount":502,"commentCount":0,"publisher":{"@id":"https:\/\/jblanz.de\/WP\/#\/schema\/person\/17a70f07162e42bc0b181c22397286e0"},"image":{"@id":"https:\/\/jblanz.de\/WP\/25-april-2026-radausflug-rund-um-den-camping\/#primaryimage"},"thumbnailUrl":"https:\/\/jblanz.de\/WP\/wp-content\/uploads\/2026\/04\/26Albanien-213-scaled.jpg","articleSection":["2020+","2026","2026","A-J","Albanien","Europa","Jahr"],"inLanguage":"de","potentialAction":[{"@type":"CommentAction","name":"Comment","target":["https:\/\/jblanz.de\/WP\/25-april-2026-radausflug-rund-um-den-camping\/#respond"]}]},{"@type":"WebPage","@id":"https:\/\/jblanz.de\/WP\/25-april-2026-radausflug-rund-um-den-camping\/","url":"https:\/\/jblanz.de\/WP\/25-april-2026-radausflug-rund-um-den-camping\/","name":"25. April 2026 - Radausflug rund um den Camping - Reiseblog von Karin &amp; Joachim","isPartOf":{"@id":"https:\/\/jblanz.de\/WP\/#website"},"primaryImageOfPage":{"@id":"https:\/\/jblanz.de\/WP\/25-april-2026-radausflug-rund-um-den-camping\/#primaryimage"},"image":{"@id":"https:\/\/jblanz.de\/WP\/25-april-2026-radausflug-rund-um-den-camping\/#primaryimage"},"thumbnailUrl":"https:\/\/jblanz.de\/WP\/wp-content\/uploads\/2026\/04\/26Albanien-213-scaled.jpg","datePublished":"2026-04-25T14:05:03+00:00","dateModified":"2026-04-25T19:24:36+00:00","breadcrumb":{"@id":"https:\/\/jblanz.de\/WP\/25-april-2026-radausflug-rund-um-den-camping\/#breadcrumb"},"inLanguage":"de","potentialAction":[{"@type":"ReadAction","target":["https:\/\/jblanz.de\/WP\/25-april-2026-radausflug-rund-um-den-camping\/"]}]},{"@type":"ImageObject","inLanguage":"de","@id":"https:\/\/jblanz.de\/WP\/25-april-2026-radausflug-rund-um-den-camping\/#primaryimage","url":"https:\/\/jblanz.de\/WP\/wp-content\/uploads\/2026\/04\/26Albanien-213-scaled.jpg","contentUrl":"https:\/\/jblanz.de\/WP\/wp-content\/uploads\/2026\/04\/26Albanien-213-scaled.jpg","width":2560,"height":1440},{"@type":"BreadcrumbList","@id":"https:\/\/jblanz.de\/WP\/25-april-2026-radausflug-rund-um-den-camping\/#breadcrumb","itemListElement":[{"@type":"ListItem","position":1,"name":"Startseite","item":"https:\/\/jblanz.de\/WP\/"},{"@type":"ListItem","position":2,"name":"25. April 2026 &#8211; Radausflug rund um den Camping"}]},{"@type":"WebSite","@id":"https:\/\/jblanz.de\/WP\/#website","url":"https:\/\/jblanz.de\/WP\/","name":"Reiseblog von Karin & Joachim","description":"Wir schreiben den Blog f\u00fcr uns als Erinnerung - f\u00fcr euch als Inspiration","publisher":{"@id":"https:\/\/jblanz.de\/WP\/#\/schema\/person\/17a70f07162e42bc0b181c22397286e0"},"potentialAction":[{"@type":"SearchAction","target":{"@type":"EntryPoint","urlTemplate":"https:\/\/jblanz.de\/WP\/?s={search_term_string}"},"query-input":{"@type":"PropertyValueSpecification","valueRequired":true,"valueName":"search_term_string"}}],"inLanguage":"de"},{"@type":["Person","Organization"],"@id":"https:\/\/jblanz.de\/WP\/#\/schema\/person\/17a70f07162e42bc0b181c22397286e0","name":"Achim","image":{"@type":"ImageObject","inLanguage":"de","@id":"https:\/\/secure.gravatar.com\/avatar\/b7ab31bc55956af4a9bebf7fd034761212b11b803b7e39464914d6abeefb12f3?s=96&d=mm&r=g","url":"https:\/\/secure.gravatar.com\/avatar\/b7ab31bc55956af4a9bebf7fd034761212b11b803b7e39464914d6abeefb12f3?s=96&d=mm&r=g","contentUrl":"https:\/\/secure.gravatar.com\/avatar\/b7ab31bc55956af4a9bebf7fd034761212b11b803b7e39464914d6abeefb12f3?s=96&d=mm&r=g","caption":"Achim"},"logo":{"@id":"https:\/\/secure.gravatar.com\/avatar\/b7ab31bc55956af4a9bebf7fd034761212b11b803b7e39464914d6abeefb12f3?s=96&d=mm&r=g"},"url":"https:\/\/jblanz.de\/WP\/author\/achim\/"}]}},"_links":{"self":[{"href":"https:\/\/jblanz.de\/WP\/wp-json\/wp\/v2\/posts\/30922","targetHints":{"allow":["GET"]}}],"collection":[{"href":"https:\/\/jblanz.de\/WP\/wp-json\/wp\/v2\/posts"}],"about":[{"href":"https:\/\/jblanz.de\/WP\/wp-json\/wp\/v2\/types\/post"}],"author":[{"embeddable":true,"href":"https:\/\/jblanz.de\/WP\/wp-json\/wp\/v2\/users\/1"}],"replies":[{"embeddable":true,"href":"https:\/\/jblanz.de\/WP\/wp-json\/wp\/v2\/comments?post=30922"}],"version-history":[{"count":9,"href":"https:\/\/jblanz.de\/WP\/wp-json\/wp\/v2\/posts\/30922\/revisions"}],"predecessor-version":[{"id":30978,"href":"https:\/\/jblanz.de\/WP\/wp-json\/wp\/v2\/posts\/30922\/revisions\/30978"}],"wp:featuredmedia":[{"embeddable":true,"href":"https:\/\/jblanz.de\/WP\/wp-json\/wp\/v2\/media\/30966"}],"wp:attachment":[{"href":"https:\/\/jblanz.de\/WP\/wp-json\/wp\/v2\/media?parent=30922"}],"wp:term":[{"taxonomy":"category","embeddable":true,"href":"https:\/\/jblanz.de\/WP\/wp-json\/wp\/v2\/categories?post=30922"},{"taxonomy":"post_tag","embeddable":true,"href":"https:\/\/jblanz.de\/WP\/wp-json\/wp\/v2\/tags?post=30922"}],"curies":[{"name":"wp","href":"https:\/\/api.w.org\/{rel}","templated":true}]}}