{"id":30982,"date":"2026-04-26T16:26:27","date_gmt":"2026-04-26T14:26:27","guid":{"rendered":"https:\/\/jblanz.de\/WP\/?p=30982"},"modified":"2026-04-27T18:41:02","modified_gmt":"2026-04-27T16:41:02","slug":"26-april-2026-vogelbeobachtungen","status":"publish","type":"post","link":"https:\/\/jblanz.de\/WP\/26-april-2026-vogelbeobachtungen\/","title":{"rendered":"26. April 2026 &#8211; Vogelbeobachtungen"},"content":{"rendered":"\n<p>Um 11 Uhr starteten wir um zu der Stelle zu fahren an der wir den Wiedehopf gesehen hatten. Es sind h\u00f6chstens 2 km bis dahin. Wir waren kaum da als wir bunte V\u00f6gel auf einer Stomleitung sahen. Unser erster Gedanke war Eisv\u00f6gel, aber ein Blick mit dem Fernglas zeigte, dass es sich um Bienenfresser handelte. Der Platz war wohl mal ein Stadion, denn ringsum waren Trib\u00fcnen aus Beton, die schon bessere Zeiten gesehen hatten. Im Innern des Kreises tummelten sich die Bienenfresser am Boden, flogen hin und her und landeten immer mal wieder auf dem Stromkabel.<\/p>\n\n\n\n<figure class=\"wp-block-gallery has-nested-images columns-default is-cropped wp-block-gallery-2 is-layout-flex wp-block-gallery-is-layout-flex\">\n<figure class=\"wp-block-image size-full\"><img loading=\"lazy\" decoding=\"async\" width=\"2560\" height=\"1442\" data-id=\"30996\" src=\"https:\/\/jblanz.de\/WP\/wp-content\/uploads\/2026\/04\/26Albanien-239-2-scaled.jpg\" alt=\"\" class=\"wp-image-30996\" srcset=\"https:\/\/jblanz.de\/WP\/wp-content\/uploads\/2026\/04\/26Albanien-239-2-scaled.jpg 2560w, https:\/\/jblanz.de\/WP\/wp-content\/uploads\/2026\/04\/26Albanien-239-2-300x169.jpg 300w, https:\/\/jblanz.de\/WP\/wp-content\/uploads\/2026\/04\/26Albanien-239-2-1024x577.jpg 1024w, https:\/\/jblanz.de\/WP\/wp-content\/uploads\/2026\/04\/26Albanien-239-2-768x433.jpg 768w, https:\/\/jblanz.de\/WP\/wp-content\/uploads\/2026\/04\/26Albanien-239-2-1536x865.jpg 1536w, https:\/\/jblanz.de\/WP\/wp-content\/uploads\/2026\/04\/26Albanien-239-2-2048x1153.jpg 2048w\" sizes=\"auto, (max-width: 2560px) 100vw, 2560px\" \/><\/figure>\n\n\n\n<figure class=\"wp-block-image size-full\"><img loading=\"lazy\" decoding=\"async\" width=\"1908\" height=\"1076\" data-id=\"30997\" src=\"https:\/\/jblanz.de\/WP\/wp-content\/uploads\/2026\/04\/26Albanien-243-2.jpg\" alt=\"\" class=\"wp-image-30997\" srcset=\"https:\/\/jblanz.de\/WP\/wp-content\/uploads\/2026\/04\/26Albanien-243-2.jpg 1908w, https:\/\/jblanz.de\/WP\/wp-content\/uploads\/2026\/04\/26Albanien-243-2-300x169.jpg 300w, https:\/\/jblanz.de\/WP\/wp-content\/uploads\/2026\/04\/26Albanien-243-2-1024x577.jpg 1024w, https:\/\/jblanz.de\/WP\/wp-content\/uploads\/2026\/04\/26Albanien-243-2-768x433.jpg 768w, https:\/\/jblanz.de\/WP\/wp-content\/uploads\/2026\/04\/26Albanien-243-2-1536x866.jpg 1536w\" sizes=\"auto, (max-width: 1908px) 100vw, 1908px\" \/><\/figure>\n<\/figure>\n\n\n\n<p>Wir hielten uns etwa 2 Stunden dort auf, beobachteten tats\u00e4chlich wieder einen Wiedehopf, der aber viel zu weit entfernt war, um ein gutes Foto zu machen. Stattdessen beobachteten wir Fr\u00f6sche, die in einem T\u00fcmpel gleich nebenan lautstark quakten, aber sofort verstummten, wenn man n\u00e4her kam. Karin sah sie gut im Fernglas, w\u00e4hrend ich M\u00fche hat \u00fcberhaupt einen Frosch zu sehen. Die beiden folgenden Bilder zeigen das Problem. Wer findet im linken Bild den Frosch ?<\/p>\n\n\n\n<figure class=\"wp-block-gallery has-nested-images columns-default is-cropped wp-block-gallery-3 is-layout-flex wp-block-gallery-is-layout-flex\">\n<figure class=\"wp-block-image size-full\"><img loading=\"lazy\" decoding=\"async\" width=\"2560\" height=\"1440\" data-id=\"31000\" src=\"https:\/\/jblanz.de\/WP\/wp-content\/uploads\/2026\/04\/26Albanien-256-2-scaled.jpg\" alt=\"\" class=\"wp-image-31000\" srcset=\"https:\/\/jblanz.de\/WP\/wp-content\/uploads\/2026\/04\/26Albanien-256-2-scaled.jpg 2560w, https:\/\/jblanz.de\/WP\/wp-content\/uploads\/2026\/04\/26Albanien-256-2-300x169.jpg 300w, https:\/\/jblanz.de\/WP\/wp-content\/uploads\/2026\/04\/26Albanien-256-2-1024x576.jpg 1024w, https:\/\/jblanz.de\/WP\/wp-content\/uploads\/2026\/04\/26Albanien-256-2-768x432.jpg 768w, https:\/\/jblanz.de\/WP\/wp-content\/uploads\/2026\/04\/26Albanien-256-2-1536x864.jpg 1536w, https:\/\/jblanz.de\/WP\/wp-content\/uploads\/2026\/04\/26Albanien-256-2-2048x1152.jpg 2048w\" sizes=\"auto, (max-width: 2560px) 100vw, 2560px\" \/><\/figure>\n\n\n\n<figure class=\"wp-block-image size-full\"><img loading=\"lazy\" decoding=\"async\" width=\"1049\" height=\"591\" data-id=\"30999\" src=\"https:\/\/jblanz.de\/WP\/wp-content\/uploads\/2026\/04\/26Albanien-256.jpg\" alt=\"\" class=\"wp-image-30999\" srcset=\"https:\/\/jblanz.de\/WP\/wp-content\/uploads\/2026\/04\/26Albanien-256.jpg 1049w, https:\/\/jblanz.de\/WP\/wp-content\/uploads\/2026\/04\/26Albanien-256-300x169.jpg 300w, https:\/\/jblanz.de\/WP\/wp-content\/uploads\/2026\/04\/26Albanien-256-1024x577.jpg 1024w, https:\/\/jblanz.de\/WP\/wp-content\/uploads\/2026\/04\/26Albanien-256-768x433.jpg 768w\" sizes=\"auto, (max-width: 1049px) 100vw, 1049px\" \/><\/figure>\n<\/figure>\n\n\n\n<p>Auf der Suche nach Wiedeh\u00f6pfen ginen wir weiter in Richtung eines kleinen Kanals, als ich sah, dass sich etwas im Gras bewegte. Es war eine sch\u00f6ne vielleicht 20 cm lange Schildkr\u00f6te. Ich stellte sie etwas fotogener auf, aber sie entwickelte ein Tempo, das ich nicht f\u00fcr m\u00f6glich gehalten h\u00e4tte. <\/p>\n\n\n\n<figure class=\"wp-block-gallery has-nested-images columns-default is-cropped wp-block-gallery-4 is-layout-flex wp-block-gallery-is-layout-flex\">\n<figure class=\"wp-block-image size-large\"><img loading=\"lazy\" decoding=\"async\" width=\"1024\" height=\"576\" data-id=\"31002\" src=\"https:\/\/jblanz.de\/WP\/wp-content\/uploads\/2026\/04\/26Albanien-276-1024x576.jpg\" alt=\"\" class=\"wp-image-31002\" srcset=\"https:\/\/jblanz.de\/WP\/wp-content\/uploads\/2026\/04\/26Albanien-276-1024x576.jpg 1024w, https:\/\/jblanz.de\/WP\/wp-content\/uploads\/2026\/04\/26Albanien-276-300x169.jpg 300w, https:\/\/jblanz.de\/WP\/wp-content\/uploads\/2026\/04\/26Albanien-276-768x432.jpg 768w, https:\/\/jblanz.de\/WP\/wp-content\/uploads\/2026\/04\/26Albanien-276-1536x864.jpg 1536w, https:\/\/jblanz.de\/WP\/wp-content\/uploads\/2026\/04\/26Albanien-276-2048x1152.jpg 2048w\" sizes=\"auto, (max-width: 1024px) 100vw, 1024px\" \/><\/figure>\n\n\n\n<figure class=\"wp-block-image size-large\"><img loading=\"lazy\" decoding=\"async\" width=\"1024\" height=\"576\" data-id=\"31001\" src=\"https:\/\/jblanz.de\/WP\/wp-content\/uploads\/2026\/04\/26Albanien-285-1024x576.jpg\" alt=\"\" class=\"wp-image-31001\" srcset=\"https:\/\/jblanz.de\/WP\/wp-content\/uploads\/2026\/04\/26Albanien-285-1024x576.jpg 1024w, https:\/\/jblanz.de\/WP\/wp-content\/uploads\/2026\/04\/26Albanien-285-300x169.jpg 300w, https:\/\/jblanz.de\/WP\/wp-content\/uploads\/2026\/04\/26Albanien-285-768x432.jpg 768w, https:\/\/jblanz.de\/WP\/wp-content\/uploads\/2026\/04\/26Albanien-285-1536x864.jpg 1536w, https:\/\/jblanz.de\/WP\/wp-content\/uploads\/2026\/04\/26Albanien-285-2048x1152.jpg 2048w\" sizes=\"auto, (max-width: 1024px) 100vw, 1024px\" \/><\/figure>\n<\/figure>\n\n\n\n<p>Nach 2 Stunden in der Sonne hatten wir genug und entschieden ein Restaurant zu suchen. Wir beobachteten, dass viele Autos in eine Seitenstrasse fuhren und schauten nach, was es dort besonderes gibt. Es war ein Fischrestaurant mit Gartenwirtschaft, in der viele G\u00e4ste a\u00dfen. Es gefiel uns und wir setzten uns an einen Tisch. <\/p>\n\n\n\n<figure class=\"wp-block-gallery has-nested-images columns-default is-cropped wp-block-gallery-5 is-layout-flex wp-block-gallery-is-layout-flex\">\n<figure class=\"wp-block-image size-large\"><img loading=\"lazy\" decoding=\"async\" width=\"1024\" height=\"576\" data-id=\"31016\" src=\"https:\/\/jblanz.de\/WP\/wp-content\/uploads\/2026\/04\/26Albanien-308-1024x576.jpg\" alt=\"\" class=\"wp-image-31016\" srcset=\"https:\/\/jblanz.de\/WP\/wp-content\/uploads\/2026\/04\/26Albanien-308-1024x576.jpg 1024w, https:\/\/jblanz.de\/WP\/wp-content\/uploads\/2026\/04\/26Albanien-308-300x169.jpg 300w, https:\/\/jblanz.de\/WP\/wp-content\/uploads\/2026\/04\/26Albanien-308-768x432.jpg 768w, https:\/\/jblanz.de\/WP\/wp-content\/uploads\/2026\/04\/26Albanien-308-1536x864.jpg 1536w, https:\/\/jblanz.de\/WP\/wp-content\/uploads\/2026\/04\/26Albanien-308-2048x1152.jpg 2048w\" sizes=\"auto, (max-width: 1024px) 100vw, 1024px\" \/><\/figure>\n\n\n\n<figure class=\"wp-block-image size-large\"><img loading=\"lazy\" decoding=\"async\" width=\"1024\" height=\"576\" data-id=\"31017\" src=\"https:\/\/jblanz.de\/WP\/wp-content\/uploads\/2026\/04\/26Albanien-313-1024x576.jpg\" alt=\"\" class=\"wp-image-31017\" srcset=\"https:\/\/jblanz.de\/WP\/wp-content\/uploads\/2026\/04\/26Albanien-313-1024x576.jpg 1024w, https:\/\/jblanz.de\/WP\/wp-content\/uploads\/2026\/04\/26Albanien-313-300x169.jpg 300w, https:\/\/jblanz.de\/WP\/wp-content\/uploads\/2026\/04\/26Albanien-313-768x432.jpg 768w, https:\/\/jblanz.de\/WP\/wp-content\/uploads\/2026\/04\/26Albanien-313-1536x864.jpg 1536w, https:\/\/jblanz.de\/WP\/wp-content\/uploads\/2026\/04\/26Albanien-313-2048x1152.jpg 2048w\" sizes=\"auto, (max-width: 1024px) 100vw, 1024px\" \/><\/figure>\n<\/figure>\n\n\n\n<p>Fast vergessen, eine Pf\u00fctze lockte einige R\u00f6telschwalben an.<\/p>\n\n\n\n<figure class=\"wp-block-gallery has-nested-images columns-default is-cropped wp-block-gallery-6 is-layout-flex wp-block-gallery-is-layout-flex\">\n<figure class=\"wp-block-image size-large\"><img loading=\"lazy\" decoding=\"async\" width=\"1024\" height=\"576\" data-id=\"31013\" src=\"https:\/\/jblanz.de\/WP\/wp-content\/uploads\/2026\/04\/26Albanien-328-1024x576.jpg\" alt=\"\" class=\"wp-image-31013\" srcset=\"https:\/\/jblanz.de\/WP\/wp-content\/uploads\/2026\/04\/26Albanien-328-1024x576.jpg 1024w, https:\/\/jblanz.de\/WP\/wp-content\/uploads\/2026\/04\/26Albanien-328-300x169.jpg 300w, https:\/\/jblanz.de\/WP\/wp-content\/uploads\/2026\/04\/26Albanien-328-768x432.jpg 768w, https:\/\/jblanz.de\/WP\/wp-content\/uploads\/2026\/04\/26Albanien-328-1536x864.jpg 1536w, https:\/\/jblanz.de\/WP\/wp-content\/uploads\/2026\/04\/26Albanien-328-2048x1152.jpg 2048w\" sizes=\"auto, (max-width: 1024px) 100vw, 1024px\" \/><\/figure>\n<\/figure>\n\n\n\n<p>Der Kellner, der nach etwa 10 min erschient, nahm unsere Bestellung auf. Die Getr\u00e4nke kamen schnell, dann tat sich \u00fcber eine Stunde nichts. Pl\u00f6tzlich kam gegrilltes Seafood, aber nicht der griechische Salat und nichts dazu. Wir a\u00dfen die gegrillten Kalamare und pl\u00f6tzlich hatte ich ein 5 cm langes St\u00fcck eines Nagels im Mund. Zum Gl\u00fcck war es so lang, sonst h\u00e4tte ich es wom\u00f6glich hinuntergeschluckt. Man m\u00f6chte sich gar nicht vorstellen, wie das ausgegangen w\u00e4re. Wir reklamierten, der Ober wirkte genervt. Als nach weiteren 10 min immer noch nichts kam, bestellte ich die Rechnung und zahlte. Ein &#8222;sorry friend&#8220; war die einzige Bemerkung. Entt\u00e4uscht von dem Service fuhren wir zur\u00fcck zum Camping. Ein kleine dunkle Schildkr\u00f6te versuchte gerade die Strasse zu \u00fcberqueren. Da sie vom n\u00e4chsten Auto \u00fcberfahren worden w\u00e4re, retteten wir sie und brachten sie in den Wald. <\/p>\n\n\n\n<figure class=\"wp-block-gallery has-nested-images columns-2 is-cropped wp-block-gallery-7 is-layout-flex wp-block-gallery-is-layout-flex\">\n<figure class=\"wp-block-image size-full\"><img loading=\"lazy\" decoding=\"async\" width=\"2174\" height=\"1223\" data-id=\"31006\" src=\"https:\/\/jblanz.de\/WP\/wp-content\/uploads\/2026\/04\/26Albanien-331-1.jpg\" alt=\"\" class=\"wp-image-31006\" srcset=\"https:\/\/jblanz.de\/WP\/wp-content\/uploads\/2026\/04\/26Albanien-331-1.jpg 2174w, https:\/\/jblanz.de\/WP\/wp-content\/uploads\/2026\/04\/26Albanien-331-1-300x169.jpg 300w, https:\/\/jblanz.de\/WP\/wp-content\/uploads\/2026\/04\/26Albanien-331-1-1024x576.jpg 1024w, https:\/\/jblanz.de\/WP\/wp-content\/uploads\/2026\/04\/26Albanien-331-1-768x432.jpg 768w, https:\/\/jblanz.de\/WP\/wp-content\/uploads\/2026\/04\/26Albanien-331-1-1536x864.jpg 1536w, https:\/\/jblanz.de\/WP\/wp-content\/uploads\/2026\/04\/26Albanien-331-1-2048x1152.jpg 2048w\" sizes=\"auto, (max-width: 2174px) 100vw, 2174px\" \/><\/figure>\n\n\n\n<figure class=\"wp-block-image size-full\"><img loading=\"lazy\" decoding=\"async\" width=\"2062\" height=\"1160\" data-id=\"31007\" src=\"https:\/\/jblanz.de\/WP\/wp-content\/uploads\/2026\/04\/26Albanien-333-1.jpg\" alt=\"\" class=\"wp-image-31007\" srcset=\"https:\/\/jblanz.de\/WP\/wp-content\/uploads\/2026\/04\/26Albanien-333-1.jpg 2062w, https:\/\/jblanz.de\/WP\/wp-content\/uploads\/2026\/04\/26Albanien-333-1-300x169.jpg 300w, https:\/\/jblanz.de\/WP\/wp-content\/uploads\/2026\/04\/26Albanien-333-1-1024x576.jpg 1024w, https:\/\/jblanz.de\/WP\/wp-content\/uploads\/2026\/04\/26Albanien-333-1-768x432.jpg 768w, https:\/\/jblanz.de\/WP\/wp-content\/uploads\/2026\/04\/26Albanien-333-1-1536x864.jpg 1536w, https:\/\/jblanz.de\/WP\/wp-content\/uploads\/2026\/04\/26Albanien-333-1-2048x1152.jpg 2048w\" sizes=\"auto, (max-width: 2062px) 100vw, 2062px\" \/><\/figure>\n\n\n\n<figure class=\"wp-block-image size-full\"><img loading=\"lazy\" decoding=\"async\" width=\"2326\" height=\"1308\" data-id=\"31008\" src=\"https:\/\/jblanz.de\/WP\/wp-content\/uploads\/2026\/04\/26Albanien-334.jpg\" alt=\"\" class=\"wp-image-31008\" srcset=\"https:\/\/jblanz.de\/WP\/wp-content\/uploads\/2026\/04\/26Albanien-334.jpg 2326w, https:\/\/jblanz.de\/WP\/wp-content\/uploads\/2026\/04\/26Albanien-334-300x169.jpg 300w, https:\/\/jblanz.de\/WP\/wp-content\/uploads\/2026\/04\/26Albanien-334-1024x576.jpg 1024w, https:\/\/jblanz.de\/WP\/wp-content\/uploads\/2026\/04\/26Albanien-334-768x432.jpg 768w, https:\/\/jblanz.de\/WP\/wp-content\/uploads\/2026\/04\/26Albanien-334-1536x864.jpg 1536w, https:\/\/jblanz.de\/WP\/wp-content\/uploads\/2026\/04\/26Albanien-334-2048x1152.jpg 2048w\" sizes=\"auto, (max-width: 2326px) 100vw, 2326px\" \/><\/figure>\n<\/figure>\n\n\n","protected":false},"excerpt":{"rendered":"<p>Um 11 Uhr starteten wir um zu der Stelle zu fahren an der wir den Wiedehopf gesehen hatten. Es sind<\/p>\n","protected":false},"author":1,"featured_media":31008,"comment_status":"open","ping_status":"open","sticky":false,"template":"","format":"standard","meta":{"colormag_page_container_layout":"default_layout","colormag_page_sidebar_layout":"default_layout","_monsterinsights_skip_tracking":false,"_monsterinsights_sitenote_active":false,"_monsterinsights_sitenote_note":"","_monsterinsights_sitenote_category":0,"footnotes":""},"categories":[269,350,351,306,313,159,268],"tags":[],"class_list":["post-30982","post","type-post","status-publish","format-standard","has-post-thumbnail","hentry","category-2020-jahr","category-350","category-2026-2","category-a-j","category-albanien","category-europa","category-jahr"],"yoast_head":"<!-- This site is optimized with the Yoast SEO plugin v27.4 - https:\/\/yoast.com\/product\/yoast-seo-wordpress\/ -->\n<title>26. April 2026 - Vogelbeobachtungen - Reiseblog von Karin &amp; Joachim<\/title>\n<meta name=\"robots\" content=\"index, follow, max-snippet:-1, max-image-preview:large, max-video-preview:-1\" \/>\n<link rel=\"canonical\" href=\"https:\/\/jblanz.de\/WP\/26-april-2026-vogelbeobachtungen\/\" \/>\n<meta property=\"og:locale\" content=\"de_DE\" \/>\n<meta property=\"og:type\" content=\"article\" \/>\n<meta property=\"og:title\" content=\"26. April 2026 - Vogelbeobachtungen - Reiseblog von Karin &amp; Joachim\" \/>\n<meta property=\"og:description\" content=\"Um 11 Uhr starteten wir um zu der Stelle zu fahren an der wir den Wiedehopf gesehen hatten. Es sind\" \/>\n<meta property=\"og:url\" content=\"https:\/\/jblanz.de\/WP\/26-april-2026-vogelbeobachtungen\/\" \/>\n<meta property=\"og:site_name\" content=\"Reiseblog von Karin &amp; Joachim\" \/>\n<meta property=\"article:published_time\" content=\"2026-04-26T14:26:27+00:00\" \/>\n<meta property=\"article:modified_time\" content=\"2026-04-27T16:41:02+00:00\" \/>\n<meta property=\"og:image\" content=\"https:\/\/jblanz.de\/WP\/wp-content\/uploads\/2026\/04\/26Albanien-334.jpg\" \/>\n\t<meta property=\"og:image:width\" content=\"2326\" \/>\n\t<meta property=\"og:image:height\" content=\"1308\" \/>\n\t<meta property=\"og:image:type\" content=\"image\/jpeg\" \/>\n<meta name=\"author\" content=\"Achim\" \/>\n<meta name=\"twitter:card\" content=\"summary_large_image\" \/>\n<meta name=\"twitter:label1\" content=\"Verfasst von\" \/>\n\t<meta name=\"twitter:data1\" content=\"Achim\" \/>\n\t<meta name=\"twitter:label2\" content=\"Gesch\u00e4tzte Lesezeit\" \/>\n\t<meta name=\"twitter:data2\" content=\"5\u00a0Minuten\" \/>\n<script type=\"application\/ld+json\" class=\"yoast-schema-graph\">{\"@context\":\"https:\\\/\\\/schema.org\",\"@graph\":[{\"@type\":\"Article\",\"@id\":\"https:\\\/\\\/jblanz.de\\\/WP\\\/26-april-2026-vogelbeobachtungen\\\/#article\",\"isPartOf\":{\"@id\":\"https:\\\/\\\/jblanz.de\\\/WP\\\/26-april-2026-vogelbeobachtungen\\\/\"},\"author\":{\"name\":\"Achim\",\"@id\":\"https:\\\/\\\/jblanz.de\\\/WP\\\/#\\\/schema\\\/person\\\/17a70f07162e42bc0b181c22397286e0\"},\"headline\":\"26. April 2026 &#8211; Vogelbeobachtungen\",\"datePublished\":\"2026-04-26T14:26:27+00:00\",\"dateModified\":\"2026-04-27T16:41:02+00:00\",\"mainEntityOfPage\":{\"@id\":\"https:\\\/\\\/jblanz.de\\\/WP\\\/26-april-2026-vogelbeobachtungen\\\/\"},\"wordCount\":449,\"commentCount\":0,\"publisher\":{\"@id\":\"https:\\\/\\\/jblanz.de\\\/WP\\\/#\\\/schema\\\/person\\\/17a70f07162e42bc0b181c22397286e0\"},\"image\":{\"@id\":\"https:\\\/\\\/jblanz.de\\\/WP\\\/26-april-2026-vogelbeobachtungen\\\/#primaryimage\"},\"thumbnailUrl\":\"https:\\\/\\\/jblanz.de\\\/WP\\\/wp-content\\\/uploads\\\/2026\\\/04\\\/26Albanien-334.jpg\",\"articleSection\":[\"2020+\",\"2026\",\"2026\",\"A-J\",\"Albanien\",\"Europa\",\"Jahr\"],\"inLanguage\":\"de\",\"potentialAction\":[{\"@type\":\"CommentAction\",\"name\":\"Comment\",\"target\":[\"https:\\\/\\\/jblanz.de\\\/WP\\\/26-april-2026-vogelbeobachtungen\\\/#respond\"]}]},{\"@type\":\"WebPage\",\"@id\":\"https:\\\/\\\/jblanz.de\\\/WP\\\/26-april-2026-vogelbeobachtungen\\\/\",\"url\":\"https:\\\/\\\/jblanz.de\\\/WP\\\/26-april-2026-vogelbeobachtungen\\\/\",\"name\":\"26. April 2026 - Vogelbeobachtungen - Reiseblog von Karin &amp; Joachim\",\"isPartOf\":{\"@id\":\"https:\\\/\\\/jblanz.de\\\/WP\\\/#website\"},\"primaryImageOfPage\":{\"@id\":\"https:\\\/\\\/jblanz.de\\\/WP\\\/26-april-2026-vogelbeobachtungen\\\/#primaryimage\"},\"image\":{\"@id\":\"https:\\\/\\\/jblanz.de\\\/WP\\\/26-april-2026-vogelbeobachtungen\\\/#primaryimage\"},\"thumbnailUrl\":\"https:\\\/\\\/jblanz.de\\\/WP\\\/wp-content\\\/uploads\\\/2026\\\/04\\\/26Albanien-334.jpg\",\"datePublished\":\"2026-04-26T14:26:27+00:00\",\"dateModified\":\"2026-04-27T16:41:02+00:00\",\"breadcrumb\":{\"@id\":\"https:\\\/\\\/jblanz.de\\\/WP\\\/26-april-2026-vogelbeobachtungen\\\/#breadcrumb\"},\"inLanguage\":\"de\",\"potentialAction\":[{\"@type\":\"ReadAction\",\"target\":[\"https:\\\/\\\/jblanz.de\\\/WP\\\/26-april-2026-vogelbeobachtungen\\\/\"]}]},{\"@type\":\"ImageObject\",\"inLanguage\":\"de\",\"@id\":\"https:\\\/\\\/jblanz.de\\\/WP\\\/26-april-2026-vogelbeobachtungen\\\/#primaryimage\",\"url\":\"https:\\\/\\\/jblanz.de\\\/WP\\\/wp-content\\\/uploads\\\/2026\\\/04\\\/26Albanien-334.jpg\",\"contentUrl\":\"https:\\\/\\\/jblanz.de\\\/WP\\\/wp-content\\\/uploads\\\/2026\\\/04\\\/26Albanien-334.jpg\",\"width\":2326,\"height\":1308},{\"@type\":\"BreadcrumbList\",\"@id\":\"https:\\\/\\\/jblanz.de\\\/WP\\\/26-april-2026-vogelbeobachtungen\\\/#breadcrumb\",\"itemListElement\":[{\"@type\":\"ListItem\",\"position\":1,\"name\":\"Startseite\",\"item\":\"https:\\\/\\\/jblanz.de\\\/WP\\\/\"},{\"@type\":\"ListItem\",\"position\":2,\"name\":\"26. April 2026 &#8211; Vogelbeobachtungen\"}]},{\"@type\":\"WebSite\",\"@id\":\"https:\\\/\\\/jblanz.de\\\/WP\\\/#website\",\"url\":\"https:\\\/\\\/jblanz.de\\\/WP\\\/\",\"name\":\"Reiseblog von Karin & Joachim\",\"description\":\"Wir schreiben den Blog f\u00fcr uns als Erinnerung - f\u00fcr euch als Inspiration\",\"publisher\":{\"@id\":\"https:\\\/\\\/jblanz.de\\\/WP\\\/#\\\/schema\\\/person\\\/17a70f07162e42bc0b181c22397286e0\"},\"potentialAction\":[{\"@type\":\"SearchAction\",\"target\":{\"@type\":\"EntryPoint\",\"urlTemplate\":\"https:\\\/\\\/jblanz.de\\\/WP\\\/?s={search_term_string}\"},\"query-input\":{\"@type\":\"PropertyValueSpecification\",\"valueRequired\":true,\"valueName\":\"search_term_string\"}}],\"inLanguage\":\"de\"},{\"@type\":[\"Person\",\"Organization\"],\"@id\":\"https:\\\/\\\/jblanz.de\\\/WP\\\/#\\\/schema\\\/person\\\/17a70f07162e42bc0b181c22397286e0\",\"name\":\"Achim\",\"image\":{\"@type\":\"ImageObject\",\"inLanguage\":\"de\",\"@id\":\"https:\\\/\\\/secure.gravatar.com\\\/avatar\\\/b7ab31bc55956af4a9bebf7fd034761212b11b803b7e39464914d6abeefb12f3?s=96&d=mm&r=g\",\"url\":\"https:\\\/\\\/secure.gravatar.com\\\/avatar\\\/b7ab31bc55956af4a9bebf7fd034761212b11b803b7e39464914d6abeefb12f3?s=96&d=mm&r=g\",\"contentUrl\":\"https:\\\/\\\/secure.gravatar.com\\\/avatar\\\/b7ab31bc55956af4a9bebf7fd034761212b11b803b7e39464914d6abeefb12f3?s=96&d=mm&r=g\",\"caption\":\"Achim\"},\"logo\":{\"@id\":\"https:\\\/\\\/secure.gravatar.com\\\/avatar\\\/b7ab31bc55956af4a9bebf7fd034761212b11b803b7e39464914d6abeefb12f3?s=96&d=mm&r=g\"},\"url\":\"https:\\\/\\\/jblanz.de\\\/WP\\\/author\\\/achim\\\/\"}]}<\/script>\n<!-- \/ Yoast SEO plugin. -->","yoast_head_json":{"title":"26. April 2026 - Vogelbeobachtungen - Reiseblog von Karin &amp; Joachim","robots":{"index":"index","follow":"follow","max-snippet":"max-snippet:-1","max-image-preview":"max-image-preview:large","max-video-preview":"max-video-preview:-1"},"canonical":"https:\/\/jblanz.de\/WP\/26-april-2026-vogelbeobachtungen\/","og_locale":"de_DE","og_type":"article","og_title":"26. April 2026 - Vogelbeobachtungen - Reiseblog von Karin &amp; Joachim","og_description":"Um 11 Uhr starteten wir um zu der Stelle zu fahren an der wir den Wiedehopf gesehen hatten. Es sind","og_url":"https:\/\/jblanz.de\/WP\/26-april-2026-vogelbeobachtungen\/","og_site_name":"Reiseblog von Karin &amp; Joachim","article_published_time":"2026-04-26T14:26:27+00:00","article_modified_time":"2026-04-27T16:41:02+00:00","og_image":[{"width":2326,"height":1308,"url":"https:\/\/jblanz.de\/WP\/wp-content\/uploads\/2026\/04\/26Albanien-334.jpg","type":"image\/jpeg"}],"author":"Achim","twitter_card":"summary_large_image","twitter_misc":{"Verfasst von":"Achim","Gesch\u00e4tzte Lesezeit":"5\u00a0Minuten"},"schema":{"@context":"https:\/\/schema.org","@graph":[{"@type":"Article","@id":"https:\/\/jblanz.de\/WP\/26-april-2026-vogelbeobachtungen\/#article","isPartOf":{"@id":"https:\/\/jblanz.de\/WP\/26-april-2026-vogelbeobachtungen\/"},"author":{"name":"Achim","@id":"https:\/\/jblanz.de\/WP\/#\/schema\/person\/17a70f07162e42bc0b181c22397286e0"},"headline":"26. April 2026 &#8211; Vogelbeobachtungen","datePublished":"2026-04-26T14:26:27+00:00","dateModified":"2026-04-27T16:41:02+00:00","mainEntityOfPage":{"@id":"https:\/\/jblanz.de\/WP\/26-april-2026-vogelbeobachtungen\/"},"wordCount":449,"commentCount":0,"publisher":{"@id":"https:\/\/jblanz.de\/WP\/#\/schema\/person\/17a70f07162e42bc0b181c22397286e0"},"image":{"@id":"https:\/\/jblanz.de\/WP\/26-april-2026-vogelbeobachtungen\/#primaryimage"},"thumbnailUrl":"https:\/\/jblanz.de\/WP\/wp-content\/uploads\/2026\/04\/26Albanien-334.jpg","articleSection":["2020+","2026","2026","A-J","Albanien","Europa","Jahr"],"inLanguage":"de","potentialAction":[{"@type":"CommentAction","name":"Comment","target":["https:\/\/jblanz.de\/WP\/26-april-2026-vogelbeobachtungen\/#respond"]}]},{"@type":"WebPage","@id":"https:\/\/jblanz.de\/WP\/26-april-2026-vogelbeobachtungen\/","url":"https:\/\/jblanz.de\/WP\/26-april-2026-vogelbeobachtungen\/","name":"26. April 2026 - Vogelbeobachtungen - Reiseblog von Karin &amp; Joachim","isPartOf":{"@id":"https:\/\/jblanz.de\/WP\/#website"},"primaryImageOfPage":{"@id":"https:\/\/jblanz.de\/WP\/26-april-2026-vogelbeobachtungen\/#primaryimage"},"image":{"@id":"https:\/\/jblanz.de\/WP\/26-april-2026-vogelbeobachtungen\/#primaryimage"},"thumbnailUrl":"https:\/\/jblanz.de\/WP\/wp-content\/uploads\/2026\/04\/26Albanien-334.jpg","datePublished":"2026-04-26T14:26:27+00:00","dateModified":"2026-04-27T16:41:02+00:00","breadcrumb":{"@id":"https:\/\/jblanz.de\/WP\/26-april-2026-vogelbeobachtungen\/#breadcrumb"},"inLanguage":"de","potentialAction":[{"@type":"ReadAction","target":["https:\/\/jblanz.de\/WP\/26-april-2026-vogelbeobachtungen\/"]}]},{"@type":"ImageObject","inLanguage":"de","@id":"https:\/\/jblanz.de\/WP\/26-april-2026-vogelbeobachtungen\/#primaryimage","url":"https:\/\/jblanz.de\/WP\/wp-content\/uploads\/2026\/04\/26Albanien-334.jpg","contentUrl":"https:\/\/jblanz.de\/WP\/wp-content\/uploads\/2026\/04\/26Albanien-334.jpg","width":2326,"height":1308},{"@type":"BreadcrumbList","@id":"https:\/\/jblanz.de\/WP\/26-april-2026-vogelbeobachtungen\/#breadcrumb","itemListElement":[{"@type":"ListItem","position":1,"name":"Startseite","item":"https:\/\/jblanz.de\/WP\/"},{"@type":"ListItem","position":2,"name":"26. April 2026 &#8211; Vogelbeobachtungen"}]},{"@type":"WebSite","@id":"https:\/\/jblanz.de\/WP\/#website","url":"https:\/\/jblanz.de\/WP\/","name":"Reiseblog von Karin & Joachim","description":"Wir schreiben den Blog f\u00fcr uns als Erinnerung - f\u00fcr euch als Inspiration","publisher":{"@id":"https:\/\/jblanz.de\/WP\/#\/schema\/person\/17a70f07162e42bc0b181c22397286e0"},"potentialAction":[{"@type":"SearchAction","target":{"@type":"EntryPoint","urlTemplate":"https:\/\/jblanz.de\/WP\/?s={search_term_string}"},"query-input":{"@type":"PropertyValueSpecification","valueRequired":true,"valueName":"search_term_string"}}],"inLanguage":"de"},{"@type":["Person","Organization"],"@id":"https:\/\/jblanz.de\/WP\/#\/schema\/person\/17a70f07162e42bc0b181c22397286e0","name":"Achim","image":{"@type":"ImageObject","inLanguage":"de","@id":"https:\/\/secure.gravatar.com\/avatar\/b7ab31bc55956af4a9bebf7fd034761212b11b803b7e39464914d6abeefb12f3?s=96&d=mm&r=g","url":"https:\/\/secure.gravatar.com\/avatar\/b7ab31bc55956af4a9bebf7fd034761212b11b803b7e39464914d6abeefb12f3?s=96&d=mm&r=g","contentUrl":"https:\/\/secure.gravatar.com\/avatar\/b7ab31bc55956af4a9bebf7fd034761212b11b803b7e39464914d6abeefb12f3?s=96&d=mm&r=g","caption":"Achim"},"logo":{"@id":"https:\/\/secure.gravatar.com\/avatar\/b7ab31bc55956af4a9bebf7fd034761212b11b803b7e39464914d6abeefb12f3?s=96&d=mm&r=g"},"url":"https:\/\/jblanz.de\/WP\/author\/achim\/"}]}},"_links":{"self":[{"href":"https:\/\/jblanz.de\/WP\/wp-json\/wp\/v2\/posts\/30982","targetHints":{"allow":["GET"]}}],"collection":[{"href":"https:\/\/jblanz.de\/WP\/wp-json\/wp\/v2\/posts"}],"about":[{"href":"https:\/\/jblanz.de\/WP\/wp-json\/wp\/v2\/types\/post"}],"author":[{"embeddable":true,"href":"https:\/\/jblanz.de\/WP\/wp-json\/wp\/v2\/users\/1"}],"replies":[{"embeddable":true,"href":"https:\/\/jblanz.de\/WP\/wp-json\/wp\/v2\/comments?post=30982"}],"version-history":[{"count":9,"href":"https:\/\/jblanz.de\/WP\/wp-json\/wp\/v2\/posts\/30982\/revisions"}],"predecessor-version":[{"id":31018,"href":"https:\/\/jblanz.de\/WP\/wp-json\/wp\/v2\/posts\/30982\/revisions\/31018"}],"wp:featuredmedia":[{"embeddable":true,"href":"https:\/\/jblanz.de\/WP\/wp-json\/wp\/v2\/media\/31008"}],"wp:attachment":[{"href":"https:\/\/jblanz.de\/WP\/wp-json\/wp\/v2\/media?parent=30982"}],"wp:term":[{"taxonomy":"category","embeddable":true,"href":"https:\/\/jblanz.de\/WP\/wp-json\/wp\/v2\/categories?post=30982"},{"taxonomy":"post_tag","embeddable":true,"href":"https:\/\/jblanz.de\/WP\/wp-json\/wp\/v2\/tags?post=30982"}],"curies":[{"name":"wp","href":"https:\/\/api.w.org\/{rel}","templated":true}]}}