{"id":31213,"date":"2026-04-29T17:19:27","date_gmt":"2026-04-29T15:19:27","guid":{"rendered":"https:\/\/jblanz.de\/WP\/?p=31213"},"modified":"2026-04-29T18:13:27","modified_gmt":"2026-04-29T16:13:27","slug":"29-april-2026-meteora-tag-2","status":"publish","type":"post","link":"https:\/\/jblanz.de\/WP\/29-april-2026-meteora-tag-2\/","title":{"rendered":"29. April 2026 &#8211; Meteora Tag 2"},"content":{"rendered":"\n<p>Unsere Versuch das abgelegene Kloster Ypapanti zu besichtigen, scheiterte, da es keinen Strassenzugang gibt. Daher besichtigten wir das Kloster Metam\u00f3rphosis tou Sotiros (Meg\u00e1lo Met\u00e9oro). Der Name Met\u00e9oro bedeutet der Schwebende. Der Geb\u00e4udekomplex ist mit etwa 60.000 m\u00b2 das gr\u00f6\u00dfte der Met\u00e9ora-Kl\u00f6ster. Es liegt 613<span id=\"mwRA\">\u00a0<\/span>m \u00fcber dem Meeresspiegel und ist so auch unter den Klostern das am h\u00f6chsten gelegene. Es ist noch immer von M\u00f6nchen bewohnt. Schon von der Ferne sahen wir, dass vor dem Kloster mehrere Busse und viele Autos standen. Wir stellten daher unser WoMo etwas unterhalb ab und fuhren mit dem Fahrrad zum Parkplatz hoch. Zum Kloster f\u00fchrten erst Treppen abw\u00e4rts und dann mehrere, teilweise etwas enge, Treppen hoch. Vom Eingang hatte man einen sch\u00f6nen Blick auf das unterhalb gelegene Kloster Varla\u00e1m und das Nonnenkloster Rous\u00e1nou. Bereits vor den Treppen wurde auf die strenge Kleiderordnung hingewiesen.<\/p>\n\n\n\n<figure class=\"wp-block-gallery has-nested-images columns-2 is-cropped wp-block-gallery-2 is-layout-flex wp-block-gallery-is-layout-flex\">\n<figure class=\"wp-block-image size-full\"><img loading=\"lazy\" decoding=\"async\" width=\"2560\" height=\"1440\" data-id=\"31220\" src=\"https:\/\/jblanz.de\/WP\/wp-content\/uploads\/2026\/04\/26Albanien-658-scaled.jpg\" alt=\"\" class=\"wp-image-31220\" srcset=\"https:\/\/jblanz.de\/WP\/wp-content\/uploads\/2026\/04\/26Albanien-658-scaled.jpg 2560w, https:\/\/jblanz.de\/WP\/wp-content\/uploads\/2026\/04\/26Albanien-658-300x169.jpg 300w, https:\/\/jblanz.de\/WP\/wp-content\/uploads\/2026\/04\/26Albanien-658-1024x576.jpg 1024w, https:\/\/jblanz.de\/WP\/wp-content\/uploads\/2026\/04\/26Albanien-658-768x432.jpg 768w, https:\/\/jblanz.de\/WP\/wp-content\/uploads\/2026\/04\/26Albanien-658-1536x864.jpg 1536w, https:\/\/jblanz.de\/WP\/wp-content\/uploads\/2026\/04\/26Albanien-658-2048x1152.jpg 2048w\" sizes=\"auto, (max-width: 2560px) 100vw, 2560px\" \/><\/figure>\n\n\n\n<figure class=\"wp-block-image size-full\"><img loading=\"lazy\" decoding=\"async\" width=\"2560\" height=\"1440\" data-id=\"31221\" src=\"https:\/\/jblanz.de\/WP\/wp-content\/uploads\/2026\/04\/26Albanien-656-scaled.jpg\" alt=\"\" class=\"wp-image-31221\" srcset=\"https:\/\/jblanz.de\/WP\/wp-content\/uploads\/2026\/04\/26Albanien-656-scaled.jpg 2560w, https:\/\/jblanz.de\/WP\/wp-content\/uploads\/2026\/04\/26Albanien-656-300x169.jpg 300w, https:\/\/jblanz.de\/WP\/wp-content\/uploads\/2026\/04\/26Albanien-656-1024x576.jpg 1024w, https:\/\/jblanz.de\/WP\/wp-content\/uploads\/2026\/04\/26Albanien-656-768x432.jpg 768w, https:\/\/jblanz.de\/WP\/wp-content\/uploads\/2026\/04\/26Albanien-656-1536x864.jpg 1536w, https:\/\/jblanz.de\/WP\/wp-content\/uploads\/2026\/04\/26Albanien-656-2048x1152.jpg 2048w\" sizes=\"auto, (max-width: 2560px) 100vw, 2560px\" \/><\/figure>\n\n\n\n<figure class=\"wp-block-image size-full\"><img loading=\"lazy\" decoding=\"async\" width=\"2560\" height=\"1707\" data-id=\"31218\" src=\"https:\/\/jblanz.de\/WP\/wp-content\/uploads\/2026\/04\/26Albanien-659-scaled.jpg\" alt=\"\" class=\"wp-image-31218\" srcset=\"https:\/\/jblanz.de\/WP\/wp-content\/uploads\/2026\/04\/26Albanien-659-scaled.jpg 2560w, https:\/\/jblanz.de\/WP\/wp-content\/uploads\/2026\/04\/26Albanien-659-300x200.jpg 300w, https:\/\/jblanz.de\/WP\/wp-content\/uploads\/2026\/04\/26Albanien-659-1024x683.jpg 1024w, https:\/\/jblanz.de\/WP\/wp-content\/uploads\/2026\/04\/26Albanien-659-768x512.jpg 768w, https:\/\/jblanz.de\/WP\/wp-content\/uploads\/2026\/04\/26Albanien-659-1536x1024.jpg 1536w, https:\/\/jblanz.de\/WP\/wp-content\/uploads\/2026\/04\/26Albanien-659-2048x1365.jpg 2048w\" sizes=\"auto, (max-width: 2560px) 100vw, 2560px\" \/><\/figure>\n\n\n\n<figure class=\"wp-block-image size-full\"><img loading=\"lazy\" decoding=\"async\" width=\"2560\" height=\"1440\" data-id=\"31222\" src=\"https:\/\/jblanz.de\/WP\/wp-content\/uploads\/2026\/04\/26Albanien-662-scaled.jpg\" alt=\"\" class=\"wp-image-31222\" srcset=\"https:\/\/jblanz.de\/WP\/wp-content\/uploads\/2026\/04\/26Albanien-662-scaled.jpg 2560w, https:\/\/jblanz.de\/WP\/wp-content\/uploads\/2026\/04\/26Albanien-662-300x169.jpg 300w, https:\/\/jblanz.de\/WP\/wp-content\/uploads\/2026\/04\/26Albanien-662-1024x576.jpg 1024w, https:\/\/jblanz.de\/WP\/wp-content\/uploads\/2026\/04\/26Albanien-662-768x432.jpg 768w, https:\/\/jblanz.de\/WP\/wp-content\/uploads\/2026\/04\/26Albanien-662-1536x864.jpg 1536w, https:\/\/jblanz.de\/WP\/wp-content\/uploads\/2026\/04\/26Albanien-662-2048x1152.jpg 2048w\" sizes=\"auto, (max-width: 2560px) 100vw, 2560px\" \/><\/figure>\n\n\n\n<figure class=\"wp-block-image size-full\"><img loading=\"lazy\" decoding=\"async\" width=\"2560\" height=\"1440\" data-id=\"31219\" src=\"https:\/\/jblanz.de\/WP\/wp-content\/uploads\/2026\/04\/26Albanien-663-scaled.jpg\" alt=\"\" class=\"wp-image-31219\" srcset=\"https:\/\/jblanz.de\/WP\/wp-content\/uploads\/2026\/04\/26Albanien-663-scaled.jpg 2560w, https:\/\/jblanz.de\/WP\/wp-content\/uploads\/2026\/04\/26Albanien-663-300x169.jpg 300w, https:\/\/jblanz.de\/WP\/wp-content\/uploads\/2026\/04\/26Albanien-663-1024x576.jpg 1024w, https:\/\/jblanz.de\/WP\/wp-content\/uploads\/2026\/04\/26Albanien-663-768x432.jpg 768w, https:\/\/jblanz.de\/WP\/wp-content\/uploads\/2026\/04\/26Albanien-663-1536x864.jpg 1536w, https:\/\/jblanz.de\/WP\/wp-content\/uploads\/2026\/04\/26Albanien-663-2048x1152.jpg 2048w\" sizes=\"auto, (max-width: 2560px) 100vw, 2560px\" \/><\/figure>\n\n\n\n<figure class=\"wp-block-image size-full\"><img loading=\"lazy\" decoding=\"async\" width=\"2560\" height=\"1440\" data-id=\"31225\" src=\"https:\/\/jblanz.de\/WP\/wp-content\/uploads\/2026\/04\/26Albanien-660-scaled.jpg\" alt=\"\" class=\"wp-image-31225\" srcset=\"https:\/\/jblanz.de\/WP\/wp-content\/uploads\/2026\/04\/26Albanien-660-scaled.jpg 2560w, https:\/\/jblanz.de\/WP\/wp-content\/uploads\/2026\/04\/26Albanien-660-300x169.jpg 300w, https:\/\/jblanz.de\/WP\/wp-content\/uploads\/2026\/04\/26Albanien-660-1024x576.jpg 1024w, https:\/\/jblanz.de\/WP\/wp-content\/uploads\/2026\/04\/26Albanien-660-768x432.jpg 768w, https:\/\/jblanz.de\/WP\/wp-content\/uploads\/2026\/04\/26Albanien-660-1536x864.jpg 1536w, https:\/\/jblanz.de\/WP\/wp-content\/uploads\/2026\/04\/26Albanien-660-2048x1152.jpg 2048w\" sizes=\"auto, (max-width: 2560px) 100vw, 2560px\" \/><\/figure>\n\n\n\n<figure class=\"wp-block-image size-full\"><img loading=\"lazy\" decoding=\"async\" width=\"2560\" height=\"1440\" data-id=\"31223\" src=\"https:\/\/jblanz.de\/WP\/wp-content\/uploads\/2026\/04\/26Albanien-661-scaled.jpg\" alt=\"\" class=\"wp-image-31223\" srcset=\"https:\/\/jblanz.de\/WP\/wp-content\/uploads\/2026\/04\/26Albanien-661-scaled.jpg 2560w, https:\/\/jblanz.de\/WP\/wp-content\/uploads\/2026\/04\/26Albanien-661-300x169.jpg 300w, https:\/\/jblanz.de\/WP\/wp-content\/uploads\/2026\/04\/26Albanien-661-1024x576.jpg 1024w, https:\/\/jblanz.de\/WP\/wp-content\/uploads\/2026\/04\/26Albanien-661-768x432.jpg 768w, https:\/\/jblanz.de\/WP\/wp-content\/uploads\/2026\/04\/26Albanien-661-1536x864.jpg 1536w, https:\/\/jblanz.de\/WP\/wp-content\/uploads\/2026\/04\/26Albanien-661-2048x1152.jpg 2048w\" sizes=\"auto, (max-width: 2560px) 100vw, 2560px\" \/><\/figure>\n\n\n\n<figure class=\"wp-block-image size-full\"><img loading=\"lazy\" decoding=\"async\" width=\"2560\" height=\"1440\" data-id=\"31224\" src=\"https:\/\/jblanz.de\/WP\/wp-content\/uploads\/2026\/04\/26Albanien-664-scaled.jpg\" alt=\"\" class=\"wp-image-31224\" srcset=\"https:\/\/jblanz.de\/WP\/wp-content\/uploads\/2026\/04\/26Albanien-664-scaled.jpg 2560w, https:\/\/jblanz.de\/WP\/wp-content\/uploads\/2026\/04\/26Albanien-664-300x169.jpg 300w, https:\/\/jblanz.de\/WP\/wp-content\/uploads\/2026\/04\/26Albanien-664-1024x576.jpg 1024w, https:\/\/jblanz.de\/WP\/wp-content\/uploads\/2026\/04\/26Albanien-664-768x432.jpg 768w, https:\/\/jblanz.de\/WP\/wp-content\/uploads\/2026\/04\/26Albanien-664-1536x864.jpg 1536w, https:\/\/jblanz.de\/WP\/wp-content\/uploads\/2026\/04\/26Albanien-664-2048x1152.jpg 2048w\" sizes=\"auto, (max-width: 2560px) 100vw, 2560px\" \/><\/figure>\n<\/figure>\n\n\n\n<p>Kurz vor dem Eingang gab es einen kleinen Platz, an dem man etwas Geld opfern konnte. Am Eingang selbst gab es ein H\u00e4uschen, in dem 2 Leute den Eintritt in H\u00f6he von 10 EUR f\u00fcr 2 Personen (auch mit Karte) kassierten. Vom Kloster war nur ein kleiner Teil zu besichtigen. <\/p>\n\n\n\n<p>Kurz nach dem Eingang bemerkten wir ein seltsames Gef\u00e4hrt, das an Stahlseilen das Kloster verliess und gen Parkplatz schwebte. Es war eine Personen-Seilbahn, in der ein kaum sichtbarer Mensch sa\u00df. Die Kabine schwebte \u00fcber den Abgrund. Wir w\u00fcrden diese Transportart wohl nicht nutzen wollen. Von einer Plattform hatte man nochmals einen sch\u00f6nen Blick.<\/p>\n\n\n\n<figure class=\"wp-block-gallery has-nested-images columns-2 is-cropped wp-block-gallery-3 is-layout-flex wp-block-gallery-is-layout-flex\">\n<figure class=\"wp-block-image size-full\"><img loading=\"lazy\" decoding=\"async\" width=\"2560\" height=\"1440\" data-id=\"31233\" src=\"https:\/\/jblanz.de\/WP\/wp-content\/uploads\/2026\/04\/26Albanien-667-scaled.jpg\" alt=\"\" class=\"wp-image-31233\" srcset=\"https:\/\/jblanz.de\/WP\/wp-content\/uploads\/2026\/04\/26Albanien-667-scaled.jpg 2560w, https:\/\/jblanz.de\/WP\/wp-content\/uploads\/2026\/04\/26Albanien-667-300x169.jpg 300w, https:\/\/jblanz.de\/WP\/wp-content\/uploads\/2026\/04\/26Albanien-667-1024x576.jpg 1024w, https:\/\/jblanz.de\/WP\/wp-content\/uploads\/2026\/04\/26Albanien-667-768x432.jpg 768w, https:\/\/jblanz.de\/WP\/wp-content\/uploads\/2026\/04\/26Albanien-667-1536x864.jpg 1536w, https:\/\/jblanz.de\/WP\/wp-content\/uploads\/2026\/04\/26Albanien-667-2048x1152.jpg 2048w\" sizes=\"auto, (max-width: 2560px) 100vw, 2560px\" \/><\/figure>\n\n\n\n<figure class=\"wp-block-image size-full\"><img loading=\"lazy\" decoding=\"async\" width=\"2560\" height=\"1440\" data-id=\"31229\" src=\"https:\/\/jblanz.de\/WP\/wp-content\/uploads\/2026\/04\/26Albanien-670-scaled.jpg\" alt=\"\" class=\"wp-image-31229\" srcset=\"https:\/\/jblanz.de\/WP\/wp-content\/uploads\/2026\/04\/26Albanien-670-scaled.jpg 2560w, https:\/\/jblanz.de\/WP\/wp-content\/uploads\/2026\/04\/26Albanien-670-300x169.jpg 300w, https:\/\/jblanz.de\/WP\/wp-content\/uploads\/2026\/04\/26Albanien-670-1024x576.jpg 1024w, https:\/\/jblanz.de\/WP\/wp-content\/uploads\/2026\/04\/26Albanien-670-768x432.jpg 768w, https:\/\/jblanz.de\/WP\/wp-content\/uploads\/2026\/04\/26Albanien-670-1536x864.jpg 1536w, https:\/\/jblanz.de\/WP\/wp-content\/uploads\/2026\/04\/26Albanien-670-2048x1152.jpg 2048w\" sizes=\"auto, (max-width: 2560px) 100vw, 2560px\" \/><\/figure>\n\n\n\n<figure class=\"wp-block-image size-full\"><img loading=\"lazy\" decoding=\"async\" width=\"2560\" height=\"1440\" data-id=\"31230\" src=\"https:\/\/jblanz.de\/WP\/wp-content\/uploads\/2026\/04\/26Albanien-671-scaled.jpg\" alt=\"\" class=\"wp-image-31230\" srcset=\"https:\/\/jblanz.de\/WP\/wp-content\/uploads\/2026\/04\/26Albanien-671-scaled.jpg 2560w, https:\/\/jblanz.de\/WP\/wp-content\/uploads\/2026\/04\/26Albanien-671-300x169.jpg 300w, https:\/\/jblanz.de\/WP\/wp-content\/uploads\/2026\/04\/26Albanien-671-1024x576.jpg 1024w, https:\/\/jblanz.de\/WP\/wp-content\/uploads\/2026\/04\/26Albanien-671-768x432.jpg 768w, https:\/\/jblanz.de\/WP\/wp-content\/uploads\/2026\/04\/26Albanien-671-1536x864.jpg 1536w, https:\/\/jblanz.de\/WP\/wp-content\/uploads\/2026\/04\/26Albanien-671-2048x1152.jpg 2048w\" sizes=\"auto, (max-width: 2560px) 100vw, 2560px\" \/><\/figure>\n\n\n\n<figure class=\"wp-block-image size-full\"><img loading=\"lazy\" decoding=\"async\" width=\"2560\" height=\"1440\" data-id=\"31235\" src=\"https:\/\/jblanz.de\/WP\/wp-content\/uploads\/2026\/04\/26Albanien-669-scaled.jpg\" alt=\"\" class=\"wp-image-31235\" srcset=\"https:\/\/jblanz.de\/WP\/wp-content\/uploads\/2026\/04\/26Albanien-669-scaled.jpg 2560w, https:\/\/jblanz.de\/WP\/wp-content\/uploads\/2026\/04\/26Albanien-669-300x169.jpg 300w, https:\/\/jblanz.de\/WP\/wp-content\/uploads\/2026\/04\/26Albanien-669-1024x576.jpg 1024w, https:\/\/jblanz.de\/WP\/wp-content\/uploads\/2026\/04\/26Albanien-669-768x432.jpg 768w, https:\/\/jblanz.de\/WP\/wp-content\/uploads\/2026\/04\/26Albanien-669-1536x864.jpg 1536w, https:\/\/jblanz.de\/WP\/wp-content\/uploads\/2026\/04\/26Albanien-669-2048x1152.jpg 2048w\" sizes=\"auto, (max-width: 2560px) 100vw, 2560px\" \/><\/figure>\n\n\n\n<figure class=\"wp-block-image size-full\"><img loading=\"lazy\" decoding=\"async\" width=\"2560\" height=\"1440\" data-id=\"31231\" src=\"https:\/\/jblanz.de\/WP\/wp-content\/uploads\/2026\/04\/26Albanien-673-scaled.jpg\" alt=\"\" class=\"wp-image-31231\" srcset=\"https:\/\/jblanz.de\/WP\/wp-content\/uploads\/2026\/04\/26Albanien-673-scaled.jpg 2560w, https:\/\/jblanz.de\/WP\/wp-content\/uploads\/2026\/04\/26Albanien-673-300x169.jpg 300w, https:\/\/jblanz.de\/WP\/wp-content\/uploads\/2026\/04\/26Albanien-673-1024x576.jpg 1024w, https:\/\/jblanz.de\/WP\/wp-content\/uploads\/2026\/04\/26Albanien-673-768x432.jpg 768w, https:\/\/jblanz.de\/WP\/wp-content\/uploads\/2026\/04\/26Albanien-673-1536x864.jpg 1536w, https:\/\/jblanz.de\/WP\/wp-content\/uploads\/2026\/04\/26Albanien-673-2048x1152.jpg 2048w\" sizes=\"auto, (max-width: 2560px) 100vw, 2560px\" \/><\/figure>\n\n\n\n<figure class=\"wp-block-image size-full\"><img loading=\"lazy\" decoding=\"async\" width=\"2560\" height=\"1440\" data-id=\"31236\" src=\"https:\/\/jblanz.de\/WP\/wp-content\/uploads\/2026\/04\/26Albanien-674-scaled.jpg\" alt=\"\" class=\"wp-image-31236\" srcset=\"https:\/\/jblanz.de\/WP\/wp-content\/uploads\/2026\/04\/26Albanien-674-scaled.jpg 2560w, https:\/\/jblanz.de\/WP\/wp-content\/uploads\/2026\/04\/26Albanien-674-300x169.jpg 300w, https:\/\/jblanz.de\/WP\/wp-content\/uploads\/2026\/04\/26Albanien-674-1024x576.jpg 1024w, https:\/\/jblanz.de\/WP\/wp-content\/uploads\/2026\/04\/26Albanien-674-768x432.jpg 768w, https:\/\/jblanz.de\/WP\/wp-content\/uploads\/2026\/04\/26Albanien-674-1536x864.jpg 1536w, https:\/\/jblanz.de\/WP\/wp-content\/uploads\/2026\/04\/26Albanien-674-2048x1152.jpg 2048w\" sizes=\"auto, (max-width: 2560px) 100vw, 2560px\" \/><\/figure>\n<\/figure>\n\n\n\n<p>Im Museum und in der Kirche durfte man nicht fotographieren, wurde mit Videokameras \u00fcberwacht. Das Museum bot gut erhaltene Handschriften ab dem 14. Jahrhundert, Kleidung der M\u00f6nche, alte Kelche und Reliquien. Alles wunderbar und altersgerecht erhalten. Die Decken und W\u00e4nde der Kirche waren \u00fcberall bemalt und in einem Teil hingen jede Menge Silberleuchten und andere Gegenst\u00e4nde aus Silber von der Decke.<\/p>\n\n\n\n<p>Wir wunderten uns \u00fcber den Erhaltungszustand des Klosters. Alles sah aus, als ob es vor ein paar Jahren gebaut worden w\u00e4re. Irgendwie hatten wir uns ein mehr als 600 Jahre altes Geb\u00e4ude in dieser Lage anders vorgestellt. Und die Anh\u00e4ufung von Wertgegenst\u00e4nden in der Kirche deckte sich auch nicht mit dem Verhalten, das wir von M\u00f6nchen in Kl\u00f6stern erwartet h\u00e4tten. Na ja, immerhin gab es auch Wein in diesem Kloster, so dass den M\u00f6nchen nicht langweilig wurde.<\/p>\n\n\n\n<figure class=\"wp-block-gallery has-nested-images columns-2 is-cropped wp-block-gallery-4 is-layout-flex wp-block-gallery-is-layout-flex\">\n<figure class=\"wp-block-image size-full\"><img loading=\"lazy\" decoding=\"async\" width=\"2560\" height=\"1440\" data-id=\"31249\" src=\"https:\/\/jblanz.de\/WP\/wp-content\/uploads\/2026\/04\/26Albanien-672-2-scaled.jpg\" alt=\"\" class=\"wp-image-31249\" srcset=\"https:\/\/jblanz.de\/WP\/wp-content\/uploads\/2026\/04\/26Albanien-672-2-scaled.jpg 2560w, https:\/\/jblanz.de\/WP\/wp-content\/uploads\/2026\/04\/26Albanien-672-2-300x169.jpg 300w, https:\/\/jblanz.de\/WP\/wp-content\/uploads\/2026\/04\/26Albanien-672-2-1024x576.jpg 1024w, https:\/\/jblanz.de\/WP\/wp-content\/uploads\/2026\/04\/26Albanien-672-2-768x432.jpg 768w, https:\/\/jblanz.de\/WP\/wp-content\/uploads\/2026\/04\/26Albanien-672-2-1536x864.jpg 1536w, https:\/\/jblanz.de\/WP\/wp-content\/uploads\/2026\/04\/26Albanien-672-2-2048x1152.jpg 2048w\" sizes=\"auto, (max-width: 2560px) 100vw, 2560px\" \/><\/figure>\n\n\n\n<figure class=\"wp-block-image size-full\"><img loading=\"lazy\" decoding=\"async\" width=\"2560\" height=\"1440\" data-id=\"31247\" src=\"https:\/\/jblanz.de\/WP\/wp-content\/uploads\/2026\/04\/26Albanien-692-scaled.jpg\" alt=\"\" class=\"wp-image-31247\" srcset=\"https:\/\/jblanz.de\/WP\/wp-content\/uploads\/2026\/04\/26Albanien-692-scaled.jpg 2560w, https:\/\/jblanz.de\/WP\/wp-content\/uploads\/2026\/04\/26Albanien-692-300x169.jpg 300w, https:\/\/jblanz.de\/WP\/wp-content\/uploads\/2026\/04\/26Albanien-692-1024x576.jpg 1024w, https:\/\/jblanz.de\/WP\/wp-content\/uploads\/2026\/04\/26Albanien-692-768x432.jpg 768w, https:\/\/jblanz.de\/WP\/wp-content\/uploads\/2026\/04\/26Albanien-692-1536x864.jpg 1536w, https:\/\/jblanz.de\/WP\/wp-content\/uploads\/2026\/04\/26Albanien-692-2048x1152.jpg 2048w\" sizes=\"auto, (max-width: 2560px) 100vw, 2560px\" \/><\/figure>\n\n\n\n<figure class=\"wp-block-image size-full\"><img loading=\"lazy\" decoding=\"async\" width=\"2560\" height=\"1440\" data-id=\"31251\" src=\"https:\/\/jblanz.de\/WP\/wp-content\/uploads\/2026\/04\/26Albanien-685-scaled.jpg\" alt=\"\" class=\"wp-image-31251\" srcset=\"https:\/\/jblanz.de\/WP\/wp-content\/uploads\/2026\/04\/26Albanien-685-scaled.jpg 2560w, https:\/\/jblanz.de\/WP\/wp-content\/uploads\/2026\/04\/26Albanien-685-300x169.jpg 300w, https:\/\/jblanz.de\/WP\/wp-content\/uploads\/2026\/04\/26Albanien-685-1024x576.jpg 1024w, https:\/\/jblanz.de\/WP\/wp-content\/uploads\/2026\/04\/26Albanien-685-768x432.jpg 768w, https:\/\/jblanz.de\/WP\/wp-content\/uploads\/2026\/04\/26Albanien-685-1536x864.jpg 1536w, https:\/\/jblanz.de\/WP\/wp-content\/uploads\/2026\/04\/26Albanien-685-2048x1152.jpg 2048w\" sizes=\"auto, (max-width: 2560px) 100vw, 2560px\" \/><\/figure>\n\n\n\n<figure class=\"wp-block-image size-full\"><img loading=\"lazy\" decoding=\"async\" width=\"2560\" height=\"1440\" data-id=\"31253\" src=\"https:\/\/jblanz.de\/WP\/wp-content\/uploads\/2026\/04\/26Albanien-687-scaled.jpg\" alt=\"\" class=\"wp-image-31253\" srcset=\"https:\/\/jblanz.de\/WP\/wp-content\/uploads\/2026\/04\/26Albanien-687-scaled.jpg 2560w, https:\/\/jblanz.de\/WP\/wp-content\/uploads\/2026\/04\/26Albanien-687-300x169.jpg 300w, https:\/\/jblanz.de\/WP\/wp-content\/uploads\/2026\/04\/26Albanien-687-1024x576.jpg 1024w, https:\/\/jblanz.de\/WP\/wp-content\/uploads\/2026\/04\/26Albanien-687-768x432.jpg 768w, https:\/\/jblanz.de\/WP\/wp-content\/uploads\/2026\/04\/26Albanien-687-1536x864.jpg 1536w, https:\/\/jblanz.de\/WP\/wp-content\/uploads\/2026\/04\/26Albanien-687-2048x1152.jpg 2048w\" sizes=\"auto, (max-width: 2560px) 100vw, 2560px\" \/><\/figure>\n\n\n\n<figure class=\"wp-block-image size-full\"><img loading=\"lazy\" decoding=\"async\" width=\"2560\" height=\"1440\" data-id=\"31248\" src=\"https:\/\/jblanz.de\/WP\/wp-content\/uploads\/2026\/04\/26Albanien-690-scaled.jpg\" alt=\"\" class=\"wp-image-31248\" srcset=\"https:\/\/jblanz.de\/WP\/wp-content\/uploads\/2026\/04\/26Albanien-690-scaled.jpg 2560w, https:\/\/jblanz.de\/WP\/wp-content\/uploads\/2026\/04\/26Albanien-690-300x169.jpg 300w, https:\/\/jblanz.de\/WP\/wp-content\/uploads\/2026\/04\/26Albanien-690-1024x576.jpg 1024w, https:\/\/jblanz.de\/WP\/wp-content\/uploads\/2026\/04\/26Albanien-690-768x432.jpg 768w, https:\/\/jblanz.de\/WP\/wp-content\/uploads\/2026\/04\/26Albanien-690-1536x864.jpg 1536w, https:\/\/jblanz.de\/WP\/wp-content\/uploads\/2026\/04\/26Albanien-690-2048x1152.jpg 2048w\" sizes=\"auto, (max-width: 2560px) 100vw, 2560px\" \/><\/figure>\n\n\n\n<figure class=\"wp-block-image size-full\"><img loading=\"lazy\" decoding=\"async\" width=\"2560\" height=\"1440\" data-id=\"31252\" src=\"https:\/\/jblanz.de\/WP\/wp-content\/uploads\/2026\/04\/26Albanien-699-scaled.jpg\" alt=\"\" class=\"wp-image-31252\" srcset=\"https:\/\/jblanz.de\/WP\/wp-content\/uploads\/2026\/04\/26Albanien-699-scaled.jpg 2560w, https:\/\/jblanz.de\/WP\/wp-content\/uploads\/2026\/04\/26Albanien-699-300x169.jpg 300w, https:\/\/jblanz.de\/WP\/wp-content\/uploads\/2026\/04\/26Albanien-699-1024x576.jpg 1024w, https:\/\/jblanz.de\/WP\/wp-content\/uploads\/2026\/04\/26Albanien-699-768x432.jpg 768w, https:\/\/jblanz.de\/WP\/wp-content\/uploads\/2026\/04\/26Albanien-699-1536x864.jpg 1536w, https:\/\/jblanz.de\/WP\/wp-content\/uploads\/2026\/04\/26Albanien-699-2048x1152.jpg 2048w\" sizes=\"auto, (max-width: 2560px) 100vw, 2560px\" \/><\/figure>\n<\/figure>\n\n\n\n<p>An Blumen, die vor der Plattform wuchsen, labte sich eine Schwalbenschwanz.Schmetterling. Wegen das starken Windes konnte er sich nur kurz niederlassen und wurde schnell weggeweht. <\/p>\n\n\n\n<figure class=\"wp-block-gallery has-nested-images columns-default is-cropped wp-block-gallery-5 is-layout-flex wp-block-gallery-is-layout-flex\">\n<figure class=\"wp-block-image size-large\"><img loading=\"lazy\" decoding=\"async\" width=\"1024\" height=\"576\" data-id=\"31256\" src=\"https:\/\/jblanz.de\/WP\/wp-content\/uploads\/2026\/04\/26Albanien-680-1024x576.jpg\" alt=\"\" class=\"wp-image-31256\" srcset=\"https:\/\/jblanz.de\/WP\/wp-content\/uploads\/2026\/04\/26Albanien-680-1024x576.jpg 1024w, https:\/\/jblanz.de\/WP\/wp-content\/uploads\/2026\/04\/26Albanien-680-300x169.jpg 300w, https:\/\/jblanz.de\/WP\/wp-content\/uploads\/2026\/04\/26Albanien-680-768x432.jpg 768w, https:\/\/jblanz.de\/WP\/wp-content\/uploads\/2026\/04\/26Albanien-680-1536x864.jpg 1536w, https:\/\/jblanz.de\/WP\/wp-content\/uploads\/2026\/04\/26Albanien-680-2048x1152.jpg 2048w\" sizes=\"auto, (max-width: 1024px) 100vw, 1024px\" \/><\/figure>\n\n\n\n<figure class=\"wp-block-image size-large\"><img loading=\"lazy\" decoding=\"async\" width=\"1024\" height=\"576\" data-id=\"31257\" src=\"https:\/\/jblanz.de\/WP\/wp-content\/uploads\/2026\/04\/26Albanien-683-1024x576.jpg\" alt=\"\" class=\"wp-image-31257\" srcset=\"https:\/\/jblanz.de\/WP\/wp-content\/uploads\/2026\/04\/26Albanien-683-1024x576.jpg 1024w, https:\/\/jblanz.de\/WP\/wp-content\/uploads\/2026\/04\/26Albanien-683-300x169.jpg 300w, https:\/\/jblanz.de\/WP\/wp-content\/uploads\/2026\/04\/26Albanien-683-768x432.jpg 768w, https:\/\/jblanz.de\/WP\/wp-content\/uploads\/2026\/04\/26Albanien-683-1536x864.jpg 1536w, https:\/\/jblanz.de\/WP\/wp-content\/uploads\/2026\/04\/26Albanien-683-2048x1152.jpg 2048w\" sizes=\"auto, (max-width: 1024px) 100vw, 1024px\" \/><\/figure>\n<\/figure>\n\n\n\n<p>Wir fuhren dann zur\u00fcck zum WoMo und hinunter ins Dorf, suchten uns eine Taverne und a\u00dfen zu Mittag. Griechischer Salat, gebratener Feta und Fleischb\u00e4llchen in Tomatensosse schmeckten lecker. Anschliessend ging es zur\u00fcck auf den Camping, um einen gem\u00fctlichen Nachmittag zu verbringen. Auch hier flog ein Schwalbenschwanz herum, der gute Fotos erlaubte.<\/p>\n\n\n\n<figure class=\"wp-block-gallery has-nested-images columns-2 is-cropped wp-block-gallery-6 is-layout-flex wp-block-gallery-is-layout-flex\">\n<figure class=\"wp-block-image size-full\"><img loading=\"lazy\" decoding=\"async\" width=\"2560\" height=\"1440\" data-id=\"31260\" src=\"https:\/\/jblanz.de\/WP\/wp-content\/uploads\/2026\/04\/26Albanien-703-scaled.jpg\" alt=\"\" class=\"wp-image-31260\" srcset=\"https:\/\/jblanz.de\/WP\/wp-content\/uploads\/2026\/04\/26Albanien-703-scaled.jpg 2560w, https:\/\/jblanz.de\/WP\/wp-content\/uploads\/2026\/04\/26Albanien-703-300x169.jpg 300w, https:\/\/jblanz.de\/WP\/wp-content\/uploads\/2026\/04\/26Albanien-703-1024x576.jpg 1024w, https:\/\/jblanz.de\/WP\/wp-content\/uploads\/2026\/04\/26Albanien-703-768x432.jpg 768w, https:\/\/jblanz.de\/WP\/wp-content\/uploads\/2026\/04\/26Albanien-703-1536x864.jpg 1536w, https:\/\/jblanz.de\/WP\/wp-content\/uploads\/2026\/04\/26Albanien-703-2048x1152.jpg 2048w\" sizes=\"auto, (max-width: 2560px) 100vw, 2560px\" \/><\/figure>\n\n\n\n<figure class=\"wp-block-image size-full\"><img loading=\"lazy\" decoding=\"async\" width=\"2550\" height=\"1434\" data-id=\"31258\" src=\"https:\/\/jblanz.de\/WP\/wp-content\/uploads\/2026\/04\/26Albanien-710.jpg\" alt=\"\" class=\"wp-image-31258\" srcset=\"https:\/\/jblanz.de\/WP\/wp-content\/uploads\/2026\/04\/26Albanien-710.jpg 2550w, https:\/\/jblanz.de\/WP\/wp-content\/uploads\/2026\/04\/26Albanien-710-300x169.jpg 300w, https:\/\/jblanz.de\/WP\/wp-content\/uploads\/2026\/04\/26Albanien-710-1024x576.jpg 1024w, https:\/\/jblanz.de\/WP\/wp-content\/uploads\/2026\/04\/26Albanien-710-768x432.jpg 768w, https:\/\/jblanz.de\/WP\/wp-content\/uploads\/2026\/04\/26Albanien-710-1536x864.jpg 1536w, https:\/\/jblanz.de\/WP\/wp-content\/uploads\/2026\/04\/26Albanien-710-2048x1152.jpg 2048w\" sizes=\"auto, (max-width: 2550px) 100vw, 2550px\" \/><\/figure>\n\n\n\n<figure class=\"wp-block-image size-full\"><img loading=\"lazy\" decoding=\"async\" width=\"2560\" height=\"1440\" data-id=\"31259\" src=\"https:\/\/jblanz.de\/WP\/wp-content\/uploads\/2026\/04\/26Albanien-716-scaled.jpg\" alt=\"\" class=\"wp-image-31259\" srcset=\"https:\/\/jblanz.de\/WP\/wp-content\/uploads\/2026\/04\/26Albanien-716-scaled.jpg 2560w, https:\/\/jblanz.de\/WP\/wp-content\/uploads\/2026\/04\/26Albanien-716-300x169.jpg 300w, https:\/\/jblanz.de\/WP\/wp-content\/uploads\/2026\/04\/26Albanien-716-1024x576.jpg 1024w, https:\/\/jblanz.de\/WP\/wp-content\/uploads\/2026\/04\/26Albanien-716-768x432.jpg 768w, https:\/\/jblanz.de\/WP\/wp-content\/uploads\/2026\/04\/26Albanien-716-1536x864.jpg 1536w, https:\/\/jblanz.de\/WP\/wp-content\/uploads\/2026\/04\/26Albanien-716-2048x1152.jpg 2048w\" sizes=\"auto, (max-width: 2560px) 100vw, 2560px\" \/><\/figure>\n\n\n\n<figure class=\"wp-block-image size-full\"><img loading=\"lazy\" decoding=\"async\" width=\"2560\" height=\"1440\" data-id=\"31263\" src=\"https:\/\/jblanz.de\/WP\/wp-content\/uploads\/2026\/04\/26Albanien-718-scaled.jpg\" alt=\"\" class=\"wp-image-31263\" srcset=\"https:\/\/jblanz.de\/WP\/wp-content\/uploads\/2026\/04\/26Albanien-718-scaled.jpg 2560w, https:\/\/jblanz.de\/WP\/wp-content\/uploads\/2026\/04\/26Albanien-718-300x169.jpg 300w, https:\/\/jblanz.de\/WP\/wp-content\/uploads\/2026\/04\/26Albanien-718-1024x576.jpg 1024w, https:\/\/jblanz.de\/WP\/wp-content\/uploads\/2026\/04\/26Albanien-718-768x432.jpg 768w, https:\/\/jblanz.de\/WP\/wp-content\/uploads\/2026\/04\/26Albanien-718-1536x864.jpg 1536w, https:\/\/jblanz.de\/WP\/wp-content\/uploads\/2026\/04\/26Albanien-718-2048x1152.jpg 2048w\" sizes=\"auto, (max-width: 2560px) 100vw, 2560px\" \/><\/figure>\n<\/figure>\n\n\n\n<p>Karin erstellte ein Mosaik von Blumen, die sie unterwegs entdeckte und von den Kl\u00f6stern.<\/p>\n\n\n\n<figure class=\"wp-block-image size-large\"><img loading=\"lazy\" decoding=\"async\" width=\"1024\" height=\"576\" src=\"https:\/\/jblanz.de\/WP\/wp-content\/uploads\/2026\/04\/26Albanien-702-1024x576.jpg\" alt=\"\" class=\"wp-image-31266\" srcset=\"https:\/\/jblanz.de\/WP\/wp-content\/uploads\/2026\/04\/26Albanien-702-1024x576.jpg 1024w, https:\/\/jblanz.de\/WP\/wp-content\/uploads\/2026\/04\/26Albanien-702-300x169.jpg 300w, https:\/\/jblanz.de\/WP\/wp-content\/uploads\/2026\/04\/26Albanien-702-768x432.jpg 768w, https:\/\/jblanz.de\/WP\/wp-content\/uploads\/2026\/04\/26Albanien-702-1536x864.jpg 1536w, https:\/\/jblanz.de\/WP\/wp-content\/uploads\/2026\/04\/26Albanien-702-2048x1152.jpg 2048w\" sizes=\"auto, (max-width: 1024px) 100vw, 1024px\" \/><\/figure>\n\n\n\n<figure class=\"wp-block-image size-full\"><img loading=\"lazy\" decoding=\"async\" width=\"2560\" height=\"1440\" src=\"https:\/\/jblanz.de\/WP\/wp-content\/uploads\/2026\/04\/26Albanien-701-scaled.jpg\" alt=\"\" class=\"wp-image-31264\" srcset=\"https:\/\/jblanz.de\/WP\/wp-content\/uploads\/2026\/04\/26Albanien-701-scaled.jpg 2560w, https:\/\/jblanz.de\/WP\/wp-content\/uploads\/2026\/04\/26Albanien-701-300x169.jpg 300w, https:\/\/jblanz.de\/WP\/wp-content\/uploads\/2026\/04\/26Albanien-701-1024x576.jpg 1024w, https:\/\/jblanz.de\/WP\/wp-content\/uploads\/2026\/04\/26Albanien-701-768x432.jpg 768w, https:\/\/jblanz.de\/WP\/wp-content\/uploads\/2026\/04\/26Albanien-701-1536x864.jpg 1536w, https:\/\/jblanz.de\/WP\/wp-content\/uploads\/2026\/04\/26Albanien-701-2048x1152.jpg 2048w\" sizes=\"auto, (max-width: 2560px) 100vw, 2560px\" \/><\/figure>\n\n\n\n<p>Gestern waren wir ja erst gegen 17 Uhr am oberen Teil der Berge und da fiel uns nicht auf, wie viele Busse und Autos herumfuhren. Heute morgen war das ganz anders. Die Strecke hoch zu den Kl\u00f6stern ist eine bei Motorradfahrern sehr beliebte kurvige Strecke und das h\u00f6rte man auch auf dem Camping. Ausserdem fuhren permanent Touristenbusse die Strecke hoch und runter. Wir m\u00f6chten gar nicht erleben, wie es hier in den Sommerferien abgeht. <\/p>\n","protected":false},"excerpt":{"rendered":"<p>Unsere Versuch das abgelegene Kloster Ypapanti zu besichtigen, scheiterte, da es keinen Strassenzugang gibt. Daher besichtigten wir das Kloster Metam\u00f3rphosis<\/p>\n","protected":false},"author":1,"featured_media":31220,"comment_status":"open","ping_status":"open","sticky":false,"template":"","format":"standard","meta":{"colormag_page_container_layout":"default_layout","colormag_page_sidebar_layout":"default_layout","_monsterinsights_skip_tracking":false,"_monsterinsights_sitenote_active":false,"_monsterinsights_sitenote_note":"","_monsterinsights_sitenote_category":0,"footnotes":""},"categories":[269,350,351,306,159,301,268],"tags":[],"class_list":["post-31213","post","type-post","status-publish","format-standard","has-post-thumbnail","hentry","category-2020-jahr","category-350","category-2026-2","category-a-j","category-europa","category-griechenland","category-jahr"],"yoast_head":"<!-- This site is optimized with the Yoast SEO plugin v27.4 - https:\/\/yoast.com\/product\/yoast-seo-wordpress\/ -->\n<title>29. April 2026 - Meteora Tag 2 - Reiseblog von Karin &amp; Joachim<\/title>\n<meta name=\"robots\" content=\"index, follow, max-snippet:-1, max-image-preview:large, max-video-preview:-1\" \/>\n<link rel=\"canonical\" href=\"https:\/\/jblanz.de\/WP\/29-april-2026-meteora-tag-2\/\" \/>\n<meta property=\"og:locale\" content=\"de_DE\" \/>\n<meta property=\"og:type\" content=\"article\" \/>\n<meta property=\"og:title\" content=\"29. April 2026 - Meteora Tag 2 - Reiseblog von Karin &amp; Joachim\" \/>\n<meta property=\"og:description\" content=\"Unsere Versuch das abgelegene Kloster Ypapanti zu besichtigen, scheiterte, da es keinen Strassenzugang gibt. Daher besichtigten wir das Kloster Metam\u00f3rphosis\" \/>\n<meta property=\"og:url\" content=\"https:\/\/jblanz.de\/WP\/29-april-2026-meteora-tag-2\/\" \/>\n<meta property=\"og:site_name\" content=\"Reiseblog von Karin &amp; Joachim\" \/>\n<meta property=\"article:published_time\" content=\"2026-04-29T15:19:27+00:00\" \/>\n<meta property=\"article:modified_time\" content=\"2026-04-29T16:13:27+00:00\" \/>\n<meta property=\"og:image\" content=\"https:\/\/jblanz.de\/WP\/wp-content\/uploads\/2026\/04\/26Albanien-658-scaled.jpg\" \/>\n\t<meta property=\"og:image:width\" content=\"2560\" \/>\n\t<meta property=\"og:image:height\" content=\"1440\" \/>\n\t<meta property=\"og:image:type\" content=\"image\/jpeg\" \/>\n<meta name=\"author\" content=\"Achim\" \/>\n<meta name=\"twitter:card\" content=\"summary_large_image\" \/>\n<meta name=\"twitter:label1\" content=\"Verfasst von\" \/>\n\t<meta name=\"twitter:data1\" content=\"Achim\" \/>\n\t<meta name=\"twitter:label2\" content=\"Gesch\u00e4tzte Lesezeit\" \/>\n\t<meta name=\"twitter:data2\" content=\"9\u00a0Minuten\" \/>\n<script type=\"application\/ld+json\" class=\"yoast-schema-graph\">{\"@context\":\"https:\\\/\\\/schema.org\",\"@graph\":[{\"@type\":\"Article\",\"@id\":\"https:\\\/\\\/jblanz.de\\\/WP\\\/29-april-2026-meteora-tag-2\\\/#article\",\"isPartOf\":{\"@id\":\"https:\\\/\\\/jblanz.de\\\/WP\\\/29-april-2026-meteora-tag-2\\\/\"},\"author\":{\"name\":\"Achim\",\"@id\":\"https:\\\/\\\/jblanz.de\\\/WP\\\/#\\\/schema\\\/person\\\/17a70f07162e42bc0b181c22397286e0\"},\"headline\":\"29. April 2026 &#8211; Meteora Tag 2\",\"datePublished\":\"2026-04-29T15:19:27+00:00\",\"dateModified\":\"2026-04-29T16:13:27+00:00\",\"mainEntityOfPage\":{\"@id\":\"https:\\\/\\\/jblanz.de\\\/WP\\\/29-april-2026-meteora-tag-2\\\/\"},\"wordCount\":582,\"commentCount\":0,\"publisher\":{\"@id\":\"https:\\\/\\\/jblanz.de\\\/WP\\\/#\\\/schema\\\/person\\\/17a70f07162e42bc0b181c22397286e0\"},\"image\":{\"@id\":\"https:\\\/\\\/jblanz.de\\\/WP\\\/29-april-2026-meteora-tag-2\\\/#primaryimage\"},\"thumbnailUrl\":\"https:\\\/\\\/jblanz.de\\\/WP\\\/wp-content\\\/uploads\\\/2026\\\/04\\\/26Albanien-658-scaled.jpg\",\"articleSection\":[\"2020+\",\"2026\",\"2026\",\"A-J\",\"Europa\",\"Griechenland\",\"Jahr\"],\"inLanguage\":\"de\",\"potentialAction\":[{\"@type\":\"CommentAction\",\"name\":\"Comment\",\"target\":[\"https:\\\/\\\/jblanz.de\\\/WP\\\/29-april-2026-meteora-tag-2\\\/#respond\"]}]},{\"@type\":\"WebPage\",\"@id\":\"https:\\\/\\\/jblanz.de\\\/WP\\\/29-april-2026-meteora-tag-2\\\/\",\"url\":\"https:\\\/\\\/jblanz.de\\\/WP\\\/29-april-2026-meteora-tag-2\\\/\",\"name\":\"29. April 2026 - Meteora Tag 2 - Reiseblog von Karin &amp; Joachim\",\"isPartOf\":{\"@id\":\"https:\\\/\\\/jblanz.de\\\/WP\\\/#website\"},\"primaryImageOfPage\":{\"@id\":\"https:\\\/\\\/jblanz.de\\\/WP\\\/29-april-2026-meteora-tag-2\\\/#primaryimage\"},\"image\":{\"@id\":\"https:\\\/\\\/jblanz.de\\\/WP\\\/29-april-2026-meteora-tag-2\\\/#primaryimage\"},\"thumbnailUrl\":\"https:\\\/\\\/jblanz.de\\\/WP\\\/wp-content\\\/uploads\\\/2026\\\/04\\\/26Albanien-658-scaled.jpg\",\"datePublished\":\"2026-04-29T15:19:27+00:00\",\"dateModified\":\"2026-04-29T16:13:27+00:00\",\"breadcrumb\":{\"@id\":\"https:\\\/\\\/jblanz.de\\\/WP\\\/29-april-2026-meteora-tag-2\\\/#breadcrumb\"},\"inLanguage\":\"de\",\"potentialAction\":[{\"@type\":\"ReadAction\",\"target\":[\"https:\\\/\\\/jblanz.de\\\/WP\\\/29-april-2026-meteora-tag-2\\\/\"]}]},{\"@type\":\"ImageObject\",\"inLanguage\":\"de\",\"@id\":\"https:\\\/\\\/jblanz.de\\\/WP\\\/29-april-2026-meteora-tag-2\\\/#primaryimage\",\"url\":\"https:\\\/\\\/jblanz.de\\\/WP\\\/wp-content\\\/uploads\\\/2026\\\/04\\\/26Albanien-658-scaled.jpg\",\"contentUrl\":\"https:\\\/\\\/jblanz.de\\\/WP\\\/wp-content\\\/uploads\\\/2026\\\/04\\\/26Albanien-658-scaled.jpg\",\"width\":2560,\"height\":1440},{\"@type\":\"BreadcrumbList\",\"@id\":\"https:\\\/\\\/jblanz.de\\\/WP\\\/29-april-2026-meteora-tag-2\\\/#breadcrumb\",\"itemListElement\":[{\"@type\":\"ListItem\",\"position\":1,\"name\":\"Startseite\",\"item\":\"https:\\\/\\\/jblanz.de\\\/WP\\\/\"},{\"@type\":\"ListItem\",\"position\":2,\"name\":\"29. April 2026 &#8211; Meteora Tag 2\"}]},{\"@type\":\"WebSite\",\"@id\":\"https:\\\/\\\/jblanz.de\\\/WP\\\/#website\",\"url\":\"https:\\\/\\\/jblanz.de\\\/WP\\\/\",\"name\":\"Reiseblog von Karin & Joachim\",\"description\":\"Wir schreiben den Blog f\u00fcr uns als Erinnerung - f\u00fcr euch als Inspiration\",\"publisher\":{\"@id\":\"https:\\\/\\\/jblanz.de\\\/WP\\\/#\\\/schema\\\/person\\\/17a70f07162e42bc0b181c22397286e0\"},\"potentialAction\":[{\"@type\":\"SearchAction\",\"target\":{\"@type\":\"EntryPoint\",\"urlTemplate\":\"https:\\\/\\\/jblanz.de\\\/WP\\\/?s={search_term_string}\"},\"query-input\":{\"@type\":\"PropertyValueSpecification\",\"valueRequired\":true,\"valueName\":\"search_term_string\"}}],\"inLanguage\":\"de\"},{\"@type\":[\"Person\",\"Organization\"],\"@id\":\"https:\\\/\\\/jblanz.de\\\/WP\\\/#\\\/schema\\\/person\\\/17a70f07162e42bc0b181c22397286e0\",\"name\":\"Achim\",\"image\":{\"@type\":\"ImageObject\",\"inLanguage\":\"de\",\"@id\":\"https:\\\/\\\/secure.gravatar.com\\\/avatar\\\/b7ab31bc55956af4a9bebf7fd034761212b11b803b7e39464914d6abeefb12f3?s=96&d=mm&r=g\",\"url\":\"https:\\\/\\\/secure.gravatar.com\\\/avatar\\\/b7ab31bc55956af4a9bebf7fd034761212b11b803b7e39464914d6abeefb12f3?s=96&d=mm&r=g\",\"contentUrl\":\"https:\\\/\\\/secure.gravatar.com\\\/avatar\\\/b7ab31bc55956af4a9bebf7fd034761212b11b803b7e39464914d6abeefb12f3?s=96&d=mm&r=g\",\"caption\":\"Achim\"},\"logo\":{\"@id\":\"https:\\\/\\\/secure.gravatar.com\\\/avatar\\\/b7ab31bc55956af4a9bebf7fd034761212b11b803b7e39464914d6abeefb12f3?s=96&d=mm&r=g\"},\"url\":\"https:\\\/\\\/jblanz.de\\\/WP\\\/author\\\/achim\\\/\"}]}<\/script>\n<!-- \/ Yoast SEO plugin. -->","yoast_head_json":{"title":"29. April 2026 - Meteora Tag 2 - Reiseblog von Karin &amp; Joachim","robots":{"index":"index","follow":"follow","max-snippet":"max-snippet:-1","max-image-preview":"max-image-preview:large","max-video-preview":"max-video-preview:-1"},"canonical":"https:\/\/jblanz.de\/WP\/29-april-2026-meteora-tag-2\/","og_locale":"de_DE","og_type":"article","og_title":"29. April 2026 - Meteora Tag 2 - Reiseblog von Karin &amp; Joachim","og_description":"Unsere Versuch das abgelegene Kloster Ypapanti zu besichtigen, scheiterte, da es keinen Strassenzugang gibt. Daher besichtigten wir das Kloster Metam\u00f3rphosis","og_url":"https:\/\/jblanz.de\/WP\/29-april-2026-meteora-tag-2\/","og_site_name":"Reiseblog von Karin &amp; Joachim","article_published_time":"2026-04-29T15:19:27+00:00","article_modified_time":"2026-04-29T16:13:27+00:00","og_image":[{"width":2560,"height":1440,"url":"https:\/\/jblanz.de\/WP\/wp-content\/uploads\/2026\/04\/26Albanien-658-scaled.jpg","type":"image\/jpeg"}],"author":"Achim","twitter_card":"summary_large_image","twitter_misc":{"Verfasst von":"Achim","Gesch\u00e4tzte Lesezeit":"9\u00a0Minuten"},"schema":{"@context":"https:\/\/schema.org","@graph":[{"@type":"Article","@id":"https:\/\/jblanz.de\/WP\/29-april-2026-meteora-tag-2\/#article","isPartOf":{"@id":"https:\/\/jblanz.de\/WP\/29-april-2026-meteora-tag-2\/"},"author":{"name":"Achim","@id":"https:\/\/jblanz.de\/WP\/#\/schema\/person\/17a70f07162e42bc0b181c22397286e0"},"headline":"29. April 2026 &#8211; Meteora Tag 2","datePublished":"2026-04-29T15:19:27+00:00","dateModified":"2026-04-29T16:13:27+00:00","mainEntityOfPage":{"@id":"https:\/\/jblanz.de\/WP\/29-april-2026-meteora-tag-2\/"},"wordCount":582,"commentCount":0,"publisher":{"@id":"https:\/\/jblanz.de\/WP\/#\/schema\/person\/17a70f07162e42bc0b181c22397286e0"},"image":{"@id":"https:\/\/jblanz.de\/WP\/29-april-2026-meteora-tag-2\/#primaryimage"},"thumbnailUrl":"https:\/\/jblanz.de\/WP\/wp-content\/uploads\/2026\/04\/26Albanien-658-scaled.jpg","articleSection":["2020+","2026","2026","A-J","Europa","Griechenland","Jahr"],"inLanguage":"de","potentialAction":[{"@type":"CommentAction","name":"Comment","target":["https:\/\/jblanz.de\/WP\/29-april-2026-meteora-tag-2\/#respond"]}]},{"@type":"WebPage","@id":"https:\/\/jblanz.de\/WP\/29-april-2026-meteora-tag-2\/","url":"https:\/\/jblanz.de\/WP\/29-april-2026-meteora-tag-2\/","name":"29. April 2026 - Meteora Tag 2 - Reiseblog von Karin &amp; Joachim","isPartOf":{"@id":"https:\/\/jblanz.de\/WP\/#website"},"primaryImageOfPage":{"@id":"https:\/\/jblanz.de\/WP\/29-april-2026-meteora-tag-2\/#primaryimage"},"image":{"@id":"https:\/\/jblanz.de\/WP\/29-april-2026-meteora-tag-2\/#primaryimage"},"thumbnailUrl":"https:\/\/jblanz.de\/WP\/wp-content\/uploads\/2026\/04\/26Albanien-658-scaled.jpg","datePublished":"2026-04-29T15:19:27+00:00","dateModified":"2026-04-29T16:13:27+00:00","breadcrumb":{"@id":"https:\/\/jblanz.de\/WP\/29-april-2026-meteora-tag-2\/#breadcrumb"},"inLanguage":"de","potentialAction":[{"@type":"ReadAction","target":["https:\/\/jblanz.de\/WP\/29-april-2026-meteora-tag-2\/"]}]},{"@type":"ImageObject","inLanguage":"de","@id":"https:\/\/jblanz.de\/WP\/29-april-2026-meteora-tag-2\/#primaryimage","url":"https:\/\/jblanz.de\/WP\/wp-content\/uploads\/2026\/04\/26Albanien-658-scaled.jpg","contentUrl":"https:\/\/jblanz.de\/WP\/wp-content\/uploads\/2026\/04\/26Albanien-658-scaled.jpg","width":2560,"height":1440},{"@type":"BreadcrumbList","@id":"https:\/\/jblanz.de\/WP\/29-april-2026-meteora-tag-2\/#breadcrumb","itemListElement":[{"@type":"ListItem","position":1,"name":"Startseite","item":"https:\/\/jblanz.de\/WP\/"},{"@type":"ListItem","position":2,"name":"29. April 2026 &#8211; Meteora Tag 2"}]},{"@type":"WebSite","@id":"https:\/\/jblanz.de\/WP\/#website","url":"https:\/\/jblanz.de\/WP\/","name":"Reiseblog von Karin & Joachim","description":"Wir schreiben den Blog f\u00fcr uns als Erinnerung - f\u00fcr euch als Inspiration","publisher":{"@id":"https:\/\/jblanz.de\/WP\/#\/schema\/person\/17a70f07162e42bc0b181c22397286e0"},"potentialAction":[{"@type":"SearchAction","target":{"@type":"EntryPoint","urlTemplate":"https:\/\/jblanz.de\/WP\/?s={search_term_string}"},"query-input":{"@type":"PropertyValueSpecification","valueRequired":true,"valueName":"search_term_string"}}],"inLanguage":"de"},{"@type":["Person","Organization"],"@id":"https:\/\/jblanz.de\/WP\/#\/schema\/person\/17a70f07162e42bc0b181c22397286e0","name":"Achim","image":{"@type":"ImageObject","inLanguage":"de","@id":"https:\/\/secure.gravatar.com\/avatar\/b7ab31bc55956af4a9bebf7fd034761212b11b803b7e39464914d6abeefb12f3?s=96&d=mm&r=g","url":"https:\/\/secure.gravatar.com\/avatar\/b7ab31bc55956af4a9bebf7fd034761212b11b803b7e39464914d6abeefb12f3?s=96&d=mm&r=g","contentUrl":"https:\/\/secure.gravatar.com\/avatar\/b7ab31bc55956af4a9bebf7fd034761212b11b803b7e39464914d6abeefb12f3?s=96&d=mm&r=g","caption":"Achim"},"logo":{"@id":"https:\/\/secure.gravatar.com\/avatar\/b7ab31bc55956af4a9bebf7fd034761212b11b803b7e39464914d6abeefb12f3?s=96&d=mm&r=g"},"url":"https:\/\/jblanz.de\/WP\/author\/achim\/"}]}},"_links":{"self":[{"href":"https:\/\/jblanz.de\/WP\/wp-json\/wp\/v2\/posts\/31213","targetHints":{"allow":["GET"]}}],"collection":[{"href":"https:\/\/jblanz.de\/WP\/wp-json\/wp\/v2\/posts"}],"about":[{"href":"https:\/\/jblanz.de\/WP\/wp-json\/wp\/v2\/types\/post"}],"author":[{"embeddable":true,"href":"https:\/\/jblanz.de\/WP\/wp-json\/wp\/v2\/users\/1"}],"replies":[{"embeddable":true,"href":"https:\/\/jblanz.de\/WP\/wp-json\/wp\/v2\/comments?post=31213"}],"version-history":[{"count":9,"href":"https:\/\/jblanz.de\/WP\/wp-json\/wp\/v2\/posts\/31213\/revisions"}],"predecessor-version":[{"id":31272,"href":"https:\/\/jblanz.de\/WP\/wp-json\/wp\/v2\/posts\/31213\/revisions\/31272"}],"wp:featuredmedia":[{"embeddable":true,"href":"https:\/\/jblanz.de\/WP\/wp-json\/wp\/v2\/media\/31220"}],"wp:attachment":[{"href":"https:\/\/jblanz.de\/WP\/wp-json\/wp\/v2\/media?parent=31213"}],"wp:term":[{"taxonomy":"category","embeddable":true,"href":"https:\/\/jblanz.de\/WP\/wp-json\/wp\/v2\/categories?post=31213"},{"taxonomy":"post_tag","embeddable":true,"href":"https:\/\/jblanz.de\/WP\/wp-json\/wp\/v2\/tags?post=31213"}],"curies":[{"name":"wp","href":"https:\/\/api.w.org\/{rel}","templated":true}]}}