{"id":31273,"date":"2026-04-30T19:03:36","date_gmt":"2026-04-30T17:03:36","guid":{"rendered":"https:\/\/jblanz.de\/WP\/?p=31273"},"modified":"2026-04-30T20:29:12","modified_gmt":"2026-04-30T18:29:12","slug":"30-april-2026-fahrt-nach-parga-am-meer","status":"publish","type":"post","link":"https:\/\/jblanz.de\/WP\/30-april-2026-fahrt-nach-parga-am-meer\/","title":{"rendered":"30. April 2026 &#8211; Fahrt nach Parga am Meer"},"content":{"rendered":"\n<p>Morgens fr\u00fchst\u00fcckten wir wieder mal in der Sonne. An einem Felsen sahen wir bereits Kletterer, die sich abseilten. Wir packten zusammen, bezahlten 35 EUR pro Nacht. Da war etwas hoch gegriffen, denn der Besitzer war sichtlich \u00fcberlastet. Er reinigte nie die veralteten Sanit\u00e4ranlagen und reagierte auf Karins Hinweis recht abweisend. Wir gingen am Ortsende noch Tanken, Diesel kostete 1,865 EUR. Dann machten wir noch Abschiedsfotos vom Kloster Ag\u00eda Tri\u00e1da, dessen Lage von hier richtig beeindruckend aussah. Auch die Lage des Klosters Agios St\u00e9phanos war von hier aus krasser, als wenn man neben dem Geb\u00e4ude steht.<\/p>\n\n\n\n<figure class=\"wp-block-gallery has-nested-images columns-2 is-cropped wp-block-gallery-2 is-layout-flex wp-block-gallery-is-layout-flex\">\n<figure class=\"wp-block-image size-full\"><img loading=\"lazy\" decoding=\"async\" width=\"2560\" height=\"1440\" data-id=\"31280\" src=\"https:\/\/jblanz.de\/WP\/wp-content\/uploads\/2026\/04\/26Albanien-719-scaled.jpg\" alt=\"\" class=\"wp-image-31280\" srcset=\"https:\/\/jblanz.de\/WP\/wp-content\/uploads\/2026\/04\/26Albanien-719-scaled.jpg 2560w, https:\/\/jblanz.de\/WP\/wp-content\/uploads\/2026\/04\/26Albanien-719-300x169.jpg 300w, https:\/\/jblanz.de\/WP\/wp-content\/uploads\/2026\/04\/26Albanien-719-1024x576.jpg 1024w, https:\/\/jblanz.de\/WP\/wp-content\/uploads\/2026\/04\/26Albanien-719-768x432.jpg 768w, https:\/\/jblanz.de\/WP\/wp-content\/uploads\/2026\/04\/26Albanien-719-1536x864.jpg 1536w, https:\/\/jblanz.de\/WP\/wp-content\/uploads\/2026\/04\/26Albanien-719-2048x1152.jpg 2048w\" sizes=\"auto, (max-width: 2560px) 100vw, 2560px\" \/><\/figure>\n\n\n\n<figure class=\"wp-block-image size-full\"><img loading=\"lazy\" decoding=\"async\" width=\"2560\" height=\"1440\" data-id=\"31278\" src=\"https:\/\/jblanz.de\/WP\/wp-content\/uploads\/2026\/04\/26Albanien-721-scaled.jpg\" alt=\"\" class=\"wp-image-31278\" srcset=\"https:\/\/jblanz.de\/WP\/wp-content\/uploads\/2026\/04\/26Albanien-721-scaled.jpg 2560w, https:\/\/jblanz.de\/WP\/wp-content\/uploads\/2026\/04\/26Albanien-721-300x169.jpg 300w, https:\/\/jblanz.de\/WP\/wp-content\/uploads\/2026\/04\/26Albanien-721-1024x576.jpg 1024w, https:\/\/jblanz.de\/WP\/wp-content\/uploads\/2026\/04\/26Albanien-721-768x432.jpg 768w, https:\/\/jblanz.de\/WP\/wp-content\/uploads\/2026\/04\/26Albanien-721-1536x864.jpg 1536w, https:\/\/jblanz.de\/WP\/wp-content\/uploads\/2026\/04\/26Albanien-721-2048x1152.jpg 2048w\" sizes=\"auto, (max-width: 2560px) 100vw, 2560px\" \/><\/figure>\n\n\n\n<figure class=\"wp-block-image size-full\"><img loading=\"lazy\" decoding=\"async\" width=\"2560\" height=\"1440\" data-id=\"31279\" src=\"https:\/\/jblanz.de\/WP\/wp-content\/uploads\/2026\/04\/26Albanien-720-scaled.jpg\" alt=\"\" class=\"wp-image-31279\" srcset=\"https:\/\/jblanz.de\/WP\/wp-content\/uploads\/2026\/04\/26Albanien-720-scaled.jpg 2560w, https:\/\/jblanz.de\/WP\/wp-content\/uploads\/2026\/04\/26Albanien-720-300x169.jpg 300w, https:\/\/jblanz.de\/WP\/wp-content\/uploads\/2026\/04\/26Albanien-720-1024x576.jpg 1024w, https:\/\/jblanz.de\/WP\/wp-content\/uploads\/2026\/04\/26Albanien-720-768x432.jpg 768w, https:\/\/jblanz.de\/WP\/wp-content\/uploads\/2026\/04\/26Albanien-720-1536x864.jpg 1536w, https:\/\/jblanz.de\/WP\/wp-content\/uploads\/2026\/04\/26Albanien-720-2048x1152.jpg 2048w\" sizes=\"auto, (max-width: 2560px) 100vw, 2560px\" \/><\/figure>\n\n\n\n<figure class=\"wp-block-image size-full\"><img loading=\"lazy\" decoding=\"async\" width=\"2560\" height=\"1440\" data-id=\"31277\" src=\"https:\/\/jblanz.de\/WP\/wp-content\/uploads\/2026\/04\/26Albanien-722-scaled.jpg\" alt=\"\" class=\"wp-image-31277\" srcset=\"https:\/\/jblanz.de\/WP\/wp-content\/uploads\/2026\/04\/26Albanien-722-scaled.jpg 2560w, https:\/\/jblanz.de\/WP\/wp-content\/uploads\/2026\/04\/26Albanien-722-300x169.jpg 300w, https:\/\/jblanz.de\/WP\/wp-content\/uploads\/2026\/04\/26Albanien-722-1024x576.jpg 1024w, https:\/\/jblanz.de\/WP\/wp-content\/uploads\/2026\/04\/26Albanien-722-768x432.jpg 768w, https:\/\/jblanz.de\/WP\/wp-content\/uploads\/2026\/04\/26Albanien-722-1536x864.jpg 1536w, https:\/\/jblanz.de\/WP\/wp-content\/uploads\/2026\/04\/26Albanien-722-2048x1152.jpg 2048w\" sizes=\"auto, (max-width: 2560px) 100vw, 2560px\" \/><\/figure>\n<\/figure>\n\n\n\n<p>Dann ging die Fahrt wieder durch die Berge, immer einem Tanklaster folgend, der auf der ganzen 68 km langen Strecke nicht \u00fcberholt werden konnte. Wir beobachteten einen Motorradfahrer, der in einer Au\u00dfenkurve \u00fcberholte. Er konnte den Gegenverkehr \u00fcberhaupt nicht sehen. Seine beiden Begleiter \u00fcberholten etwas besser \u00fcberlegt, aber immer noch sehr waghalsig. Die 3 Fahrer konnten von Gl\u00fcck reden, dass sie \u00fcberhaupt noch leben und wir konnten froh sein, dass ihnen nichts passiert ist. Wir w\u00e4ren mitten im Geschehen gewesen.<\/p>\n\n\n\n<p>Dann ging es wieder auf die Autobahn A2 Richtung Ioaninna. Wir bezahlten an 2 Mautstellen, einmal 2,35 \u20ac und dann noch 1,95 \u20ac. Kleine Betr\u00e4ge f\u00fcr viel Zeitersparnis. Die Autobahn ging weiter bis Igoumenitsa (Maut 3,35 \u20ac), aber wir zweigten etwa 40 km vorher ab auf die E18 nach Parga. Wir kamen an einem See vorbei, der fast vollst\u00e4ndig mit Algen bewachsen war. In Parga ging es weiter an den Valtos Beach, in den gleichnamigen Camping. Die Sonne verschwand w\u00e4hrend der Fahrt und kurz nachdem wir am Camping ankamen, fing es leicht zu regnen an. Wir bekamen einen Platz unter gro\u00dfen Olivenb\u00e4umen.<\/p>\n\n\n\n<figure class=\"wp-block-image size-large\"><img loading=\"lazy\" decoding=\"async\" width=\"1024\" height=\"576\" src=\"https:\/\/jblanz.de\/WP\/wp-content\/uploads\/2026\/04\/26Albanien-723-1024x576.jpg\" alt=\"\" class=\"wp-image-31288\" srcset=\"https:\/\/jblanz.de\/WP\/wp-content\/uploads\/2026\/04\/26Albanien-723-1024x576.jpg 1024w, https:\/\/jblanz.de\/WP\/wp-content\/uploads\/2026\/04\/26Albanien-723-300x169.jpg 300w, https:\/\/jblanz.de\/WP\/wp-content\/uploads\/2026\/04\/26Albanien-723-768x432.jpg 768w, https:\/\/jblanz.de\/WP\/wp-content\/uploads\/2026\/04\/26Albanien-723-1536x864.jpg 1536w, https:\/\/jblanz.de\/WP\/wp-content\/uploads\/2026\/04\/26Albanien-723-2048x1152.jpg 2048w\" sizes=\"auto, (max-width: 1024px) 100vw, 1024px\" \/><\/figure>\n\n\n\n<p>Nach einem Kaffee wanderten wir zum benachbarten Parga. Am Sandstrand warteten bereits unz\u00e4hlige Strandliegen und Sonnenschirme auf Kundschaft. Die Strandabschnitte ohne Sonnenliegen werden bald auch gef\u00fcllt sein, die Liegen daf\u00fcr waren noch am Weg deponiert. Wir besichtigten die alte venezianische Burg. Von oben hatte man einen sch\u00f6nen Blick auf die beiden Buchten und in der Ferne sah man noch die beiden Inseln Paxos und Antipaxos. In der Hafenpromenade von Parga reihte sich eine Taverne an die Andere. Im Sommer muss hier viel los sein. Auf dem Gel\u00e4nde der Burg wuchs ein Stinkbaum (<em>Anagyris foetida<\/em>), der H\u00fclsenfr\u00fcchte bildet.<\/p>\n\n\n\n<figure class=\"wp-block-gallery has-nested-images columns-2 is-cropped wp-block-gallery-3 is-layout-flex wp-block-gallery-is-layout-flex\">\n<figure class=\"wp-block-image size-full\"><img loading=\"lazy\" decoding=\"async\" width=\"2560\" height=\"1440\" data-id=\"31293\" src=\"https:\/\/jblanz.de\/WP\/wp-content\/uploads\/2026\/04\/26Albanien-725-scaled.jpg\" alt=\"\" class=\"wp-image-31293\" srcset=\"https:\/\/jblanz.de\/WP\/wp-content\/uploads\/2026\/04\/26Albanien-725-scaled.jpg 2560w, https:\/\/jblanz.de\/WP\/wp-content\/uploads\/2026\/04\/26Albanien-725-300x169.jpg 300w, https:\/\/jblanz.de\/WP\/wp-content\/uploads\/2026\/04\/26Albanien-725-1024x576.jpg 1024w, https:\/\/jblanz.de\/WP\/wp-content\/uploads\/2026\/04\/26Albanien-725-768x432.jpg 768w, https:\/\/jblanz.de\/WP\/wp-content\/uploads\/2026\/04\/26Albanien-725-1536x864.jpg 1536w, https:\/\/jblanz.de\/WP\/wp-content\/uploads\/2026\/04\/26Albanien-725-2048x1152.jpg 2048w\" sizes=\"auto, (max-width: 2560px) 100vw, 2560px\" \/><\/figure>\n\n\n\n<figure class=\"wp-block-image size-full\"><img loading=\"lazy\" decoding=\"async\" width=\"2560\" height=\"1440\" data-id=\"31304\" src=\"https:\/\/jblanz.de\/WP\/wp-content\/uploads\/2026\/04\/26Albanien-724-scaled.jpg\" alt=\"\" class=\"wp-image-31304\" srcset=\"https:\/\/jblanz.de\/WP\/wp-content\/uploads\/2026\/04\/26Albanien-724-scaled.jpg 2560w, https:\/\/jblanz.de\/WP\/wp-content\/uploads\/2026\/04\/26Albanien-724-300x169.jpg 300w, https:\/\/jblanz.de\/WP\/wp-content\/uploads\/2026\/04\/26Albanien-724-1024x576.jpg 1024w, https:\/\/jblanz.de\/WP\/wp-content\/uploads\/2026\/04\/26Albanien-724-768x432.jpg 768w, https:\/\/jblanz.de\/WP\/wp-content\/uploads\/2026\/04\/26Albanien-724-1536x864.jpg 1536w, https:\/\/jblanz.de\/WP\/wp-content\/uploads\/2026\/04\/26Albanien-724-2048x1152.jpg 2048w\" sizes=\"auto, (max-width: 2560px) 100vw, 2560px\" \/><\/figure>\n\n\n\n<figure class=\"wp-block-image size-full\"><img loading=\"lazy\" decoding=\"async\" width=\"2560\" height=\"1440\" data-id=\"31299\" src=\"https:\/\/jblanz.de\/WP\/wp-content\/uploads\/2026\/04\/26Albanien-726-scaled.jpg\" alt=\"\" class=\"wp-image-31299\" srcset=\"https:\/\/jblanz.de\/WP\/wp-content\/uploads\/2026\/04\/26Albanien-726-scaled.jpg 2560w, https:\/\/jblanz.de\/WP\/wp-content\/uploads\/2026\/04\/26Albanien-726-300x169.jpg 300w, https:\/\/jblanz.de\/WP\/wp-content\/uploads\/2026\/04\/26Albanien-726-1024x576.jpg 1024w, https:\/\/jblanz.de\/WP\/wp-content\/uploads\/2026\/04\/26Albanien-726-768x432.jpg 768w, https:\/\/jblanz.de\/WP\/wp-content\/uploads\/2026\/04\/26Albanien-726-1536x864.jpg 1536w, https:\/\/jblanz.de\/WP\/wp-content\/uploads\/2026\/04\/26Albanien-726-2048x1152.jpg 2048w\" sizes=\"auto, (max-width: 2560px) 100vw, 2560px\" \/><\/figure>\n\n\n\n<figure class=\"wp-block-image size-full\"><img loading=\"lazy\" decoding=\"async\" width=\"2560\" height=\"1440\" data-id=\"31298\" src=\"https:\/\/jblanz.de\/WP\/wp-content\/uploads\/2026\/04\/26Albanien-727-scaled.jpg\" alt=\"\" class=\"wp-image-31298\" srcset=\"https:\/\/jblanz.de\/WP\/wp-content\/uploads\/2026\/04\/26Albanien-727-scaled.jpg 2560w, https:\/\/jblanz.de\/WP\/wp-content\/uploads\/2026\/04\/26Albanien-727-300x169.jpg 300w, https:\/\/jblanz.de\/WP\/wp-content\/uploads\/2026\/04\/26Albanien-727-1024x576.jpg 1024w, https:\/\/jblanz.de\/WP\/wp-content\/uploads\/2026\/04\/26Albanien-727-768x432.jpg 768w, https:\/\/jblanz.de\/WP\/wp-content\/uploads\/2026\/04\/26Albanien-727-1536x864.jpg 1536w, https:\/\/jblanz.de\/WP\/wp-content\/uploads\/2026\/04\/26Albanien-727-2048x1152.jpg 2048w\" sizes=\"auto, (max-width: 2560px) 100vw, 2560px\" \/><\/figure>\n\n\n\n<figure class=\"wp-block-image size-full\"><img loading=\"lazy\" decoding=\"async\" width=\"2560\" height=\"1440\" data-id=\"31305\" src=\"https:\/\/jblanz.de\/WP\/wp-content\/uploads\/2026\/04\/26Albanien-729-scaled.jpg\" alt=\"\" class=\"wp-image-31305\" srcset=\"https:\/\/jblanz.de\/WP\/wp-content\/uploads\/2026\/04\/26Albanien-729-scaled.jpg 2560w, https:\/\/jblanz.de\/WP\/wp-content\/uploads\/2026\/04\/26Albanien-729-300x169.jpg 300w, https:\/\/jblanz.de\/WP\/wp-content\/uploads\/2026\/04\/26Albanien-729-1024x576.jpg 1024w, https:\/\/jblanz.de\/WP\/wp-content\/uploads\/2026\/04\/26Albanien-729-768x432.jpg 768w, https:\/\/jblanz.de\/WP\/wp-content\/uploads\/2026\/04\/26Albanien-729-1536x864.jpg 1536w, https:\/\/jblanz.de\/WP\/wp-content\/uploads\/2026\/04\/26Albanien-729-2048x1152.jpg 2048w\" sizes=\"auto, (max-width: 2560px) 100vw, 2560px\" \/><\/figure>\n\n\n\n<figure class=\"wp-block-image size-full\"><img loading=\"lazy\" decoding=\"async\" width=\"2560\" height=\"1440\" data-id=\"31294\" src=\"https:\/\/jblanz.de\/WP\/wp-content\/uploads\/2026\/04\/26Albanien-732-scaled.jpg\" alt=\"\" class=\"wp-image-31294\" srcset=\"https:\/\/jblanz.de\/WP\/wp-content\/uploads\/2026\/04\/26Albanien-732-scaled.jpg 2560w, https:\/\/jblanz.de\/WP\/wp-content\/uploads\/2026\/04\/26Albanien-732-300x169.jpg 300w, https:\/\/jblanz.de\/WP\/wp-content\/uploads\/2026\/04\/26Albanien-732-1024x576.jpg 1024w, https:\/\/jblanz.de\/WP\/wp-content\/uploads\/2026\/04\/26Albanien-732-768x432.jpg 768w, https:\/\/jblanz.de\/WP\/wp-content\/uploads\/2026\/04\/26Albanien-732-1536x864.jpg 1536w, https:\/\/jblanz.de\/WP\/wp-content\/uploads\/2026\/04\/26Albanien-732-2048x1152.jpg 2048w\" sizes=\"auto, (max-width: 2560px) 100vw, 2560px\" \/><\/figure>\n\n\n\n<figure class=\"wp-block-image size-full\"><img loading=\"lazy\" decoding=\"async\" width=\"2560\" height=\"1440\" data-id=\"31297\" src=\"https:\/\/jblanz.de\/WP\/wp-content\/uploads\/2026\/04\/26Albanien-733-scaled.jpg\" alt=\"\" class=\"wp-image-31297\" srcset=\"https:\/\/jblanz.de\/WP\/wp-content\/uploads\/2026\/04\/26Albanien-733-scaled.jpg 2560w, https:\/\/jblanz.de\/WP\/wp-content\/uploads\/2026\/04\/26Albanien-733-300x169.jpg 300w, https:\/\/jblanz.de\/WP\/wp-content\/uploads\/2026\/04\/26Albanien-733-1024x576.jpg 1024w, https:\/\/jblanz.de\/WP\/wp-content\/uploads\/2026\/04\/26Albanien-733-768x432.jpg 768w, https:\/\/jblanz.de\/WP\/wp-content\/uploads\/2026\/04\/26Albanien-733-1536x864.jpg 1536w, https:\/\/jblanz.de\/WP\/wp-content\/uploads\/2026\/04\/26Albanien-733-2048x1152.jpg 2048w\" sizes=\"auto, (max-width: 2560px) 100vw, 2560px\" \/><\/figure>\n\n\n\n<figure class=\"wp-block-image size-full\"><img loading=\"lazy\" decoding=\"async\" width=\"2560\" height=\"1440\" data-id=\"31301\" src=\"https:\/\/jblanz.de\/WP\/wp-content\/uploads\/2026\/04\/26Albanien-738-scaled.jpg\" alt=\"\" class=\"wp-image-31301\" srcset=\"https:\/\/jblanz.de\/WP\/wp-content\/uploads\/2026\/04\/26Albanien-738-scaled.jpg 2560w, https:\/\/jblanz.de\/WP\/wp-content\/uploads\/2026\/04\/26Albanien-738-300x169.jpg 300w, https:\/\/jblanz.de\/WP\/wp-content\/uploads\/2026\/04\/26Albanien-738-1024x576.jpg 1024w, https:\/\/jblanz.de\/WP\/wp-content\/uploads\/2026\/04\/26Albanien-738-768x432.jpg 768w, https:\/\/jblanz.de\/WP\/wp-content\/uploads\/2026\/04\/26Albanien-738-1536x864.jpg 1536w, https:\/\/jblanz.de\/WP\/wp-content\/uploads\/2026\/04\/26Albanien-738-2048x1152.jpg 2048w\" sizes=\"auto, (max-width: 2560px) 100vw, 2560px\" \/><\/figure>\n\n\n\n<figure class=\"wp-block-image size-full\"><img loading=\"lazy\" decoding=\"async\" width=\"2560\" height=\"1440\" data-id=\"31300\" src=\"https:\/\/jblanz.de\/WP\/wp-content\/uploads\/2026\/04\/26Albanien-743-scaled.jpg\" alt=\"\" class=\"wp-image-31300\" srcset=\"https:\/\/jblanz.de\/WP\/wp-content\/uploads\/2026\/04\/26Albanien-743-scaled.jpg 2560w, https:\/\/jblanz.de\/WP\/wp-content\/uploads\/2026\/04\/26Albanien-743-300x169.jpg 300w, https:\/\/jblanz.de\/WP\/wp-content\/uploads\/2026\/04\/26Albanien-743-1024x576.jpg 1024w, https:\/\/jblanz.de\/WP\/wp-content\/uploads\/2026\/04\/26Albanien-743-768x432.jpg 768w, https:\/\/jblanz.de\/WP\/wp-content\/uploads\/2026\/04\/26Albanien-743-1536x864.jpg 1536w, https:\/\/jblanz.de\/WP\/wp-content\/uploads\/2026\/04\/26Albanien-743-2048x1152.jpg 2048w\" sizes=\"auto, (max-width: 2560px) 100vw, 2560px\" \/><\/figure>\n\n\n\n<figure class=\"wp-block-image size-full\"><img loading=\"lazy\" decoding=\"async\" width=\"1690\" height=\"951\" data-id=\"31295\" src=\"https:\/\/jblanz.de\/WP\/wp-content\/uploads\/2026\/04\/26Albanien-744.jpg\" alt=\"\" class=\"wp-image-31295\" srcset=\"https:\/\/jblanz.de\/WP\/wp-content\/uploads\/2026\/04\/26Albanien-744.jpg 1690w, https:\/\/jblanz.de\/WP\/wp-content\/uploads\/2026\/04\/26Albanien-744-300x169.jpg 300w, https:\/\/jblanz.de\/WP\/wp-content\/uploads\/2026\/04\/26Albanien-744-1024x576.jpg 1024w, https:\/\/jblanz.de\/WP\/wp-content\/uploads\/2026\/04\/26Albanien-744-768x432.jpg 768w, https:\/\/jblanz.de\/WP\/wp-content\/uploads\/2026\/04\/26Albanien-744-1536x864.jpg 1536w\" sizes=\"auto, (max-width: 1690px) 100vw, 1690px\" \/><\/figure>\n\n\n\n<figure class=\"wp-block-image size-full\"><img loading=\"lazy\" decoding=\"async\" width=\"2560\" height=\"1440\" data-id=\"31306\" src=\"https:\/\/jblanz.de\/WP\/wp-content\/uploads\/2026\/04\/26Albanien-748-scaled.jpg\" alt=\"\" class=\"wp-image-31306\" srcset=\"https:\/\/jblanz.de\/WP\/wp-content\/uploads\/2026\/04\/26Albanien-748-scaled.jpg 2560w, https:\/\/jblanz.de\/WP\/wp-content\/uploads\/2026\/04\/26Albanien-748-300x169.jpg 300w, https:\/\/jblanz.de\/WP\/wp-content\/uploads\/2026\/04\/26Albanien-748-1024x576.jpg 1024w, https:\/\/jblanz.de\/WP\/wp-content\/uploads\/2026\/04\/26Albanien-748-768x432.jpg 768w, https:\/\/jblanz.de\/WP\/wp-content\/uploads\/2026\/04\/26Albanien-748-1536x864.jpg 1536w, https:\/\/jblanz.de\/WP\/wp-content\/uploads\/2026\/04\/26Albanien-748-2048x1152.jpg 2048w\" sizes=\"auto, (max-width: 2560px) 100vw, 2560px\" \/><\/figure>\n\n\n\n<figure class=\"wp-block-image size-full\"><img loading=\"lazy\" decoding=\"async\" width=\"2560\" height=\"1440\" data-id=\"31296\" src=\"https:\/\/jblanz.de\/WP\/wp-content\/uploads\/2026\/04\/26Albanien-747-scaled.jpg\" alt=\"\" class=\"wp-image-31296\" srcset=\"https:\/\/jblanz.de\/WP\/wp-content\/uploads\/2026\/04\/26Albanien-747-scaled.jpg 2560w, https:\/\/jblanz.de\/WP\/wp-content\/uploads\/2026\/04\/26Albanien-747-300x169.jpg 300w, https:\/\/jblanz.de\/WP\/wp-content\/uploads\/2026\/04\/26Albanien-747-1024x576.jpg 1024w, https:\/\/jblanz.de\/WP\/wp-content\/uploads\/2026\/04\/26Albanien-747-768x432.jpg 768w, https:\/\/jblanz.de\/WP\/wp-content\/uploads\/2026\/04\/26Albanien-747-1536x864.jpg 1536w, https:\/\/jblanz.de\/WP\/wp-content\/uploads\/2026\/04\/26Albanien-747-2048x1152.jpg 2048w\" sizes=\"auto, (max-width: 2560px) 100vw, 2560px\" \/><\/figure>\n\n\n\n<figure class=\"wp-block-image size-full\"><img loading=\"lazy\" decoding=\"async\" width=\"2560\" height=\"1440\" data-id=\"31302\" src=\"https:\/\/jblanz.de\/WP\/wp-content\/uploads\/2026\/04\/26Albanien-742-scaled.jpg\" alt=\"\" class=\"wp-image-31302\" srcset=\"https:\/\/jblanz.de\/WP\/wp-content\/uploads\/2026\/04\/26Albanien-742-scaled.jpg 2560w, https:\/\/jblanz.de\/WP\/wp-content\/uploads\/2026\/04\/26Albanien-742-300x169.jpg 300w, https:\/\/jblanz.de\/WP\/wp-content\/uploads\/2026\/04\/26Albanien-742-1024x576.jpg 1024w, https:\/\/jblanz.de\/WP\/wp-content\/uploads\/2026\/04\/26Albanien-742-768x432.jpg 768w, https:\/\/jblanz.de\/WP\/wp-content\/uploads\/2026\/04\/26Albanien-742-1536x864.jpg 1536w, https:\/\/jblanz.de\/WP\/wp-content\/uploads\/2026\/04\/26Albanien-742-2048x1152.jpg 2048w\" sizes=\"auto, (max-width: 2560px) 100vw, 2560px\" \/><\/figure>\n<\/figure>\n\n\n\n<p>Neben der Burg entdeckten wir noch ein altes Telefonh\u00e4uschen, das leider nicht mehr funktionierte. Ein Relikt aus vergangenen Zeiten.<\/p>\n\n\n\n<figure class=\"wp-block-gallery has-nested-images columns-default is-cropped wp-block-gallery-4 is-layout-flex wp-block-gallery-is-layout-flex\">\n<figure class=\"wp-block-image size-large\"><img loading=\"lazy\" decoding=\"async\" width=\"1024\" height=\"576\" data-id=\"31309\" src=\"https:\/\/jblanz.de\/WP\/wp-content\/uploads\/2026\/04\/26Albanien-750-1024x576.jpg\" alt=\"\" class=\"wp-image-31309\" srcset=\"https:\/\/jblanz.de\/WP\/wp-content\/uploads\/2026\/04\/26Albanien-750-1024x576.jpg 1024w, https:\/\/jblanz.de\/WP\/wp-content\/uploads\/2026\/04\/26Albanien-750-300x169.jpg 300w, https:\/\/jblanz.de\/WP\/wp-content\/uploads\/2026\/04\/26Albanien-750-768x432.jpg 768w, https:\/\/jblanz.de\/WP\/wp-content\/uploads\/2026\/04\/26Albanien-750-1536x864.jpg 1536w, https:\/\/jblanz.de\/WP\/wp-content\/uploads\/2026\/04\/26Albanien-750.jpg 1783w\" sizes=\"auto, (max-width: 1024px) 100vw, 1024px\" \/><\/figure>\n\n\n\n<figure class=\"wp-block-image size-large\"><img loading=\"lazy\" decoding=\"async\" width=\"1024\" height=\"576\" data-id=\"31310\" src=\"https:\/\/jblanz.de\/WP\/wp-content\/uploads\/2026\/04\/26Albanien-751-1024x576.jpg\" alt=\"\" class=\"wp-image-31310\" srcset=\"https:\/\/jblanz.de\/WP\/wp-content\/uploads\/2026\/04\/26Albanien-751-1024x576.jpg 1024w, https:\/\/jblanz.de\/WP\/wp-content\/uploads\/2026\/04\/26Albanien-751-300x169.jpg 300w, https:\/\/jblanz.de\/WP\/wp-content\/uploads\/2026\/04\/26Albanien-751-768x432.jpg 768w, https:\/\/jblanz.de\/WP\/wp-content\/uploads\/2026\/04\/26Albanien-751-1536x864.jpg 1536w, https:\/\/jblanz.de\/WP\/wp-content\/uploads\/2026\/04\/26Albanien-751-2048x1152.jpg 2048w\" sizes=\"auto, (max-width: 1024px) 100vw, 1024px\" \/><\/figure>\n<\/figure>\n\n\n\n<p>Auf dem R\u00fcckweg setzten wir uns auf eine der Liegen, der ganze Strand geh\u00f6rte uns. Allerdings regnete es inzwischen so stark, dass wir den Regenschirm aufspannen mussten.<\/p>\n\n\n\n<figure class=\"wp-block-gallery has-nested-images columns-2 is-cropped wp-block-gallery-5 is-layout-flex wp-block-gallery-is-layout-flex\">\n<figure class=\"wp-block-image size-large\"><img loading=\"lazy\" decoding=\"async\" width=\"1024\" height=\"576\" data-id=\"31316\" src=\"https:\/\/jblanz.de\/WP\/wp-content\/uploads\/2026\/04\/26Albanien-753-1-1024x576.jpg\" alt=\"\" class=\"wp-image-31316\" srcset=\"https:\/\/jblanz.de\/WP\/wp-content\/uploads\/2026\/04\/26Albanien-753-1-1024x576.jpg 1024w, https:\/\/jblanz.de\/WP\/wp-content\/uploads\/2026\/04\/26Albanien-753-1-300x169.jpg 300w, https:\/\/jblanz.de\/WP\/wp-content\/uploads\/2026\/04\/26Albanien-753-1-768x432.jpg 768w, https:\/\/jblanz.de\/WP\/wp-content\/uploads\/2026\/04\/26Albanien-753-1-1536x864.jpg 1536w, https:\/\/jblanz.de\/WP\/wp-content\/uploads\/2026\/04\/26Albanien-753-1-2048x1152.jpg 2048w\" sizes=\"auto, (max-width: 1024px) 100vw, 1024px\" \/><\/figure>\n\n\n\n<figure class=\"wp-block-image size-large\"><img loading=\"lazy\" decoding=\"async\" width=\"1024\" height=\"576\" data-id=\"31315\" src=\"https:\/\/jblanz.de\/WP\/wp-content\/uploads\/2026\/04\/26Albanien-752-1-1024x576.jpg\" alt=\"\" class=\"wp-image-31315\" srcset=\"https:\/\/jblanz.de\/WP\/wp-content\/uploads\/2026\/04\/26Albanien-752-1-1024x576.jpg 1024w, https:\/\/jblanz.de\/WP\/wp-content\/uploads\/2026\/04\/26Albanien-752-1-300x169.jpg 300w, https:\/\/jblanz.de\/WP\/wp-content\/uploads\/2026\/04\/26Albanien-752-1-768x432.jpg 768w, https:\/\/jblanz.de\/WP\/wp-content\/uploads\/2026\/04\/26Albanien-752-1-1536x864.jpg 1536w, https:\/\/jblanz.de\/WP\/wp-content\/uploads\/2026\/04\/26Albanien-752-1-2048x1152.jpg 2048w\" sizes=\"auto, (max-width: 1024px) 100vw, 1024px\" \/><\/figure>\n\n\n\n<figure class=\"wp-block-image size-large\"><img loading=\"lazy\" decoding=\"async\" width=\"1024\" height=\"576\" data-id=\"31318\" src=\"https:\/\/jblanz.de\/WP\/wp-content\/uploads\/2026\/04\/26Albanien-755-1024x576.jpg\" alt=\"\" class=\"wp-image-31318\" srcset=\"https:\/\/jblanz.de\/WP\/wp-content\/uploads\/2026\/04\/26Albanien-755-1024x576.jpg 1024w, https:\/\/jblanz.de\/WP\/wp-content\/uploads\/2026\/04\/26Albanien-755-300x169.jpg 300w, https:\/\/jblanz.de\/WP\/wp-content\/uploads\/2026\/04\/26Albanien-755-768x432.jpg 768w, https:\/\/jblanz.de\/WP\/wp-content\/uploads\/2026\/04\/26Albanien-755-1536x864.jpg 1536w, https:\/\/jblanz.de\/WP\/wp-content\/uploads\/2026\/04\/26Albanien-755-2048x1152.jpg 2048w\" sizes=\"auto, (max-width: 1024px) 100vw, 1024px\" \/><\/figure>\n<\/figure>\n\n\n\n<p>Da bereits Essenszeit war, gingen wir einfach in das n\u00e4chste Restaurant, war \u00fcbrigens das einzige offene Restaurant an diesem Strand. Wir a\u00dfen eine Karottensuppe, Tsatziki, Risotto mit Gem\u00fcse und ein Kleftiko (gebackenes Lammfleisch, das mit Feta, Paprika und Zwiebel in Filoteig eingewickelt ist). Das Kleftiko war viel zu viel, der Rest wird morgen unser Mittagessen. Das Restaurant hatte etwas gehobeneres Niveau und das Essen kostete 62 \u20ac mit Getr\u00e4nken.<\/p>\n\n\n\n<figure class=\"wp-block-gallery has-nested-images columns-2 is-cropped wp-block-gallery-6 is-layout-flex wp-block-gallery-is-layout-flex\">\n<figure class=\"wp-block-image size-full\"><img loading=\"lazy\" decoding=\"async\" width=\"2560\" height=\"1440\" data-id=\"31323\" src=\"https:\/\/jblanz.de\/WP\/wp-content\/uploads\/2026\/04\/26Albanien-757-scaled.jpg\" alt=\"\" class=\"wp-image-31323\" srcset=\"https:\/\/jblanz.de\/WP\/wp-content\/uploads\/2026\/04\/26Albanien-757-scaled.jpg 2560w, https:\/\/jblanz.de\/WP\/wp-content\/uploads\/2026\/04\/26Albanien-757-300x169.jpg 300w, https:\/\/jblanz.de\/WP\/wp-content\/uploads\/2026\/04\/26Albanien-757-1024x576.jpg 1024w, https:\/\/jblanz.de\/WP\/wp-content\/uploads\/2026\/04\/26Albanien-757-768x432.jpg 768w, https:\/\/jblanz.de\/WP\/wp-content\/uploads\/2026\/04\/26Albanien-757-1536x864.jpg 1536w, https:\/\/jblanz.de\/WP\/wp-content\/uploads\/2026\/04\/26Albanien-757-2048x1152.jpg 2048w\" sizes=\"auto, (max-width: 2560px) 100vw, 2560px\" \/><\/figure>\n\n\n\n<figure class=\"wp-block-image size-full\"><img loading=\"lazy\" decoding=\"async\" width=\"2560\" height=\"1440\" data-id=\"31321\" src=\"https:\/\/jblanz.de\/WP\/wp-content\/uploads\/2026\/04\/26Albanien-756-scaled.jpg\" alt=\"\" class=\"wp-image-31321\" srcset=\"https:\/\/jblanz.de\/WP\/wp-content\/uploads\/2026\/04\/26Albanien-756-scaled.jpg 2560w, https:\/\/jblanz.de\/WP\/wp-content\/uploads\/2026\/04\/26Albanien-756-300x169.jpg 300w, https:\/\/jblanz.de\/WP\/wp-content\/uploads\/2026\/04\/26Albanien-756-1024x576.jpg 1024w, https:\/\/jblanz.de\/WP\/wp-content\/uploads\/2026\/04\/26Albanien-756-768x432.jpg 768w, https:\/\/jblanz.de\/WP\/wp-content\/uploads\/2026\/04\/26Albanien-756-1536x864.jpg 1536w, https:\/\/jblanz.de\/WP\/wp-content\/uploads\/2026\/04\/26Albanien-756-2048x1152.jpg 2048w\" sizes=\"auto, (max-width: 2560px) 100vw, 2560px\" \/><\/figure>\n\n\n\n<figure class=\"wp-block-image size-full\"><img loading=\"lazy\" decoding=\"async\" width=\"2560\" height=\"1440\" data-id=\"31322\" src=\"https:\/\/jblanz.de\/WP\/wp-content\/uploads\/2026\/04\/26Albanien-758-scaled.jpg\" alt=\"\" class=\"wp-image-31322\" srcset=\"https:\/\/jblanz.de\/WP\/wp-content\/uploads\/2026\/04\/26Albanien-758-scaled.jpg 2560w, https:\/\/jblanz.de\/WP\/wp-content\/uploads\/2026\/04\/26Albanien-758-300x169.jpg 300w, https:\/\/jblanz.de\/WP\/wp-content\/uploads\/2026\/04\/26Albanien-758-1024x576.jpg 1024w, https:\/\/jblanz.de\/WP\/wp-content\/uploads\/2026\/04\/26Albanien-758-768x432.jpg 768w, https:\/\/jblanz.de\/WP\/wp-content\/uploads\/2026\/04\/26Albanien-758-1536x864.jpg 1536w, https:\/\/jblanz.de\/WP\/wp-content\/uploads\/2026\/04\/26Albanien-758-2048x1152.jpg 2048w\" sizes=\"auto, (max-width: 2560px) 100vw, 2560px\" \/><\/figure>\n\n\n\n<figure class=\"wp-block-image size-full\"><img loading=\"lazy\" decoding=\"async\" width=\"2560\" height=\"1440\" data-id=\"31320\" src=\"https:\/\/jblanz.de\/WP\/wp-content\/uploads\/2026\/04\/26Albanien-759-scaled.jpg\" alt=\"\" class=\"wp-image-31320\" srcset=\"https:\/\/jblanz.de\/WP\/wp-content\/uploads\/2026\/04\/26Albanien-759-scaled.jpg 2560w, https:\/\/jblanz.de\/WP\/wp-content\/uploads\/2026\/04\/26Albanien-759-300x169.jpg 300w, https:\/\/jblanz.de\/WP\/wp-content\/uploads\/2026\/04\/26Albanien-759-1024x576.jpg 1024w, https:\/\/jblanz.de\/WP\/wp-content\/uploads\/2026\/04\/26Albanien-759-768x432.jpg 768w, https:\/\/jblanz.de\/WP\/wp-content\/uploads\/2026\/04\/26Albanien-759-1536x864.jpg 1536w, https:\/\/jblanz.de\/WP\/wp-content\/uploads\/2026\/04\/26Albanien-759-2048x1152.jpg 2048w\" sizes=\"auto, (max-width: 2560px) 100vw, 2560px\" \/><\/figure>\n\n\n\n<figure class=\"wp-block-image size-full\"><img loading=\"lazy\" decoding=\"async\" width=\"2560\" height=\"1440\" data-id=\"31324\" src=\"https:\/\/jblanz.de\/WP\/wp-content\/uploads\/2026\/04\/26Albanien-761-scaled.jpg\" alt=\"\" class=\"wp-image-31324\" srcset=\"https:\/\/jblanz.de\/WP\/wp-content\/uploads\/2026\/04\/26Albanien-761-scaled.jpg 2560w, https:\/\/jblanz.de\/WP\/wp-content\/uploads\/2026\/04\/26Albanien-761-300x169.jpg 300w, https:\/\/jblanz.de\/WP\/wp-content\/uploads\/2026\/04\/26Albanien-761-1024x576.jpg 1024w, https:\/\/jblanz.de\/WP\/wp-content\/uploads\/2026\/04\/26Albanien-761-768x432.jpg 768w, https:\/\/jblanz.de\/WP\/wp-content\/uploads\/2026\/04\/26Albanien-761-1536x864.jpg 1536w, https:\/\/jblanz.de\/WP\/wp-content\/uploads\/2026\/04\/26Albanien-761-2048x1152.jpg 2048w\" sizes=\"auto, (max-width: 2560px) 100vw, 2560px\" \/><\/figure>\n<\/figure>\n\n\n\n<p>Kurz vor dem Camping stand ein grosser P\u00fcschelbaum voll in Bl\u00fcte und zig Katzen kamen angerannt, als Karin ein Foto machen wollte.<\/p>\n\n\n\n<figure class=\"wp-block-gallery has-nested-images columns-default is-cropped wp-block-gallery-7 is-layout-flex wp-block-gallery-is-layout-flex\">\n<figure class=\"wp-block-image size-large\"><img loading=\"lazy\" decoding=\"async\" width=\"1024\" height=\"576\" data-id=\"31327\" src=\"https:\/\/jblanz.de\/WP\/wp-content\/uploads\/2026\/04\/26Albanien-764-1024x576.jpg\" alt=\"\" class=\"wp-image-31327\" srcset=\"https:\/\/jblanz.de\/WP\/wp-content\/uploads\/2026\/04\/26Albanien-764-1024x576.jpg 1024w, https:\/\/jblanz.de\/WP\/wp-content\/uploads\/2026\/04\/26Albanien-764-300x169.jpg 300w, https:\/\/jblanz.de\/WP\/wp-content\/uploads\/2026\/04\/26Albanien-764-768x432.jpg 768w, https:\/\/jblanz.de\/WP\/wp-content\/uploads\/2026\/04\/26Albanien-764-1536x864.jpg 1536w, https:\/\/jblanz.de\/WP\/wp-content\/uploads\/2026\/04\/26Albanien-764-2048x1152.jpg 2048w\" sizes=\"auto, (max-width: 1024px) 100vw, 1024px\" \/><\/figure>\n\n\n\n<figure class=\"wp-block-image size-large\"><img loading=\"lazy\" decoding=\"async\" width=\"1024\" height=\"576\" data-id=\"31328\" src=\"https:\/\/jblanz.de\/WP\/wp-content\/uploads\/2026\/04\/26Albanien-763-1024x576.jpg\" alt=\"\" class=\"wp-image-31328\" srcset=\"https:\/\/jblanz.de\/WP\/wp-content\/uploads\/2026\/04\/26Albanien-763-1024x576.jpg 1024w, https:\/\/jblanz.de\/WP\/wp-content\/uploads\/2026\/04\/26Albanien-763-300x169.jpg 300w, https:\/\/jblanz.de\/WP\/wp-content\/uploads\/2026\/04\/26Albanien-763-768x432.jpg 768w, https:\/\/jblanz.de\/WP\/wp-content\/uploads\/2026\/04\/26Albanien-763-1536x864.jpg 1536w, https:\/\/jblanz.de\/WP\/wp-content\/uploads\/2026\/04\/26Albanien-763-2048x1152.jpg 2048w\" sizes=\"auto, (max-width: 1024px) 100vw, 1024px\" \/><\/figure>\n<\/figure>\n\n\n\n<p>So, der Regen hat aufgeh\u00f6rt. Morgen soll es wieder besser werden.<\/p>\n","protected":false},"excerpt":{"rendered":"<p>Morgens fr\u00fchst\u00fcckten wir wieder mal in der Sonne. An einem Felsen sahen wir bereits Kletterer, die sich abseilten. Wir packten<\/p>\n","protected":false},"author":1,"featured_media":31303,"comment_status":"open","ping_status":"open","sticky":false,"template":"","format":"standard","meta":{"colormag_page_container_layout":"default_layout","colormag_page_sidebar_layout":"default_layout","_monsterinsights_skip_tracking":false,"_monsterinsights_sitenote_active":false,"_monsterinsights_sitenote_note":"","_monsterinsights_sitenote_category":0,"footnotes":""},"categories":[269,350,351,306,159,301,268],"tags":[],"class_list":["post-31273","post","type-post","status-publish","format-standard","has-post-thumbnail","hentry","category-2020-jahr","category-350","category-2026-2","category-a-j","category-europa","category-griechenland","category-jahr"],"yoast_head":"<!-- This site is optimized with the Yoast SEO plugin v27.4 - https:\/\/yoast.com\/product\/yoast-seo-wordpress\/ -->\n<title>30. April 2026 - Fahrt nach Parga am Meer - Reiseblog von Karin &amp; Joachim<\/title>\n<meta name=\"robots\" content=\"index, follow, max-snippet:-1, max-image-preview:large, max-video-preview:-1\" \/>\n<link rel=\"canonical\" href=\"https:\/\/jblanz.de\/WP\/30-april-2026-fahrt-nach-parga-am-meer\/\" \/>\n<meta property=\"og:locale\" content=\"de_DE\" \/>\n<meta property=\"og:type\" content=\"article\" \/>\n<meta property=\"og:title\" content=\"30. April 2026 - Fahrt nach Parga am Meer - Reiseblog von Karin &amp; Joachim\" \/>\n<meta property=\"og:description\" content=\"Morgens fr\u00fchst\u00fcckten wir wieder mal in der Sonne. An einem Felsen sahen wir bereits Kletterer, die sich abseilten. Wir packten\" \/>\n<meta property=\"og:url\" content=\"https:\/\/jblanz.de\/WP\/30-april-2026-fahrt-nach-parga-am-meer\/\" \/>\n<meta property=\"og:site_name\" content=\"Reiseblog von Karin &amp; Joachim\" \/>\n<meta property=\"article:published_time\" content=\"2026-04-30T17:03:36+00:00\" \/>\n<meta property=\"article:modified_time\" content=\"2026-04-30T18:29:12+00:00\" \/>\n<meta property=\"og:image\" content=\"https:\/\/jblanz.de\/WP\/wp-content\/uploads\/2026\/04\/26Albanien-735-scaled.jpg\" \/>\n\t<meta property=\"og:image:width\" content=\"2560\" \/>\n\t<meta property=\"og:image:height\" content=\"1440\" \/>\n\t<meta property=\"og:image:type\" content=\"image\/jpeg\" \/>\n<meta name=\"author\" content=\"Achim\" \/>\n<meta name=\"twitter:card\" content=\"summary_large_image\" \/>\n<meta name=\"twitter:label1\" content=\"Verfasst von\" \/>\n\t<meta name=\"twitter:data1\" content=\"Achim\" \/>\n\t<meta name=\"twitter:label2\" content=\"Gesch\u00e4tzte Lesezeit\" \/>\n\t<meta name=\"twitter:data2\" content=\"10\u00a0Minuten\" \/>\n<script type=\"application\/ld+json\" class=\"yoast-schema-graph\">{\"@context\":\"https:\\\/\\\/schema.org\",\"@graph\":[{\"@type\":\"Article\",\"@id\":\"https:\\\/\\\/jblanz.de\\\/WP\\\/30-april-2026-fahrt-nach-parga-am-meer\\\/#article\",\"isPartOf\":{\"@id\":\"https:\\\/\\\/jblanz.de\\\/WP\\\/30-april-2026-fahrt-nach-parga-am-meer\\\/\"},\"author\":{\"name\":\"Achim\",\"@id\":\"https:\\\/\\\/jblanz.de\\\/WP\\\/#\\\/schema\\\/person\\\/17a70f07162e42bc0b181c22397286e0\"},\"headline\":\"30. April 2026 &#8211; Fahrt nach Parga am Meer\",\"datePublished\":\"2026-04-30T17:03:36+00:00\",\"dateModified\":\"2026-04-30T18:29:12+00:00\",\"mainEntityOfPage\":{\"@id\":\"https:\\\/\\\/jblanz.de\\\/WP\\\/30-april-2026-fahrt-nach-parga-am-meer\\\/\"},\"wordCount\":548,\"commentCount\":0,\"publisher\":{\"@id\":\"https:\\\/\\\/jblanz.de\\\/WP\\\/#\\\/schema\\\/person\\\/17a70f07162e42bc0b181c22397286e0\"},\"image\":{\"@id\":\"https:\\\/\\\/jblanz.de\\\/WP\\\/30-april-2026-fahrt-nach-parga-am-meer\\\/#primaryimage\"},\"thumbnailUrl\":\"https:\\\/\\\/jblanz.de\\\/WP\\\/wp-content\\\/uploads\\\/2026\\\/04\\\/26Albanien-735-scaled.jpg\",\"articleSection\":[\"2020+\",\"2026\",\"2026\",\"A-J\",\"Europa\",\"Griechenland\",\"Jahr\"],\"inLanguage\":\"de\",\"potentialAction\":[{\"@type\":\"CommentAction\",\"name\":\"Comment\",\"target\":[\"https:\\\/\\\/jblanz.de\\\/WP\\\/30-april-2026-fahrt-nach-parga-am-meer\\\/#respond\"]}]},{\"@type\":\"WebPage\",\"@id\":\"https:\\\/\\\/jblanz.de\\\/WP\\\/30-april-2026-fahrt-nach-parga-am-meer\\\/\",\"url\":\"https:\\\/\\\/jblanz.de\\\/WP\\\/30-april-2026-fahrt-nach-parga-am-meer\\\/\",\"name\":\"30. April 2026 - Fahrt nach Parga am Meer - Reiseblog von Karin &amp; Joachim\",\"isPartOf\":{\"@id\":\"https:\\\/\\\/jblanz.de\\\/WP\\\/#website\"},\"primaryImageOfPage\":{\"@id\":\"https:\\\/\\\/jblanz.de\\\/WP\\\/30-april-2026-fahrt-nach-parga-am-meer\\\/#primaryimage\"},\"image\":{\"@id\":\"https:\\\/\\\/jblanz.de\\\/WP\\\/30-april-2026-fahrt-nach-parga-am-meer\\\/#primaryimage\"},\"thumbnailUrl\":\"https:\\\/\\\/jblanz.de\\\/WP\\\/wp-content\\\/uploads\\\/2026\\\/04\\\/26Albanien-735-scaled.jpg\",\"datePublished\":\"2026-04-30T17:03:36+00:00\",\"dateModified\":\"2026-04-30T18:29:12+00:00\",\"breadcrumb\":{\"@id\":\"https:\\\/\\\/jblanz.de\\\/WP\\\/30-april-2026-fahrt-nach-parga-am-meer\\\/#breadcrumb\"},\"inLanguage\":\"de\",\"potentialAction\":[{\"@type\":\"ReadAction\",\"target\":[\"https:\\\/\\\/jblanz.de\\\/WP\\\/30-april-2026-fahrt-nach-parga-am-meer\\\/\"]}]},{\"@type\":\"ImageObject\",\"inLanguage\":\"de\",\"@id\":\"https:\\\/\\\/jblanz.de\\\/WP\\\/30-april-2026-fahrt-nach-parga-am-meer\\\/#primaryimage\",\"url\":\"https:\\\/\\\/jblanz.de\\\/WP\\\/wp-content\\\/uploads\\\/2026\\\/04\\\/26Albanien-735-scaled.jpg\",\"contentUrl\":\"https:\\\/\\\/jblanz.de\\\/WP\\\/wp-content\\\/uploads\\\/2026\\\/04\\\/26Albanien-735-scaled.jpg\",\"width\":2560,\"height\":1440},{\"@type\":\"BreadcrumbList\",\"@id\":\"https:\\\/\\\/jblanz.de\\\/WP\\\/30-april-2026-fahrt-nach-parga-am-meer\\\/#breadcrumb\",\"itemListElement\":[{\"@type\":\"ListItem\",\"position\":1,\"name\":\"Startseite\",\"item\":\"https:\\\/\\\/jblanz.de\\\/WP\\\/\"},{\"@type\":\"ListItem\",\"position\":2,\"name\":\"30. April 2026 &#8211; Fahrt nach Parga am Meer\"}]},{\"@type\":\"WebSite\",\"@id\":\"https:\\\/\\\/jblanz.de\\\/WP\\\/#website\",\"url\":\"https:\\\/\\\/jblanz.de\\\/WP\\\/\",\"name\":\"Reiseblog von Karin & Joachim\",\"description\":\"Wir schreiben den Blog f\u00fcr uns als Erinnerung - f\u00fcr euch als Inspiration\",\"publisher\":{\"@id\":\"https:\\\/\\\/jblanz.de\\\/WP\\\/#\\\/schema\\\/person\\\/17a70f07162e42bc0b181c22397286e0\"},\"potentialAction\":[{\"@type\":\"SearchAction\",\"target\":{\"@type\":\"EntryPoint\",\"urlTemplate\":\"https:\\\/\\\/jblanz.de\\\/WP\\\/?s={search_term_string}\"},\"query-input\":{\"@type\":\"PropertyValueSpecification\",\"valueRequired\":true,\"valueName\":\"search_term_string\"}}],\"inLanguage\":\"de\"},{\"@type\":[\"Person\",\"Organization\"],\"@id\":\"https:\\\/\\\/jblanz.de\\\/WP\\\/#\\\/schema\\\/person\\\/17a70f07162e42bc0b181c22397286e0\",\"name\":\"Achim\",\"image\":{\"@type\":\"ImageObject\",\"inLanguage\":\"de\",\"@id\":\"https:\\\/\\\/secure.gravatar.com\\\/avatar\\\/b7ab31bc55956af4a9bebf7fd034761212b11b803b7e39464914d6abeefb12f3?s=96&d=mm&r=g\",\"url\":\"https:\\\/\\\/secure.gravatar.com\\\/avatar\\\/b7ab31bc55956af4a9bebf7fd034761212b11b803b7e39464914d6abeefb12f3?s=96&d=mm&r=g\",\"contentUrl\":\"https:\\\/\\\/secure.gravatar.com\\\/avatar\\\/b7ab31bc55956af4a9bebf7fd034761212b11b803b7e39464914d6abeefb12f3?s=96&d=mm&r=g\",\"caption\":\"Achim\"},\"logo\":{\"@id\":\"https:\\\/\\\/secure.gravatar.com\\\/avatar\\\/b7ab31bc55956af4a9bebf7fd034761212b11b803b7e39464914d6abeefb12f3?s=96&d=mm&r=g\"},\"url\":\"https:\\\/\\\/jblanz.de\\\/WP\\\/author\\\/achim\\\/\"}]}<\/script>\n<!-- \/ Yoast SEO plugin. -->","yoast_head_json":{"title":"30. April 2026 - Fahrt nach Parga am Meer - Reiseblog von Karin &amp; Joachim","robots":{"index":"index","follow":"follow","max-snippet":"max-snippet:-1","max-image-preview":"max-image-preview:large","max-video-preview":"max-video-preview:-1"},"canonical":"https:\/\/jblanz.de\/WP\/30-april-2026-fahrt-nach-parga-am-meer\/","og_locale":"de_DE","og_type":"article","og_title":"30. April 2026 - Fahrt nach Parga am Meer - Reiseblog von Karin &amp; Joachim","og_description":"Morgens fr\u00fchst\u00fcckten wir wieder mal in der Sonne. An einem Felsen sahen wir bereits Kletterer, die sich abseilten. Wir packten","og_url":"https:\/\/jblanz.de\/WP\/30-april-2026-fahrt-nach-parga-am-meer\/","og_site_name":"Reiseblog von Karin &amp; Joachim","article_published_time":"2026-04-30T17:03:36+00:00","article_modified_time":"2026-04-30T18:29:12+00:00","og_image":[{"width":2560,"height":1440,"url":"https:\/\/jblanz.de\/WP\/wp-content\/uploads\/2026\/04\/26Albanien-735-scaled.jpg","type":"image\/jpeg"}],"author":"Achim","twitter_card":"summary_large_image","twitter_misc":{"Verfasst von":"Achim","Gesch\u00e4tzte Lesezeit":"10\u00a0Minuten"},"schema":{"@context":"https:\/\/schema.org","@graph":[{"@type":"Article","@id":"https:\/\/jblanz.de\/WP\/30-april-2026-fahrt-nach-parga-am-meer\/#article","isPartOf":{"@id":"https:\/\/jblanz.de\/WP\/30-april-2026-fahrt-nach-parga-am-meer\/"},"author":{"name":"Achim","@id":"https:\/\/jblanz.de\/WP\/#\/schema\/person\/17a70f07162e42bc0b181c22397286e0"},"headline":"30. April 2026 &#8211; Fahrt nach Parga am Meer","datePublished":"2026-04-30T17:03:36+00:00","dateModified":"2026-04-30T18:29:12+00:00","mainEntityOfPage":{"@id":"https:\/\/jblanz.de\/WP\/30-april-2026-fahrt-nach-parga-am-meer\/"},"wordCount":548,"commentCount":0,"publisher":{"@id":"https:\/\/jblanz.de\/WP\/#\/schema\/person\/17a70f07162e42bc0b181c22397286e0"},"image":{"@id":"https:\/\/jblanz.de\/WP\/30-april-2026-fahrt-nach-parga-am-meer\/#primaryimage"},"thumbnailUrl":"https:\/\/jblanz.de\/WP\/wp-content\/uploads\/2026\/04\/26Albanien-735-scaled.jpg","articleSection":["2020+","2026","2026","A-J","Europa","Griechenland","Jahr"],"inLanguage":"de","potentialAction":[{"@type":"CommentAction","name":"Comment","target":["https:\/\/jblanz.de\/WP\/30-april-2026-fahrt-nach-parga-am-meer\/#respond"]}]},{"@type":"WebPage","@id":"https:\/\/jblanz.de\/WP\/30-april-2026-fahrt-nach-parga-am-meer\/","url":"https:\/\/jblanz.de\/WP\/30-april-2026-fahrt-nach-parga-am-meer\/","name":"30. April 2026 - Fahrt nach Parga am Meer - Reiseblog von Karin &amp; Joachim","isPartOf":{"@id":"https:\/\/jblanz.de\/WP\/#website"},"primaryImageOfPage":{"@id":"https:\/\/jblanz.de\/WP\/30-april-2026-fahrt-nach-parga-am-meer\/#primaryimage"},"image":{"@id":"https:\/\/jblanz.de\/WP\/30-april-2026-fahrt-nach-parga-am-meer\/#primaryimage"},"thumbnailUrl":"https:\/\/jblanz.de\/WP\/wp-content\/uploads\/2026\/04\/26Albanien-735-scaled.jpg","datePublished":"2026-04-30T17:03:36+00:00","dateModified":"2026-04-30T18:29:12+00:00","breadcrumb":{"@id":"https:\/\/jblanz.de\/WP\/30-april-2026-fahrt-nach-parga-am-meer\/#breadcrumb"},"inLanguage":"de","potentialAction":[{"@type":"ReadAction","target":["https:\/\/jblanz.de\/WP\/30-april-2026-fahrt-nach-parga-am-meer\/"]}]},{"@type":"ImageObject","inLanguage":"de","@id":"https:\/\/jblanz.de\/WP\/30-april-2026-fahrt-nach-parga-am-meer\/#primaryimage","url":"https:\/\/jblanz.de\/WP\/wp-content\/uploads\/2026\/04\/26Albanien-735-scaled.jpg","contentUrl":"https:\/\/jblanz.de\/WP\/wp-content\/uploads\/2026\/04\/26Albanien-735-scaled.jpg","width":2560,"height":1440},{"@type":"BreadcrumbList","@id":"https:\/\/jblanz.de\/WP\/30-april-2026-fahrt-nach-parga-am-meer\/#breadcrumb","itemListElement":[{"@type":"ListItem","position":1,"name":"Startseite","item":"https:\/\/jblanz.de\/WP\/"},{"@type":"ListItem","position":2,"name":"30. April 2026 &#8211; Fahrt nach Parga am Meer"}]},{"@type":"WebSite","@id":"https:\/\/jblanz.de\/WP\/#website","url":"https:\/\/jblanz.de\/WP\/","name":"Reiseblog von Karin & Joachim","description":"Wir schreiben den Blog f\u00fcr uns als Erinnerung - f\u00fcr euch als Inspiration","publisher":{"@id":"https:\/\/jblanz.de\/WP\/#\/schema\/person\/17a70f07162e42bc0b181c22397286e0"},"potentialAction":[{"@type":"SearchAction","target":{"@type":"EntryPoint","urlTemplate":"https:\/\/jblanz.de\/WP\/?s={search_term_string}"},"query-input":{"@type":"PropertyValueSpecification","valueRequired":true,"valueName":"search_term_string"}}],"inLanguage":"de"},{"@type":["Person","Organization"],"@id":"https:\/\/jblanz.de\/WP\/#\/schema\/person\/17a70f07162e42bc0b181c22397286e0","name":"Achim","image":{"@type":"ImageObject","inLanguage":"de","@id":"https:\/\/secure.gravatar.com\/avatar\/b7ab31bc55956af4a9bebf7fd034761212b11b803b7e39464914d6abeefb12f3?s=96&d=mm&r=g","url":"https:\/\/secure.gravatar.com\/avatar\/b7ab31bc55956af4a9bebf7fd034761212b11b803b7e39464914d6abeefb12f3?s=96&d=mm&r=g","contentUrl":"https:\/\/secure.gravatar.com\/avatar\/b7ab31bc55956af4a9bebf7fd034761212b11b803b7e39464914d6abeefb12f3?s=96&d=mm&r=g","caption":"Achim"},"logo":{"@id":"https:\/\/secure.gravatar.com\/avatar\/b7ab31bc55956af4a9bebf7fd034761212b11b803b7e39464914d6abeefb12f3?s=96&d=mm&r=g"},"url":"https:\/\/jblanz.de\/WP\/author\/achim\/"}]}},"_links":{"self":[{"href":"https:\/\/jblanz.de\/WP\/wp-json\/wp\/v2\/posts\/31273","targetHints":{"allow":["GET"]}}],"collection":[{"href":"https:\/\/jblanz.de\/WP\/wp-json\/wp\/v2\/posts"}],"about":[{"href":"https:\/\/jblanz.de\/WP\/wp-json\/wp\/v2\/types\/post"}],"author":[{"embeddable":true,"href":"https:\/\/jblanz.de\/WP\/wp-json\/wp\/v2\/users\/1"}],"replies":[{"embeddable":true,"href":"https:\/\/jblanz.de\/WP\/wp-json\/wp\/v2\/comments?post=31273"}],"version-history":[{"count":9,"href":"https:\/\/jblanz.de\/WP\/wp-json\/wp\/v2\/posts\/31273\/revisions"}],"predecessor-version":[{"id":31329,"href":"https:\/\/jblanz.de\/WP\/wp-json\/wp\/v2\/posts\/31273\/revisions\/31329"}],"wp:featuredmedia":[{"embeddable":true,"href":"https:\/\/jblanz.de\/WP\/wp-json\/wp\/v2\/media\/31303"}],"wp:attachment":[{"href":"https:\/\/jblanz.de\/WP\/wp-json\/wp\/v2\/media?parent=31273"}],"wp:term":[{"taxonomy":"category","embeddable":true,"href":"https:\/\/jblanz.de\/WP\/wp-json\/wp\/v2\/categories?post=31273"},{"taxonomy":"post_tag","embeddable":true,"href":"https:\/\/jblanz.de\/WP\/wp-json\/wp\/v2\/tags?post=31273"}],"curies":[{"name":"wp","href":"https:\/\/api.w.org\/{rel}","templated":true}]}}