{"id":31330,"date":"2026-05-01T15:12:52","date_gmt":"2026-05-01T13:12:52","guid":{"rendered":"https:\/\/jblanz.de\/WP\/?p=31330"},"modified":"2026-05-01T17:57:27","modified_gmt":"2026-05-01T15:57:27","slug":"01-mai-2026-parga","status":"publish","type":"post","link":"https:\/\/jblanz.de\/WP\/01-mai-2026-parga\/","title":{"rendered":"01. Mai 2026 &#8211; Parga"},"content":{"rendered":"\n<p>Heute morgen schien wieder die Sonne, aber sie wechselte sich immer wieder mit Wolken ab. Wir stiegen auf die Fahrr\u00e4der und radelten bergauf nach Parga, das in der benachbarten Bucht lag. Wir folgten dem Strassenschild Altstadt, landeten ab am Ende einer ziemlich langen Treppe mit hohen Stufen, die zur Promenade hinabf\u00fchrte. Das Gute daran war, dass rechts und links Kleider- und Andenkenshops waren, die wir beim Hinunterschieben in Ruhe besichtigen konnten.&nbsp;<\/p>\n\n\n\n<figure class=\"wp-block-gallery has-nested-images columns-2 is-cropped wp-block-gallery-2 is-layout-flex wp-block-gallery-is-layout-flex\">\n<figure class=\"wp-block-image size-large\"><img loading=\"lazy\" decoding=\"async\" width=\"1024\" height=\"576\" data-id=\"31344\" src=\"https:\/\/jblanz.de\/WP\/wp-content\/uploads\/2026\/05\/26Albanien-765-1024x576.jpg\" alt=\"\" class=\"wp-image-31344\" srcset=\"https:\/\/jblanz.de\/WP\/wp-content\/uploads\/2026\/05\/26Albanien-765-1024x576.jpg 1024w, https:\/\/jblanz.de\/WP\/wp-content\/uploads\/2026\/05\/26Albanien-765-300x169.jpg 300w, https:\/\/jblanz.de\/WP\/wp-content\/uploads\/2026\/05\/26Albanien-765-768x432.jpg 768w, https:\/\/jblanz.de\/WP\/wp-content\/uploads\/2026\/05\/26Albanien-765-1536x864.jpg 1536w, https:\/\/jblanz.de\/WP\/wp-content\/uploads\/2026\/05\/26Albanien-765-2048x1152.jpg 2048w\" sizes=\"auto, (max-width: 1024px) 100vw, 1024px\" \/><\/figure>\n\n\n\n<figure class=\"wp-block-image size-large\"><img loading=\"lazy\" decoding=\"async\" width=\"1024\" height=\"576\" data-id=\"31346\" src=\"https:\/\/jblanz.de\/WP\/wp-content\/uploads\/2026\/05\/26Albanien-770-1024x576.jpg\" alt=\"\" class=\"wp-image-31346\" srcset=\"https:\/\/jblanz.de\/WP\/wp-content\/uploads\/2026\/05\/26Albanien-770-1024x576.jpg 1024w, https:\/\/jblanz.de\/WP\/wp-content\/uploads\/2026\/05\/26Albanien-770-300x169.jpg 300w, https:\/\/jblanz.de\/WP\/wp-content\/uploads\/2026\/05\/26Albanien-770-768x432.jpg 768w, https:\/\/jblanz.de\/WP\/wp-content\/uploads\/2026\/05\/26Albanien-770-1536x864.jpg 1536w, https:\/\/jblanz.de\/WP\/wp-content\/uploads\/2026\/05\/26Albanien-770-2048x1152.jpg 2048w\" sizes=\"auto, (max-width: 1024px) 100vw, 1024px\" \/><\/figure>\n\n\n\n<figure class=\"wp-block-image size-large\"><img loading=\"lazy\" decoding=\"async\" width=\"1024\" height=\"576\" data-id=\"31343\" src=\"https:\/\/jblanz.de\/WP\/wp-content\/uploads\/2026\/05\/26Albanien-769-1024x576.jpg\" alt=\"\" class=\"wp-image-31343\" srcset=\"https:\/\/jblanz.de\/WP\/wp-content\/uploads\/2026\/05\/26Albanien-769-1024x576.jpg 1024w, https:\/\/jblanz.de\/WP\/wp-content\/uploads\/2026\/05\/26Albanien-769-300x169.jpg 300w, https:\/\/jblanz.de\/WP\/wp-content\/uploads\/2026\/05\/26Albanien-769-768x432.jpg 768w, https:\/\/jblanz.de\/WP\/wp-content\/uploads\/2026\/05\/26Albanien-769-1536x864.jpg 1536w, https:\/\/jblanz.de\/WP\/wp-content\/uploads\/2026\/05\/26Albanien-769-2048x1152.jpg 2048w\" sizes=\"auto, (max-width: 1024px) 100vw, 1024px\" \/><\/figure>\n\n\n\n<figure class=\"wp-block-image size-large\"><img loading=\"lazy\" decoding=\"async\" width=\"1024\" height=\"576\" data-id=\"31345\" src=\"https:\/\/jblanz.de\/WP\/wp-content\/uploads\/2026\/05\/26Albanien-768-1024x576.jpg\" alt=\"\" class=\"wp-image-31345\" srcset=\"https:\/\/jblanz.de\/WP\/wp-content\/uploads\/2026\/05\/26Albanien-768-1024x576.jpg 1024w, https:\/\/jblanz.de\/WP\/wp-content\/uploads\/2026\/05\/26Albanien-768-300x169.jpg 300w, https:\/\/jblanz.de\/WP\/wp-content\/uploads\/2026\/05\/26Albanien-768-768x432.jpg 768w, https:\/\/jblanz.de\/WP\/wp-content\/uploads\/2026\/05\/26Albanien-768-1536x864.jpg 1536w, https:\/\/jblanz.de\/WP\/wp-content\/uploads\/2026\/05\/26Albanien-768-2048x1152.jpg 2048w\" sizes=\"auto, (max-width: 1024px) 100vw, 1024px\" \/><\/figure>\n\n\n\n<figure class=\"wp-block-image size-large\"><img loading=\"lazy\" decoding=\"async\" width=\"1024\" height=\"576\" data-id=\"31341\" src=\"https:\/\/jblanz.de\/WP\/wp-content\/uploads\/2026\/05\/26Albanien-766-1024x576.jpg\" alt=\"\" class=\"wp-image-31341\" srcset=\"https:\/\/jblanz.de\/WP\/wp-content\/uploads\/2026\/05\/26Albanien-766-1024x576.jpg 1024w, https:\/\/jblanz.de\/WP\/wp-content\/uploads\/2026\/05\/26Albanien-766-300x169.jpg 300w, https:\/\/jblanz.de\/WP\/wp-content\/uploads\/2026\/05\/26Albanien-766-768x432.jpg 768w, https:\/\/jblanz.de\/WP\/wp-content\/uploads\/2026\/05\/26Albanien-766-1536x864.jpg 1536w, https:\/\/jblanz.de\/WP\/wp-content\/uploads\/2026\/05\/26Albanien-766-2048x1152.jpg 2048w\" sizes=\"auto, (max-width: 1024px) 100vw, 1024px\" \/><\/figure>\n\n\n\n<figure class=\"wp-block-image size-large\"><img loading=\"lazy\" decoding=\"async\" width=\"1024\" height=\"576\" data-id=\"31342\" src=\"https:\/\/jblanz.de\/WP\/wp-content\/uploads\/2026\/05\/26Albanien-767-1024x576.jpg\" alt=\"\" class=\"wp-image-31342\" srcset=\"https:\/\/jblanz.de\/WP\/wp-content\/uploads\/2026\/05\/26Albanien-767-1024x576.jpg 1024w, https:\/\/jblanz.de\/WP\/wp-content\/uploads\/2026\/05\/26Albanien-767-300x169.jpg 300w, https:\/\/jblanz.de\/WP\/wp-content\/uploads\/2026\/05\/26Albanien-767-768x432.jpg 768w, https:\/\/jblanz.de\/WP\/wp-content\/uploads\/2026\/05\/26Albanien-767-1536x864.jpg 1536w, https:\/\/jblanz.de\/WP\/wp-content\/uploads\/2026\/05\/26Albanien-767-2048x1152.jpg 2048w\" sizes=\"auto, (max-width: 1024px) 100vw, 1024px\" \/><\/figure>\n<\/figure>\n\n\n\n<p>Die G\u00e4sschen waren voller Leute, denn heute ist auch in Griechenland Feiertag. Auch die Tavernen an der Hafenpromenade waren um 13 Uhr bereits voll besetzt. \u00dcberall roch es nach gegrilltem Fleisch und man bekam sofort Hunger. Wir hielten stand und gingen fast die ganze Promenade hoch und zur\u00fcck. Karin kaufte in einem Shop eine weisse Bluse, die Verk\u00e4uferin sprach etwas deutsch, da sie bis zu ihrem 8. Lebensjahr in Deutschland gelebt hatte. Auf Plakaten wurden Bootsausfl\u00fcge nach Paxos und Antipaxos angeboten. Als ich dieses Plakat sah, fiel mir ein, dass wir im Jahre 2000 mit unseren Kindern einen Bootsausflug von Korfu aus gemacht haben und in der H\u00f6hle von Ipapandi geschwommen sind.<\/p>\n\n\n\n<figure class=\"wp-block-gallery has-nested-images columns-2 is-cropped wp-block-gallery-3 is-layout-flex wp-block-gallery-is-layout-flex\">\n<figure class=\"wp-block-image size-full\" style=\"margin-top:var(--wp--preset--spacing--20);margin-right:var(--wp--preset--spacing--20);margin-bottom:var(--wp--preset--spacing--20);margin-left:var(--wp--preset--spacing--20)\"><img loading=\"lazy\" decoding=\"async\" width=\"2560\" height=\"1440\" data-id=\"31359\" src=\"https:\/\/jblanz.de\/WP\/wp-content\/uploads\/2026\/05\/26Albanien-782-scaled.jpg\" alt=\"\" class=\"wp-image-31359\" srcset=\"https:\/\/jblanz.de\/WP\/wp-content\/uploads\/2026\/05\/26Albanien-782-scaled.jpg 2560w, https:\/\/jblanz.de\/WP\/wp-content\/uploads\/2026\/05\/26Albanien-782-300x169.jpg 300w, https:\/\/jblanz.de\/WP\/wp-content\/uploads\/2026\/05\/26Albanien-782-1024x576.jpg 1024w, https:\/\/jblanz.de\/WP\/wp-content\/uploads\/2026\/05\/26Albanien-782-768x432.jpg 768w, https:\/\/jblanz.de\/WP\/wp-content\/uploads\/2026\/05\/26Albanien-782-1536x864.jpg 1536w, https:\/\/jblanz.de\/WP\/wp-content\/uploads\/2026\/05\/26Albanien-782-2048x1152.jpg 2048w\" sizes=\"auto, (max-width: 2560px) 100vw, 2560px\" \/><\/figure>\n\n\n\n<figure class=\"wp-block-image size-full\"><img loading=\"lazy\" decoding=\"async\" width=\"2560\" height=\"1440\" data-id=\"31360\" src=\"https:\/\/jblanz.de\/WP\/wp-content\/uploads\/2026\/05\/26Albanien-781-scaled.jpg\" alt=\"\" class=\"wp-image-31360\" srcset=\"https:\/\/jblanz.de\/WP\/wp-content\/uploads\/2026\/05\/26Albanien-781-scaled.jpg 2560w, https:\/\/jblanz.de\/WP\/wp-content\/uploads\/2026\/05\/26Albanien-781-300x169.jpg 300w, https:\/\/jblanz.de\/WP\/wp-content\/uploads\/2026\/05\/26Albanien-781-1024x576.jpg 1024w, https:\/\/jblanz.de\/WP\/wp-content\/uploads\/2026\/05\/26Albanien-781-768x432.jpg 768w, https:\/\/jblanz.de\/WP\/wp-content\/uploads\/2026\/05\/26Albanien-781-1536x864.jpg 1536w, https:\/\/jblanz.de\/WP\/wp-content\/uploads\/2026\/05\/26Albanien-781-2048x1152.jpg 2048w\" sizes=\"auto, (max-width: 2560px) 100vw, 2560px\" \/><\/figure>\n\n\n\n<figure class=\"wp-block-image size-full\"><img loading=\"lazy\" decoding=\"async\" width=\"2560\" height=\"1440\" data-id=\"31354\" src=\"https:\/\/jblanz.de\/WP\/wp-content\/uploads\/2026\/05\/26Albanien-783-scaled.jpg\" alt=\"\" class=\"wp-image-31354\" srcset=\"https:\/\/jblanz.de\/WP\/wp-content\/uploads\/2026\/05\/26Albanien-783-scaled.jpg 2560w, https:\/\/jblanz.de\/WP\/wp-content\/uploads\/2026\/05\/26Albanien-783-300x169.jpg 300w, https:\/\/jblanz.de\/WP\/wp-content\/uploads\/2026\/05\/26Albanien-783-1024x576.jpg 1024w, https:\/\/jblanz.de\/WP\/wp-content\/uploads\/2026\/05\/26Albanien-783-768x432.jpg 768w, https:\/\/jblanz.de\/WP\/wp-content\/uploads\/2026\/05\/26Albanien-783-1536x864.jpg 1536w, https:\/\/jblanz.de\/WP\/wp-content\/uploads\/2026\/05\/26Albanien-783-2048x1152.jpg 2048w\" sizes=\"auto, (max-width: 2560px) 100vw, 2560px\" \/><\/figure>\n\n\n\n<figure class=\"wp-block-image size-full\"><img loading=\"lazy\" decoding=\"async\" width=\"2560\" height=\"1440\" data-id=\"31357\" src=\"https:\/\/jblanz.de\/WP\/wp-content\/uploads\/2026\/05\/26Albanien-780-scaled.jpg\" alt=\"\" class=\"wp-image-31357\" srcset=\"https:\/\/jblanz.de\/WP\/wp-content\/uploads\/2026\/05\/26Albanien-780-scaled.jpg 2560w, https:\/\/jblanz.de\/WP\/wp-content\/uploads\/2026\/05\/26Albanien-780-300x169.jpg 300w, https:\/\/jblanz.de\/WP\/wp-content\/uploads\/2026\/05\/26Albanien-780-1024x576.jpg 1024w, https:\/\/jblanz.de\/WP\/wp-content\/uploads\/2026\/05\/26Albanien-780-768x432.jpg 768w, https:\/\/jblanz.de\/WP\/wp-content\/uploads\/2026\/05\/26Albanien-780-1536x864.jpg 1536w, https:\/\/jblanz.de\/WP\/wp-content\/uploads\/2026\/05\/26Albanien-780-2048x1152.jpg 2048w\" sizes=\"auto, (max-width: 2560px) 100vw, 2560px\" \/><\/figure>\n\n\n\n<figure class=\"wp-block-image size-full\"><img loading=\"lazy\" decoding=\"async\" width=\"2560\" height=\"1440\" data-id=\"31362\" src=\"https:\/\/jblanz.de\/WP\/wp-content\/uploads\/2026\/05\/26Albanien-778-scaled.jpg\" alt=\"\" class=\"wp-image-31362\" srcset=\"https:\/\/jblanz.de\/WP\/wp-content\/uploads\/2026\/05\/26Albanien-778-scaled.jpg 2560w, https:\/\/jblanz.de\/WP\/wp-content\/uploads\/2026\/05\/26Albanien-778-300x169.jpg 300w, https:\/\/jblanz.de\/WP\/wp-content\/uploads\/2026\/05\/26Albanien-778-1024x576.jpg 1024w, https:\/\/jblanz.de\/WP\/wp-content\/uploads\/2026\/05\/26Albanien-778-768x432.jpg 768w, https:\/\/jblanz.de\/WP\/wp-content\/uploads\/2026\/05\/26Albanien-778-1536x864.jpg 1536w, https:\/\/jblanz.de\/WP\/wp-content\/uploads\/2026\/05\/26Albanien-778-2048x1152.jpg 2048w\" sizes=\"auto, (max-width: 2560px) 100vw, 2560px\" \/><\/figure>\n\n\n\n<figure class=\"wp-block-image size-full\"><img loading=\"lazy\" decoding=\"async\" width=\"2560\" height=\"1440\" data-id=\"31358\" src=\"https:\/\/jblanz.de\/WP\/wp-content\/uploads\/2026\/05\/26Albanien-777-scaled.jpg\" alt=\"\" class=\"wp-image-31358\" srcset=\"https:\/\/jblanz.de\/WP\/wp-content\/uploads\/2026\/05\/26Albanien-777-scaled.jpg 2560w, https:\/\/jblanz.de\/WP\/wp-content\/uploads\/2026\/05\/26Albanien-777-300x169.jpg 300w, https:\/\/jblanz.de\/WP\/wp-content\/uploads\/2026\/05\/26Albanien-777-1024x576.jpg 1024w, https:\/\/jblanz.de\/WP\/wp-content\/uploads\/2026\/05\/26Albanien-777-768x432.jpg 768w, https:\/\/jblanz.de\/WP\/wp-content\/uploads\/2026\/05\/26Albanien-777-1536x864.jpg 1536w, https:\/\/jblanz.de\/WP\/wp-content\/uploads\/2026\/05\/26Albanien-777-2048x1152.jpg 2048w\" sizes=\"auto, (max-width: 2560px) 100vw, 2560px\" \/><\/figure>\n\n\n\n<figure class=\"wp-block-image size-full\"><img loading=\"lazy\" decoding=\"async\" width=\"2560\" height=\"1440\" data-id=\"31361\" src=\"https:\/\/jblanz.de\/WP\/wp-content\/uploads\/2026\/05\/26Albanien-775-scaled.jpg\" alt=\"\" class=\"wp-image-31361\" srcset=\"https:\/\/jblanz.de\/WP\/wp-content\/uploads\/2026\/05\/26Albanien-775-scaled.jpg 2560w, https:\/\/jblanz.de\/WP\/wp-content\/uploads\/2026\/05\/26Albanien-775-300x169.jpg 300w, https:\/\/jblanz.de\/WP\/wp-content\/uploads\/2026\/05\/26Albanien-775-1024x576.jpg 1024w, https:\/\/jblanz.de\/WP\/wp-content\/uploads\/2026\/05\/26Albanien-775-768x432.jpg 768w, https:\/\/jblanz.de\/WP\/wp-content\/uploads\/2026\/05\/26Albanien-775-1536x864.jpg 1536w, https:\/\/jblanz.de\/WP\/wp-content\/uploads\/2026\/05\/26Albanien-775-2048x1152.jpg 2048w\" sizes=\"auto, (max-width: 2560px) 100vw, 2560px\" \/><\/figure>\n\n\n\n<figure class=\"wp-block-image size-full\"><img loading=\"lazy\" decoding=\"async\" width=\"1601\" height=\"901\" data-id=\"31356\" src=\"https:\/\/jblanz.de\/WP\/wp-content\/uploads\/2026\/05\/26Albanien-776.jpg\" alt=\"\" class=\"wp-image-31356\" srcset=\"https:\/\/jblanz.de\/WP\/wp-content\/uploads\/2026\/05\/26Albanien-776.jpg 1601w, https:\/\/jblanz.de\/WP\/wp-content\/uploads\/2026\/05\/26Albanien-776-300x169.jpg 300w, https:\/\/jblanz.de\/WP\/wp-content\/uploads\/2026\/05\/26Albanien-776-1024x576.jpg 1024w, https:\/\/jblanz.de\/WP\/wp-content\/uploads\/2026\/05\/26Albanien-776-768x432.jpg 768w, https:\/\/jblanz.de\/WP\/wp-content\/uploads\/2026\/05\/26Albanien-776-1536x864.jpg 1536w\" sizes=\"auto, (max-width: 1601px) 100vw, 1601px\" \/><\/figure>\n\n\n\n<figure class=\"wp-block-image size-full\"><img loading=\"lazy\" decoding=\"async\" width=\"2560\" height=\"1440\" data-id=\"31355\" src=\"https:\/\/jblanz.de\/WP\/wp-content\/uploads\/2026\/05\/26Albanien-773-scaled.jpg\" alt=\"\" class=\"wp-image-31355\" srcset=\"https:\/\/jblanz.de\/WP\/wp-content\/uploads\/2026\/05\/26Albanien-773-scaled.jpg 2560w, https:\/\/jblanz.de\/WP\/wp-content\/uploads\/2026\/05\/26Albanien-773-300x169.jpg 300w, https:\/\/jblanz.de\/WP\/wp-content\/uploads\/2026\/05\/26Albanien-773-1024x576.jpg 1024w, https:\/\/jblanz.de\/WP\/wp-content\/uploads\/2026\/05\/26Albanien-773-768x432.jpg 768w, https:\/\/jblanz.de\/WP\/wp-content\/uploads\/2026\/05\/26Albanien-773-1536x864.jpg 1536w, https:\/\/jblanz.de\/WP\/wp-content\/uploads\/2026\/05\/26Albanien-773-2048x1152.jpg 2048w\" sizes=\"auto, (max-width: 2560px) 100vw, 2560px\" \/><\/figure>\n\n\n\n<figure class=\"wp-block-image size-full\"><img loading=\"lazy\" decoding=\"async\" width=\"2560\" height=\"1440\" data-id=\"31353\" src=\"https:\/\/jblanz.de\/WP\/wp-content\/uploads\/2026\/05\/26Albanien-774-scaled.jpg\" alt=\"\" class=\"wp-image-31353\" srcset=\"https:\/\/jblanz.de\/WP\/wp-content\/uploads\/2026\/05\/26Albanien-774-scaled.jpg 2560w, https:\/\/jblanz.de\/WP\/wp-content\/uploads\/2026\/05\/26Albanien-774-300x169.jpg 300w, https:\/\/jblanz.de\/WP\/wp-content\/uploads\/2026\/05\/26Albanien-774-1024x576.jpg 1024w, https:\/\/jblanz.de\/WP\/wp-content\/uploads\/2026\/05\/26Albanien-774-768x432.jpg 768w, https:\/\/jblanz.de\/WP\/wp-content\/uploads\/2026\/05\/26Albanien-774-1536x864.jpg 1536w, https:\/\/jblanz.de\/WP\/wp-content\/uploads\/2026\/05\/26Albanien-774-2048x1152.jpg 2048w\" sizes=\"auto, (max-width: 2560px) 100vw, 2560px\" \/><\/figure>\n\n\n\n<figure class=\"wp-block-image size-full\"><img loading=\"lazy\" decoding=\"async\" width=\"2560\" height=\"1440\" data-id=\"31351\" src=\"https:\/\/jblanz.de\/WP\/wp-content\/uploads\/2026\/05\/26Albanien-771-scaled.jpg\" alt=\"\" class=\"wp-image-31351\" srcset=\"https:\/\/jblanz.de\/WP\/wp-content\/uploads\/2026\/05\/26Albanien-771-scaled.jpg 2560w, https:\/\/jblanz.de\/WP\/wp-content\/uploads\/2026\/05\/26Albanien-771-300x169.jpg 300w, https:\/\/jblanz.de\/WP\/wp-content\/uploads\/2026\/05\/26Albanien-771-1024x576.jpg 1024w, https:\/\/jblanz.de\/WP\/wp-content\/uploads\/2026\/05\/26Albanien-771-768x432.jpg 768w, https:\/\/jblanz.de\/WP\/wp-content\/uploads\/2026\/05\/26Albanien-771-1536x864.jpg 1536w, https:\/\/jblanz.de\/WP\/wp-content\/uploads\/2026\/05\/26Albanien-771-2048x1152.jpg 2048w\" sizes=\"auto, (max-width: 2560px) 100vw, 2560px\" \/><\/figure>\n<\/figure>\n\n\n\n<p>Im Internet hatten wir gute Rezensionen einer Lithos Taverne gelesen und machten uns auf die Suche nach diesem Restaurant, das etwas weiter im Inneren des Dorfs sein sollte. Wir fanden es nicht, kamen aber an einer Eckkneipe vorbei, in der nur \u00e4ltere Griechen sa\u00dfen und Meze a\u00dfen. Sofort war klar, dass wir uns dazusetzen mussten, um ebenfalls Meze zu geniessen. Meze ist ein kleiner Teller mit Gyros, grossen weissen Bohnen, Oliven, Feta und Pommes, von allem ein kleines St\u00fcck. Es schmeckte sehr gut und ein Ouzo passte perfekt dazu. Der Wirt sagte 30 \u20ac auf deutsch als ich bezahlen wollte. Als ich sagte, dass das zu viel w\u00e4re, korrgierte er sich und meinte nat\u00fcrlich dreizehn Euro. Sein Deutsch war etwas eingerostet. Eine alte Klimaanlage versah noch ihre Dienste. Wir kauften noch Brot und etwas S\u00fc\u00dfes zu Kaffee und fuhren zur\u00fcck.\u00a0<\/p>\n\n\n\n<figure class=\"wp-block-gallery has-nested-images columns-2 is-cropped wp-block-gallery-4 is-layout-flex wp-block-gallery-is-layout-flex\">\n<figure class=\"wp-block-image size-full\"><img loading=\"lazy\" decoding=\"async\" width=\"2560\" height=\"1440\" data-id=\"31366\" src=\"https:\/\/jblanz.de\/WP\/wp-content\/uploads\/2026\/05\/26Albanien-791-scaled.jpg\" alt=\"\" class=\"wp-image-31366\" srcset=\"https:\/\/jblanz.de\/WP\/wp-content\/uploads\/2026\/05\/26Albanien-791-scaled.jpg 2560w, https:\/\/jblanz.de\/WP\/wp-content\/uploads\/2026\/05\/26Albanien-791-300x169.jpg 300w, https:\/\/jblanz.de\/WP\/wp-content\/uploads\/2026\/05\/26Albanien-791-1024x576.jpg 1024w, https:\/\/jblanz.de\/WP\/wp-content\/uploads\/2026\/05\/26Albanien-791-768x432.jpg 768w, https:\/\/jblanz.de\/WP\/wp-content\/uploads\/2026\/05\/26Albanien-791-1536x864.jpg 1536w, https:\/\/jblanz.de\/WP\/wp-content\/uploads\/2026\/05\/26Albanien-791-2048x1152.jpg 2048w\" sizes=\"auto, (max-width: 2560px) 100vw, 2560px\" \/><\/figure>\n\n\n\n<figure class=\"wp-block-image size-full\"><img loading=\"lazy\" decoding=\"async\" width=\"2560\" height=\"1440\" data-id=\"31367\" src=\"https:\/\/jblanz.de\/WP\/wp-content\/uploads\/2026\/05\/26Albanien-790-scaled.jpg\" alt=\"\" class=\"wp-image-31367\" srcset=\"https:\/\/jblanz.de\/WP\/wp-content\/uploads\/2026\/05\/26Albanien-790-scaled.jpg 2560w, https:\/\/jblanz.de\/WP\/wp-content\/uploads\/2026\/05\/26Albanien-790-300x169.jpg 300w, https:\/\/jblanz.de\/WP\/wp-content\/uploads\/2026\/05\/26Albanien-790-1024x576.jpg 1024w, https:\/\/jblanz.de\/WP\/wp-content\/uploads\/2026\/05\/26Albanien-790-768x432.jpg 768w, https:\/\/jblanz.de\/WP\/wp-content\/uploads\/2026\/05\/26Albanien-790-1536x864.jpg 1536w, https:\/\/jblanz.de\/WP\/wp-content\/uploads\/2026\/05\/26Albanien-790-2048x1152.jpg 2048w\" sizes=\"auto, (max-width: 2560px) 100vw, 2560px\" \/><\/figure>\n\n\n\n<figure class=\"wp-block-image size-full\"><img loading=\"lazy\" decoding=\"async\" width=\"2560\" height=\"1440\" data-id=\"31370\" src=\"https:\/\/jblanz.de\/WP\/wp-content\/uploads\/2026\/05\/26Albanien-787-scaled.jpg\" alt=\"\" class=\"wp-image-31370\" srcset=\"https:\/\/jblanz.de\/WP\/wp-content\/uploads\/2026\/05\/26Albanien-787-scaled.jpg 2560w, https:\/\/jblanz.de\/WP\/wp-content\/uploads\/2026\/05\/26Albanien-787-300x169.jpg 300w, https:\/\/jblanz.de\/WP\/wp-content\/uploads\/2026\/05\/26Albanien-787-1024x576.jpg 1024w, https:\/\/jblanz.de\/WP\/wp-content\/uploads\/2026\/05\/26Albanien-787-768x432.jpg 768w, https:\/\/jblanz.de\/WP\/wp-content\/uploads\/2026\/05\/26Albanien-787-1536x864.jpg 1536w, https:\/\/jblanz.de\/WP\/wp-content\/uploads\/2026\/05\/26Albanien-787-2048x1152.jpg 2048w\" sizes=\"auto, (max-width: 2560px) 100vw, 2560px\" \/><\/figure>\n\n\n\n<figure class=\"wp-block-image size-full\"><img loading=\"lazy\" decoding=\"async\" width=\"2560\" height=\"1440\" data-id=\"31368\" src=\"https:\/\/jblanz.de\/WP\/wp-content\/uploads\/2026\/05\/26Albanien-792-scaled.jpg\" alt=\"\" class=\"wp-image-31368\" srcset=\"https:\/\/jblanz.de\/WP\/wp-content\/uploads\/2026\/05\/26Albanien-792-scaled.jpg 2560w, https:\/\/jblanz.de\/WP\/wp-content\/uploads\/2026\/05\/26Albanien-792-300x169.jpg 300w, https:\/\/jblanz.de\/WP\/wp-content\/uploads\/2026\/05\/26Albanien-792-1024x576.jpg 1024w, https:\/\/jblanz.de\/WP\/wp-content\/uploads\/2026\/05\/26Albanien-792-768x432.jpg 768w, https:\/\/jblanz.de\/WP\/wp-content\/uploads\/2026\/05\/26Albanien-792-1536x864.jpg 1536w, https:\/\/jblanz.de\/WP\/wp-content\/uploads\/2026\/05\/26Albanien-792-2048x1152.jpg 2048w\" sizes=\"auto, (max-width: 2560px) 100vw, 2560px\" \/><\/figure>\n\n\n\n<figure class=\"wp-block-image size-full\"><img loading=\"lazy\" decoding=\"async\" width=\"2560\" height=\"1440\" data-id=\"31369\" src=\"https:\/\/jblanz.de\/WP\/wp-content\/uploads\/2026\/05\/26Albanien-788-scaled.jpg\" alt=\"\" class=\"wp-image-31369\" srcset=\"https:\/\/jblanz.de\/WP\/wp-content\/uploads\/2026\/05\/26Albanien-788-scaled.jpg 2560w, https:\/\/jblanz.de\/WP\/wp-content\/uploads\/2026\/05\/26Albanien-788-300x169.jpg 300w, https:\/\/jblanz.de\/WP\/wp-content\/uploads\/2026\/05\/26Albanien-788-1024x576.jpg 1024w, https:\/\/jblanz.de\/WP\/wp-content\/uploads\/2026\/05\/26Albanien-788-768x432.jpg 768w, https:\/\/jblanz.de\/WP\/wp-content\/uploads\/2026\/05\/26Albanien-788-1536x864.jpg 1536w, https:\/\/jblanz.de\/WP\/wp-content\/uploads\/2026\/05\/26Albanien-788-2048x1152.jpg 2048w\" sizes=\"auto, (max-width: 2560px) 100vw, 2560px\" \/><\/figure>\n<\/figure>\n\n\n\n<p>Die Sonne schien und wir beschlossen sofort zum Strand zu fahren und im Meer zu baden. Ich ging als Erster rein und war \u00fcberrascht, dass das Wasser gar nicht kalt war &#8211; meine Uhr zeigte 19 \u00b0C und in Armestiefe 18 \u00b0C. Wir blieben wirklich eine ganze Weile im Wasser.<\/p>\n\n\n\n<figure class=\"wp-block-gallery has-nested-images columns-2 is-cropped wp-block-gallery-5 is-layout-flex wp-block-gallery-is-layout-flex\" style=\"border-style:none;border-width:0px;border-top-left-radius:0px;border-top-right-radius:0px;border-bottom-left-radius:0px;border-bottom-right-radius:0px\">\n<figure class=\"wp-block-image size-full\"><img loading=\"lazy\" decoding=\"async\" width=\"2099\" height=\"1181\" data-id=\"31373\" src=\"https:\/\/jblanz.de\/WP\/wp-content\/uploads\/2026\/05\/26Albanien-793.jpg\" alt=\"\" class=\"wp-image-31373\" srcset=\"https:\/\/jblanz.de\/WP\/wp-content\/uploads\/2026\/05\/26Albanien-793.jpg 2099w, https:\/\/jblanz.de\/WP\/wp-content\/uploads\/2026\/05\/26Albanien-793-300x169.jpg 300w, https:\/\/jblanz.de\/WP\/wp-content\/uploads\/2026\/05\/26Albanien-793-1024x576.jpg 1024w, https:\/\/jblanz.de\/WP\/wp-content\/uploads\/2026\/05\/26Albanien-793-768x432.jpg 768w, https:\/\/jblanz.de\/WP\/wp-content\/uploads\/2026\/05\/26Albanien-793-1536x864.jpg 1536w, https:\/\/jblanz.de\/WP\/wp-content\/uploads\/2026\/05\/26Albanien-793-2048x1152.jpg 2048w\" sizes=\"auto, (max-width: 2099px) 100vw, 2099px\" \/><\/figure>\n\n\n\n<figure class=\"wp-block-image size-full\"><img loading=\"lazy\" decoding=\"async\" width=\"2268\" height=\"1276\" data-id=\"31372\" src=\"https:\/\/jblanz.de\/WP\/wp-content\/uploads\/2026\/05\/26Albanien-796.jpg\" alt=\"\" class=\"wp-image-31372\" srcset=\"https:\/\/jblanz.de\/WP\/wp-content\/uploads\/2026\/05\/26Albanien-796.jpg 2268w, https:\/\/jblanz.de\/WP\/wp-content\/uploads\/2026\/05\/26Albanien-796-300x169.jpg 300w, https:\/\/jblanz.de\/WP\/wp-content\/uploads\/2026\/05\/26Albanien-796-1024x576.jpg 1024w, https:\/\/jblanz.de\/WP\/wp-content\/uploads\/2026\/05\/26Albanien-796-768x432.jpg 768w, https:\/\/jblanz.de\/WP\/wp-content\/uploads\/2026\/05\/26Albanien-796-1536x864.jpg 1536w, https:\/\/jblanz.de\/WP\/wp-content\/uploads\/2026\/05\/26Albanien-796-2048x1152.jpg 2048w\" sizes=\"auto, (max-width: 2268px) 100vw, 2268px\" \/><\/figure>\n\n\n\n<figure class=\"wp-block-image size-full\"><img loading=\"lazy\" decoding=\"async\" width=\"2560\" height=\"1440\" data-id=\"31371\" src=\"https:\/\/jblanz.de\/WP\/wp-content\/uploads\/2026\/05\/26Albanien-797-scaled.jpg\" alt=\"\" class=\"wp-image-31371\" srcset=\"https:\/\/jblanz.de\/WP\/wp-content\/uploads\/2026\/05\/26Albanien-797-scaled.jpg 2560w, https:\/\/jblanz.de\/WP\/wp-content\/uploads\/2026\/05\/26Albanien-797-300x169.jpg 300w, https:\/\/jblanz.de\/WP\/wp-content\/uploads\/2026\/05\/26Albanien-797-1024x576.jpg 1024w, https:\/\/jblanz.de\/WP\/wp-content\/uploads\/2026\/05\/26Albanien-797-768x432.jpg 768w, https:\/\/jblanz.de\/WP\/wp-content\/uploads\/2026\/05\/26Albanien-797-1536x864.jpg 1536w, https:\/\/jblanz.de\/WP\/wp-content\/uploads\/2026\/05\/26Albanien-797-2048x1152.jpg 2048w\" sizes=\"auto, (max-width: 2560px) 100vw, 2560px\" \/><\/figure>\n<\/figure>\n\n\n\n<p>Wir haben neue Nachbarn bekommen, ein Ehepaar aus Wien und ein Ehepaar aus Luzern. Ist ein lustiges Dialektgespr\u00e4ch, wenn man miteinander redet. Ich kaufte noch Rotwein, einen Naoussa, Kalamata-Oliven, Ouzo und Feta im Supermarkt am Camping f\u00fcr das heutige Abendessen. Wenn man hier griechischen Salat bestellt, sind nur 3-5 Oliven dabei. Zu wenig f\u00fcr meinen Geschmack. <\/p>\n\n\n\n<p>Tom, schau dir mal das Etikett an. Die Griechen haben ein anderes Alphabet.\u00a0<\/p>\n\n\n\n<figure class=\"wp-block-image size-large\"><img loading=\"lazy\" decoding=\"async\" width=\"1024\" height=\"576\" src=\"https:\/\/jblanz.de\/WP\/wp-content\/uploads\/2026\/05\/26Albanien-800-1024x576.jpg\" alt=\"\" class=\"wp-image-31374\" srcset=\"https:\/\/jblanz.de\/WP\/wp-content\/uploads\/2026\/05\/26Albanien-800-1024x576.jpg 1024w, https:\/\/jblanz.de\/WP\/wp-content\/uploads\/2026\/05\/26Albanien-800-300x169.jpg 300w, https:\/\/jblanz.de\/WP\/wp-content\/uploads\/2026\/05\/26Albanien-800-768x432.jpg 768w, https:\/\/jblanz.de\/WP\/wp-content\/uploads\/2026\/05\/26Albanien-800-1536x864.jpg 1536w, https:\/\/jblanz.de\/WP\/wp-content\/uploads\/2026\/05\/26Albanien-800-2048x1152.jpg 2048w\" sizes=\"auto, (max-width: 1024px) 100vw, 1024px\" \/><\/figure>\n\n\n\n<p>Gegen Abend verschwand die Sonne und es wurde doch so k\u00fchl, dass man nur mit langer Hose und Pulli im Freien sitzen konnte.<\/p>\n","protected":false},"excerpt":{"rendered":"<p>Heute morgen schien wieder die Sonne, aber sie wechselte sich immer wieder mit Wolken ab. Wir stiegen auf die Fahrr\u00e4der<\/p>\n","protected":false},"author":1,"featured_media":31342,"comment_status":"open","ping_status":"open","sticky":false,"template":"","format":"standard","meta":{"colormag_page_container_layout":"default_layout","colormag_page_sidebar_layout":"default_layout","_monsterinsights_skip_tracking":false,"_monsterinsights_sitenote_active":false,"_monsterinsights_sitenote_note":"","_monsterinsights_sitenote_category":0,"footnotes":""},"categories":[269,351,350,306,159,301,268],"tags":[],"class_list":["post-31330","post","type-post","status-publish","format-standard","has-post-thumbnail","hentry","category-2020-jahr","category-2026-2","category-350","category-a-j","category-europa","category-griechenland","category-jahr"],"yoast_head":"<!-- This site is optimized with the Yoast SEO plugin v27.4 - https:\/\/yoast.com\/product\/yoast-seo-wordpress\/ -->\n<title>01. Mai 2026 - Parga - Reiseblog von Karin &amp; Joachim<\/title>\n<meta name=\"robots\" content=\"index, follow, max-snippet:-1, max-image-preview:large, max-video-preview:-1\" \/>\n<link rel=\"canonical\" href=\"https:\/\/jblanz.de\/WP\/01-mai-2026-parga\/\" \/>\n<meta property=\"og:locale\" content=\"de_DE\" \/>\n<meta property=\"og:type\" content=\"article\" \/>\n<meta property=\"og:title\" content=\"01. Mai 2026 - Parga - Reiseblog von Karin &amp; Joachim\" \/>\n<meta property=\"og:description\" content=\"Heute morgen schien wieder die Sonne, aber sie wechselte sich immer wieder mit Wolken ab. Wir stiegen auf die Fahrr\u00e4der\" \/>\n<meta property=\"og:url\" content=\"https:\/\/jblanz.de\/WP\/01-mai-2026-parga\/\" \/>\n<meta property=\"og:site_name\" content=\"Reiseblog von Karin &amp; Joachim\" \/>\n<meta property=\"article:published_time\" content=\"2026-05-01T13:12:52+00:00\" \/>\n<meta property=\"article:modified_time\" content=\"2026-05-01T15:57:27+00:00\" \/>\n<meta property=\"og:image\" content=\"https:\/\/jblanz.de\/WP\/wp-content\/uploads\/2026\/05\/26Albanien-767-scaled.jpg\" \/>\n\t<meta property=\"og:image:width\" content=\"2560\" \/>\n\t<meta property=\"og:image:height\" content=\"1440\" \/>\n\t<meta property=\"og:image:type\" content=\"image\/jpeg\" \/>\n<meta name=\"author\" content=\"Achim\" \/>\n<meta name=\"twitter:card\" content=\"summary_large_image\" \/>\n<meta name=\"twitter:label1\" content=\"Verfasst von\" \/>\n\t<meta name=\"twitter:data1\" content=\"Achim\" \/>\n\t<meta name=\"twitter:label2\" content=\"Gesch\u00e4tzte Lesezeit\" \/>\n\t<meta name=\"twitter:data2\" content=\"8\u00a0Minuten\" \/>\n<script type=\"application\/ld+json\" class=\"yoast-schema-graph\">{\"@context\":\"https:\\\/\\\/schema.org\",\"@graph\":[{\"@type\":\"Article\",\"@id\":\"https:\\\/\\\/jblanz.de\\\/WP\\\/01-mai-2026-parga\\\/#article\",\"isPartOf\":{\"@id\":\"https:\\\/\\\/jblanz.de\\\/WP\\\/01-mai-2026-parga\\\/\"},\"author\":{\"name\":\"Achim\",\"@id\":\"https:\\\/\\\/jblanz.de\\\/WP\\\/#\\\/schema\\\/person\\\/17a70f07162e42bc0b181c22397286e0\"},\"headline\":\"01. Mai 2026 &#8211; Parga\",\"datePublished\":\"2026-05-01T13:12:52+00:00\",\"dateModified\":\"2026-05-01T15:57:27+00:00\",\"mainEntityOfPage\":{\"@id\":\"https:\\\/\\\/jblanz.de\\\/WP\\\/01-mai-2026-parga\\\/\"},\"wordCount\":480,\"commentCount\":0,\"publisher\":{\"@id\":\"https:\\\/\\\/jblanz.de\\\/WP\\\/#\\\/schema\\\/person\\\/17a70f07162e42bc0b181c22397286e0\"},\"image\":{\"@id\":\"https:\\\/\\\/jblanz.de\\\/WP\\\/01-mai-2026-parga\\\/#primaryimage\"},\"thumbnailUrl\":\"https:\\\/\\\/jblanz.de\\\/WP\\\/wp-content\\\/uploads\\\/2026\\\/05\\\/26Albanien-767-scaled.jpg\",\"articleSection\":[\"2020+\",\"2026\",\"2026\",\"A-J\",\"Europa\",\"Griechenland\",\"Jahr\"],\"inLanguage\":\"de\",\"potentialAction\":[{\"@type\":\"CommentAction\",\"name\":\"Comment\",\"target\":[\"https:\\\/\\\/jblanz.de\\\/WP\\\/01-mai-2026-parga\\\/#respond\"]}]},{\"@type\":\"WebPage\",\"@id\":\"https:\\\/\\\/jblanz.de\\\/WP\\\/01-mai-2026-parga\\\/\",\"url\":\"https:\\\/\\\/jblanz.de\\\/WP\\\/01-mai-2026-parga\\\/\",\"name\":\"01. Mai 2026 - Parga - Reiseblog von Karin &amp; Joachim\",\"isPartOf\":{\"@id\":\"https:\\\/\\\/jblanz.de\\\/WP\\\/#website\"},\"primaryImageOfPage\":{\"@id\":\"https:\\\/\\\/jblanz.de\\\/WP\\\/01-mai-2026-parga\\\/#primaryimage\"},\"image\":{\"@id\":\"https:\\\/\\\/jblanz.de\\\/WP\\\/01-mai-2026-parga\\\/#primaryimage\"},\"thumbnailUrl\":\"https:\\\/\\\/jblanz.de\\\/WP\\\/wp-content\\\/uploads\\\/2026\\\/05\\\/26Albanien-767-scaled.jpg\",\"datePublished\":\"2026-05-01T13:12:52+00:00\",\"dateModified\":\"2026-05-01T15:57:27+00:00\",\"breadcrumb\":{\"@id\":\"https:\\\/\\\/jblanz.de\\\/WP\\\/01-mai-2026-parga\\\/#breadcrumb\"},\"inLanguage\":\"de\",\"potentialAction\":[{\"@type\":\"ReadAction\",\"target\":[\"https:\\\/\\\/jblanz.de\\\/WP\\\/01-mai-2026-parga\\\/\"]}]},{\"@type\":\"ImageObject\",\"inLanguage\":\"de\",\"@id\":\"https:\\\/\\\/jblanz.de\\\/WP\\\/01-mai-2026-parga\\\/#primaryimage\",\"url\":\"https:\\\/\\\/jblanz.de\\\/WP\\\/wp-content\\\/uploads\\\/2026\\\/05\\\/26Albanien-767-scaled.jpg\",\"contentUrl\":\"https:\\\/\\\/jblanz.de\\\/WP\\\/wp-content\\\/uploads\\\/2026\\\/05\\\/26Albanien-767-scaled.jpg\",\"width\":2560,\"height\":1440},{\"@type\":\"BreadcrumbList\",\"@id\":\"https:\\\/\\\/jblanz.de\\\/WP\\\/01-mai-2026-parga\\\/#breadcrumb\",\"itemListElement\":[{\"@type\":\"ListItem\",\"position\":1,\"name\":\"Startseite\",\"item\":\"https:\\\/\\\/jblanz.de\\\/WP\\\/\"},{\"@type\":\"ListItem\",\"position\":2,\"name\":\"01. Mai 2026 &#8211; Parga\"}]},{\"@type\":\"WebSite\",\"@id\":\"https:\\\/\\\/jblanz.de\\\/WP\\\/#website\",\"url\":\"https:\\\/\\\/jblanz.de\\\/WP\\\/\",\"name\":\"Reiseblog von Karin & Joachim\",\"description\":\"Wir schreiben den Blog f\u00fcr uns als Erinnerung - f\u00fcr euch als Inspiration\",\"publisher\":{\"@id\":\"https:\\\/\\\/jblanz.de\\\/WP\\\/#\\\/schema\\\/person\\\/17a70f07162e42bc0b181c22397286e0\"},\"potentialAction\":[{\"@type\":\"SearchAction\",\"target\":{\"@type\":\"EntryPoint\",\"urlTemplate\":\"https:\\\/\\\/jblanz.de\\\/WP\\\/?s={search_term_string}\"},\"query-input\":{\"@type\":\"PropertyValueSpecification\",\"valueRequired\":true,\"valueName\":\"search_term_string\"}}],\"inLanguage\":\"de\"},{\"@type\":[\"Person\",\"Organization\"],\"@id\":\"https:\\\/\\\/jblanz.de\\\/WP\\\/#\\\/schema\\\/person\\\/17a70f07162e42bc0b181c22397286e0\",\"name\":\"Achim\",\"image\":{\"@type\":\"ImageObject\",\"inLanguage\":\"de\",\"@id\":\"https:\\\/\\\/secure.gravatar.com\\\/avatar\\\/b7ab31bc55956af4a9bebf7fd034761212b11b803b7e39464914d6abeefb12f3?s=96&d=mm&r=g\",\"url\":\"https:\\\/\\\/secure.gravatar.com\\\/avatar\\\/b7ab31bc55956af4a9bebf7fd034761212b11b803b7e39464914d6abeefb12f3?s=96&d=mm&r=g\",\"contentUrl\":\"https:\\\/\\\/secure.gravatar.com\\\/avatar\\\/b7ab31bc55956af4a9bebf7fd034761212b11b803b7e39464914d6abeefb12f3?s=96&d=mm&r=g\",\"caption\":\"Achim\"},\"logo\":{\"@id\":\"https:\\\/\\\/secure.gravatar.com\\\/avatar\\\/b7ab31bc55956af4a9bebf7fd034761212b11b803b7e39464914d6abeefb12f3?s=96&d=mm&r=g\"},\"url\":\"https:\\\/\\\/jblanz.de\\\/WP\\\/author\\\/achim\\\/\"}]}<\/script>\n<!-- \/ Yoast SEO plugin. -->","yoast_head_json":{"title":"01. Mai 2026 - Parga - Reiseblog von Karin &amp; Joachim","robots":{"index":"index","follow":"follow","max-snippet":"max-snippet:-1","max-image-preview":"max-image-preview:large","max-video-preview":"max-video-preview:-1"},"canonical":"https:\/\/jblanz.de\/WP\/01-mai-2026-parga\/","og_locale":"de_DE","og_type":"article","og_title":"01. Mai 2026 - Parga - Reiseblog von Karin &amp; Joachim","og_description":"Heute morgen schien wieder die Sonne, aber sie wechselte sich immer wieder mit Wolken ab. Wir stiegen auf die Fahrr\u00e4der","og_url":"https:\/\/jblanz.de\/WP\/01-mai-2026-parga\/","og_site_name":"Reiseblog von Karin &amp; Joachim","article_published_time":"2026-05-01T13:12:52+00:00","article_modified_time":"2026-05-01T15:57:27+00:00","og_image":[{"width":2560,"height":1440,"url":"https:\/\/jblanz.de\/WP\/wp-content\/uploads\/2026\/05\/26Albanien-767-scaled.jpg","type":"image\/jpeg"}],"author":"Achim","twitter_card":"summary_large_image","twitter_misc":{"Verfasst von":"Achim","Gesch\u00e4tzte Lesezeit":"8\u00a0Minuten"},"schema":{"@context":"https:\/\/schema.org","@graph":[{"@type":"Article","@id":"https:\/\/jblanz.de\/WP\/01-mai-2026-parga\/#article","isPartOf":{"@id":"https:\/\/jblanz.de\/WP\/01-mai-2026-parga\/"},"author":{"name":"Achim","@id":"https:\/\/jblanz.de\/WP\/#\/schema\/person\/17a70f07162e42bc0b181c22397286e0"},"headline":"01. Mai 2026 &#8211; Parga","datePublished":"2026-05-01T13:12:52+00:00","dateModified":"2026-05-01T15:57:27+00:00","mainEntityOfPage":{"@id":"https:\/\/jblanz.de\/WP\/01-mai-2026-parga\/"},"wordCount":480,"commentCount":0,"publisher":{"@id":"https:\/\/jblanz.de\/WP\/#\/schema\/person\/17a70f07162e42bc0b181c22397286e0"},"image":{"@id":"https:\/\/jblanz.de\/WP\/01-mai-2026-parga\/#primaryimage"},"thumbnailUrl":"https:\/\/jblanz.de\/WP\/wp-content\/uploads\/2026\/05\/26Albanien-767-scaled.jpg","articleSection":["2020+","2026","2026","A-J","Europa","Griechenland","Jahr"],"inLanguage":"de","potentialAction":[{"@type":"CommentAction","name":"Comment","target":["https:\/\/jblanz.de\/WP\/01-mai-2026-parga\/#respond"]}]},{"@type":"WebPage","@id":"https:\/\/jblanz.de\/WP\/01-mai-2026-parga\/","url":"https:\/\/jblanz.de\/WP\/01-mai-2026-parga\/","name":"01. Mai 2026 - Parga - Reiseblog von Karin &amp; Joachim","isPartOf":{"@id":"https:\/\/jblanz.de\/WP\/#website"},"primaryImageOfPage":{"@id":"https:\/\/jblanz.de\/WP\/01-mai-2026-parga\/#primaryimage"},"image":{"@id":"https:\/\/jblanz.de\/WP\/01-mai-2026-parga\/#primaryimage"},"thumbnailUrl":"https:\/\/jblanz.de\/WP\/wp-content\/uploads\/2026\/05\/26Albanien-767-scaled.jpg","datePublished":"2026-05-01T13:12:52+00:00","dateModified":"2026-05-01T15:57:27+00:00","breadcrumb":{"@id":"https:\/\/jblanz.de\/WP\/01-mai-2026-parga\/#breadcrumb"},"inLanguage":"de","potentialAction":[{"@type":"ReadAction","target":["https:\/\/jblanz.de\/WP\/01-mai-2026-parga\/"]}]},{"@type":"ImageObject","inLanguage":"de","@id":"https:\/\/jblanz.de\/WP\/01-mai-2026-parga\/#primaryimage","url":"https:\/\/jblanz.de\/WP\/wp-content\/uploads\/2026\/05\/26Albanien-767-scaled.jpg","contentUrl":"https:\/\/jblanz.de\/WP\/wp-content\/uploads\/2026\/05\/26Albanien-767-scaled.jpg","width":2560,"height":1440},{"@type":"BreadcrumbList","@id":"https:\/\/jblanz.de\/WP\/01-mai-2026-parga\/#breadcrumb","itemListElement":[{"@type":"ListItem","position":1,"name":"Startseite","item":"https:\/\/jblanz.de\/WP\/"},{"@type":"ListItem","position":2,"name":"01. Mai 2026 &#8211; Parga"}]},{"@type":"WebSite","@id":"https:\/\/jblanz.de\/WP\/#website","url":"https:\/\/jblanz.de\/WP\/","name":"Reiseblog von Karin & Joachim","description":"Wir schreiben den Blog f\u00fcr uns als Erinnerung - f\u00fcr euch als Inspiration","publisher":{"@id":"https:\/\/jblanz.de\/WP\/#\/schema\/person\/17a70f07162e42bc0b181c22397286e0"},"potentialAction":[{"@type":"SearchAction","target":{"@type":"EntryPoint","urlTemplate":"https:\/\/jblanz.de\/WP\/?s={search_term_string}"},"query-input":{"@type":"PropertyValueSpecification","valueRequired":true,"valueName":"search_term_string"}}],"inLanguage":"de"},{"@type":["Person","Organization"],"@id":"https:\/\/jblanz.de\/WP\/#\/schema\/person\/17a70f07162e42bc0b181c22397286e0","name":"Achim","image":{"@type":"ImageObject","inLanguage":"de","@id":"https:\/\/secure.gravatar.com\/avatar\/b7ab31bc55956af4a9bebf7fd034761212b11b803b7e39464914d6abeefb12f3?s=96&d=mm&r=g","url":"https:\/\/secure.gravatar.com\/avatar\/b7ab31bc55956af4a9bebf7fd034761212b11b803b7e39464914d6abeefb12f3?s=96&d=mm&r=g","contentUrl":"https:\/\/secure.gravatar.com\/avatar\/b7ab31bc55956af4a9bebf7fd034761212b11b803b7e39464914d6abeefb12f3?s=96&d=mm&r=g","caption":"Achim"},"logo":{"@id":"https:\/\/secure.gravatar.com\/avatar\/b7ab31bc55956af4a9bebf7fd034761212b11b803b7e39464914d6abeefb12f3?s=96&d=mm&r=g"},"url":"https:\/\/jblanz.de\/WP\/author\/achim\/"}]}},"_links":{"self":[{"href":"https:\/\/jblanz.de\/WP\/wp-json\/wp\/v2\/posts\/31330","targetHints":{"allow":["GET"]}}],"collection":[{"href":"https:\/\/jblanz.de\/WP\/wp-json\/wp\/v2\/posts"}],"about":[{"href":"https:\/\/jblanz.de\/WP\/wp-json\/wp\/v2\/types\/post"}],"author":[{"embeddable":true,"href":"https:\/\/jblanz.de\/WP\/wp-json\/wp\/v2\/users\/1"}],"replies":[{"embeddable":true,"href":"https:\/\/jblanz.de\/WP\/wp-json\/wp\/v2\/comments?post=31330"}],"version-history":[{"count":10,"href":"https:\/\/jblanz.de\/WP\/wp-json\/wp\/v2\/posts\/31330\/revisions"}],"predecessor-version":[{"id":31401,"href":"https:\/\/jblanz.de\/WP\/wp-json\/wp\/v2\/posts\/31330\/revisions\/31401"}],"wp:featuredmedia":[{"embeddable":true,"href":"https:\/\/jblanz.de\/WP\/wp-json\/wp\/v2\/media\/31342"}],"wp:attachment":[{"href":"https:\/\/jblanz.de\/WP\/wp-json\/wp\/v2\/media?parent=31330"}],"wp:term":[{"taxonomy":"category","embeddable":true,"href":"https:\/\/jblanz.de\/WP\/wp-json\/wp\/v2\/categories?post=31330"},{"taxonomy":"post_tag","embeddable":true,"href":"https:\/\/jblanz.de\/WP\/wp-json\/wp\/v2\/tags?post=31330"}],"curies":[{"name":"wp","href":"https:\/\/api.w.org\/{rel}","templated":true}]}}