{"id":31402,"date":"2026-05-02T19:01:38","date_gmt":"2026-05-02T17:01:38","guid":{"rendered":"https:\/\/jblanz.de\/WP\/?p=31402"},"modified":"2026-05-03T12:22:07","modified_gmt":"2026-05-03T10:22:07","slug":"02-mai-2026-fahrt-nach-lefkada","status":"publish","type":"post","link":"https:\/\/jblanz.de\/WP\/02-mai-2026-fahrt-nach-lefkada\/","title":{"rendered":"02. Mai 2026 &#8211; Fahrt nach Lefkada"},"content":{"rendered":"\n<p>Gestern Abend fing der Regen an, aber heute Morgen war wieder Sonnenschein. Wir fr\u00fchst\u00fcckten neben dem Bus, packten und fuhren gegen 10 Uhr los. An der K\u00fcste entlang kam eine sch\u00f6ne Bucht nach der Anderen. Von einer Anh\u00f6he hatte man gute Sicht auf eine Art Schilfsumpf. Wir wissen nicht genau, um was es sich da handelte.<\/p>\n\n\n\n<figure class=\"wp-block-gallery has-nested-images columns-2 is-cropped wp-block-gallery-2 is-layout-flex wp-block-gallery-is-layout-flex\">\n<figure class=\"wp-block-image size-full\"><img loading=\"lazy\" decoding=\"async\" width=\"2560\" height=\"1440\" data-id=\"31411\" src=\"https:\/\/jblanz.de\/WP\/wp-content\/uploads\/2026\/05\/26Albanien-805-scaled.jpg\" alt=\"\" class=\"wp-image-31411\" srcset=\"https:\/\/jblanz.de\/WP\/wp-content\/uploads\/2026\/05\/26Albanien-805-scaled.jpg 2560w, https:\/\/jblanz.de\/WP\/wp-content\/uploads\/2026\/05\/26Albanien-805-300x169.jpg 300w, https:\/\/jblanz.de\/WP\/wp-content\/uploads\/2026\/05\/26Albanien-805-1024x576.jpg 1024w, https:\/\/jblanz.de\/WP\/wp-content\/uploads\/2026\/05\/26Albanien-805-768x432.jpg 768w, https:\/\/jblanz.de\/WP\/wp-content\/uploads\/2026\/05\/26Albanien-805-1536x864.jpg 1536w, https:\/\/jblanz.de\/WP\/wp-content\/uploads\/2026\/05\/26Albanien-805-2048x1152.jpg 2048w\" sizes=\"auto, (max-width: 2560px) 100vw, 2560px\" \/><\/figure>\n\n\n\n<figure class=\"wp-block-image size-full\"><img loading=\"lazy\" decoding=\"async\" width=\"2560\" height=\"1440\" data-id=\"31412\" src=\"https:\/\/jblanz.de\/WP\/wp-content\/uploads\/2026\/05\/26Albanien-802-scaled.jpg\" alt=\"\" class=\"wp-image-31412\" srcset=\"https:\/\/jblanz.de\/WP\/wp-content\/uploads\/2026\/05\/26Albanien-802-scaled.jpg 2560w, https:\/\/jblanz.de\/WP\/wp-content\/uploads\/2026\/05\/26Albanien-802-300x169.jpg 300w, https:\/\/jblanz.de\/WP\/wp-content\/uploads\/2026\/05\/26Albanien-802-1024x576.jpg 1024w, https:\/\/jblanz.de\/WP\/wp-content\/uploads\/2026\/05\/26Albanien-802-768x432.jpg 768w, https:\/\/jblanz.de\/WP\/wp-content\/uploads\/2026\/05\/26Albanien-802-1536x864.jpg 1536w, https:\/\/jblanz.de\/WP\/wp-content\/uploads\/2026\/05\/26Albanien-802-2048x1152.jpg 2048w\" sizes=\"auto, (max-width: 2560px) 100vw, 2560px\" \/><\/figure>\n\n\n\n<figure class=\"wp-block-image size-full\"><img loading=\"lazy\" decoding=\"async\" width=\"2560\" height=\"1440\" data-id=\"31410\" src=\"https:\/\/jblanz.de\/WP\/wp-content\/uploads\/2026\/05\/26Albanien-806-scaled.jpg\" alt=\"\" class=\"wp-image-31410\" srcset=\"https:\/\/jblanz.de\/WP\/wp-content\/uploads\/2026\/05\/26Albanien-806-scaled.jpg 2560w, https:\/\/jblanz.de\/WP\/wp-content\/uploads\/2026\/05\/26Albanien-806-300x169.jpg 300w, https:\/\/jblanz.de\/WP\/wp-content\/uploads\/2026\/05\/26Albanien-806-1024x576.jpg 1024w, https:\/\/jblanz.de\/WP\/wp-content\/uploads\/2026\/05\/26Albanien-806-768x432.jpg 768w, https:\/\/jblanz.de\/WP\/wp-content\/uploads\/2026\/05\/26Albanien-806-1536x864.jpg 1536w, https:\/\/jblanz.de\/WP\/wp-content\/uploads\/2026\/05\/26Albanien-806-2048x1152.jpg 2048w\" sizes=\"auto, (max-width: 2560px) 100vw, 2560px\" \/><\/figure>\n<\/figure>\n\n\n\n<p>Kurz vor Kanali bogen wir Richtung Arta ab, denn wir wollten den Amvrakikos Wetlands National Park besuchen. Eine Strasse f\u00fchrte \u00fcber Salaora nach Koronisia, einem kleinen Dorf mitten in dieser Lagune. Unterwegs fuhren wir an grossen Orangen- und Kiwiplantagen vorbei. <\/p>\n\n\n\n<figure class=\"wp-block-gallery has-nested-images columns-default is-cropped wp-block-gallery-3 is-layout-flex wp-block-gallery-is-layout-flex\">\n<figure class=\"wp-block-image size-full\"><img loading=\"lazy\" decoding=\"async\" width=\"2560\" height=\"1440\" data-id=\"31444\" src=\"https:\/\/jblanz.de\/WP\/wp-content\/uploads\/2026\/05\/26Albanien-842-scaled.jpg\" alt=\"\" class=\"wp-image-31444\" srcset=\"https:\/\/jblanz.de\/WP\/wp-content\/uploads\/2026\/05\/26Albanien-842-scaled.jpg 2560w, https:\/\/jblanz.de\/WP\/wp-content\/uploads\/2026\/05\/26Albanien-842-300x169.jpg 300w, https:\/\/jblanz.de\/WP\/wp-content\/uploads\/2026\/05\/26Albanien-842-1024x576.jpg 1024w, https:\/\/jblanz.de\/WP\/wp-content\/uploads\/2026\/05\/26Albanien-842-768x432.jpg 768w, https:\/\/jblanz.de\/WP\/wp-content\/uploads\/2026\/05\/26Albanien-842-1536x864.jpg 1536w, https:\/\/jblanz.de\/WP\/wp-content\/uploads\/2026\/05\/26Albanien-842-2048x1152.jpg 2048w\" sizes=\"auto, (max-width: 2560px) 100vw, 2560px\" \/><\/figure>\n\n\n\n<figure class=\"wp-block-image size-full\"><img loading=\"lazy\" decoding=\"async\" width=\"2346\" height=\"1320\" data-id=\"31443\" src=\"https:\/\/jblanz.de\/WP\/wp-content\/uploads\/2026\/05\/26Albanien-841.jpg\" alt=\"\" class=\"wp-image-31443\" srcset=\"https:\/\/jblanz.de\/WP\/wp-content\/uploads\/2026\/05\/26Albanien-841.jpg 2346w, https:\/\/jblanz.de\/WP\/wp-content\/uploads\/2026\/05\/26Albanien-841-300x169.jpg 300w, https:\/\/jblanz.de\/WP\/wp-content\/uploads\/2026\/05\/26Albanien-841-1024x576.jpg 1024w, https:\/\/jblanz.de\/WP\/wp-content\/uploads\/2026\/05\/26Albanien-841-768x432.jpg 768w, https:\/\/jblanz.de\/WP\/wp-content\/uploads\/2026\/05\/26Albanien-841-1536x864.jpg 1536w, https:\/\/jblanz.de\/WP\/wp-content\/uploads\/2026\/05\/26Albanien-841-2048x1152.jpg 2048w\" sizes=\"auto, (max-width: 2346px) 100vw, 2346px\" \/><\/figure>\n<\/figure>\n\n\n\n<p>Man fuhr auf einer kleinen Strasse, recht und links Wasser. Ab Anfang sahen wir mit dem Fernglas ein paar Flamingos weit entfernt im Schilf stehen. Dann schwamm ein Pelikan nahe am Ufer und liess sich durch uns nicht st\u00f6ren. An dieser Bucht, deren Strand fast nur aus Muscheln und etwas Strandgut bestand, konnten wir gut parken und \u00fcberlegten sogar hier zu baden. Etwas weiter, fotografierte ich zwei im Schilf sitzende M\u00f6wen, die mich mit parallelen Kopfbewegungen verfolgten und Stelzenl\u00e4ufer (Himantopus himantopus). Die Luft flimmerte vor Schnaken. Leider hatte ich die T\u00fcre am Bus offen gelassen. Wir hatten bestimmt 50 Schnaken im Inneren. Also waren wir erst Mal besch\u00e4ftigt, diese Plage zu eliminieren.<\/p>\n\n\n\n<figure class=\"wp-block-gallery has-nested-images columns-2 is-cropped wp-block-gallery-4 is-layout-flex wp-block-gallery-is-layout-flex\">\n<figure class=\"wp-block-image size-full\"><img loading=\"lazy\" decoding=\"async\" width=\"2560\" height=\"1440\" data-id=\"31456\" src=\"https:\/\/jblanz.de\/WP\/wp-content\/uploads\/2026\/05\/26Albanien-843-scaled.jpg\" alt=\"\" class=\"wp-image-31456\" srcset=\"https:\/\/jblanz.de\/WP\/wp-content\/uploads\/2026\/05\/26Albanien-843-scaled.jpg 2560w, https:\/\/jblanz.de\/WP\/wp-content\/uploads\/2026\/05\/26Albanien-843-300x169.jpg 300w, https:\/\/jblanz.de\/WP\/wp-content\/uploads\/2026\/05\/26Albanien-843-1024x576.jpg 1024w, https:\/\/jblanz.de\/WP\/wp-content\/uploads\/2026\/05\/26Albanien-843-768x432.jpg 768w, https:\/\/jblanz.de\/WP\/wp-content\/uploads\/2026\/05\/26Albanien-843-1536x864.jpg 1536w, https:\/\/jblanz.de\/WP\/wp-content\/uploads\/2026\/05\/26Albanien-843-2048x1152.jpg 2048w\" sizes=\"auto, (max-width: 2560px) 100vw, 2560px\" \/><\/figure>\n\n\n\n<figure class=\"wp-block-image size-full\"><img loading=\"lazy\" decoding=\"async\" width=\"2069\" height=\"1113\" data-id=\"31476\" src=\"https:\/\/jblanz.de\/WP\/wp-content\/uploads\/2026\/05\/Maps_Lagune.jpg\" alt=\"\" class=\"wp-image-31476\" srcset=\"https:\/\/jblanz.de\/WP\/wp-content\/uploads\/2026\/05\/Maps_Lagune.jpg 2069w, https:\/\/jblanz.de\/WP\/wp-content\/uploads\/2026\/05\/Maps_Lagune-300x161.jpg 300w, https:\/\/jblanz.de\/WP\/wp-content\/uploads\/2026\/05\/Maps_Lagune-1024x551.jpg 1024w, https:\/\/jblanz.de\/WP\/wp-content\/uploads\/2026\/05\/Maps_Lagune-768x413.jpg 768w, https:\/\/jblanz.de\/WP\/wp-content\/uploads\/2026\/05\/Maps_Lagune-1536x826.jpg 1536w, https:\/\/jblanz.de\/WP\/wp-content\/uploads\/2026\/05\/Maps_Lagune-2048x1102.jpg 2048w\" sizes=\"auto, (max-width: 2069px) 100vw, 2069px\" \/><\/figure>\n\n\n\n<figure class=\"wp-block-image size-full\"><img loading=\"lazy\" decoding=\"async\" width=\"2560\" height=\"1440\" data-id=\"31452\" src=\"https:\/\/jblanz.de\/WP\/wp-content\/uploads\/2026\/05\/26Albanien-809-scaled.jpg\" alt=\"\" class=\"wp-image-31452\" srcset=\"https:\/\/jblanz.de\/WP\/wp-content\/uploads\/2026\/05\/26Albanien-809-scaled.jpg 2560w, https:\/\/jblanz.de\/WP\/wp-content\/uploads\/2026\/05\/26Albanien-809-300x169.jpg 300w, https:\/\/jblanz.de\/WP\/wp-content\/uploads\/2026\/05\/26Albanien-809-1024x576.jpg 1024w, https:\/\/jblanz.de\/WP\/wp-content\/uploads\/2026\/05\/26Albanien-809-768x432.jpg 768w, https:\/\/jblanz.de\/WP\/wp-content\/uploads\/2026\/05\/26Albanien-809-1536x864.jpg 1536w, https:\/\/jblanz.de\/WP\/wp-content\/uploads\/2026\/05\/26Albanien-809-2048x1152.jpg 2048w\" sizes=\"auto, (max-width: 2560px) 100vw, 2560px\" \/><\/figure>\n\n\n\n<figure class=\"wp-block-image size-full\"><img loading=\"lazy\" decoding=\"async\" width=\"1202\" height=\"676\" data-id=\"31453\" src=\"https:\/\/jblanz.de\/WP\/wp-content\/uploads\/2026\/05\/26Albanien-850.jpg\" alt=\"\" class=\"wp-image-31453\" srcset=\"https:\/\/jblanz.de\/WP\/wp-content\/uploads\/2026\/05\/26Albanien-850.jpg 1202w, https:\/\/jblanz.de\/WP\/wp-content\/uploads\/2026\/05\/26Albanien-850-300x169.jpg 300w, https:\/\/jblanz.de\/WP\/wp-content\/uploads\/2026\/05\/26Albanien-850-1024x576.jpg 1024w, https:\/\/jblanz.de\/WP\/wp-content\/uploads\/2026\/05\/26Albanien-850-768x432.jpg 768w\" sizes=\"auto, (max-width: 1202px) 100vw, 1202px\" \/><\/figure>\n\n\n\n<figure class=\"wp-block-image size-full\"><img loading=\"lazy\" decoding=\"async\" width=\"2560\" height=\"1440\" data-id=\"31455\" src=\"https:\/\/jblanz.de\/WP\/wp-content\/uploads\/2026\/05\/26Albanien-826-scaled.jpg\" alt=\"\" class=\"wp-image-31455\" srcset=\"https:\/\/jblanz.de\/WP\/wp-content\/uploads\/2026\/05\/26Albanien-826-scaled.jpg 2560w, https:\/\/jblanz.de\/WP\/wp-content\/uploads\/2026\/05\/26Albanien-826-300x169.jpg 300w, https:\/\/jblanz.de\/WP\/wp-content\/uploads\/2026\/05\/26Albanien-826-1024x576.jpg 1024w, https:\/\/jblanz.de\/WP\/wp-content\/uploads\/2026\/05\/26Albanien-826-768x432.jpg 768w, https:\/\/jblanz.de\/WP\/wp-content\/uploads\/2026\/05\/26Albanien-826-1536x864.jpg 1536w, https:\/\/jblanz.de\/WP\/wp-content\/uploads\/2026\/05\/26Albanien-826-2048x1152.jpg 2048w\" sizes=\"auto, (max-width: 2560px) 100vw, 2560px\" \/><\/figure>\n\n\n\n<figure class=\"wp-block-image size-full\"><img loading=\"lazy\" decoding=\"async\" width=\"2560\" height=\"1440\" data-id=\"31449\" src=\"https:\/\/jblanz.de\/WP\/wp-content\/uploads\/2026\/05\/26Albanien-847-scaled.jpg\" alt=\"\" class=\"wp-image-31449\" srcset=\"https:\/\/jblanz.de\/WP\/wp-content\/uploads\/2026\/05\/26Albanien-847-scaled.jpg 2560w, https:\/\/jblanz.de\/WP\/wp-content\/uploads\/2026\/05\/26Albanien-847-300x169.jpg 300w, https:\/\/jblanz.de\/WP\/wp-content\/uploads\/2026\/05\/26Albanien-847-1024x576.jpg 1024w, https:\/\/jblanz.de\/WP\/wp-content\/uploads\/2026\/05\/26Albanien-847-768x432.jpg 768w, https:\/\/jblanz.de\/WP\/wp-content\/uploads\/2026\/05\/26Albanien-847-1536x864.jpg 1536w, https:\/\/jblanz.de\/WP\/wp-content\/uploads\/2026\/05\/26Albanien-847-2048x1152.jpg 2048w\" sizes=\"auto, (max-width: 2560px) 100vw, 2560px\" \/><\/figure>\n\n\n\n<figure class=\"wp-block-image size-full\"><img loading=\"lazy\" decoding=\"async\" width=\"1434\" height=\"807\" data-id=\"31454\" src=\"https:\/\/jblanz.de\/WP\/wp-content\/uploads\/2026\/05\/26Albanien-819.jpg\" alt=\"\" class=\"wp-image-31454\" srcset=\"https:\/\/jblanz.de\/WP\/wp-content\/uploads\/2026\/05\/26Albanien-819.jpg 1434w, https:\/\/jblanz.de\/WP\/wp-content\/uploads\/2026\/05\/26Albanien-819-300x169.jpg 300w, https:\/\/jblanz.de\/WP\/wp-content\/uploads\/2026\/05\/26Albanien-819-1024x576.jpg 1024w, https:\/\/jblanz.de\/WP\/wp-content\/uploads\/2026\/05\/26Albanien-819-768x432.jpg 768w\" sizes=\"auto, (max-width: 1434px) 100vw, 1434px\" \/><\/figure>\n\n\n\n<figure class=\"wp-block-image size-full\"><img loading=\"lazy\" decoding=\"async\" width=\"2560\" height=\"1707\" data-id=\"31458\" src=\"https:\/\/jblanz.de\/WP\/wp-content\/uploads\/2026\/05\/26Albanien-828-scaled.jpg\" alt=\"\" class=\"wp-image-31458\" srcset=\"https:\/\/jblanz.de\/WP\/wp-content\/uploads\/2026\/05\/26Albanien-828-scaled.jpg 2560w, https:\/\/jblanz.de\/WP\/wp-content\/uploads\/2026\/05\/26Albanien-828-300x200.jpg 300w, https:\/\/jblanz.de\/WP\/wp-content\/uploads\/2026\/05\/26Albanien-828-1024x683.jpg 1024w, https:\/\/jblanz.de\/WP\/wp-content\/uploads\/2026\/05\/26Albanien-828-768x512.jpg 768w, https:\/\/jblanz.de\/WP\/wp-content\/uploads\/2026\/05\/26Albanien-828-1536x1024.jpg 1536w, https:\/\/jblanz.de\/WP\/wp-content\/uploads\/2026\/05\/26Albanien-828-2048x1365.jpg 2048w\" sizes=\"auto, (max-width: 2560px) 100vw, 2560px\" \/><\/figure>\n\n\n\n<figure class=\"wp-block-image size-full\"><img loading=\"lazy\" decoding=\"async\" width=\"2240\" height=\"1260\" data-id=\"31451\" src=\"https:\/\/jblanz.de\/WP\/wp-content\/uploads\/2026\/05\/26Albanien-840.jpg\" alt=\"\" class=\"wp-image-31451\" srcset=\"https:\/\/jblanz.de\/WP\/wp-content\/uploads\/2026\/05\/26Albanien-840.jpg 2240w, https:\/\/jblanz.de\/WP\/wp-content\/uploads\/2026\/05\/26Albanien-840-300x169.jpg 300w, https:\/\/jblanz.de\/WP\/wp-content\/uploads\/2026\/05\/26Albanien-840-1024x576.jpg 1024w, https:\/\/jblanz.de\/WP\/wp-content\/uploads\/2026\/05\/26Albanien-840-768x432.jpg 768w, https:\/\/jblanz.de\/WP\/wp-content\/uploads\/2026\/05\/26Albanien-840-1536x864.jpg 1536w, https:\/\/jblanz.de\/WP\/wp-content\/uploads\/2026\/05\/26Albanien-840-2048x1152.jpg 2048w\" sizes=\"auto, (max-width: 2240px) 100vw, 2240px\" \/><\/figure>\n\n\n\n<figure class=\"wp-block-image size-full\"><img loading=\"lazy\" decoding=\"async\" width=\"1352\" height=\"761\" data-id=\"31450\" src=\"https:\/\/jblanz.de\/WP\/wp-content\/uploads\/2026\/05\/26Albanien-829.jpg\" alt=\"\" class=\"wp-image-31450\" srcset=\"https:\/\/jblanz.de\/WP\/wp-content\/uploads\/2026\/05\/26Albanien-829.jpg 1352w, https:\/\/jblanz.de\/WP\/wp-content\/uploads\/2026\/05\/26Albanien-829-300x169.jpg 300w, https:\/\/jblanz.de\/WP\/wp-content\/uploads\/2026\/05\/26Albanien-829-1024x576.jpg 1024w, https:\/\/jblanz.de\/WP\/wp-content\/uploads\/2026\/05\/26Albanien-829-768x432.jpg 768w\" sizes=\"auto, (max-width: 1352px) 100vw, 1352px\" \/><\/figure>\n\n\n\n<figure class=\"wp-block-image size-full\"><img loading=\"lazy\" decoding=\"async\" width=\"1638\" height=\"921\" data-id=\"31457\" src=\"https:\/\/jblanz.de\/WP\/wp-content\/uploads\/2026\/05\/26Albanien-838.jpg\" alt=\"\" class=\"wp-image-31457\" srcset=\"https:\/\/jblanz.de\/WP\/wp-content\/uploads\/2026\/05\/26Albanien-838.jpg 1638w, https:\/\/jblanz.de\/WP\/wp-content\/uploads\/2026\/05\/26Albanien-838-300x169.jpg 300w, https:\/\/jblanz.de\/WP\/wp-content\/uploads\/2026\/05\/26Albanien-838-1024x576.jpg 1024w, https:\/\/jblanz.de\/WP\/wp-content\/uploads\/2026\/05\/26Albanien-838-768x432.jpg 768w, https:\/\/jblanz.de\/WP\/wp-content\/uploads\/2026\/05\/26Albanien-838-1536x864.jpg 1536w\" sizes=\"auto, (max-width: 1638px) 100vw, 1638px\" \/><\/figure>\n\n\n\n<figure class=\"wp-block-image size-full\"><img loading=\"lazy\" decoding=\"async\" width=\"2560\" height=\"1440\" data-id=\"31473\" src=\"https:\/\/jblanz.de\/WP\/wp-content\/uploads\/2026\/05\/26Albanien-918-scaled.jpg\" alt=\"\" class=\"wp-image-31473\" srcset=\"https:\/\/jblanz.de\/WP\/wp-content\/uploads\/2026\/05\/26Albanien-918-scaled.jpg 2560w, https:\/\/jblanz.de\/WP\/wp-content\/uploads\/2026\/05\/26Albanien-918-300x169.jpg 300w, https:\/\/jblanz.de\/WP\/wp-content\/uploads\/2026\/05\/26Albanien-918-1024x576.jpg 1024w, https:\/\/jblanz.de\/WP\/wp-content\/uploads\/2026\/05\/26Albanien-918-768x432.jpg 768w, https:\/\/jblanz.de\/WP\/wp-content\/uploads\/2026\/05\/26Albanien-918-1536x864.jpg 1536w, https:\/\/jblanz.de\/WP\/wp-content\/uploads\/2026\/05\/26Albanien-918-2048x1152.jpg 2048w\" sizes=\"auto, (max-width: 2560px) 100vw, 2560px\" \/><\/figure>\n<\/figure>\n\n\n\n<p>Wir fuhren weiter ins Dorf und entschieden uns spontan in einer kleinen Taverne essen zu gehen. Fritierte Aubergine, \u00fcberbackener Schafsk\u00e4se, fritierte Kartoffel, kretische Salat, fritierte Sardinen, Brot, Wasser und 500 ml Weisswein kosteten 35 \u20ac und alles schmeckte wunderbar. R\u00f6telschwalben hatten unter dem Dach ein Nest und flogen st\u00e4ndig \u00fcber uns hinweg. Der alte Ventilator war perfekt f\u00fcr eine Zwischenlandung. Eine Strassenh\u00fcndin, der gerade Junge s\u00e4ugte und ziemlich abgemagert aussah, r\u00fchrte Karins Herz und sie gab ihr mehr als alle Reste um essen. <\/p>\n\n\n\n<figure class=\"wp-block-gallery has-nested-images columns-2 is-cropped wp-block-gallery-5 is-layout-flex wp-block-gallery-is-layout-flex\">\n<figure class=\"wp-block-image size-large\"><img loading=\"lazy\" decoding=\"async\" width=\"1024\" height=\"576\" data-id=\"31426\" src=\"https:\/\/jblanz.de\/WP\/wp-content\/uploads\/2026\/05\/26Albanien-898-1024x576.jpg\" alt=\"\" class=\"wp-image-31426\" srcset=\"https:\/\/jblanz.de\/WP\/wp-content\/uploads\/2026\/05\/26Albanien-898-1024x576.jpg 1024w, https:\/\/jblanz.de\/WP\/wp-content\/uploads\/2026\/05\/26Albanien-898-300x169.jpg 300w, https:\/\/jblanz.de\/WP\/wp-content\/uploads\/2026\/05\/26Albanien-898-768x432.jpg 768w, https:\/\/jblanz.de\/WP\/wp-content\/uploads\/2026\/05\/26Albanien-898-1536x864.jpg 1536w, https:\/\/jblanz.de\/WP\/wp-content\/uploads\/2026\/05\/26Albanien-898-2048x1152.jpg 2048w\" sizes=\"auto, (max-width: 1024px) 100vw, 1024px\" \/><\/figure>\n\n\n\n<figure class=\"wp-block-image size-large\"><img loading=\"lazy\" decoding=\"async\" width=\"1024\" height=\"576\" data-id=\"31419\" src=\"https:\/\/jblanz.de\/WP\/wp-content\/uploads\/2026\/05\/26Albanien-900-1-1024x576.jpg\" alt=\"\" class=\"wp-image-31419\" srcset=\"https:\/\/jblanz.de\/WP\/wp-content\/uploads\/2026\/05\/26Albanien-900-1-1024x576.jpg 1024w, https:\/\/jblanz.de\/WP\/wp-content\/uploads\/2026\/05\/26Albanien-900-1-300x169.jpg 300w, https:\/\/jblanz.de\/WP\/wp-content\/uploads\/2026\/05\/26Albanien-900-1-768x432.jpg 768w, https:\/\/jblanz.de\/WP\/wp-content\/uploads\/2026\/05\/26Albanien-900-1-1536x864.jpg 1536w, https:\/\/jblanz.de\/WP\/wp-content\/uploads\/2026\/05\/26Albanien-900-1-2048x1152.jpg 2048w\" sizes=\"auto, (max-width: 1024px) 100vw, 1024px\" \/><\/figure>\n\n\n\n<figure class=\"wp-block-image size-large\"><img loading=\"lazy\" decoding=\"async\" width=\"1024\" height=\"576\" data-id=\"31428\" src=\"https:\/\/jblanz.de\/WP\/wp-content\/uploads\/2026\/05\/26Albanien-899-1024x576.jpg\" alt=\"\" class=\"wp-image-31428\" srcset=\"https:\/\/jblanz.de\/WP\/wp-content\/uploads\/2026\/05\/26Albanien-899-1024x576.jpg 1024w, https:\/\/jblanz.de\/WP\/wp-content\/uploads\/2026\/05\/26Albanien-899-300x169.jpg 300w, https:\/\/jblanz.de\/WP\/wp-content\/uploads\/2026\/05\/26Albanien-899-768x432.jpg 768w, https:\/\/jblanz.de\/WP\/wp-content\/uploads\/2026\/05\/26Albanien-899-1536x864.jpg 1536w, https:\/\/jblanz.de\/WP\/wp-content\/uploads\/2026\/05\/26Albanien-899-2048x1152.jpg 2048w\" sizes=\"auto, (max-width: 1024px) 100vw, 1024px\" \/><\/figure>\n\n\n\n<figure class=\"wp-block-image size-large\"><img loading=\"lazy\" decoding=\"async\" width=\"1024\" height=\"576\" data-id=\"31422\" src=\"https:\/\/jblanz.de\/WP\/wp-content\/uploads\/2026\/05\/26Albanien-905-1-1024x576.jpg\" alt=\"\" class=\"wp-image-31422\" srcset=\"https:\/\/jblanz.de\/WP\/wp-content\/uploads\/2026\/05\/26Albanien-905-1-1024x576.jpg 1024w, https:\/\/jblanz.de\/WP\/wp-content\/uploads\/2026\/05\/26Albanien-905-1-300x169.jpg 300w, https:\/\/jblanz.de\/WP\/wp-content\/uploads\/2026\/05\/26Albanien-905-1-768x432.jpg 768w, https:\/\/jblanz.de\/WP\/wp-content\/uploads\/2026\/05\/26Albanien-905-1-1536x864.jpg 1536w, https:\/\/jblanz.de\/WP\/wp-content\/uploads\/2026\/05\/26Albanien-905-1-2048x1152.jpg 2048w\" sizes=\"auto, (max-width: 1024px) 100vw, 1024px\" \/><\/figure>\n\n\n\n<figure class=\"wp-block-image size-large\"><img loading=\"lazy\" decoding=\"async\" width=\"1024\" height=\"576\" data-id=\"31425\" src=\"https:\/\/jblanz.de\/WP\/wp-content\/uploads\/2026\/05\/26Albanien-907-1-1024x576.jpg\" alt=\"\" class=\"wp-image-31425\" srcset=\"https:\/\/jblanz.de\/WP\/wp-content\/uploads\/2026\/05\/26Albanien-907-1-1024x576.jpg 1024w, https:\/\/jblanz.de\/WP\/wp-content\/uploads\/2026\/05\/26Albanien-907-1-300x169.jpg 300w, https:\/\/jblanz.de\/WP\/wp-content\/uploads\/2026\/05\/26Albanien-907-1-768x432.jpg 768w, https:\/\/jblanz.de\/WP\/wp-content\/uploads\/2026\/05\/26Albanien-907-1-1536x864.jpg 1536w, https:\/\/jblanz.de\/WP\/wp-content\/uploads\/2026\/05\/26Albanien-907-1-2048x1152.jpg 2048w\" sizes=\"auto, (max-width: 1024px) 100vw, 1024px\" \/><\/figure>\n\n\n\n<figure class=\"wp-block-image size-large\"><img loading=\"lazy\" decoding=\"async\" width=\"1024\" height=\"576\" data-id=\"31420\" src=\"https:\/\/jblanz.de\/WP\/wp-content\/uploads\/2026\/05\/26Albanien-906-1-1024x576.jpg\" alt=\"\" class=\"wp-image-31420\" srcset=\"https:\/\/jblanz.de\/WP\/wp-content\/uploads\/2026\/05\/26Albanien-906-1-1024x576.jpg 1024w, https:\/\/jblanz.de\/WP\/wp-content\/uploads\/2026\/05\/26Albanien-906-1-300x169.jpg 300w, https:\/\/jblanz.de\/WP\/wp-content\/uploads\/2026\/05\/26Albanien-906-1-768x432.jpg 768w, https:\/\/jblanz.de\/WP\/wp-content\/uploads\/2026\/05\/26Albanien-906-1-1536x864.jpg 1536w, https:\/\/jblanz.de\/WP\/wp-content\/uploads\/2026\/05\/26Albanien-906-1-2048x1152.jpg 2048w\" sizes=\"auto, (max-width: 1024px) 100vw, 1024px\" \/><\/figure>\n<\/figure>\n\n\n\n<p>Nach dem Essen fuhren wir noch etwas weiter in die Lagune hinaus und sahen ein Pelikanp\u00e4rchen, die zusammen versuchten Fische zu fangen. \u00dcbers Wasser kam ein weiterer Pelikan angeflogen, landete knapp neben dem P\u00e4rchen. Zusammen flogen sie ein paar Meter weiter. Der Neuank\u00f6mmling blieb nicht lange.\u00a0<\/p>\n\n\n\n<figure class=\"wp-block-gallery has-nested-images columns-2 is-cropped wp-block-gallery-6 is-layout-flex wp-block-gallery-is-layout-flex\">\n<figure class=\"wp-block-image size-full\"><img loading=\"lazy\" decoding=\"async\" width=\"2487\" height=\"1399\" data-id=\"31465\" src=\"https:\/\/jblanz.de\/WP\/wp-content\/uploads\/2026\/05\/26Albanien-889-1.jpg\" alt=\"\" class=\"wp-image-31465\" srcset=\"https:\/\/jblanz.de\/WP\/wp-content\/uploads\/2026\/05\/26Albanien-889-1.jpg 2487w, https:\/\/jblanz.de\/WP\/wp-content\/uploads\/2026\/05\/26Albanien-889-1-300x169.jpg 300w, https:\/\/jblanz.de\/WP\/wp-content\/uploads\/2026\/05\/26Albanien-889-1-1024x576.jpg 1024w, https:\/\/jblanz.de\/WP\/wp-content\/uploads\/2026\/05\/26Albanien-889-1-768x432.jpg 768w, https:\/\/jblanz.de\/WP\/wp-content\/uploads\/2026\/05\/26Albanien-889-1-1536x864.jpg 1536w, https:\/\/jblanz.de\/WP\/wp-content\/uploads\/2026\/05\/26Albanien-889-1-2048x1152.jpg 2048w\" sizes=\"auto, (max-width: 2487px) 100vw, 2487px\" \/><\/figure>\n\n\n\n<figure class=\"wp-block-image size-full\"><img loading=\"lazy\" decoding=\"async\" width=\"1914\" height=\"1077\" data-id=\"31466\" src=\"https:\/\/jblanz.de\/WP\/wp-content\/uploads\/2026\/05\/26Albanien-883-1.jpg\" alt=\"\" class=\"wp-image-31466\" srcset=\"https:\/\/jblanz.de\/WP\/wp-content\/uploads\/2026\/05\/26Albanien-883-1.jpg 1914w, https:\/\/jblanz.de\/WP\/wp-content\/uploads\/2026\/05\/26Albanien-883-1-300x169.jpg 300w, https:\/\/jblanz.de\/WP\/wp-content\/uploads\/2026\/05\/26Albanien-883-1-1024x576.jpg 1024w, https:\/\/jblanz.de\/WP\/wp-content\/uploads\/2026\/05\/26Albanien-883-1-768x432.jpg 768w, https:\/\/jblanz.de\/WP\/wp-content\/uploads\/2026\/05\/26Albanien-883-1-1536x864.jpg 1536w\" sizes=\"auto, (max-width: 1914px) 100vw, 1914px\" \/><\/figure>\n\n\n\n<figure class=\"wp-block-image size-full\"><img loading=\"lazy\" decoding=\"async\" width=\"1443\" height=\"812\" data-id=\"31468\" src=\"https:\/\/jblanz.de\/WP\/wp-content\/uploads\/2026\/05\/26Albanien-879.jpg\" alt=\"\" class=\"wp-image-31468\" srcset=\"https:\/\/jblanz.de\/WP\/wp-content\/uploads\/2026\/05\/26Albanien-879.jpg 1443w, https:\/\/jblanz.de\/WP\/wp-content\/uploads\/2026\/05\/26Albanien-879-300x169.jpg 300w, https:\/\/jblanz.de\/WP\/wp-content\/uploads\/2026\/05\/26Albanien-879-1024x576.jpg 1024w, https:\/\/jblanz.de\/WP\/wp-content\/uploads\/2026\/05\/26Albanien-879-768x432.jpg 768w\" sizes=\"auto, (max-width: 1443px) 100vw, 1443px\" \/><\/figure>\n\n\n\n<figure class=\"wp-block-image size-full\"><img loading=\"lazy\" decoding=\"async\" width=\"1155\" height=\"650\" data-id=\"31467\" src=\"https:\/\/jblanz.de\/WP\/wp-content\/uploads\/2026\/05\/26Albanien-862.jpg\" alt=\"\" class=\"wp-image-31467\" srcset=\"https:\/\/jblanz.de\/WP\/wp-content\/uploads\/2026\/05\/26Albanien-862.jpg 1155w, https:\/\/jblanz.de\/WP\/wp-content\/uploads\/2026\/05\/26Albanien-862-300x169.jpg 300w, https:\/\/jblanz.de\/WP\/wp-content\/uploads\/2026\/05\/26Albanien-862-1024x576.jpg 1024w, https:\/\/jblanz.de\/WP\/wp-content\/uploads\/2026\/05\/26Albanien-862-768x432.jpg 768w\" sizes=\"auto, (max-width: 1155px) 100vw, 1155px\" \/><\/figure>\n<\/figure>\n\n\n\n<p>Wir fuhren dann wieder zur\u00fcck zu der kleinen Bucht, um dort Kaffee zu trinken. Kaum da, kam ein Pelikan angeflogen und schwamm wieder vor uns herum. Er hielt jedoch immer einen Sicherheitsabstand. <\/p>\n\n\n\n<p>Die Felsen im Wasser hatten einen schwarzen Rand, der aus kleinen Miesmuscheln bestand.<\/p>\n\n\n\n<figure class=\"wp-block-gallery has-nested-images columns-default is-cropped wp-block-gallery-7 is-layout-flex wp-block-gallery-is-layout-flex\">\n<figure class=\"wp-block-image size-large\" style=\"margin-top:0;margin-right:0;margin-bottom:0;margin-left:0\"><img loading=\"lazy\" decoding=\"async\" width=\"1024\" height=\"576\" data-id=\"31433\" src=\"https:\/\/jblanz.de\/WP\/wp-content\/uploads\/2026\/05\/26Albanien-911-1024x576.jpg\" alt=\"\" class=\"wp-image-31433\" srcset=\"https:\/\/jblanz.de\/WP\/wp-content\/uploads\/2026\/05\/26Albanien-911-1024x576.jpg 1024w, https:\/\/jblanz.de\/WP\/wp-content\/uploads\/2026\/05\/26Albanien-911-300x169.jpg 300w, https:\/\/jblanz.de\/WP\/wp-content\/uploads\/2026\/05\/26Albanien-911-768x432.jpg 768w, https:\/\/jblanz.de\/WP\/wp-content\/uploads\/2026\/05\/26Albanien-911-1536x864.jpg 1536w, https:\/\/jblanz.de\/WP\/wp-content\/uploads\/2026\/05\/26Albanien-911-2048x1152.jpg 2048w\" sizes=\"auto, (max-width: 1024px) 100vw, 1024px\" \/><\/figure>\n\n\n\n<figure class=\"wp-block-image size-large\" style=\"margin-top:0;margin-right:0;margin-bottom:0;margin-left:0\"><img loading=\"lazy\" decoding=\"async\" width=\"1024\" height=\"576\" data-id=\"31432\" src=\"https:\/\/jblanz.de\/WP\/wp-content\/uploads\/2026\/05\/26Albanien-911-2-1024x576.jpg\" alt=\"\" class=\"wp-image-31432\" srcset=\"https:\/\/jblanz.de\/WP\/wp-content\/uploads\/2026\/05\/26Albanien-911-2-1024x576.jpg 1024w, https:\/\/jblanz.de\/WP\/wp-content\/uploads\/2026\/05\/26Albanien-911-2-300x169.jpg 300w, https:\/\/jblanz.de\/WP\/wp-content\/uploads\/2026\/05\/26Albanien-911-2-768x432.jpg 768w, https:\/\/jblanz.de\/WP\/wp-content\/uploads\/2026\/05\/26Albanien-911-2-1536x864.jpg 1536w, https:\/\/jblanz.de\/WP\/wp-content\/uploads\/2026\/05\/26Albanien-911-2.jpg 1569w\" sizes=\"auto, (max-width: 1024px) 100vw, 1024px\" \/><\/figure>\n<\/figure>\n\n\n\n<p>Auf der Weiterfahrt kamen wir an einem Unfall vorbei, ein Auto hatte sich \u00fcberschlagen und lag auf dem Dach. Der Rettungswagen und die Polizei waren schon da. Die Insassen hatten wohl Gl\u00fcck gehabt. Wir fuhren weiter auf der Autobahn, die nach Patras geht, zahlten 8,70 \u20ac Maut, verliessen die Autobahn Richtung Preveza und fuhren dann auf die Insel Lefkada. Diese Insel ist \u00fcber eine ehemalige F\u00e4hre, die als Br\u00fccke dient, mit dem Festland verbunden. Es ging am Strand entlang, den 2-3 sehr gute Kite-Surfer nutzten, nach Lefkada-Stadt. Kurz vor der Stadt fiel uns eine kleine Insel im Meer auf, die von Pelikanen bev\u00f6lkert war. <\/p>\n\n\n\n<figure class=\"wp-block-image size-large\"><img loading=\"lazy\" decoding=\"async\" width=\"1024\" height=\"576\" src=\"https:\/\/jblanz.de\/WP\/wp-content\/uploads\/2026\/05\/26Albanien-941-1024x576.jpg\" alt=\"\" class=\"wp-image-31471\" srcset=\"https:\/\/jblanz.de\/WP\/wp-content\/uploads\/2026\/05\/26Albanien-941-1024x576.jpg 1024w, https:\/\/jblanz.de\/WP\/wp-content\/uploads\/2026\/05\/26Albanien-941-300x169.jpg 300w, https:\/\/jblanz.de\/WP\/wp-content\/uploads\/2026\/05\/26Albanien-941-768x432.jpg 768w, https:\/\/jblanz.de\/WP\/wp-content\/uploads\/2026\/05\/26Albanien-941-1536x864.jpg 1536w, https:\/\/jblanz.de\/WP\/wp-content\/uploads\/2026\/05\/26Albanien-941-2048x1152.jpg 2048w\" sizes=\"auto, (max-width: 1024px) 100vw, 1024px\" \/><\/figure>\n\n\n\n<p>Auf der Uferstrasse fuhren dann nochmals ca 30 km weiter zum Camping Desimi Beach. Kurz vor der Abzweigung zu diesem Camping hielt uns ein Mopedfahrer an und wollte uns zu seinem Camping f\u00fchren. Wir fuhren erst hinterher, aber als er uns eine Strasse hinunterf\u00fchren wollte, die bestimmt mehr als 20 % Gef\u00e4lle hatte, streikten wir. Wir sagten ab, kehrten um und fuhren zu dem Camping, auf dem wir jetzt sind. Der Empfang war sehr gut, eine Dame zeigte uns verschiedene Pl\u00e4tze und wies uns gut ein. Die Nacht kostet 28 \u20ac inkl Strom. Es gibt auch ein Restaurant auf dem Platz.<\/p>\n","protected":false},"excerpt":{"rendered":"<p>Gestern Abend fing der Regen an, aber heute Morgen war wieder Sonnenschein. Wir fr\u00fchst\u00fcckten neben dem Bus, packten und fuhren<\/p>\n","protected":false},"author":1,"featured_media":31470,"comment_status":"open","ping_status":"open","sticky":false,"template":"","format":"standard","meta":{"colormag_page_container_layout":"default_layout","colormag_page_sidebar_layout":"default_layout","_monsterinsights_skip_tracking":false,"_monsterinsights_sitenote_active":false,"_monsterinsights_sitenote_note":"","_monsterinsights_sitenote_category":0,"footnotes":""},"categories":[269,350,351,306,159,301,268],"tags":[],"class_list":["post-31402","post","type-post","status-publish","format-standard","has-post-thumbnail","hentry","category-2020-jahr","category-350","category-2026-2","category-a-j","category-europa","category-griechenland","category-jahr"],"yoast_head":"<!-- This site is optimized with the Yoast SEO plugin v27.4 - https:\/\/yoast.com\/product\/yoast-seo-wordpress\/ -->\n<title>02. Mai 2026 - Fahrt nach Lefkada - Reiseblog von Karin &amp; Joachim<\/title>\n<meta name=\"robots\" content=\"index, follow, max-snippet:-1, max-image-preview:large, max-video-preview:-1\" \/>\n<link rel=\"canonical\" href=\"https:\/\/jblanz.de\/WP\/02-mai-2026-fahrt-nach-lefkada\/\" \/>\n<meta property=\"og:locale\" content=\"de_DE\" \/>\n<meta property=\"og:type\" content=\"article\" \/>\n<meta property=\"og:title\" content=\"02. Mai 2026 - Fahrt nach Lefkada - Reiseblog von Karin &amp; Joachim\" \/>\n<meta property=\"og:description\" content=\"Gestern Abend fing der Regen an, aber heute Morgen war wieder Sonnenschein. Wir fr\u00fchst\u00fcckten neben dem Bus, packten und fuhren\" \/>\n<meta property=\"og:url\" content=\"https:\/\/jblanz.de\/WP\/02-mai-2026-fahrt-nach-lefkada\/\" \/>\n<meta property=\"og:site_name\" content=\"Reiseblog von Karin &amp; Joachim\" \/>\n<meta property=\"article:published_time\" content=\"2026-05-02T17:01:38+00:00\" \/>\n<meta property=\"article:modified_time\" content=\"2026-05-03T10:22:07+00:00\" \/>\n<meta property=\"og:image\" content=\"https:\/\/jblanz.de\/WP\/wp-content\/uploads\/2026\/05\/26Albanien-882.jpg\" \/>\n\t<meta property=\"og:image:width\" content=\"1972\" \/>\n\t<meta property=\"og:image:height\" content=\"1109\" \/>\n\t<meta property=\"og:image:type\" content=\"image\/jpeg\" \/>\n<meta name=\"author\" content=\"Achim\" \/>\n<meta name=\"twitter:card\" content=\"summary_large_image\" \/>\n<meta name=\"twitter:label1\" content=\"Verfasst von\" \/>\n\t<meta name=\"twitter:data1\" content=\"Achim\" \/>\n\t<meta name=\"twitter:label2\" content=\"Gesch\u00e4tzte Lesezeit\" \/>\n\t<meta name=\"twitter:data2\" content=\"10\u00a0Minuten\" \/>\n<script type=\"application\/ld+json\" class=\"yoast-schema-graph\">{\"@context\":\"https:\\\/\\\/schema.org\",\"@graph\":[{\"@type\":\"Article\",\"@id\":\"https:\\\/\\\/jblanz.de\\\/WP\\\/02-mai-2026-fahrt-nach-lefkada\\\/#article\",\"isPartOf\":{\"@id\":\"https:\\\/\\\/jblanz.de\\\/WP\\\/02-mai-2026-fahrt-nach-lefkada\\\/\"},\"author\":{\"name\":\"Achim\",\"@id\":\"https:\\\/\\\/jblanz.de\\\/WP\\\/#\\\/schema\\\/person\\\/17a70f07162e42bc0b181c22397286e0\"},\"headline\":\"02. Mai 2026 &#8211; Fahrt nach Lefkada\",\"datePublished\":\"2026-05-02T17:01:38+00:00\",\"dateModified\":\"2026-05-03T10:22:07+00:00\",\"mainEntityOfPage\":{\"@id\":\"https:\\\/\\\/jblanz.de\\\/WP\\\/02-mai-2026-fahrt-nach-lefkada\\\/\"},\"wordCount\":610,\"commentCount\":0,\"publisher\":{\"@id\":\"https:\\\/\\\/jblanz.de\\\/WP\\\/#\\\/schema\\\/person\\\/17a70f07162e42bc0b181c22397286e0\"},\"image\":{\"@id\":\"https:\\\/\\\/jblanz.de\\\/WP\\\/02-mai-2026-fahrt-nach-lefkada\\\/#primaryimage\"},\"thumbnailUrl\":\"https:\\\/\\\/jblanz.de\\\/WP\\\/wp-content\\\/uploads\\\/2026\\\/05\\\/26Albanien-882.jpg\",\"articleSection\":[\"2020+\",\"2026\",\"2026\",\"A-J\",\"Europa\",\"Griechenland\",\"Jahr\"],\"inLanguage\":\"de\",\"potentialAction\":[{\"@type\":\"CommentAction\",\"name\":\"Comment\",\"target\":[\"https:\\\/\\\/jblanz.de\\\/WP\\\/02-mai-2026-fahrt-nach-lefkada\\\/#respond\"]}]},{\"@type\":\"WebPage\",\"@id\":\"https:\\\/\\\/jblanz.de\\\/WP\\\/02-mai-2026-fahrt-nach-lefkada\\\/\",\"url\":\"https:\\\/\\\/jblanz.de\\\/WP\\\/02-mai-2026-fahrt-nach-lefkada\\\/\",\"name\":\"02. Mai 2026 - Fahrt nach Lefkada - Reiseblog von Karin &amp; Joachim\",\"isPartOf\":{\"@id\":\"https:\\\/\\\/jblanz.de\\\/WP\\\/#website\"},\"primaryImageOfPage\":{\"@id\":\"https:\\\/\\\/jblanz.de\\\/WP\\\/02-mai-2026-fahrt-nach-lefkada\\\/#primaryimage\"},\"image\":{\"@id\":\"https:\\\/\\\/jblanz.de\\\/WP\\\/02-mai-2026-fahrt-nach-lefkada\\\/#primaryimage\"},\"thumbnailUrl\":\"https:\\\/\\\/jblanz.de\\\/WP\\\/wp-content\\\/uploads\\\/2026\\\/05\\\/26Albanien-882.jpg\",\"datePublished\":\"2026-05-02T17:01:38+00:00\",\"dateModified\":\"2026-05-03T10:22:07+00:00\",\"breadcrumb\":{\"@id\":\"https:\\\/\\\/jblanz.de\\\/WP\\\/02-mai-2026-fahrt-nach-lefkada\\\/#breadcrumb\"},\"inLanguage\":\"de\",\"potentialAction\":[{\"@type\":\"ReadAction\",\"target\":[\"https:\\\/\\\/jblanz.de\\\/WP\\\/02-mai-2026-fahrt-nach-lefkada\\\/\"]}]},{\"@type\":\"ImageObject\",\"inLanguage\":\"de\",\"@id\":\"https:\\\/\\\/jblanz.de\\\/WP\\\/02-mai-2026-fahrt-nach-lefkada\\\/#primaryimage\",\"url\":\"https:\\\/\\\/jblanz.de\\\/WP\\\/wp-content\\\/uploads\\\/2026\\\/05\\\/26Albanien-882.jpg\",\"contentUrl\":\"https:\\\/\\\/jblanz.de\\\/WP\\\/wp-content\\\/uploads\\\/2026\\\/05\\\/26Albanien-882.jpg\",\"width\":1972,\"height\":1109},{\"@type\":\"BreadcrumbList\",\"@id\":\"https:\\\/\\\/jblanz.de\\\/WP\\\/02-mai-2026-fahrt-nach-lefkada\\\/#breadcrumb\",\"itemListElement\":[{\"@type\":\"ListItem\",\"position\":1,\"name\":\"Startseite\",\"item\":\"https:\\\/\\\/jblanz.de\\\/WP\\\/\"},{\"@type\":\"ListItem\",\"position\":2,\"name\":\"02. Mai 2026 &#8211; Fahrt nach Lefkada\"}]},{\"@type\":\"WebSite\",\"@id\":\"https:\\\/\\\/jblanz.de\\\/WP\\\/#website\",\"url\":\"https:\\\/\\\/jblanz.de\\\/WP\\\/\",\"name\":\"Reiseblog von Karin & Joachim\",\"description\":\"Wir schreiben den Blog f\u00fcr uns als Erinnerung - f\u00fcr euch als Inspiration\",\"publisher\":{\"@id\":\"https:\\\/\\\/jblanz.de\\\/WP\\\/#\\\/schema\\\/person\\\/17a70f07162e42bc0b181c22397286e0\"},\"potentialAction\":[{\"@type\":\"SearchAction\",\"target\":{\"@type\":\"EntryPoint\",\"urlTemplate\":\"https:\\\/\\\/jblanz.de\\\/WP\\\/?s={search_term_string}\"},\"query-input\":{\"@type\":\"PropertyValueSpecification\",\"valueRequired\":true,\"valueName\":\"search_term_string\"}}],\"inLanguage\":\"de\"},{\"@type\":[\"Person\",\"Organization\"],\"@id\":\"https:\\\/\\\/jblanz.de\\\/WP\\\/#\\\/schema\\\/person\\\/17a70f07162e42bc0b181c22397286e0\",\"name\":\"Achim\",\"image\":{\"@type\":\"ImageObject\",\"inLanguage\":\"de\",\"@id\":\"https:\\\/\\\/secure.gravatar.com\\\/avatar\\\/b7ab31bc55956af4a9bebf7fd034761212b11b803b7e39464914d6abeefb12f3?s=96&d=mm&r=g\",\"url\":\"https:\\\/\\\/secure.gravatar.com\\\/avatar\\\/b7ab31bc55956af4a9bebf7fd034761212b11b803b7e39464914d6abeefb12f3?s=96&d=mm&r=g\",\"contentUrl\":\"https:\\\/\\\/secure.gravatar.com\\\/avatar\\\/b7ab31bc55956af4a9bebf7fd034761212b11b803b7e39464914d6abeefb12f3?s=96&d=mm&r=g\",\"caption\":\"Achim\"},\"logo\":{\"@id\":\"https:\\\/\\\/secure.gravatar.com\\\/avatar\\\/b7ab31bc55956af4a9bebf7fd034761212b11b803b7e39464914d6abeefb12f3?s=96&d=mm&r=g\"},\"url\":\"https:\\\/\\\/jblanz.de\\\/WP\\\/author\\\/achim\\\/\"}]}<\/script>\n<!-- \/ Yoast SEO plugin. -->","yoast_head_json":{"title":"02. Mai 2026 - Fahrt nach Lefkada - Reiseblog von Karin &amp; Joachim","robots":{"index":"index","follow":"follow","max-snippet":"max-snippet:-1","max-image-preview":"max-image-preview:large","max-video-preview":"max-video-preview:-1"},"canonical":"https:\/\/jblanz.de\/WP\/02-mai-2026-fahrt-nach-lefkada\/","og_locale":"de_DE","og_type":"article","og_title":"02. Mai 2026 - Fahrt nach Lefkada - Reiseblog von Karin &amp; Joachim","og_description":"Gestern Abend fing der Regen an, aber heute Morgen war wieder Sonnenschein. Wir fr\u00fchst\u00fcckten neben dem Bus, packten und fuhren","og_url":"https:\/\/jblanz.de\/WP\/02-mai-2026-fahrt-nach-lefkada\/","og_site_name":"Reiseblog von Karin &amp; Joachim","article_published_time":"2026-05-02T17:01:38+00:00","article_modified_time":"2026-05-03T10:22:07+00:00","og_image":[{"width":1972,"height":1109,"url":"https:\/\/jblanz.de\/WP\/wp-content\/uploads\/2026\/05\/26Albanien-882.jpg","type":"image\/jpeg"}],"author":"Achim","twitter_card":"summary_large_image","twitter_misc":{"Verfasst von":"Achim","Gesch\u00e4tzte Lesezeit":"10\u00a0Minuten"},"schema":{"@context":"https:\/\/schema.org","@graph":[{"@type":"Article","@id":"https:\/\/jblanz.de\/WP\/02-mai-2026-fahrt-nach-lefkada\/#article","isPartOf":{"@id":"https:\/\/jblanz.de\/WP\/02-mai-2026-fahrt-nach-lefkada\/"},"author":{"name":"Achim","@id":"https:\/\/jblanz.de\/WP\/#\/schema\/person\/17a70f07162e42bc0b181c22397286e0"},"headline":"02. Mai 2026 &#8211; Fahrt nach Lefkada","datePublished":"2026-05-02T17:01:38+00:00","dateModified":"2026-05-03T10:22:07+00:00","mainEntityOfPage":{"@id":"https:\/\/jblanz.de\/WP\/02-mai-2026-fahrt-nach-lefkada\/"},"wordCount":610,"commentCount":0,"publisher":{"@id":"https:\/\/jblanz.de\/WP\/#\/schema\/person\/17a70f07162e42bc0b181c22397286e0"},"image":{"@id":"https:\/\/jblanz.de\/WP\/02-mai-2026-fahrt-nach-lefkada\/#primaryimage"},"thumbnailUrl":"https:\/\/jblanz.de\/WP\/wp-content\/uploads\/2026\/05\/26Albanien-882.jpg","articleSection":["2020+","2026","2026","A-J","Europa","Griechenland","Jahr"],"inLanguage":"de","potentialAction":[{"@type":"CommentAction","name":"Comment","target":["https:\/\/jblanz.de\/WP\/02-mai-2026-fahrt-nach-lefkada\/#respond"]}]},{"@type":"WebPage","@id":"https:\/\/jblanz.de\/WP\/02-mai-2026-fahrt-nach-lefkada\/","url":"https:\/\/jblanz.de\/WP\/02-mai-2026-fahrt-nach-lefkada\/","name":"02. Mai 2026 - Fahrt nach Lefkada - Reiseblog von Karin &amp; Joachim","isPartOf":{"@id":"https:\/\/jblanz.de\/WP\/#website"},"primaryImageOfPage":{"@id":"https:\/\/jblanz.de\/WP\/02-mai-2026-fahrt-nach-lefkada\/#primaryimage"},"image":{"@id":"https:\/\/jblanz.de\/WP\/02-mai-2026-fahrt-nach-lefkada\/#primaryimage"},"thumbnailUrl":"https:\/\/jblanz.de\/WP\/wp-content\/uploads\/2026\/05\/26Albanien-882.jpg","datePublished":"2026-05-02T17:01:38+00:00","dateModified":"2026-05-03T10:22:07+00:00","breadcrumb":{"@id":"https:\/\/jblanz.de\/WP\/02-mai-2026-fahrt-nach-lefkada\/#breadcrumb"},"inLanguage":"de","potentialAction":[{"@type":"ReadAction","target":["https:\/\/jblanz.de\/WP\/02-mai-2026-fahrt-nach-lefkada\/"]}]},{"@type":"ImageObject","inLanguage":"de","@id":"https:\/\/jblanz.de\/WP\/02-mai-2026-fahrt-nach-lefkada\/#primaryimage","url":"https:\/\/jblanz.de\/WP\/wp-content\/uploads\/2026\/05\/26Albanien-882.jpg","contentUrl":"https:\/\/jblanz.de\/WP\/wp-content\/uploads\/2026\/05\/26Albanien-882.jpg","width":1972,"height":1109},{"@type":"BreadcrumbList","@id":"https:\/\/jblanz.de\/WP\/02-mai-2026-fahrt-nach-lefkada\/#breadcrumb","itemListElement":[{"@type":"ListItem","position":1,"name":"Startseite","item":"https:\/\/jblanz.de\/WP\/"},{"@type":"ListItem","position":2,"name":"02. Mai 2026 &#8211; Fahrt nach Lefkada"}]},{"@type":"WebSite","@id":"https:\/\/jblanz.de\/WP\/#website","url":"https:\/\/jblanz.de\/WP\/","name":"Reiseblog von Karin & Joachim","description":"Wir schreiben den Blog f\u00fcr uns als Erinnerung - f\u00fcr euch als Inspiration","publisher":{"@id":"https:\/\/jblanz.de\/WP\/#\/schema\/person\/17a70f07162e42bc0b181c22397286e0"},"potentialAction":[{"@type":"SearchAction","target":{"@type":"EntryPoint","urlTemplate":"https:\/\/jblanz.de\/WP\/?s={search_term_string}"},"query-input":{"@type":"PropertyValueSpecification","valueRequired":true,"valueName":"search_term_string"}}],"inLanguage":"de"},{"@type":["Person","Organization"],"@id":"https:\/\/jblanz.de\/WP\/#\/schema\/person\/17a70f07162e42bc0b181c22397286e0","name":"Achim","image":{"@type":"ImageObject","inLanguage":"de","@id":"https:\/\/secure.gravatar.com\/avatar\/b7ab31bc55956af4a9bebf7fd034761212b11b803b7e39464914d6abeefb12f3?s=96&d=mm&r=g","url":"https:\/\/secure.gravatar.com\/avatar\/b7ab31bc55956af4a9bebf7fd034761212b11b803b7e39464914d6abeefb12f3?s=96&d=mm&r=g","contentUrl":"https:\/\/secure.gravatar.com\/avatar\/b7ab31bc55956af4a9bebf7fd034761212b11b803b7e39464914d6abeefb12f3?s=96&d=mm&r=g","caption":"Achim"},"logo":{"@id":"https:\/\/secure.gravatar.com\/avatar\/b7ab31bc55956af4a9bebf7fd034761212b11b803b7e39464914d6abeefb12f3?s=96&d=mm&r=g"},"url":"https:\/\/jblanz.de\/WP\/author\/achim\/"}]}},"_links":{"self":[{"href":"https:\/\/jblanz.de\/WP\/wp-json\/wp\/v2\/posts\/31402","targetHints":{"allow":["GET"]}}],"collection":[{"href":"https:\/\/jblanz.de\/WP\/wp-json\/wp\/v2\/posts"}],"about":[{"href":"https:\/\/jblanz.de\/WP\/wp-json\/wp\/v2\/types\/post"}],"author":[{"embeddable":true,"href":"https:\/\/jblanz.de\/WP\/wp-json\/wp\/v2\/users\/1"}],"replies":[{"embeddable":true,"href":"https:\/\/jblanz.de\/WP\/wp-json\/wp\/v2\/comments?post=31402"}],"version-history":[{"count":10,"href":"https:\/\/jblanz.de\/WP\/wp-json\/wp\/v2\/posts\/31402\/revisions"}],"predecessor-version":[{"id":31477,"href":"https:\/\/jblanz.de\/WP\/wp-json\/wp\/v2\/posts\/31402\/revisions\/31477"}],"wp:featuredmedia":[{"embeddable":true,"href":"https:\/\/jblanz.de\/WP\/wp-json\/wp\/v2\/media\/31470"}],"wp:attachment":[{"href":"https:\/\/jblanz.de\/WP\/wp-json\/wp\/v2\/media?parent=31402"}],"wp:term":[{"taxonomy":"category","embeddable":true,"href":"https:\/\/jblanz.de\/WP\/wp-json\/wp\/v2\/categories?post=31402"},{"taxonomy":"post_tag","embeddable":true,"href":"https:\/\/jblanz.de\/WP\/wp-json\/wp\/v2\/tags?post=31402"}],"curies":[{"name":"wp","href":"https:\/\/api.w.org\/{rel}","templated":true}]}}