{"id":3294,"date":"2009-08-18T19:14:00","date_gmt":"2009-08-18T17:14:00","guid":{"rendered":"http:\/\/jblanz.de\/WP\/?p=3294"},"modified":"2021-01-17T11:38:51","modified_gmt":"2021-01-17T10:38:51","slug":"rueckfahrt-nach-belo-sur-tsiribihina","status":"publish","type":"post","link":"https:\/\/jblanz.de\/WP\/rueckfahrt-nach-belo-sur-tsiribihina\/","title":{"rendered":"18. August 2009 &#8211; R\u00fcckfahrt nach Belo sur Tsiribihina"},"content":{"rendered":"\n<p>Nat\u00fcrlich war diese Nacht viel w\u00e4rmer als die vorige, das war ja klar. Und der Muskelkater entwickelte sich gem\u00fctlich \u00fcber Nacht, nat\u00fcrlich auch nur bei Achim der j\u00e4mmerlich nach einer Massage bettelte und sie logischerweise auch bekam &#8211; ich bin ja keine Unmenschin. Durchs Fenster konnten wir noch Veronika und Jana abreisen sehen, dann gab&#8217;s Fr\u00fchst\u00fcck wieder mit ger\u00f6stetem Baguette und Tomatenmarmelade. Sebastian und Rudi waren auch schon da und so war alles wie immer, packen, Zeug ins Auto und ab ging&#8217;s. Wieder zum Eingang der kleinen Tsingys, da wartete eine Doppelpiroge auf uns und stocherte uns den Fluss runter. In den Felsen am Flussufer verstecken sich zahlreiche H\u00f6hlen, teils mit Tropfsteinen. Zwei Grotten und ein Grab am Felsen durften wir besichtigen, bevor es wieder zur\u00fcckging zum Auto.&nbsp;<\/p>\n\n\n\n<figure class=\"wp-block-image size-large\"><img loading=\"lazy\" decoding=\"async\" width=\"800\" height=\"450\" src=\"https:\/\/jblanz.de\/WP\/wp-content\/uploads\/2020\/05\/Mada09_1038.jpg\" alt=\"\" class=\"wp-image-4397\" srcset=\"https:\/\/jblanz.de\/WP\/wp-content\/uploads\/2020\/05\/Mada09_1038.jpg 800w, https:\/\/jblanz.de\/WP\/wp-content\/uploads\/2020\/05\/Mada09_1038-300x169.jpg 300w, https:\/\/jblanz.de\/WP\/wp-content\/uploads\/2020\/05\/Mada09_1038-768x432.jpg 768w\" sizes=\"auto, (max-width: 800px) 100vw, 800px\" \/><\/figure>\n\n\n\n<figure class=\"wp-block-image size-large\"><img loading=\"lazy\" decoding=\"async\" width=\"800\" height=\"450\" src=\"https:\/\/jblanz.de\/WP\/wp-content\/uploads\/2020\/05\/Mada09_1039.jpg\" alt=\"\" class=\"wp-image-4398\" srcset=\"https:\/\/jblanz.de\/WP\/wp-content\/uploads\/2020\/05\/Mada09_1039.jpg 800w, https:\/\/jblanz.de\/WP\/wp-content\/uploads\/2020\/05\/Mada09_1039-300x169.jpg 300w, https:\/\/jblanz.de\/WP\/wp-content\/uploads\/2020\/05\/Mada09_1039-768x432.jpg 768w\" sizes=\"auto, (max-width: 800px) 100vw, 800px\" \/><\/figure>\n\n\n\n<figure class=\"wp-block-image size-large\"><img loading=\"lazy\" decoding=\"async\" width=\"800\" height=\"450\" src=\"https:\/\/jblanz.de\/WP\/wp-content\/uploads\/2020\/05\/Mada09_1040.jpg\" alt=\"\" class=\"wp-image-4400\" srcset=\"https:\/\/jblanz.de\/WP\/wp-content\/uploads\/2020\/05\/Mada09_1040.jpg 800w, https:\/\/jblanz.de\/WP\/wp-content\/uploads\/2020\/05\/Mada09_1040-300x169.jpg 300w, https:\/\/jblanz.de\/WP\/wp-content\/uploads\/2020\/05\/Mada09_1040-768x432.jpg 768w\" sizes=\"auto, (max-width: 800px) 100vw, 800px\" \/><\/figure>\n\n\n\n<figure class=\"wp-block-image size-large\"><img loading=\"lazy\" decoding=\"async\" width=\"800\" height=\"450\" src=\"https:\/\/jblanz.de\/WP\/wp-content\/uploads\/2020\/05\/Mada09_1045.jpg\" alt=\"\" class=\"wp-image-4399\" srcset=\"https:\/\/jblanz.de\/WP\/wp-content\/uploads\/2020\/05\/Mada09_1045.jpg 800w, https:\/\/jblanz.de\/WP\/wp-content\/uploads\/2020\/05\/Mada09_1045-300x169.jpg 300w, https:\/\/jblanz.de\/WP\/wp-content\/uploads\/2020\/05\/Mada09_1045-768x432.jpg 768w\" sizes=\"auto, (max-width: 800px) 100vw, 800px\" \/><\/figure>\n\n\n\n<figure class=\"wp-block-image size-large\"><img loading=\"lazy\" decoding=\"async\" width=\"800\" height=\"450\" src=\"https:\/\/jblanz.de\/WP\/wp-content\/uploads\/2020\/05\/Mada09_1050.jpg\" alt=\"\" class=\"wp-image-4401\" srcset=\"https:\/\/jblanz.de\/WP\/wp-content\/uploads\/2020\/05\/Mada09_1050.jpg 800w, https:\/\/jblanz.de\/WP\/wp-content\/uploads\/2020\/05\/Mada09_1050-300x169.jpg 300w, https:\/\/jblanz.de\/WP\/wp-content\/uploads\/2020\/05\/Mada09_1050-768x432.jpg 768w\" sizes=\"auto, (max-width: 800px) 100vw, 800px\" \/><\/figure>\n\n\n\n<figure class=\"wp-block-image size-large\"><img loading=\"lazy\" decoding=\"async\" width=\"800\" height=\"450\" src=\"https:\/\/jblanz.de\/WP\/wp-content\/uploads\/2020\/05\/Mada09_1051.jpg\" alt=\"\" class=\"wp-image-4402\" srcset=\"https:\/\/jblanz.de\/WP\/wp-content\/uploads\/2020\/05\/Mada09_1051.jpg 800w, https:\/\/jblanz.de\/WP\/wp-content\/uploads\/2020\/05\/Mada09_1051-300x169.jpg 300w, https:\/\/jblanz.de\/WP\/wp-content\/uploads\/2020\/05\/Mada09_1051-768x432.jpg 768w\" sizes=\"auto, (max-width: 800px) 100vw, 800px\" \/><\/figure>\n\n\n\n<figure class=\"wp-block-image size-large\"><img loading=\"lazy\" decoding=\"async\" width=\"800\" height=\"450\" src=\"https:\/\/jblanz.de\/WP\/wp-content\/uploads\/2020\/05\/Mada09_1053.jpg\" alt=\"\" class=\"wp-image-4403\" srcset=\"https:\/\/jblanz.de\/WP\/wp-content\/uploads\/2020\/05\/Mada09_1053.jpg 800w, https:\/\/jblanz.de\/WP\/wp-content\/uploads\/2020\/05\/Mada09_1053-300x169.jpg 300w, https:\/\/jblanz.de\/WP\/wp-content\/uploads\/2020\/05\/Mada09_1053-768x432.jpg 768w\" sizes=\"auto, (max-width: 800px) 100vw, 800px\" \/><\/figure>\n\n\n\n<p>Abschied von Rudi, rauf aufs Flo\u00df, \u00fcbersetzen \u00fcber den Fluss Manambolo und dann wieder 4 Stunden ger\u00fcttelt zur\u00fcck bis nach Belo sur Tsiribihina.&nbsp;<\/p>\n\n\n\n<figure class=\"wp-block-image size-large\"><img loading=\"lazy\" decoding=\"async\" width=\"800\" height=\"450\" src=\"https:\/\/jblanz.de\/WP\/wp-content\/uploads\/2020\/05\/Mada09_1055.jpg\" alt=\"\" class=\"wp-image-4405\" srcset=\"https:\/\/jblanz.de\/WP\/wp-content\/uploads\/2020\/05\/Mada09_1055.jpg 800w, https:\/\/jblanz.de\/WP\/wp-content\/uploads\/2020\/05\/Mada09_1055-300x169.jpg 300w, https:\/\/jblanz.de\/WP\/wp-content\/uploads\/2020\/05\/Mada09_1055-768x432.jpg 768w\" sizes=\"auto, (max-width: 800px) 100vw, 800px\" \/><\/figure>\n\n\n\n<figure class=\"wp-block-image size-large\"><img loading=\"lazy\" decoding=\"async\" width=\"800\" height=\"450\" src=\"https:\/\/jblanz.de\/WP\/wp-content\/uploads\/2020\/05\/Mada09_1056.jpg\" alt=\"\" class=\"wp-image-4406\" srcset=\"https:\/\/jblanz.de\/WP\/wp-content\/uploads\/2020\/05\/Mada09_1056.jpg 800w, https:\/\/jblanz.de\/WP\/wp-content\/uploads\/2020\/05\/Mada09_1056-300x169.jpg 300w, https:\/\/jblanz.de\/WP\/wp-content\/uploads\/2020\/05\/Mada09_1056-768x432.jpg 768w\" sizes=\"auto, (max-width: 800px) 100vw, 800px\" \/><\/figure>\n\n\n\n<figure class=\"wp-block-image size-large\"><img loading=\"lazy\" decoding=\"async\" width=\"800\" height=\"450\" src=\"https:\/\/jblanz.de\/WP\/wp-content\/uploads\/2020\/05\/Mada09_1058.jpg\" alt=\"\" class=\"wp-image-4410\" srcset=\"https:\/\/jblanz.de\/WP\/wp-content\/uploads\/2020\/05\/Mada09_1058.jpg 800w, https:\/\/jblanz.de\/WP\/wp-content\/uploads\/2020\/05\/Mada09_1058-300x169.jpg 300w, https:\/\/jblanz.de\/WP\/wp-content\/uploads\/2020\/05\/Mada09_1058-768x432.jpg 768w\" sizes=\"auto, (max-width: 800px) 100vw, 800px\" \/><figcaption>auf dem Weg diese B\u00e4ume (aus der Gattung Albizia, Familie der H\u00fclsenfr\u00fcchtler)<\/figcaption><\/figure>\n\n\n\n<figure class=\"wp-block-image size-large\"><img loading=\"lazy\" decoding=\"async\" width=\"800\" height=\"450\" src=\"https:\/\/jblanz.de\/WP\/wp-content\/uploads\/2020\/05\/Mada09_1068.jpg\" alt=\"\" class=\"wp-image-4412\" srcset=\"https:\/\/jblanz.de\/WP\/wp-content\/uploads\/2020\/05\/Mada09_1068.jpg 800w, https:\/\/jblanz.de\/WP\/wp-content\/uploads\/2020\/05\/Mada09_1068-300x169.jpg 300w, https:\/\/jblanz.de\/WP\/wp-content\/uploads\/2020\/05\/Mada09_1068-768x432.jpg 768w\" sizes=\"auto, (max-width: 800px) 100vw, 800px\" \/><figcaption>einige dieser Albizia-B\u00e4ume sind endemisch auf Madagaskar<\/figcaption><\/figure>\n\n\n\n<figure class=\"wp-block-image size-large\"><img loading=\"lazy\" decoding=\"async\" width=\"800\" height=\"450\" src=\"https:\/\/jblanz.de\/WP\/wp-content\/uploads\/2020\/05\/Mada09_1059.jpg\" alt=\"\" class=\"wp-image-4411\" srcset=\"https:\/\/jblanz.de\/WP\/wp-content\/uploads\/2020\/05\/Mada09_1059.jpg 800w, https:\/\/jblanz.de\/WP\/wp-content\/uploads\/2020\/05\/Mada09_1059-300x169.jpg 300w, https:\/\/jblanz.de\/WP\/wp-content\/uploads\/2020\/05\/Mada09_1059-768x432.jpg 768w\" sizes=\"auto, (max-width: 800px) 100vw, 800px\" \/><figcaption>die diese Samenkapseln produzieren<\/figcaption><\/figure>\n\n\n\n<figure class=\"wp-block-image size-large\"><img loading=\"lazy\" decoding=\"async\" width=\"675\" height=\"450\" src=\"https:\/\/jblanz.de\/WP\/wp-content\/uploads\/2020\/05\/Mada09_1070.jpg\" alt=\"\" class=\"wp-image-4413\" srcset=\"https:\/\/jblanz.de\/WP\/wp-content\/uploads\/2020\/05\/Mada09_1070.jpg 675w, https:\/\/jblanz.de\/WP\/wp-content\/uploads\/2020\/05\/Mada09_1070-300x200.jpg 300w\" sizes=\"auto, (max-width: 675px) 100vw, 675px\" \/><figcaption>und wieder wirbeln wir roten Staub auf<\/figcaption><\/figure>\n\n\n\n<p>Dort beziehen wir ein Zimmer \u00fcber der Kneipe, in der wir schon auf der Hinfahrt gegessen hatten. Mal sehen, ob ich noch ein zus\u00e4tzliches Decke organisieren kann, um die wieder mal sauharte Matratze abzufedern. Kurz vor Sonnenuntergang wird es in Belo richtig lebendig, viele Leute spazieren die &#8222;Hauptstrasse&#8220; entlang und ein Gecko be\u00e4ugt uns neugierig aus sicherer Deckung.<\/p>\n\n\n\n<figure class=\"wp-block-image size-large\"><img loading=\"lazy\" decoding=\"async\" width=\"800\" height=\"450\" src=\"https:\/\/jblanz.de\/WP\/wp-content\/uploads\/2020\/05\/Mada09_1073.jpg\" alt=\"\" class=\"wp-image-4415\" srcset=\"https:\/\/jblanz.de\/WP\/wp-content\/uploads\/2020\/05\/Mada09_1073.jpg 800w, https:\/\/jblanz.de\/WP\/wp-content\/uploads\/2020\/05\/Mada09_1073-300x169.jpg 300w, https:\/\/jblanz.de\/WP\/wp-content\/uploads\/2020\/05\/Mada09_1073-768x432.jpg 768w\" sizes=\"auto, (max-width: 800px) 100vw, 800px\" \/><\/figure>\n\n\n\n<figure class=\"wp-block-image size-large\"><img loading=\"lazy\" decoding=\"async\" width=\"675\" height=\"450\" src=\"https:\/\/jblanz.de\/WP\/wp-content\/uploads\/2020\/05\/Mada09_1076.jpg\" alt=\"\" class=\"wp-image-4417\" srcset=\"https:\/\/jblanz.de\/WP\/wp-content\/uploads\/2020\/05\/Mada09_1076.jpg 675w, https:\/\/jblanz.de\/WP\/wp-content\/uploads\/2020\/05\/Mada09_1076-300x200.jpg 300w\" sizes=\"auto, (max-width: 675px) 100vw, 675px\" \/><\/figure>\n\n\n\n<p>Jetzt gibt es erst mal H\u00fchnersuppe f\u00fcr oder gegen meinen R\u00fcttelmagen, hoffentlich n\u00fctzt das was. Die Suppe war echt super, aber vielleicht auch Verursacherin unserer beiden Durchfallattacken in der Nacht. Die Suppe schmeckte genial, mit Fleisch, Nudeln und Gem\u00fcse, aber danach war ich so pappsatt, dass ich abends nur noch einen Tomatensalat essen konnte, Achim einen Zebu-Spie\u00df mit Pommes. Kurz darauf ging&#8217;s bei mir los. Mit Schlaftablette und dicker Decke unterm Hintern schlief ich immerhin durch bis 1:00 Uhr, nebenbei h\u00f6rte ich Achim aufs Klo wandern und den Ger\u00e4uschen nach ging es ihm \u00e4hnlich.<\/p>\n","protected":false},"excerpt":{"rendered":"<p>Nat\u00fcrlich war diese Nacht viel w\u00e4rmer als die vorige, das war ja klar. Und der Muskelkater entwickelte sich gem\u00fctlich \u00fcber<\/p>\n","protected":false},"author":1,"featured_media":4397,"comment_status":"open","ping_status":"open","sticky":false,"template":"","format":"standard","meta":{"colormag_page_container_layout":"default_layout","colormag_page_sidebar_layout":"default_layout","_monsterinsights_skip_tracking":false,"_monsterinsights_sitenote_active":false,"_monsterinsights_sitenote_note":"","_monsterinsights_sitenote_category":0,"footnotes":""},"categories":[209,20,22],"tags":[],"class_list":["post-3294","post","type-post","status-publish","format-standard","has-post-thumbnail","hentry","category-209","category-madagaskar","category-madagaskar2009"],"yoast_head":"<!-- This site is optimized with the Yoast SEO plugin v27.4 - https:\/\/yoast.com\/product\/yoast-seo-wordpress\/ -->\n<title>18. August 2009 - R\u00fcckfahrt nach Belo sur Tsiribihina - Reiseblog von Karin &amp; Joachim<\/title>\n<meta name=\"robots\" content=\"index, follow, max-snippet:-1, max-image-preview:large, max-video-preview:-1\" \/>\n<link rel=\"canonical\" href=\"https:\/\/jblanz.de\/WP\/rueckfahrt-nach-belo-sur-tsiribihina\/\" \/>\n<meta property=\"og:locale\" content=\"de_DE\" \/>\n<meta property=\"og:type\" content=\"article\" \/>\n<meta property=\"og:title\" content=\"18. August 2009 - R\u00fcckfahrt nach Belo sur Tsiribihina - Reiseblog von Karin &amp; Joachim\" \/>\n<meta property=\"og:description\" content=\"Nat\u00fcrlich war diese Nacht viel w\u00e4rmer als die vorige, das war ja klar. Und der Muskelkater entwickelte sich gem\u00fctlich \u00fcber\" \/>\n<meta property=\"og:url\" content=\"https:\/\/jblanz.de\/WP\/rueckfahrt-nach-belo-sur-tsiribihina\/\" \/>\n<meta property=\"og:site_name\" content=\"Reiseblog von Karin &amp; Joachim\" \/>\n<meta property=\"article:published_time\" content=\"2009-08-18T17:14:00+00:00\" \/>\n<meta property=\"article:modified_time\" content=\"2021-01-17T10:38:51+00:00\" \/>\n<meta property=\"og:image\" content=\"https:\/\/jblanz.de\/WP\/wp-content\/uploads\/2020\/05\/Mada09_1038.jpg\" \/>\n\t<meta property=\"og:image:width\" content=\"800\" \/>\n\t<meta property=\"og:image:height\" content=\"450\" \/>\n\t<meta property=\"og:image:type\" content=\"image\/jpeg\" \/>\n<meta name=\"author\" content=\"Achim\" \/>\n<meta name=\"twitter:card\" content=\"summary_large_image\" \/>\n<meta name=\"twitter:label1\" content=\"Verfasst von\" \/>\n\t<meta name=\"twitter:data1\" content=\"Achim\" \/>\n\t<meta name=\"twitter:label2\" content=\"Gesch\u00e4tzte Lesezeit\" \/>\n\t<meta name=\"twitter:data2\" content=\"5\u00a0Minuten\" \/>\n<script type=\"application\/ld+json\" class=\"yoast-schema-graph\">{\"@context\":\"https:\\\/\\\/schema.org\",\"@graph\":[{\"@type\":\"Article\",\"@id\":\"https:\\\/\\\/jblanz.de\\\/WP\\\/rueckfahrt-nach-belo-sur-tsiribihina\\\/#article\",\"isPartOf\":{\"@id\":\"https:\\\/\\\/jblanz.de\\\/WP\\\/rueckfahrt-nach-belo-sur-tsiribihina\\\/\"},\"author\":{\"name\":\"Achim\",\"@id\":\"https:\\\/\\\/jblanz.de\\\/WP\\\/#\\\/schema\\\/person\\\/17a70f07162e42bc0b181c22397286e0\"},\"headline\":\"18. August 2009 &#8211; R\u00fcckfahrt nach Belo sur Tsiribihina\",\"datePublished\":\"2009-08-18T17:14:00+00:00\",\"dateModified\":\"2021-01-17T10:38:51+00:00\",\"mainEntityOfPage\":{\"@id\":\"https:\\\/\\\/jblanz.de\\\/WP\\\/rueckfahrt-nach-belo-sur-tsiribihina\\\/\"},\"wordCount\":369,\"commentCount\":0,\"publisher\":{\"@id\":\"https:\\\/\\\/jblanz.de\\\/WP\\\/#\\\/schema\\\/person\\\/17a70f07162e42bc0b181c22397286e0\"},\"image\":{\"@id\":\"https:\\\/\\\/jblanz.de\\\/WP\\\/rueckfahrt-nach-belo-sur-tsiribihina\\\/#primaryimage\"},\"thumbnailUrl\":\"https:\\\/\\\/jblanz.de\\\/WP\\\/wp-content\\\/uploads\\\/2020\\\/05\\\/Mada09_1038.jpg\",\"articleSection\":[\"2009\",\"Madagaskar\",\"Madagaskar 2009\"],\"inLanguage\":\"de\",\"potentialAction\":[{\"@type\":\"CommentAction\",\"name\":\"Comment\",\"target\":[\"https:\\\/\\\/jblanz.de\\\/WP\\\/rueckfahrt-nach-belo-sur-tsiribihina\\\/#respond\"]}]},{\"@type\":\"WebPage\",\"@id\":\"https:\\\/\\\/jblanz.de\\\/WP\\\/rueckfahrt-nach-belo-sur-tsiribihina\\\/\",\"url\":\"https:\\\/\\\/jblanz.de\\\/WP\\\/rueckfahrt-nach-belo-sur-tsiribihina\\\/\",\"name\":\"18. August 2009 - R\u00fcckfahrt nach Belo sur Tsiribihina - Reiseblog von Karin &amp; Joachim\",\"isPartOf\":{\"@id\":\"https:\\\/\\\/jblanz.de\\\/WP\\\/#website\"},\"primaryImageOfPage\":{\"@id\":\"https:\\\/\\\/jblanz.de\\\/WP\\\/rueckfahrt-nach-belo-sur-tsiribihina\\\/#primaryimage\"},\"image\":{\"@id\":\"https:\\\/\\\/jblanz.de\\\/WP\\\/rueckfahrt-nach-belo-sur-tsiribihina\\\/#primaryimage\"},\"thumbnailUrl\":\"https:\\\/\\\/jblanz.de\\\/WP\\\/wp-content\\\/uploads\\\/2020\\\/05\\\/Mada09_1038.jpg\",\"datePublished\":\"2009-08-18T17:14:00+00:00\",\"dateModified\":\"2021-01-17T10:38:51+00:00\",\"breadcrumb\":{\"@id\":\"https:\\\/\\\/jblanz.de\\\/WP\\\/rueckfahrt-nach-belo-sur-tsiribihina\\\/#breadcrumb\"},\"inLanguage\":\"de\",\"potentialAction\":[{\"@type\":\"ReadAction\",\"target\":[\"https:\\\/\\\/jblanz.de\\\/WP\\\/rueckfahrt-nach-belo-sur-tsiribihina\\\/\"]}]},{\"@type\":\"ImageObject\",\"inLanguage\":\"de\",\"@id\":\"https:\\\/\\\/jblanz.de\\\/WP\\\/rueckfahrt-nach-belo-sur-tsiribihina\\\/#primaryimage\",\"url\":\"https:\\\/\\\/jblanz.de\\\/WP\\\/wp-content\\\/uploads\\\/2020\\\/05\\\/Mada09_1038.jpg\",\"contentUrl\":\"https:\\\/\\\/jblanz.de\\\/WP\\\/wp-content\\\/uploads\\\/2020\\\/05\\\/Mada09_1038.jpg\",\"width\":800,\"height\":450},{\"@type\":\"BreadcrumbList\",\"@id\":\"https:\\\/\\\/jblanz.de\\\/WP\\\/rueckfahrt-nach-belo-sur-tsiribihina\\\/#breadcrumb\",\"itemListElement\":[{\"@type\":\"ListItem\",\"position\":1,\"name\":\"Startseite\",\"item\":\"https:\\\/\\\/jblanz.de\\\/WP\\\/\"},{\"@type\":\"ListItem\",\"position\":2,\"name\":\"18. August 2009 &#8211; R\u00fcckfahrt nach Belo sur Tsiribihina\"}]},{\"@type\":\"WebSite\",\"@id\":\"https:\\\/\\\/jblanz.de\\\/WP\\\/#website\",\"url\":\"https:\\\/\\\/jblanz.de\\\/WP\\\/\",\"name\":\"Reiseblog von Karin & Joachim\",\"description\":\"Wir schreiben den Blog f\u00fcr uns als Erinnerung - f\u00fcr euch als Inspiration\",\"publisher\":{\"@id\":\"https:\\\/\\\/jblanz.de\\\/WP\\\/#\\\/schema\\\/person\\\/17a70f07162e42bc0b181c22397286e0\"},\"potentialAction\":[{\"@type\":\"SearchAction\",\"target\":{\"@type\":\"EntryPoint\",\"urlTemplate\":\"https:\\\/\\\/jblanz.de\\\/WP\\\/?s={search_term_string}\"},\"query-input\":{\"@type\":\"PropertyValueSpecification\",\"valueRequired\":true,\"valueName\":\"search_term_string\"}}],\"inLanguage\":\"de\"},{\"@type\":[\"Person\",\"Organization\"],\"@id\":\"https:\\\/\\\/jblanz.de\\\/WP\\\/#\\\/schema\\\/person\\\/17a70f07162e42bc0b181c22397286e0\",\"name\":\"Achim\",\"image\":{\"@type\":\"ImageObject\",\"inLanguage\":\"de\",\"@id\":\"https:\\\/\\\/secure.gravatar.com\\\/avatar\\\/b7ab31bc55956af4a9bebf7fd034761212b11b803b7e39464914d6abeefb12f3?s=96&d=mm&r=g\",\"url\":\"https:\\\/\\\/secure.gravatar.com\\\/avatar\\\/b7ab31bc55956af4a9bebf7fd034761212b11b803b7e39464914d6abeefb12f3?s=96&d=mm&r=g\",\"contentUrl\":\"https:\\\/\\\/secure.gravatar.com\\\/avatar\\\/b7ab31bc55956af4a9bebf7fd034761212b11b803b7e39464914d6abeefb12f3?s=96&d=mm&r=g\",\"caption\":\"Achim\"},\"logo\":{\"@id\":\"https:\\\/\\\/secure.gravatar.com\\\/avatar\\\/b7ab31bc55956af4a9bebf7fd034761212b11b803b7e39464914d6abeefb12f3?s=96&d=mm&r=g\"},\"url\":\"https:\\\/\\\/jblanz.de\\\/WP\\\/author\\\/achim\\\/\"}]}<\/script>\n<!-- \/ Yoast SEO plugin. -->","yoast_head_json":{"title":"18. August 2009 - R\u00fcckfahrt nach Belo sur Tsiribihina - Reiseblog von Karin &amp; Joachim","robots":{"index":"index","follow":"follow","max-snippet":"max-snippet:-1","max-image-preview":"max-image-preview:large","max-video-preview":"max-video-preview:-1"},"canonical":"https:\/\/jblanz.de\/WP\/rueckfahrt-nach-belo-sur-tsiribihina\/","og_locale":"de_DE","og_type":"article","og_title":"18. August 2009 - R\u00fcckfahrt nach Belo sur Tsiribihina - Reiseblog von Karin &amp; Joachim","og_description":"Nat\u00fcrlich war diese Nacht viel w\u00e4rmer als die vorige, das war ja klar. Und der Muskelkater entwickelte sich gem\u00fctlich \u00fcber","og_url":"https:\/\/jblanz.de\/WP\/rueckfahrt-nach-belo-sur-tsiribihina\/","og_site_name":"Reiseblog von Karin &amp; Joachim","article_published_time":"2009-08-18T17:14:00+00:00","article_modified_time":"2021-01-17T10:38:51+00:00","og_image":[{"width":800,"height":450,"url":"https:\/\/jblanz.de\/WP\/wp-content\/uploads\/2020\/05\/Mada09_1038.jpg","type":"image\/jpeg"}],"author":"Achim","twitter_card":"summary_large_image","twitter_misc":{"Verfasst von":"Achim","Gesch\u00e4tzte Lesezeit":"5\u00a0Minuten"},"schema":{"@context":"https:\/\/schema.org","@graph":[{"@type":"Article","@id":"https:\/\/jblanz.de\/WP\/rueckfahrt-nach-belo-sur-tsiribihina\/#article","isPartOf":{"@id":"https:\/\/jblanz.de\/WP\/rueckfahrt-nach-belo-sur-tsiribihina\/"},"author":{"name":"Achim","@id":"https:\/\/jblanz.de\/WP\/#\/schema\/person\/17a70f07162e42bc0b181c22397286e0"},"headline":"18. August 2009 &#8211; R\u00fcckfahrt nach Belo sur Tsiribihina","datePublished":"2009-08-18T17:14:00+00:00","dateModified":"2021-01-17T10:38:51+00:00","mainEntityOfPage":{"@id":"https:\/\/jblanz.de\/WP\/rueckfahrt-nach-belo-sur-tsiribihina\/"},"wordCount":369,"commentCount":0,"publisher":{"@id":"https:\/\/jblanz.de\/WP\/#\/schema\/person\/17a70f07162e42bc0b181c22397286e0"},"image":{"@id":"https:\/\/jblanz.de\/WP\/rueckfahrt-nach-belo-sur-tsiribihina\/#primaryimage"},"thumbnailUrl":"https:\/\/jblanz.de\/WP\/wp-content\/uploads\/2020\/05\/Mada09_1038.jpg","articleSection":["2009","Madagaskar","Madagaskar 2009"],"inLanguage":"de","potentialAction":[{"@type":"CommentAction","name":"Comment","target":["https:\/\/jblanz.de\/WP\/rueckfahrt-nach-belo-sur-tsiribihina\/#respond"]}]},{"@type":"WebPage","@id":"https:\/\/jblanz.de\/WP\/rueckfahrt-nach-belo-sur-tsiribihina\/","url":"https:\/\/jblanz.de\/WP\/rueckfahrt-nach-belo-sur-tsiribihina\/","name":"18. August 2009 - R\u00fcckfahrt nach Belo sur Tsiribihina - Reiseblog von Karin &amp; Joachim","isPartOf":{"@id":"https:\/\/jblanz.de\/WP\/#website"},"primaryImageOfPage":{"@id":"https:\/\/jblanz.de\/WP\/rueckfahrt-nach-belo-sur-tsiribihina\/#primaryimage"},"image":{"@id":"https:\/\/jblanz.de\/WP\/rueckfahrt-nach-belo-sur-tsiribihina\/#primaryimage"},"thumbnailUrl":"https:\/\/jblanz.de\/WP\/wp-content\/uploads\/2020\/05\/Mada09_1038.jpg","datePublished":"2009-08-18T17:14:00+00:00","dateModified":"2021-01-17T10:38:51+00:00","breadcrumb":{"@id":"https:\/\/jblanz.de\/WP\/rueckfahrt-nach-belo-sur-tsiribihina\/#breadcrumb"},"inLanguage":"de","potentialAction":[{"@type":"ReadAction","target":["https:\/\/jblanz.de\/WP\/rueckfahrt-nach-belo-sur-tsiribihina\/"]}]},{"@type":"ImageObject","inLanguage":"de","@id":"https:\/\/jblanz.de\/WP\/rueckfahrt-nach-belo-sur-tsiribihina\/#primaryimage","url":"https:\/\/jblanz.de\/WP\/wp-content\/uploads\/2020\/05\/Mada09_1038.jpg","contentUrl":"https:\/\/jblanz.de\/WP\/wp-content\/uploads\/2020\/05\/Mada09_1038.jpg","width":800,"height":450},{"@type":"BreadcrumbList","@id":"https:\/\/jblanz.de\/WP\/rueckfahrt-nach-belo-sur-tsiribihina\/#breadcrumb","itemListElement":[{"@type":"ListItem","position":1,"name":"Startseite","item":"https:\/\/jblanz.de\/WP\/"},{"@type":"ListItem","position":2,"name":"18. August 2009 &#8211; R\u00fcckfahrt nach Belo sur Tsiribihina"}]},{"@type":"WebSite","@id":"https:\/\/jblanz.de\/WP\/#website","url":"https:\/\/jblanz.de\/WP\/","name":"Reiseblog von Karin & Joachim","description":"Wir schreiben den Blog f\u00fcr uns als Erinnerung - f\u00fcr euch als Inspiration","publisher":{"@id":"https:\/\/jblanz.de\/WP\/#\/schema\/person\/17a70f07162e42bc0b181c22397286e0"},"potentialAction":[{"@type":"SearchAction","target":{"@type":"EntryPoint","urlTemplate":"https:\/\/jblanz.de\/WP\/?s={search_term_string}"},"query-input":{"@type":"PropertyValueSpecification","valueRequired":true,"valueName":"search_term_string"}}],"inLanguage":"de"},{"@type":["Person","Organization"],"@id":"https:\/\/jblanz.de\/WP\/#\/schema\/person\/17a70f07162e42bc0b181c22397286e0","name":"Achim","image":{"@type":"ImageObject","inLanguage":"de","@id":"https:\/\/secure.gravatar.com\/avatar\/b7ab31bc55956af4a9bebf7fd034761212b11b803b7e39464914d6abeefb12f3?s=96&d=mm&r=g","url":"https:\/\/secure.gravatar.com\/avatar\/b7ab31bc55956af4a9bebf7fd034761212b11b803b7e39464914d6abeefb12f3?s=96&d=mm&r=g","contentUrl":"https:\/\/secure.gravatar.com\/avatar\/b7ab31bc55956af4a9bebf7fd034761212b11b803b7e39464914d6abeefb12f3?s=96&d=mm&r=g","caption":"Achim"},"logo":{"@id":"https:\/\/secure.gravatar.com\/avatar\/b7ab31bc55956af4a9bebf7fd034761212b11b803b7e39464914d6abeefb12f3?s=96&d=mm&r=g"},"url":"https:\/\/jblanz.de\/WP\/author\/achim\/"}]}},"_links":{"self":[{"href":"https:\/\/jblanz.de\/WP\/wp-json\/wp\/v2\/posts\/3294","targetHints":{"allow":["GET"]}}],"collection":[{"href":"https:\/\/jblanz.de\/WP\/wp-json\/wp\/v2\/posts"}],"about":[{"href":"https:\/\/jblanz.de\/WP\/wp-json\/wp\/v2\/types\/post"}],"author":[{"embeddable":true,"href":"https:\/\/jblanz.de\/WP\/wp-json\/wp\/v2\/users\/1"}],"replies":[{"embeddable":true,"href":"https:\/\/jblanz.de\/WP\/wp-json\/wp\/v2\/comments?post=3294"}],"version-history":[{"count":0,"href":"https:\/\/jblanz.de\/WP\/wp-json\/wp\/v2\/posts\/3294\/revisions"}],"wp:featuredmedia":[{"embeddable":true,"href":"https:\/\/jblanz.de\/WP\/wp-json\/wp\/v2\/media\/4397"}],"wp:attachment":[{"href":"https:\/\/jblanz.de\/WP\/wp-json\/wp\/v2\/media?parent=3294"}],"wp:term":[{"taxonomy":"category","embeddable":true,"href":"https:\/\/jblanz.de\/WP\/wp-json\/wp\/v2\/categories?post=3294"},{"taxonomy":"post_tag","embeddable":true,"href":"https:\/\/jblanz.de\/WP\/wp-json\/wp\/v2\/tags?post=3294"}],"curies":[{"name":"wp","href":"https:\/\/api.w.org\/{rel}","templated":true}]}}