{"id":3299,"date":"2009-08-20T19:55:00","date_gmt":"2009-08-20T17:55:00","guid":{"rendered":"http:\/\/jblanz.de\/WP\/?p=3299"},"modified":"2025-03-26T08:07:30","modified_gmt":"2025-03-26T07:07:30","slug":"fahrt-nach-belo-sur-mer","status":"publish","type":"post","link":"https:\/\/jblanz.de\/WP\/fahrt-nach-belo-sur-mer\/","title":{"rendered":"20. August 2009 &#8211; Fahrt nach Belo sur Mer"},"content":{"rendered":"\n<p>&#8222;Traumhafte&#8220; Nacht \u2013 was habe ich alles f\u00fcr einen Quatsch zusammengetr\u00e4umt. Sabine Becker hatte unser gesamtes Haus mit Sand gef\u00fcllt und mit allerlei Schrott noch dazu \u2013 surprise &#8211; surprise, ich fand es gar nicht lustig und hab sie angeschrien und fertig gemacht nach Strich und Faden. Und Susanne hat ein Haus in der Schweiz gefunden und wollte ausziehen. Unsere Zitrone lag mit zerbrochenem Topf auf der Treppe vor dem Haus. Und in einem Bungalow neben uns h\u00f6rte ich Konstantin Wecker und ein alter Typ sa\u00df drin mit dem ich mich auf perfekte Art und Weise auf Malagache unterhielt. Naja &#8230;.<\/p>\n<p>Um 8:30 Uhr standen wir p\u00fcnktlich am Eingang des Resorts und staunten nicht schlecht, als zwei Hondas von Manfred dastanden. Ein Motorrad war ziemlich demoliert. Der Koffer war geschrottet und einige Teile eingedellt, abgebrochen oder kaputt. Das ging uns ziemlich an die Nieren, das muss ich echt nicht haben. Die dazugeh\u00f6rigen Fahrer haben wir nicht gesehen, war vielleicht auch besser so. Dann kam unser neuer Fahrer und das neue Auto. Abfahren und nochmals zur Bank, was sich als ziemlich schwieriges Unterfangen herausstellt. Irgendwie wollte keine Kreditkarte mehr funktionieren, also mussten wir rein. Und selbst da dauerte es noch fast eine halbe Stunde, bis wir endlich los kamen. Kommen eh nicht weit. Kurz nach der Abzweigung Richtung Belo kam eine ziemlich gro\u00dfe Pampe aus Sand, Kuhschei\u00dfe und Wasser und flutsch sa\u00dfen wir fest.&nbsp;<\/p>\n\n\n\n<figure class=\"wp-block-image size-large\"><img loading=\"lazy\" decoding=\"async\" width=\"800\" height=\"450\" src=\"https:\/\/jblanz.de\/WP\/wp-content\/uploads\/2020\/05\/Mada09_1102.jpg\" alt=\"\" class=\"wp-image-4436\" srcset=\"https:\/\/jblanz.de\/WP\/wp-content\/uploads\/2020\/05\/Mada09_1102.jpg 800w, https:\/\/jblanz.de\/WP\/wp-content\/uploads\/2020\/05\/Mada09_1102-300x169.jpg 300w, https:\/\/jblanz.de\/WP\/wp-content\/uploads\/2020\/05\/Mada09_1102-768x432.jpg 768w\" sizes=\"auto, (max-width: 800px) 100vw, 800px\" \/><\/figure>\n\n\n\n<figure class=\"wp-block-image size-large\"><img loading=\"lazy\" decoding=\"async\" width=\"800\" height=\"450\" src=\"https:\/\/jblanz.de\/WP\/wp-content\/uploads\/2020\/05\/Mada09_1103.jpg\" alt=\"\" class=\"wp-image-4437\" srcset=\"https:\/\/jblanz.de\/WP\/wp-content\/uploads\/2020\/05\/Mada09_1103.jpg 800w, https:\/\/jblanz.de\/WP\/wp-content\/uploads\/2020\/05\/Mada09_1103-300x169.jpg 300w, https:\/\/jblanz.de\/WP\/wp-content\/uploads\/2020\/05\/Mada09_1103-768x432.jpg 768w\" sizes=\"auto, (max-width: 800px) 100vw, 800px\" \/><\/figure>\n\n\n\n<figure class=\"wp-block-image size-large\"><img loading=\"lazy\" decoding=\"async\" width=\"800\" height=\"450\" src=\"https:\/\/jblanz.de\/WP\/wp-content\/uploads\/2020\/05\/Mada09_1107.jpg\" alt=\"\" class=\"wp-image-4439\" srcset=\"https:\/\/jblanz.de\/WP\/wp-content\/uploads\/2020\/05\/Mada09_1107.jpg 800w, https:\/\/jblanz.de\/WP\/wp-content\/uploads\/2020\/05\/Mada09_1107-300x169.jpg 300w, https:\/\/jblanz.de\/WP\/wp-content\/uploads\/2020\/05\/Mada09_1107-768x432.jpg 768w\" sizes=\"auto, (max-width: 800px) 100vw, 800px\" \/><\/figure>\n\n\n\n<p>Mit jedem Vor- und Zur\u00fccksto\u00dfen gingen die R\u00e4der tiefer rein und dann ging gar nichts mehr. W\u00e4ren da nicht gleich ein paar nette Helfer gekommen, die geschaufelt, gehoben und uns rausgezogen h\u00e4tten, s\u00e4\u00dfen wir immer noch drin fest. Das kann ja heiter werden &#8211; und es wurde !!! Ich dachte ja, wir h\u00e4tten schon so einiges erlebt die letzten Tage, aber das hat es noch getoppt. Fl\u00fcsse, Sand und L\u00f6cher, L\u00f6cher, Sand und Wasser! Wir durchquerten einen Fluss, das Flussbett bestand aus purem Sand, im Wasser waren St\u00f6cke aufgestellt, um den fahrbaren Weg anzuzeigen. Das St\u00f6ckestellen war ein Gesch\u00e4ftsmodell, denn am anderen Ufer wurde eine kleine Geb\u00fchr f\u00e4llig.<\/p>\n\n\n\n<figure class=\"wp-block-image size-large\"><img loading=\"lazy\" decoding=\"async\" width=\"800\" height=\"450\" src=\"https:\/\/jblanz.de\/WP\/wp-content\/uploads\/2020\/05\/Mada09_1109-2.jpg\" alt=\"\" class=\"wp-image-4446\" srcset=\"https:\/\/jblanz.de\/WP\/wp-content\/uploads\/2020\/05\/Mada09_1109-2.jpg 800w, https:\/\/jblanz.de\/WP\/wp-content\/uploads\/2020\/05\/Mada09_1109-2-300x169.jpg 300w, https:\/\/jblanz.de\/WP\/wp-content\/uploads\/2020\/05\/Mada09_1109-2-768x432.jpg 768w\" sizes=\"auto, (max-width: 800px) 100vw, 800px\" \/><\/figure>\n\n\n\n<figure class=\"wp-block-image size-large\"><img loading=\"lazy\" decoding=\"async\" width=\"800\" height=\"450\" src=\"https:\/\/jblanz.de\/WP\/wp-content\/uploads\/2020\/05\/Mada09_1110-2.jpg\" alt=\"\" class=\"wp-image-4447\" srcset=\"https:\/\/jblanz.de\/WP\/wp-content\/uploads\/2020\/05\/Mada09_1110-2.jpg 800w, https:\/\/jblanz.de\/WP\/wp-content\/uploads\/2020\/05\/Mada09_1110-2-300x169.jpg 300w, https:\/\/jblanz.de\/WP\/wp-content\/uploads\/2020\/05\/Mada09_1110-2-768x432.jpg 768w\" sizes=\"auto, (max-width: 800px) 100vw, 800px\" \/><\/figure>\n\n\n\n<figure class=\"wp-block-image size-large\"><img loading=\"lazy\" decoding=\"async\" width=\"800\" height=\"450\" src=\"https:\/\/jblanz.de\/WP\/wp-content\/uploads\/2020\/05\/Mada09_1111.jpg\" alt=\"\" class=\"wp-image-4449\" srcset=\"https:\/\/jblanz.de\/WP\/wp-content\/uploads\/2020\/05\/Mada09_1111.jpg 800w, https:\/\/jblanz.de\/WP\/wp-content\/uploads\/2020\/05\/Mada09_1111-300x169.jpg 300w, https:\/\/jblanz.de\/WP\/wp-content\/uploads\/2020\/05\/Mada09_1111-768x432.jpg 768w\" sizes=\"auto, (max-width: 800px) 100vw, 800px\" \/><\/figure>\n\n\n\n<figure class=\"wp-block-image size-large\"><img loading=\"lazy\" decoding=\"async\" width=\"800\" height=\"450\" src=\"https:\/\/jblanz.de\/WP\/wp-content\/uploads\/2020\/05\/Mada09_1112-1.jpg\" alt=\"\" class=\"wp-image-4536\" srcset=\"https:\/\/jblanz.de\/WP\/wp-content\/uploads\/2020\/05\/Mada09_1112-1.jpg 800w, https:\/\/jblanz.de\/WP\/wp-content\/uploads\/2020\/05\/Mada09_1112-1-300x169.jpg 300w, https:\/\/jblanz.de\/WP\/wp-content\/uploads\/2020\/05\/Mada09_1112-1-768x432.jpg 768w\" sizes=\"auto, (max-width: 800px) 100vw, 800px\" \/><figcaption class=\"wp-element-caption\">\u00d6ffentlicher Nahverkehr in Madagaskar<\/figcaption><\/figure>\n\n\n\n<figure class=\"wp-block-image size-large\"><img loading=\"lazy\" decoding=\"async\" width=\"800\" height=\"450\" src=\"https:\/\/jblanz.de\/WP\/wp-content\/uploads\/2020\/05\/Mada09_1114.jpg\" alt=\"\" class=\"wp-image-4537\" srcset=\"https:\/\/jblanz.de\/WP\/wp-content\/uploads\/2020\/05\/Mada09_1114.jpg 800w, https:\/\/jblanz.de\/WP\/wp-content\/uploads\/2020\/05\/Mada09_1114-300x169.jpg 300w, https:\/\/jblanz.de\/WP\/wp-content\/uploads\/2020\/05\/Mada09_1114-768x432.jpg 768w\" sizes=\"auto, (max-width: 800px) 100vw, 800px\" \/><figcaption class=\"wp-element-caption\">Und immer wieder Baobabs<\/figcaption><\/figure>\n\n\n\n<figure class=\"wp-block-image size-large\"><img loading=\"lazy\" decoding=\"async\" width=\"800\" height=\"450\" src=\"https:\/\/jblanz.de\/WP\/wp-content\/uploads\/2020\/05\/Mada09_1115.jpg\" alt=\"\" class=\"wp-image-4538\" srcset=\"https:\/\/jblanz.de\/WP\/wp-content\/uploads\/2020\/05\/Mada09_1115.jpg 800w, https:\/\/jblanz.de\/WP\/wp-content\/uploads\/2020\/05\/Mada09_1115-300x169.jpg 300w, https:\/\/jblanz.de\/WP\/wp-content\/uploads\/2020\/05\/Mada09_1115-768x432.jpg 768w\" sizes=\"auto, (max-width: 800px) 100vw, 800px\" \/><figcaption class=\"wp-element-caption\">Unterwegs kommen wir an einem Teich mit bl\u00fchenden Seerosen vorbei &#8211; ein Bl\u00fctenmeer !<\/figcaption><\/figure>\n\n\n\n<figure class=\"wp-block-image size-large\"><img loading=\"lazy\" decoding=\"async\" width=\"800\" height=\"450\" src=\"https:\/\/jblanz.de\/WP\/wp-content\/uploads\/2020\/05\/Mada09_1122.jpg\" alt=\"\" class=\"wp-image-4542\" srcset=\"https:\/\/jblanz.de\/WP\/wp-content\/uploads\/2020\/05\/Mada09_1122.jpg 800w, https:\/\/jblanz.de\/WP\/wp-content\/uploads\/2020\/05\/Mada09_1122-300x169.jpg 300w, https:\/\/jblanz.de\/WP\/wp-content\/uploads\/2020\/05\/Mada09_1122-768x432.jpg 768w\" sizes=\"auto, (max-width: 800px) 100vw, 800px\" \/><\/figure>\n\n\n\n<figure class=\"wp-block-image size-large\"><img loading=\"lazy\" decoding=\"async\" width=\"800\" height=\"450\" src=\"https:\/\/jblanz.de\/WP\/wp-content\/uploads\/2020\/05\/Mada09_1116.jpg\" alt=\"\" class=\"wp-image-4539\" srcset=\"https:\/\/jblanz.de\/WP\/wp-content\/uploads\/2020\/05\/Mada09_1116.jpg 800w, https:\/\/jblanz.de\/WP\/wp-content\/uploads\/2020\/05\/Mada09_1116-300x169.jpg 300w, https:\/\/jblanz.de\/WP\/wp-content\/uploads\/2020\/05\/Mada09_1116-768x432.jpg 768w\" sizes=\"auto, (max-width: 800px) 100vw, 800px\" \/><\/figure>\n\n\n\n<figure class=\"wp-block-image size-large\"><img loading=\"lazy\" decoding=\"async\" width=\"800\" height=\"450\" src=\"https:\/\/jblanz.de\/WP\/wp-content\/uploads\/2020\/05\/Mada09_1117.jpg\" alt=\"\" class=\"wp-image-4540\" srcset=\"https:\/\/jblanz.de\/WP\/wp-content\/uploads\/2020\/05\/Mada09_1117.jpg 800w, https:\/\/jblanz.de\/WP\/wp-content\/uploads\/2020\/05\/Mada09_1117-300x169.jpg 300w, https:\/\/jblanz.de\/WP\/wp-content\/uploads\/2020\/05\/Mada09_1117-768x432.jpg 768w\" sizes=\"auto, (max-width: 800px) 100vw, 800px\" \/><\/figure>\n\n\n\n<p>Viereinhalb Stunden bis Belo Sur Mer. Der Zyklon hatte hier herbe Spuren hinterlassen, \u00fcberall konnte man zerst\u00f6rte H\u00fctten und W\u00e4lder sehen. Das Auto \u00e4chzte und st\u00f6hnte und soff einige Liter Wasser, weil irgendwo ein Loch war. Deshalb m\u00fcssen wir immer mal anhalten. Wir fahren auf Wegen mit tiefem feink\u00f6rnigem Sand erst durch endlos aussehende Trockenw\u00e4lder, dann durch Kakteenw\u00e4lder und anschliessend durch Dornenw\u00e4lder, durch kleinere Wasserl\u00f6cher und \u00fcber eine Salzebene, die von der letzten \u00dcberflutung zur\u00fcckgeblieben ist. Wenn man hier aussteigt, versinkt man bis zu den Kn\u00f6cheln im Salz.<\/p>\n\n\n\n<figure class=\"wp-block-image size-large\"><img loading=\"lazy\" decoding=\"async\" width=\"800\" height=\"450\" src=\"https:\/\/jblanz.de\/WP\/wp-content\/uploads\/2020\/05\/Mada09_1125.jpg\" alt=\"\" class=\"wp-image-4544\" srcset=\"https:\/\/jblanz.de\/WP\/wp-content\/uploads\/2020\/05\/Mada09_1125.jpg 800w, https:\/\/jblanz.de\/WP\/wp-content\/uploads\/2020\/05\/Mada09_1125-300x169.jpg 300w, https:\/\/jblanz.de\/WP\/wp-content\/uploads\/2020\/05\/Mada09_1125-768x432.jpg 768w\" sizes=\"auto, (max-width: 800px) 100vw, 800px\" \/><\/figure>\n\n\n\n<figure class=\"wp-block-image size-large\"><img loading=\"lazy\" decoding=\"async\" width=\"800\" height=\"450\" src=\"https:\/\/jblanz.de\/WP\/wp-content\/uploads\/2020\/05\/Mada09_1137.jpg\" alt=\"\" class=\"wp-image-4549\" srcset=\"https:\/\/jblanz.de\/WP\/wp-content\/uploads\/2020\/05\/Mada09_1137.jpg 800w, https:\/\/jblanz.de\/WP\/wp-content\/uploads\/2020\/05\/Mada09_1137-300x169.jpg 300w, https:\/\/jblanz.de\/WP\/wp-content\/uploads\/2020\/05\/Mada09_1137-768x432.jpg 768w\" sizes=\"auto, (max-width: 800px) 100vw, 800px\" \/><\/figure>\n\n\n\n<figure class=\"wp-block-image size-large\"><img loading=\"lazy\" decoding=\"async\" width=\"800\" height=\"450\" src=\"https:\/\/jblanz.de\/WP\/wp-content\/uploads\/2020\/05\/Mada09_1127.jpg\" alt=\"\" class=\"wp-image-4545\" srcset=\"https:\/\/jblanz.de\/WP\/wp-content\/uploads\/2020\/05\/Mada09_1127.jpg 800w, https:\/\/jblanz.de\/WP\/wp-content\/uploads\/2020\/05\/Mada09_1127-300x169.jpg 300w, https:\/\/jblanz.de\/WP\/wp-content\/uploads\/2020\/05\/Mada09_1127-768x432.jpg 768w\" sizes=\"auto, (max-width: 800px) 100vw, 800px\" \/><\/figure>\n\n\n\n<figure class=\"wp-block-image size-large\"><img loading=\"lazy\" decoding=\"async\" width=\"800\" height=\"450\" src=\"https:\/\/jblanz.de\/WP\/wp-content\/uploads\/2020\/05\/Mada09_1130.jpg\" alt=\"\" class=\"wp-image-4546\" srcset=\"https:\/\/jblanz.de\/WP\/wp-content\/uploads\/2020\/05\/Mada09_1130.jpg 800w, https:\/\/jblanz.de\/WP\/wp-content\/uploads\/2020\/05\/Mada09_1130-300x169.jpg 300w, https:\/\/jblanz.de\/WP\/wp-content\/uploads\/2020\/05\/Mada09_1130-768x432.jpg 768w\" sizes=\"auto, (max-width: 800px) 100vw, 800px\" \/><\/figure>\n\n\n\n<figure class=\"wp-block-image size-large\"><img loading=\"lazy\" decoding=\"async\" width=\"800\" height=\"450\" src=\"https:\/\/jblanz.de\/WP\/wp-content\/uploads\/2020\/05\/Mada09_1140.jpg\" alt=\"\" class=\"wp-image-4547\" srcset=\"https:\/\/jblanz.de\/WP\/wp-content\/uploads\/2020\/05\/Mada09_1140.jpg 800w, https:\/\/jblanz.de\/WP\/wp-content\/uploads\/2020\/05\/Mada09_1140-300x169.jpg 300w, https:\/\/jblanz.de\/WP\/wp-content\/uploads\/2020\/05\/Mada09_1140-768x432.jpg 768w\" sizes=\"auto, (max-width: 800px) 100vw, 800px\" \/><\/figure>\n\n\n\n<figure class=\"wp-block-image size-large\"><img loading=\"lazy\" decoding=\"async\" width=\"800\" height=\"450\" src=\"https:\/\/jblanz.de\/WP\/wp-content\/uploads\/2020\/05\/Mada09_1144.jpg\" alt=\"\" class=\"wp-image-4550\" srcset=\"https:\/\/jblanz.de\/WP\/wp-content\/uploads\/2020\/05\/Mada09_1144.jpg 800w, https:\/\/jblanz.de\/WP\/wp-content\/uploads\/2020\/05\/Mada09_1144-300x169.jpg 300w, https:\/\/jblanz.de\/WP\/wp-content\/uploads\/2020\/05\/Mada09_1144-768x432.jpg 768w\" sizes=\"auto, (max-width: 800px) 100vw, 800px\" \/><\/figure>\n\n\n\n<figure class=\"wp-block-image size-large\"><img loading=\"lazy\" decoding=\"async\" width=\"800\" height=\"450\" src=\"https:\/\/jblanz.de\/WP\/wp-content\/uploads\/2020\/05\/Mada09_1143.jpg\" alt=\"\" class=\"wp-image-4551\" srcset=\"https:\/\/jblanz.de\/WP\/wp-content\/uploads\/2020\/05\/Mada09_1143.jpg 800w, https:\/\/jblanz.de\/WP\/wp-content\/uploads\/2020\/05\/Mada09_1143-300x169.jpg 300w, https:\/\/jblanz.de\/WP\/wp-content\/uploads\/2020\/05\/Mada09_1143-768x432.jpg 768w\" sizes=\"auto, (max-width: 800px) 100vw, 800px\" \/><\/figure>\n\n\n\n<figure class=\"wp-block-image size-large\"><img loading=\"lazy\" decoding=\"async\" width=\"800\" height=\"450\" src=\"https:\/\/jblanz.de\/WP\/wp-content\/uploads\/2020\/05\/Mada09_1142.jpg\" alt=\"\" class=\"wp-image-4552\" srcset=\"https:\/\/jblanz.de\/WP\/wp-content\/uploads\/2020\/05\/Mada09_1142.jpg 800w, https:\/\/jblanz.de\/WP\/wp-content\/uploads\/2020\/05\/Mada09_1142-300x169.jpg 300w, https:\/\/jblanz.de\/WP\/wp-content\/uploads\/2020\/05\/Mada09_1142-768x432.jpg 768w\" sizes=\"auto, (max-width: 800px) 100vw, 800px\" \/><figcaption class=\"wp-element-caption\">selbst in dieser Ein\u00f6de gibt es Leben<\/figcaption><\/figure>\n\n\n\n<p>Doch nach einer beeindruckenden Fahrt, am Ende \u00fcber riesige Sand-Salzpisten und durch Kakteenw\u00e4lder kamen wir gegen 14:30 Uhr endlich an.&nbsp;<\/p>\n\n\n\n<figure class=\"wp-block-image size-large\"><img loading=\"lazy\" decoding=\"async\" width=\"800\" height=\"450\" src=\"https:\/\/jblanz.de\/WP\/wp-content\/uploads\/2020\/05\/Mada09_1145.jpg\" alt=\"\" class=\"wp-image-4553\" srcset=\"https:\/\/jblanz.de\/WP\/wp-content\/uploads\/2020\/05\/Mada09_1145.jpg 800w, https:\/\/jblanz.de\/WP\/wp-content\/uploads\/2020\/05\/Mada09_1145-300x169.jpg 300w, https:\/\/jblanz.de\/WP\/wp-content\/uploads\/2020\/05\/Mada09_1145-768x432.jpg 768w\" sizes=\"auto, (max-width: 800px) 100vw, 800px\" \/><figcaption class=\"wp-element-caption\">erster Eindruck von Belo<\/figcaption><\/figure>\n\n\n\n<figure class=\"wp-block-image size-large\"><img loading=\"lazy\" decoding=\"async\" width=\"800\" height=\"450\" src=\"https:\/\/jblanz.de\/WP\/wp-content\/uploads\/2020\/05\/Mada09_1146.jpg\" alt=\"\" class=\"wp-image-4554\" srcset=\"https:\/\/jblanz.de\/WP\/wp-content\/uploads\/2020\/05\/Mada09_1146.jpg 800w, https:\/\/jblanz.de\/WP\/wp-content\/uploads\/2020\/05\/Mada09_1146-300x169.jpg 300w, https:\/\/jblanz.de\/WP\/wp-content\/uploads\/2020\/05\/Mada09_1146-768x432.jpg 768w\" sizes=\"auto, (max-width: 800px) 100vw, 800px\" \/><\/figure>\n\n\n\n<figure class=\"wp-block-image size-large\"><img loading=\"lazy\" decoding=\"async\" width=\"800\" height=\"450\" src=\"https:\/\/jblanz.de\/WP\/wp-content\/uploads\/2020\/05\/Mada09_1147.jpg\" alt=\"\" class=\"wp-image-4555\" srcset=\"https:\/\/jblanz.de\/WP\/wp-content\/uploads\/2020\/05\/Mada09_1147.jpg 800w, https:\/\/jblanz.de\/WP\/wp-content\/uploads\/2020\/05\/Mada09_1147-300x169.jpg 300w, https:\/\/jblanz.de\/WP\/wp-content\/uploads\/2020\/05\/Mada09_1147-768x432.jpg 768w\" sizes=\"auto, (max-width: 800px) 100vw, 800px\" \/><\/figure>\n\n\n\n<figure class=\"wp-block-image size-large\"><img loading=\"lazy\" decoding=\"async\" width=\"800\" height=\"450\" src=\"https:\/\/jblanz.de\/WP\/wp-content\/uploads\/2020\/05\/Mada09_1154.jpg\" alt=\"\" class=\"wp-image-4557\" srcset=\"https:\/\/jblanz.de\/WP\/wp-content\/uploads\/2020\/05\/Mada09_1154.jpg 800w, https:\/\/jblanz.de\/WP\/wp-content\/uploads\/2020\/05\/Mada09_1154-300x169.jpg 300w, https:\/\/jblanz.de\/WP\/wp-content\/uploads\/2020\/05\/Mada09_1154-768x432.jpg 768w\" sizes=\"auto, (max-width: 800px) 100vw, 800px\" \/><figcaption class=\"wp-element-caption\">Das Resort nebenan wurde vom Zyklon zerst\u00f6rt und von den Besitzern nicht wieder aufgebaut.<\/figcaption><\/figure>\n\n\n\n<p>Wir bekommen auch gleich einen sch\u00f6nen Bungalow in der Ecolodge, was sich als gl\u00fcckliche F\u00fcgung herausstellt. Gestern h\u00e4tten wir nichts bekommen. Nat\u00fcrlich gibt es in einer Ecolodge auch nur abends Strom und kein warmes Wasser, aber die Matratze scheint ganz o. k. zu sein. F\u00fcr vier N\u00e4chte ist das nicht unwichtig. Den Nachmittag nutzen wir, um uns ein wenig einzuschnuppern, an Informationen \u00fcber die hiesige Umgebung und die Tauchm\u00f6glichkeiten zu bekommen. <\/p>\n\n\n\n<figure class=\"wp-block-image size-large\"><img loading=\"lazy\" decoding=\"async\" width=\"800\" height=\"450\" src=\"https:\/\/jblanz.de\/WP\/wp-content\/uploads\/2020\/05\/Mada09_1150.jpg\" alt=\"\" class=\"wp-image-4558\" srcset=\"https:\/\/jblanz.de\/WP\/wp-content\/uploads\/2020\/05\/Mada09_1150.jpg 800w, https:\/\/jblanz.de\/WP\/wp-content\/uploads\/2020\/05\/Mada09_1150-300x169.jpg 300w, https:\/\/jblanz.de\/WP\/wp-content\/uploads\/2020\/05\/Mada09_1150-768x432.jpg 768w\" sizes=\"auto, (max-width: 800px) 100vw, 800px\" \/><figcaption class=\"wp-element-caption\">Das Restaurant der Ecolodge<\/figcaption><\/figure>\n\n\n\n<p>Abends essen wir an einer langen Tafel gemeinsam mit allen anderen G\u00e4sten. Neben uns sa\u00dfen vier Amerikaner. Die Kinder arbeiten in Tana, er Lehrer, sie bei der Botschaft und ihre Eltern waren zu Besuch. Davor waren sie zwei Jahre in Bolivien, davor in China und sie haben vor zwei Wochen den Kilimandscharo bestiegen. Naja &#8230; Alle Anderen sind Franzosen. Es gibt ein typisches franz\u00f6sisches Mehrg\u00e4nge Menu. Wilde Austern, geerntet von den Felsen vor dem Resort, Salat, gegrillten Fisch und nat\u00fcrlich Nachtisch.&nbsp; Das Essen hat sehr gut geschmeckt. Und ich gehe jetzt ins Bett lesen und morgen gibt es einen total faulen Tag mit gar nichts tun. Nicht Buckelpiste fahren, nicht fr\u00fch aufstehen, nicht Motorrad fahren &#8211; the real nothing !!<\/p>\n<p>Es ist auch nachts sehr heiss, von Klimaanlage oder Ventilator mangels Strom, der um 22 Uhr abgestellt wird, nichts zu erwarten. Achim beschliesst erst mal noch ein Bier zu trinken, aber ohne Moskitonetz kann man nicht auf der Terrasse sitzen. Macht nichts, wir haben ein kleines Reisenetz dabei.<\/p>\n\n\n\n<figure class=\"wp-block-image size-large\"><img loading=\"lazy\" decoding=\"async\" width=\"800\" height=\"450\" src=\"https:\/\/jblanz.de\/WP\/wp-content\/uploads\/2020\/05\/Mada09_1173.jpg\" alt=\"\" class=\"wp-image-4556\" srcset=\"https:\/\/jblanz.de\/WP\/wp-content\/uploads\/2020\/05\/Mada09_1173.jpg 800w, https:\/\/jblanz.de\/WP\/wp-content\/uploads\/2020\/05\/Mada09_1173-300x169.jpg 300w, https:\/\/jblanz.de\/WP\/wp-content\/uploads\/2020\/05\/Mada09_1173-768x432.jpg 768w\" sizes=\"auto, (max-width: 800px) 100vw, 800px\" \/><\/figure>\n\n\n\n<figure class=\"wp-block-image size-large\"><img loading=\"lazy\" decoding=\"async\" width=\"800\" height=\"450\" src=\"https:\/\/jblanz.de\/WP\/wp-content\/uploads\/2020\/05\/Mada09_1177.jpg\" alt=\"\" class=\"wp-image-4560\" srcset=\"https:\/\/jblanz.de\/WP\/wp-content\/uploads\/2020\/05\/Mada09_1177.jpg 800w, https:\/\/jblanz.de\/WP\/wp-content\/uploads\/2020\/05\/Mada09_1177-300x169.jpg 300w, https:\/\/jblanz.de\/WP\/wp-content\/uploads\/2020\/05\/Mada09_1177-768x432.jpg 768w\" sizes=\"auto, (max-width: 800px) 100vw, 800px\" \/><figcaption class=\"wp-element-caption\">geht doch irgendwie<\/figcaption><\/figure>\n\n\n\n<figure class=\"wp-block-image size-large\"><img loading=\"lazy\" decoding=\"async\" width=\"800\" height=\"450\" src=\"https:\/\/jblanz.de\/WP\/wp-content\/uploads\/2020\/05\/Mada09_1180.jpg\" alt=\"\" class=\"wp-image-4561\" srcset=\"https:\/\/jblanz.de\/WP\/wp-content\/uploads\/2020\/05\/Mada09_1180.jpg 800w, https:\/\/jblanz.de\/WP\/wp-content\/uploads\/2020\/05\/Mada09_1180-300x169.jpg 300w, https:\/\/jblanz.de\/WP\/wp-content\/uploads\/2020\/05\/Mada09_1180-768x432.jpg 768w\" sizes=\"auto, (max-width: 800px) 100vw, 800px\" \/><\/figure>\n\n\n\n<figure class=\"wp-block-image size-large\"><img loading=\"lazy\" decoding=\"async\" width=\"800\" height=\"450\" src=\"https:\/\/jblanz.de\/WP\/wp-content\/uploads\/2020\/05\/Mada09_1182.jpg\" alt=\"\" class=\"wp-image-4562\" srcset=\"https:\/\/jblanz.de\/WP\/wp-content\/uploads\/2020\/05\/Mada09_1182.jpg 800w, https:\/\/jblanz.de\/WP\/wp-content\/uploads\/2020\/05\/Mada09_1182-300x169.jpg 300w, https:\/\/jblanz.de\/WP\/wp-content\/uploads\/2020\/05\/Mada09_1182-768x432.jpg 768w\" sizes=\"auto, (max-width: 800px) 100vw, 800px\" \/><figcaption class=\"wp-element-caption\">Im Bungalow hat es einige Mitbewohner.<\/figcaption><\/figure>\n\n\n\n<p>\u00dcberall im Bungalow rennen diese recht grossen Kakerlaken rum, an der Decke baut eine schwarze Wespe oder Hornisse gerade eine Nest ein. Immerhin hatten wir eine super-tollen Sonnenuntergang \u00fcber dem Meer.<\/p>\n\n\n\n<figure class=\"wp-block-image size-large\"><img loading=\"lazy\" decoding=\"async\" width=\"800\" height=\"450\" src=\"https:\/\/jblanz.de\/WP\/wp-content\/uploads\/2020\/05\/Mada09_1175.jpg\" alt=\"\" class=\"wp-image-4563\" srcset=\"https:\/\/jblanz.de\/WP\/wp-content\/uploads\/2020\/05\/Mada09_1175.jpg 800w, https:\/\/jblanz.de\/WP\/wp-content\/uploads\/2020\/05\/Mada09_1175-300x169.jpg 300w, https:\/\/jblanz.de\/WP\/wp-content\/uploads\/2020\/05\/Mada09_1175-768x432.jpg 768w\" sizes=\"auto, (max-width: 800px) 100vw, 800px\" \/><\/figure>\n","protected":false},"excerpt":{"rendered":"<p>&#8222;Traumhafte&#8220; Nacht \u2013 was habe ich alles f\u00fcr einen Quatsch zusammengetr\u00e4umt. Sabine Becker hatte unser gesamtes Haus mit Sand gef\u00fcllt<\/p>\n","protected":false},"author":1,"featured_media":4542,"comment_status":"open","ping_status":"open","sticky":false,"template":"","format":"standard","meta":{"colormag_page_container_layout":"default_layout","colormag_page_sidebar_layout":"default_layout","_monsterinsights_skip_tracking":false,"_monsterinsights_sitenote_active":false,"_monsterinsights_sitenote_note":"","_monsterinsights_sitenote_category":0,"footnotes":""},"categories":[209,20,22],"tags":[],"class_list":["post-3299","post","type-post","status-publish","format-standard","has-post-thumbnail","hentry","category-209","category-madagaskar","category-madagaskar2009"],"yoast_head":"<!-- This site is optimized with the Yoast SEO plugin v27.4 - https:\/\/yoast.com\/product\/yoast-seo-wordpress\/ -->\n<title>20. August 2009 - Fahrt nach Belo sur Mer - Reiseblog von Karin &amp; Joachim<\/title>\n<meta name=\"robots\" content=\"index, follow, max-snippet:-1, max-image-preview:large, max-video-preview:-1\" \/>\n<link rel=\"canonical\" href=\"https:\/\/jblanz.de\/WP\/fahrt-nach-belo-sur-mer\/\" \/>\n<meta property=\"og:locale\" content=\"de_DE\" \/>\n<meta property=\"og:type\" content=\"article\" \/>\n<meta property=\"og:title\" content=\"20. August 2009 - Fahrt nach Belo sur Mer - Reiseblog von Karin &amp; Joachim\" \/>\n<meta property=\"og:description\" content=\"&#8222;Traumhafte&#8220; Nacht \u2013 was habe ich alles f\u00fcr einen Quatsch zusammengetr\u00e4umt. Sabine Becker hatte unser gesamtes Haus mit Sand gef\u00fcllt\" \/>\n<meta property=\"og:url\" content=\"https:\/\/jblanz.de\/WP\/fahrt-nach-belo-sur-mer\/\" \/>\n<meta property=\"og:site_name\" content=\"Reiseblog von Karin &amp; Joachim\" \/>\n<meta property=\"article:published_time\" content=\"2009-08-20T17:55:00+00:00\" \/>\n<meta property=\"article:modified_time\" content=\"2025-03-26T07:07:30+00:00\" \/>\n<meta property=\"og:image\" content=\"https:\/\/jblanz.de\/WP\/wp-content\/uploads\/2020\/05\/Mada09_1122.jpg\" \/>\n\t<meta property=\"og:image:width\" content=\"800\" \/>\n\t<meta property=\"og:image:height\" content=\"450\" \/>\n\t<meta property=\"og:image:type\" content=\"image\/jpeg\" \/>\n<meta name=\"author\" content=\"Achim\" \/>\n<meta name=\"twitter:card\" content=\"summary_large_image\" \/>\n<meta name=\"twitter:label1\" content=\"Verfasst von\" \/>\n\t<meta name=\"twitter:data1\" content=\"Achim\" \/>\n\t<meta name=\"twitter:label2\" content=\"Gesch\u00e4tzte Lesezeit\" \/>\n\t<meta name=\"twitter:data2\" content=\"11\u00a0Minuten\" \/>\n<script type=\"application\/ld+json\" class=\"yoast-schema-graph\">{\"@context\":\"https:\\\/\\\/schema.org\",\"@graph\":[{\"@type\":\"Article\",\"@id\":\"https:\\\/\\\/jblanz.de\\\/WP\\\/fahrt-nach-belo-sur-mer\\\/#article\",\"isPartOf\":{\"@id\":\"https:\\\/\\\/jblanz.de\\\/WP\\\/fahrt-nach-belo-sur-mer\\\/\"},\"author\":{\"name\":\"Achim\",\"@id\":\"https:\\\/\\\/jblanz.de\\\/WP\\\/#\\\/schema\\\/person\\\/17a70f07162e42bc0b181c22397286e0\"},\"headline\":\"20. August 2009 &#8211; Fahrt nach Belo sur Mer\",\"datePublished\":\"2009-08-20T17:55:00+00:00\",\"dateModified\":\"2025-03-26T07:07:30+00:00\",\"mainEntityOfPage\":{\"@id\":\"https:\\\/\\\/jblanz.de\\\/WP\\\/fahrt-nach-belo-sur-mer\\\/\"},\"wordCount\":834,\"commentCount\":0,\"publisher\":{\"@id\":\"https:\\\/\\\/jblanz.de\\\/WP\\\/#\\\/schema\\\/person\\\/17a70f07162e42bc0b181c22397286e0\"},\"image\":{\"@id\":\"https:\\\/\\\/jblanz.de\\\/WP\\\/fahrt-nach-belo-sur-mer\\\/#primaryimage\"},\"thumbnailUrl\":\"https:\\\/\\\/jblanz.de\\\/WP\\\/wp-content\\\/uploads\\\/2020\\\/05\\\/Mada09_1122.jpg\",\"articleSection\":[\"2009\",\"Madagaskar\",\"Madagaskar 2009\"],\"inLanguage\":\"de\",\"potentialAction\":[{\"@type\":\"CommentAction\",\"name\":\"Comment\",\"target\":[\"https:\\\/\\\/jblanz.de\\\/WP\\\/fahrt-nach-belo-sur-mer\\\/#respond\"]}]},{\"@type\":\"WebPage\",\"@id\":\"https:\\\/\\\/jblanz.de\\\/WP\\\/fahrt-nach-belo-sur-mer\\\/\",\"url\":\"https:\\\/\\\/jblanz.de\\\/WP\\\/fahrt-nach-belo-sur-mer\\\/\",\"name\":\"20. August 2009 - Fahrt nach Belo sur Mer - Reiseblog von Karin &amp; Joachim\",\"isPartOf\":{\"@id\":\"https:\\\/\\\/jblanz.de\\\/WP\\\/#website\"},\"primaryImageOfPage\":{\"@id\":\"https:\\\/\\\/jblanz.de\\\/WP\\\/fahrt-nach-belo-sur-mer\\\/#primaryimage\"},\"image\":{\"@id\":\"https:\\\/\\\/jblanz.de\\\/WP\\\/fahrt-nach-belo-sur-mer\\\/#primaryimage\"},\"thumbnailUrl\":\"https:\\\/\\\/jblanz.de\\\/WP\\\/wp-content\\\/uploads\\\/2020\\\/05\\\/Mada09_1122.jpg\",\"datePublished\":\"2009-08-20T17:55:00+00:00\",\"dateModified\":\"2025-03-26T07:07:30+00:00\",\"breadcrumb\":{\"@id\":\"https:\\\/\\\/jblanz.de\\\/WP\\\/fahrt-nach-belo-sur-mer\\\/#breadcrumb\"},\"inLanguage\":\"de\",\"potentialAction\":[{\"@type\":\"ReadAction\",\"target\":[\"https:\\\/\\\/jblanz.de\\\/WP\\\/fahrt-nach-belo-sur-mer\\\/\"]}]},{\"@type\":\"ImageObject\",\"inLanguage\":\"de\",\"@id\":\"https:\\\/\\\/jblanz.de\\\/WP\\\/fahrt-nach-belo-sur-mer\\\/#primaryimage\",\"url\":\"https:\\\/\\\/jblanz.de\\\/WP\\\/wp-content\\\/uploads\\\/2020\\\/05\\\/Mada09_1122.jpg\",\"contentUrl\":\"https:\\\/\\\/jblanz.de\\\/WP\\\/wp-content\\\/uploads\\\/2020\\\/05\\\/Mada09_1122.jpg\",\"width\":800,\"height\":450},{\"@type\":\"BreadcrumbList\",\"@id\":\"https:\\\/\\\/jblanz.de\\\/WP\\\/fahrt-nach-belo-sur-mer\\\/#breadcrumb\",\"itemListElement\":[{\"@type\":\"ListItem\",\"position\":1,\"name\":\"Startseite\",\"item\":\"https:\\\/\\\/jblanz.de\\\/WP\\\/\"},{\"@type\":\"ListItem\",\"position\":2,\"name\":\"20. August 2009 &#8211; Fahrt nach Belo sur Mer\"}]},{\"@type\":\"WebSite\",\"@id\":\"https:\\\/\\\/jblanz.de\\\/WP\\\/#website\",\"url\":\"https:\\\/\\\/jblanz.de\\\/WP\\\/\",\"name\":\"Reiseblog von Karin & Joachim\",\"description\":\"Wir schreiben den Blog f\u00fcr uns als Erinnerung - f\u00fcr euch als Inspiration\",\"publisher\":{\"@id\":\"https:\\\/\\\/jblanz.de\\\/WP\\\/#\\\/schema\\\/person\\\/17a70f07162e42bc0b181c22397286e0\"},\"potentialAction\":[{\"@type\":\"SearchAction\",\"target\":{\"@type\":\"EntryPoint\",\"urlTemplate\":\"https:\\\/\\\/jblanz.de\\\/WP\\\/?s={search_term_string}\"},\"query-input\":{\"@type\":\"PropertyValueSpecification\",\"valueRequired\":true,\"valueName\":\"search_term_string\"}}],\"inLanguage\":\"de\"},{\"@type\":[\"Person\",\"Organization\"],\"@id\":\"https:\\\/\\\/jblanz.de\\\/WP\\\/#\\\/schema\\\/person\\\/17a70f07162e42bc0b181c22397286e0\",\"name\":\"Achim\",\"image\":{\"@type\":\"ImageObject\",\"inLanguage\":\"de\",\"@id\":\"https:\\\/\\\/secure.gravatar.com\\\/avatar\\\/b7ab31bc55956af4a9bebf7fd034761212b11b803b7e39464914d6abeefb12f3?s=96&d=mm&r=g\",\"url\":\"https:\\\/\\\/secure.gravatar.com\\\/avatar\\\/b7ab31bc55956af4a9bebf7fd034761212b11b803b7e39464914d6abeefb12f3?s=96&d=mm&r=g\",\"contentUrl\":\"https:\\\/\\\/secure.gravatar.com\\\/avatar\\\/b7ab31bc55956af4a9bebf7fd034761212b11b803b7e39464914d6abeefb12f3?s=96&d=mm&r=g\",\"caption\":\"Achim\"},\"logo\":{\"@id\":\"https:\\\/\\\/secure.gravatar.com\\\/avatar\\\/b7ab31bc55956af4a9bebf7fd034761212b11b803b7e39464914d6abeefb12f3?s=96&d=mm&r=g\"},\"url\":\"https:\\\/\\\/jblanz.de\\\/WP\\\/author\\\/achim\\\/\"}]}<\/script>\n<!-- \/ Yoast SEO plugin. -->","yoast_head_json":{"title":"20. August 2009 - Fahrt nach Belo sur Mer - Reiseblog von Karin &amp; Joachim","robots":{"index":"index","follow":"follow","max-snippet":"max-snippet:-1","max-image-preview":"max-image-preview:large","max-video-preview":"max-video-preview:-1"},"canonical":"https:\/\/jblanz.de\/WP\/fahrt-nach-belo-sur-mer\/","og_locale":"de_DE","og_type":"article","og_title":"20. August 2009 - Fahrt nach Belo sur Mer - Reiseblog von Karin &amp; Joachim","og_description":"&#8222;Traumhafte&#8220; Nacht \u2013 was habe ich alles f\u00fcr einen Quatsch zusammengetr\u00e4umt. Sabine Becker hatte unser gesamtes Haus mit Sand gef\u00fcllt","og_url":"https:\/\/jblanz.de\/WP\/fahrt-nach-belo-sur-mer\/","og_site_name":"Reiseblog von Karin &amp; Joachim","article_published_time":"2009-08-20T17:55:00+00:00","article_modified_time":"2025-03-26T07:07:30+00:00","og_image":[{"width":800,"height":450,"url":"https:\/\/jblanz.de\/WP\/wp-content\/uploads\/2020\/05\/Mada09_1122.jpg","type":"image\/jpeg"}],"author":"Achim","twitter_card":"summary_large_image","twitter_misc":{"Verfasst von":"Achim","Gesch\u00e4tzte Lesezeit":"11\u00a0Minuten"},"schema":{"@context":"https:\/\/schema.org","@graph":[{"@type":"Article","@id":"https:\/\/jblanz.de\/WP\/fahrt-nach-belo-sur-mer\/#article","isPartOf":{"@id":"https:\/\/jblanz.de\/WP\/fahrt-nach-belo-sur-mer\/"},"author":{"name":"Achim","@id":"https:\/\/jblanz.de\/WP\/#\/schema\/person\/17a70f07162e42bc0b181c22397286e0"},"headline":"20. August 2009 &#8211; Fahrt nach Belo sur Mer","datePublished":"2009-08-20T17:55:00+00:00","dateModified":"2025-03-26T07:07:30+00:00","mainEntityOfPage":{"@id":"https:\/\/jblanz.de\/WP\/fahrt-nach-belo-sur-mer\/"},"wordCount":834,"commentCount":0,"publisher":{"@id":"https:\/\/jblanz.de\/WP\/#\/schema\/person\/17a70f07162e42bc0b181c22397286e0"},"image":{"@id":"https:\/\/jblanz.de\/WP\/fahrt-nach-belo-sur-mer\/#primaryimage"},"thumbnailUrl":"https:\/\/jblanz.de\/WP\/wp-content\/uploads\/2020\/05\/Mada09_1122.jpg","articleSection":["2009","Madagaskar","Madagaskar 2009"],"inLanguage":"de","potentialAction":[{"@type":"CommentAction","name":"Comment","target":["https:\/\/jblanz.de\/WP\/fahrt-nach-belo-sur-mer\/#respond"]}]},{"@type":"WebPage","@id":"https:\/\/jblanz.de\/WP\/fahrt-nach-belo-sur-mer\/","url":"https:\/\/jblanz.de\/WP\/fahrt-nach-belo-sur-mer\/","name":"20. August 2009 - Fahrt nach Belo sur Mer - Reiseblog von Karin &amp; Joachim","isPartOf":{"@id":"https:\/\/jblanz.de\/WP\/#website"},"primaryImageOfPage":{"@id":"https:\/\/jblanz.de\/WP\/fahrt-nach-belo-sur-mer\/#primaryimage"},"image":{"@id":"https:\/\/jblanz.de\/WP\/fahrt-nach-belo-sur-mer\/#primaryimage"},"thumbnailUrl":"https:\/\/jblanz.de\/WP\/wp-content\/uploads\/2020\/05\/Mada09_1122.jpg","datePublished":"2009-08-20T17:55:00+00:00","dateModified":"2025-03-26T07:07:30+00:00","breadcrumb":{"@id":"https:\/\/jblanz.de\/WP\/fahrt-nach-belo-sur-mer\/#breadcrumb"},"inLanguage":"de","potentialAction":[{"@type":"ReadAction","target":["https:\/\/jblanz.de\/WP\/fahrt-nach-belo-sur-mer\/"]}]},{"@type":"ImageObject","inLanguage":"de","@id":"https:\/\/jblanz.de\/WP\/fahrt-nach-belo-sur-mer\/#primaryimage","url":"https:\/\/jblanz.de\/WP\/wp-content\/uploads\/2020\/05\/Mada09_1122.jpg","contentUrl":"https:\/\/jblanz.de\/WP\/wp-content\/uploads\/2020\/05\/Mada09_1122.jpg","width":800,"height":450},{"@type":"BreadcrumbList","@id":"https:\/\/jblanz.de\/WP\/fahrt-nach-belo-sur-mer\/#breadcrumb","itemListElement":[{"@type":"ListItem","position":1,"name":"Startseite","item":"https:\/\/jblanz.de\/WP\/"},{"@type":"ListItem","position":2,"name":"20. August 2009 &#8211; Fahrt nach Belo sur Mer"}]},{"@type":"WebSite","@id":"https:\/\/jblanz.de\/WP\/#website","url":"https:\/\/jblanz.de\/WP\/","name":"Reiseblog von Karin & Joachim","description":"Wir schreiben den Blog f\u00fcr uns als Erinnerung - f\u00fcr euch als Inspiration","publisher":{"@id":"https:\/\/jblanz.de\/WP\/#\/schema\/person\/17a70f07162e42bc0b181c22397286e0"},"potentialAction":[{"@type":"SearchAction","target":{"@type":"EntryPoint","urlTemplate":"https:\/\/jblanz.de\/WP\/?s={search_term_string}"},"query-input":{"@type":"PropertyValueSpecification","valueRequired":true,"valueName":"search_term_string"}}],"inLanguage":"de"},{"@type":["Person","Organization"],"@id":"https:\/\/jblanz.de\/WP\/#\/schema\/person\/17a70f07162e42bc0b181c22397286e0","name":"Achim","image":{"@type":"ImageObject","inLanguage":"de","@id":"https:\/\/secure.gravatar.com\/avatar\/b7ab31bc55956af4a9bebf7fd034761212b11b803b7e39464914d6abeefb12f3?s=96&d=mm&r=g","url":"https:\/\/secure.gravatar.com\/avatar\/b7ab31bc55956af4a9bebf7fd034761212b11b803b7e39464914d6abeefb12f3?s=96&d=mm&r=g","contentUrl":"https:\/\/secure.gravatar.com\/avatar\/b7ab31bc55956af4a9bebf7fd034761212b11b803b7e39464914d6abeefb12f3?s=96&d=mm&r=g","caption":"Achim"},"logo":{"@id":"https:\/\/secure.gravatar.com\/avatar\/b7ab31bc55956af4a9bebf7fd034761212b11b803b7e39464914d6abeefb12f3?s=96&d=mm&r=g"},"url":"https:\/\/jblanz.de\/WP\/author\/achim\/"}]}},"_links":{"self":[{"href":"https:\/\/jblanz.de\/WP\/wp-json\/wp\/v2\/posts\/3299","targetHints":{"allow":["GET"]}}],"collection":[{"href":"https:\/\/jblanz.de\/WP\/wp-json\/wp\/v2\/posts"}],"about":[{"href":"https:\/\/jblanz.de\/WP\/wp-json\/wp\/v2\/types\/post"}],"author":[{"embeddable":true,"href":"https:\/\/jblanz.de\/WP\/wp-json\/wp\/v2\/users\/1"}],"replies":[{"embeddable":true,"href":"https:\/\/jblanz.de\/WP\/wp-json\/wp\/v2\/comments?post=3299"}],"version-history":[{"count":0,"href":"https:\/\/jblanz.de\/WP\/wp-json\/wp\/v2\/posts\/3299\/revisions"}],"wp:featuredmedia":[{"embeddable":true,"href":"https:\/\/jblanz.de\/WP\/wp-json\/wp\/v2\/media\/4542"}],"wp:attachment":[{"href":"https:\/\/jblanz.de\/WP\/wp-json\/wp\/v2\/media?parent=3299"}],"wp:term":[{"taxonomy":"category","embeddable":true,"href":"https:\/\/jblanz.de\/WP\/wp-json\/wp\/v2\/categories?post=3299"},{"taxonomy":"post_tag","embeddable":true,"href":"https:\/\/jblanz.de\/WP\/wp-json\/wp\/v2\/tags?post=3299"}],"curies":[{"name":"wp","href":"https:\/\/api.w.org\/{rel}","templated":true}]}}