{"id":3346,"date":"2009-09-07T21:56:04","date_gmt":"2009-09-07T19:56:04","guid":{"rendered":"http:\/\/jblanz.de\/WP\/?p=3346"},"modified":"2023-08-06T18:01:14","modified_gmt":"2023-08-06T16:01:14","slug":"uebernachtung-in-belfast","status":"publish","type":"post","link":"https:\/\/jblanz.de\/WP\/uebernachtung-in-belfast\/","title":{"rendered":"7. September 2009 &#8211; \u00dcbernachtung in Belfast"},"content":{"rendered":"\n<p>Naja, sie wollten sich \u00fcberlegen, wie mit unseren Beschwerden gegangen werden soll und uns per E-Mail dar\u00fcber informieren. We are looking forward &#8230;. Also verlassen wir Hazyview und fahren Richtung Blyde River Canyon. Unterwegs gibt es immer mal wieder etwas zu besichtigen, the pinnacles, god&#8217;s window, Wasserf\u00e4lle und potholes (Strudell\u00f6cher).&nbsp;<\/p>\n\n\n\n<figure class=\"wp-block-image size-large\"><img loading=\"lazy\" decoding=\"async\" width=\"800\" height=\"450\" src=\"https:\/\/jblanz.de\/WP\/wp-content\/uploads\/2009\/09\/Mada09_2350.jpg\" alt=\"\" class=\"wp-image-5382\" srcset=\"https:\/\/jblanz.de\/WP\/wp-content\/uploads\/2009\/09\/Mada09_2350.jpg 800w, https:\/\/jblanz.de\/WP\/wp-content\/uploads\/2009\/09\/Mada09_2350-300x169.jpg 300w, https:\/\/jblanz.de\/WP\/wp-content\/uploads\/2009\/09\/Mada09_2350-768x432.jpg 768w\" sizes=\"auto, (max-width: 800px) 100vw, 800px\" \/><\/figure>\n\n\n\n<figure class=\"wp-block-image size-large\"><img loading=\"lazy\" decoding=\"async\" width=\"800\" height=\"450\" src=\"https:\/\/jblanz.de\/WP\/wp-content\/uploads\/2009\/09\/Mada09_2352.jpg\" alt=\"\" class=\"wp-image-5383\" srcset=\"https:\/\/jblanz.de\/WP\/wp-content\/uploads\/2009\/09\/Mada09_2352.jpg 800w, https:\/\/jblanz.de\/WP\/wp-content\/uploads\/2009\/09\/Mada09_2352-300x169.jpg 300w, https:\/\/jblanz.de\/WP\/wp-content\/uploads\/2009\/09\/Mada09_2352-768x432.jpg 768w\" sizes=\"auto, (max-width: 800px) 100vw, 800px\" \/><\/figure>\n\n\n\n<figure class=\"wp-block-image size-large\"><img loading=\"lazy\" decoding=\"async\" width=\"800\" height=\"450\" src=\"https:\/\/jblanz.de\/WP\/wp-content\/uploads\/2009\/09\/Mada09_2353.jpg\" alt=\"\" class=\"wp-image-5384\" srcset=\"https:\/\/jblanz.de\/WP\/wp-content\/uploads\/2009\/09\/Mada09_2353.jpg 800w, https:\/\/jblanz.de\/WP\/wp-content\/uploads\/2009\/09\/Mada09_2353-300x169.jpg 300w, https:\/\/jblanz.de\/WP\/wp-content\/uploads\/2009\/09\/Mada09_2353-768x432.jpg 768w\" sizes=\"auto, (max-width: 800px) 100vw, 800px\" \/><\/figure>\n\n\n\n<figure class=\"wp-block-image size-large\"><img loading=\"lazy\" decoding=\"async\" width=\"800\" height=\"450\" src=\"https:\/\/jblanz.de\/WP\/wp-content\/uploads\/2020\/12\/Mada09_2354.jpg\" alt=\"\" class=\"wp-image-5389\" srcset=\"https:\/\/jblanz.de\/WP\/wp-content\/uploads\/2020\/12\/Mada09_2354.jpg 800w, https:\/\/jblanz.de\/WP\/wp-content\/uploads\/2020\/12\/Mada09_2354-300x169.jpg 300w, https:\/\/jblanz.de\/WP\/wp-content\/uploads\/2020\/12\/Mada09_2354-768x432.jpg 768w\" sizes=\"auto, (max-width: 800px) 100vw, 800px\" \/><\/figure>\n\n\n\n<figure class=\"wp-block-image size-large\"><img loading=\"lazy\" decoding=\"async\" width=\"800\" height=\"450\" src=\"https:\/\/jblanz.de\/WP\/wp-content\/uploads\/2009\/09\/Mada09_2357.jpg\" alt=\"\" class=\"wp-image-5386\" srcset=\"https:\/\/jblanz.de\/WP\/wp-content\/uploads\/2009\/09\/Mada09_2357.jpg 800w, https:\/\/jblanz.de\/WP\/wp-content\/uploads\/2009\/09\/Mada09_2357-300x169.jpg 300w, https:\/\/jblanz.de\/WP\/wp-content\/uploads\/2009\/09\/Mada09_2357-768x432.jpg 768w\" sizes=\"auto, (max-width: 800px) 100vw, 800px\" \/><\/figure>\n\n\n\n<figure class=\"wp-block-image size-large\"><img loading=\"lazy\" decoding=\"async\" width=\"800\" height=\"450\" src=\"https:\/\/jblanz.de\/WP\/wp-content\/uploads\/2020\/12\/Mada09_2361.jpg\" alt=\"\" class=\"wp-image-5390\" srcset=\"https:\/\/jblanz.de\/WP\/wp-content\/uploads\/2020\/12\/Mada09_2361.jpg 800w, https:\/\/jblanz.de\/WP\/wp-content\/uploads\/2020\/12\/Mada09_2361-300x169.jpg 300w, https:\/\/jblanz.de\/WP\/wp-content\/uploads\/2020\/12\/Mada09_2361-768x432.jpg 768w\" sizes=\"auto, (max-width: 800px) 100vw, 800px\" \/><\/figure>\n\n\n\n<figure class=\"wp-block-image size-large\"><img loading=\"lazy\" decoding=\"async\" width=\"800\" height=\"450\" src=\"https:\/\/jblanz.de\/WP\/wp-content\/uploads\/2020\/12\/Mada09_2370.jpg\" alt=\"\" class=\"wp-image-5391\" srcset=\"https:\/\/jblanz.de\/WP\/wp-content\/uploads\/2020\/12\/Mada09_2370.jpg 800w, https:\/\/jblanz.de\/WP\/wp-content\/uploads\/2020\/12\/Mada09_2370-300x169.jpg 300w, https:\/\/jblanz.de\/WP\/wp-content\/uploads\/2020\/12\/Mada09_2370-768x432.jpg 768w\" sizes=\"auto, (max-width: 800px) 100vw, 800px\" \/><\/figure>\n\n\n\n<figure class=\"wp-block-image size-large\"><img loading=\"lazy\" decoding=\"async\" width=\"800\" height=\"450\" src=\"https:\/\/jblanz.de\/WP\/wp-content\/uploads\/2020\/12\/Mada09_2373.jpg\" alt=\"\" class=\"wp-image-5392\" srcset=\"https:\/\/jblanz.de\/WP\/wp-content\/uploads\/2020\/12\/Mada09_2373.jpg 800w, https:\/\/jblanz.de\/WP\/wp-content\/uploads\/2020\/12\/Mada09_2373-300x169.jpg 300w, https:\/\/jblanz.de\/WP\/wp-content\/uploads\/2020\/12\/Mada09_2373-768x432.jpg 768w\" sizes=\"auto, (max-width: 800px) 100vw, 800px\" \/><\/figure>\n\n\n\n<figure class=\"wp-block-image size-large\"><img loading=\"lazy\" decoding=\"async\" width=\"800\" height=\"450\" src=\"https:\/\/jblanz.de\/WP\/wp-content\/uploads\/2020\/12\/Mada09_2374.jpg\" alt=\"\" class=\"wp-image-5393\" srcset=\"https:\/\/jblanz.de\/WP\/wp-content\/uploads\/2020\/12\/Mada09_2374.jpg 800w, https:\/\/jblanz.de\/WP\/wp-content\/uploads\/2020\/12\/Mada09_2374-300x169.jpg 300w, https:\/\/jblanz.de\/WP\/wp-content\/uploads\/2020\/12\/Mada09_2374-768x432.jpg 768w\" sizes=\"auto, (max-width: 800px) 100vw, 800px\" \/><\/figure>\n\n\n\n<p>Ganz interessant, aber es rei\u00dft uns auch nicht vom Hocker. Pilgrims Rest lassen wir aus und begeben uns so langsam auf die Suche nach einem \u00dcbernachtungsplatz, was sich als gar nicht so einfach herausstellt. Wir sind nicht mehr auf der Stra\u00dfe vor Nespruit und all die Angebote, die wir auf dem Hinweg gesehen haben, waren schon weg. Also haben wir versucht, nach den Hinweisschildern, die es entlang der Autobahn gab, was zu finden. Auf dem durchquerten wir T\u00e4ler in denen Zitrusfr\u00fcchte angebaut wurden, Monokulturen mit Intensivbew\u00e4sserung.<\/p>\n\n\n\n<figure class=\"wp-block-image size-large\"><img loading=\"lazy\" decoding=\"async\" width=\"800\" height=\"450\" src=\"https:\/\/jblanz.de\/WP\/wp-content\/uploads\/2020\/12\/Mada09_2387.jpg\" alt=\"\" class=\"wp-image-5394\" srcset=\"https:\/\/jblanz.de\/WP\/wp-content\/uploads\/2020\/12\/Mada09_2387.jpg 800w, https:\/\/jblanz.de\/WP\/wp-content\/uploads\/2020\/12\/Mada09_2387-300x169.jpg 300w, https:\/\/jblanz.de\/WP\/wp-content\/uploads\/2020\/12\/Mada09_2387-768x432.jpg 768w\" sizes=\"auto, (max-width: 800px) 100vw, 800px\" \/><\/figure>\n\n\n\n<figure class=\"wp-block-image size-large\"><img loading=\"lazy\" decoding=\"async\" width=\"800\" height=\"450\" src=\"https:\/\/jblanz.de\/WP\/wp-content\/uploads\/2020\/12\/Mada09_2391.jpg\" alt=\"\" class=\"wp-image-5395\" srcset=\"https:\/\/jblanz.de\/WP\/wp-content\/uploads\/2020\/12\/Mada09_2391.jpg 800w, https:\/\/jblanz.de\/WP\/wp-content\/uploads\/2020\/12\/Mada09_2391-300x169.jpg 300w, https:\/\/jblanz.de\/WP\/wp-content\/uploads\/2020\/12\/Mada09_2391-768x432.jpg 768w\" sizes=\"auto, (max-width: 800px) 100vw, 800px\" \/><\/figure>\n\n\n\n<p>Das war wieder eine &#8222;vulnerable situation&#8220;, da steigt die Spannung immer, aber auch das haben wir inzwischen ganz gut im Griff. Auf jeden Fall landeten wir irgendwann in Belfast (S\u00fcdafrika !!) im &#8222;Owl and Trout Guesthouse&#8220;, einem privaten Bungalow, voll ausgestattet, bei sehr netten Leuten. Janet und Julian machten uns den Aufenthalt echt angenehm. Gaben Informationen, hielten sich aber auch im Hintergrund. Da wir wieder Grill und K\u00fcche zur Verf\u00fcgung hatten, gingen wir noch kurz einkaufen. Als wir aus dem Supermarkt kommen, f\u00e4hrt ein ziemlich ramponiertes Auto in Schlangenlinien an uns vorbei und rammt mit voller Wucht einen hohen Randstein, die Insassen waren besoffen. Zur\u00fcck im &#8222;Owl and Trout&#8220;\u00a0 erz\u00e4hlten wir unseren Gastgebern von unserem Erlebnis. Janet ist Richterin am Gericht in Pretoria und schildert, dass sie schon das \u00dcberqueren der Stra\u00dfe zwischen Parkhaus und Gericht als Hochrisikoaktion ansieht und \u00fcber die Stra\u00dfe rennt. Das &#8222;Owl and Trout&#8220; ist von einem hohen Stahlgitterzaun umz\u00e4unt, ob drauf noch Starkstromleitungen und das Tor \u00f6ffnet nur mit Fernbedienung. Karten schreiben und dann ein k\u00f6stliches Mahl mit gr\u00fcnem gemischten Salat, mit Tomaten und Avocados, eine Pizza und ein super St\u00fcck Fleisch. Ein Fl\u00e4schchen Wein fehlte nat\u00fcrlich auch nicht und eine Kanne Tee. Alles da! Und so gingen wir gl\u00fccklich ins Bett, schliefen gl\u00fccklich und standen wie immer p\u00fcnktlich um 6:30 Uhr auf,\u2026<\/p>\n","protected":false},"excerpt":{"rendered":"<p>Naja, sie wollten sich \u00fcberlegen, wie mit unseren Beschwerden gegangen werden soll und uns per E-Mail dar\u00fcber informieren. We are<\/p>\n","protected":false},"author":1,"featured_media":5387,"comment_status":"open","ping_status":"open","sticky":false,"template":"","format":"standard","meta":{"colormag_page_container_layout":"default_layout","colormag_page_sidebar_layout":"default_layout","_monsterinsights_skip_tracking":false,"_monsterinsights_sitenote_active":false,"_monsterinsights_sitenote_note":"","_monsterinsights_sitenote_category":0,"footnotes":""},"categories":[209,236,20,22,266],"tags":[],"class_list":["post-3346","post","type-post","status-publish","format-standard","has-post-thumbnail","hentry","category-209","category-afrika","category-madagaskar","category-madagaskar2009","category-suedafrika"],"yoast_head":"<!-- This site is optimized with the Yoast SEO plugin v27.4 - https:\/\/yoast.com\/product\/yoast-seo-wordpress\/ -->\n<title>7. September 2009 - \u00dcbernachtung in Belfast - Reiseblog von Karin &amp; Joachim<\/title>\n<meta name=\"robots\" content=\"index, follow, max-snippet:-1, max-image-preview:large, max-video-preview:-1\" \/>\n<link rel=\"canonical\" href=\"https:\/\/jblanz.de\/WP\/uebernachtung-in-belfast\/\" \/>\n<meta property=\"og:locale\" content=\"de_DE\" \/>\n<meta property=\"og:type\" content=\"article\" \/>\n<meta property=\"og:title\" content=\"7. September 2009 - \u00dcbernachtung in Belfast - Reiseblog von Karin &amp; Joachim\" \/>\n<meta property=\"og:description\" content=\"Naja, sie wollten sich \u00fcberlegen, wie mit unseren Beschwerden gegangen werden soll und uns per E-Mail dar\u00fcber informieren. We are\" \/>\n<meta property=\"og:url\" content=\"https:\/\/jblanz.de\/WP\/uebernachtung-in-belfast\/\" \/>\n<meta property=\"og:site_name\" content=\"Reiseblog von Karin &amp; Joachim\" \/>\n<meta property=\"article:published_time\" content=\"2009-09-07T19:56:04+00:00\" \/>\n<meta property=\"article:modified_time\" content=\"2023-08-06T16:01:14+00:00\" \/>\n<meta property=\"og:image\" content=\"https:\/\/jblanz.de\/WP\/wp-content\/uploads\/2009\/09\/Mada09_2359.jpg\" \/>\n\t<meta property=\"og:image:width\" content=\"800\" \/>\n\t<meta property=\"og:image:height\" content=\"450\" \/>\n\t<meta property=\"og:image:type\" content=\"image\/jpeg\" \/>\n<meta name=\"author\" content=\"Achim\" \/>\n<meta name=\"twitter:card\" content=\"summary_large_image\" \/>\n<meta name=\"twitter:label1\" content=\"Verfasst von\" \/>\n\t<meta name=\"twitter:data1\" content=\"Achim\" \/>\n\t<meta name=\"twitter:label2\" content=\"Gesch\u00e4tzte Lesezeit\" \/>\n\t<meta name=\"twitter:data2\" content=\"5\u00a0Minuten\" \/>\n<script type=\"application\/ld+json\" class=\"yoast-schema-graph\">{\"@context\":\"https:\\\/\\\/schema.org\",\"@graph\":[{\"@type\":\"Article\",\"@id\":\"https:\\\/\\\/jblanz.de\\\/WP\\\/uebernachtung-in-belfast\\\/#article\",\"isPartOf\":{\"@id\":\"https:\\\/\\\/jblanz.de\\\/WP\\\/uebernachtung-in-belfast\\\/\"},\"author\":{\"name\":\"Achim\",\"@id\":\"https:\\\/\\\/jblanz.de\\\/WP\\\/#\\\/schema\\\/person\\\/17a70f07162e42bc0b181c22397286e0\"},\"headline\":\"7. September 2009 &#8211; \u00dcbernachtung in Belfast\",\"datePublished\":\"2009-09-07T19:56:04+00:00\",\"dateModified\":\"2023-08-06T16:01:14+00:00\",\"mainEntityOfPage\":{\"@id\":\"https:\\\/\\\/jblanz.de\\\/WP\\\/uebernachtung-in-belfast\\\/\"},\"wordCount\":383,\"commentCount\":0,\"publisher\":{\"@id\":\"https:\\\/\\\/jblanz.de\\\/WP\\\/#\\\/schema\\\/person\\\/17a70f07162e42bc0b181c22397286e0\"},\"image\":{\"@id\":\"https:\\\/\\\/jblanz.de\\\/WP\\\/uebernachtung-in-belfast\\\/#primaryimage\"},\"thumbnailUrl\":\"https:\\\/\\\/jblanz.de\\\/WP\\\/wp-content\\\/uploads\\\/2009\\\/09\\\/Mada09_2359.jpg\",\"articleSection\":[\"2009\",\"Afrika\",\"Madagaskar\",\"Madagaskar 2009\",\"S\u00fcdafrika\"],\"inLanguage\":\"de\",\"potentialAction\":[{\"@type\":\"CommentAction\",\"name\":\"Comment\",\"target\":[\"https:\\\/\\\/jblanz.de\\\/WP\\\/uebernachtung-in-belfast\\\/#respond\"]}]},{\"@type\":\"WebPage\",\"@id\":\"https:\\\/\\\/jblanz.de\\\/WP\\\/uebernachtung-in-belfast\\\/\",\"url\":\"https:\\\/\\\/jblanz.de\\\/WP\\\/uebernachtung-in-belfast\\\/\",\"name\":\"7. September 2009 - \u00dcbernachtung in Belfast - Reiseblog von Karin &amp; Joachim\",\"isPartOf\":{\"@id\":\"https:\\\/\\\/jblanz.de\\\/WP\\\/#website\"},\"primaryImageOfPage\":{\"@id\":\"https:\\\/\\\/jblanz.de\\\/WP\\\/uebernachtung-in-belfast\\\/#primaryimage\"},\"image\":{\"@id\":\"https:\\\/\\\/jblanz.de\\\/WP\\\/uebernachtung-in-belfast\\\/#primaryimage\"},\"thumbnailUrl\":\"https:\\\/\\\/jblanz.de\\\/WP\\\/wp-content\\\/uploads\\\/2009\\\/09\\\/Mada09_2359.jpg\",\"datePublished\":\"2009-09-07T19:56:04+00:00\",\"dateModified\":\"2023-08-06T16:01:14+00:00\",\"breadcrumb\":{\"@id\":\"https:\\\/\\\/jblanz.de\\\/WP\\\/uebernachtung-in-belfast\\\/#breadcrumb\"},\"inLanguage\":\"de\",\"potentialAction\":[{\"@type\":\"ReadAction\",\"target\":[\"https:\\\/\\\/jblanz.de\\\/WP\\\/uebernachtung-in-belfast\\\/\"]}]},{\"@type\":\"ImageObject\",\"inLanguage\":\"de\",\"@id\":\"https:\\\/\\\/jblanz.de\\\/WP\\\/uebernachtung-in-belfast\\\/#primaryimage\",\"url\":\"https:\\\/\\\/jblanz.de\\\/WP\\\/wp-content\\\/uploads\\\/2009\\\/09\\\/Mada09_2359.jpg\",\"contentUrl\":\"https:\\\/\\\/jblanz.de\\\/WP\\\/wp-content\\\/uploads\\\/2009\\\/09\\\/Mada09_2359.jpg\",\"width\":800,\"height\":450},{\"@type\":\"BreadcrumbList\",\"@id\":\"https:\\\/\\\/jblanz.de\\\/WP\\\/uebernachtung-in-belfast\\\/#breadcrumb\",\"itemListElement\":[{\"@type\":\"ListItem\",\"position\":1,\"name\":\"Startseite\",\"item\":\"https:\\\/\\\/jblanz.de\\\/WP\\\/\"},{\"@type\":\"ListItem\",\"position\":2,\"name\":\"7. September 2009 &#8211; \u00dcbernachtung in Belfast\"}]},{\"@type\":\"WebSite\",\"@id\":\"https:\\\/\\\/jblanz.de\\\/WP\\\/#website\",\"url\":\"https:\\\/\\\/jblanz.de\\\/WP\\\/\",\"name\":\"Reiseblog von Karin & Joachim\",\"description\":\"Wir schreiben den Blog f\u00fcr uns als Erinnerung - f\u00fcr euch als Inspiration\",\"publisher\":{\"@id\":\"https:\\\/\\\/jblanz.de\\\/WP\\\/#\\\/schema\\\/person\\\/17a70f07162e42bc0b181c22397286e0\"},\"potentialAction\":[{\"@type\":\"SearchAction\",\"target\":{\"@type\":\"EntryPoint\",\"urlTemplate\":\"https:\\\/\\\/jblanz.de\\\/WP\\\/?s={search_term_string}\"},\"query-input\":{\"@type\":\"PropertyValueSpecification\",\"valueRequired\":true,\"valueName\":\"search_term_string\"}}],\"inLanguage\":\"de\"},{\"@type\":[\"Person\",\"Organization\"],\"@id\":\"https:\\\/\\\/jblanz.de\\\/WP\\\/#\\\/schema\\\/person\\\/17a70f07162e42bc0b181c22397286e0\",\"name\":\"Achim\",\"image\":{\"@type\":\"ImageObject\",\"inLanguage\":\"de\",\"@id\":\"https:\\\/\\\/secure.gravatar.com\\\/avatar\\\/b7ab31bc55956af4a9bebf7fd034761212b11b803b7e39464914d6abeefb12f3?s=96&d=mm&r=g\",\"url\":\"https:\\\/\\\/secure.gravatar.com\\\/avatar\\\/b7ab31bc55956af4a9bebf7fd034761212b11b803b7e39464914d6abeefb12f3?s=96&d=mm&r=g\",\"contentUrl\":\"https:\\\/\\\/secure.gravatar.com\\\/avatar\\\/b7ab31bc55956af4a9bebf7fd034761212b11b803b7e39464914d6abeefb12f3?s=96&d=mm&r=g\",\"caption\":\"Achim\"},\"logo\":{\"@id\":\"https:\\\/\\\/secure.gravatar.com\\\/avatar\\\/b7ab31bc55956af4a9bebf7fd034761212b11b803b7e39464914d6abeefb12f3?s=96&d=mm&r=g\"},\"url\":\"https:\\\/\\\/jblanz.de\\\/WP\\\/author\\\/achim\\\/\"}]}<\/script>\n<!-- \/ Yoast SEO plugin. -->","yoast_head_json":{"title":"7. September 2009 - \u00dcbernachtung in Belfast - Reiseblog von Karin &amp; Joachim","robots":{"index":"index","follow":"follow","max-snippet":"max-snippet:-1","max-image-preview":"max-image-preview:large","max-video-preview":"max-video-preview:-1"},"canonical":"https:\/\/jblanz.de\/WP\/uebernachtung-in-belfast\/","og_locale":"de_DE","og_type":"article","og_title":"7. September 2009 - \u00dcbernachtung in Belfast - Reiseblog von Karin &amp; Joachim","og_description":"Naja, sie wollten sich \u00fcberlegen, wie mit unseren Beschwerden gegangen werden soll und uns per E-Mail dar\u00fcber informieren. We are","og_url":"https:\/\/jblanz.de\/WP\/uebernachtung-in-belfast\/","og_site_name":"Reiseblog von Karin &amp; Joachim","article_published_time":"2009-09-07T19:56:04+00:00","article_modified_time":"2023-08-06T16:01:14+00:00","og_image":[{"width":800,"height":450,"url":"https:\/\/jblanz.de\/WP\/wp-content\/uploads\/2009\/09\/Mada09_2359.jpg","type":"image\/jpeg"}],"author":"Achim","twitter_card":"summary_large_image","twitter_misc":{"Verfasst von":"Achim","Gesch\u00e4tzte Lesezeit":"5\u00a0Minuten"},"schema":{"@context":"https:\/\/schema.org","@graph":[{"@type":"Article","@id":"https:\/\/jblanz.de\/WP\/uebernachtung-in-belfast\/#article","isPartOf":{"@id":"https:\/\/jblanz.de\/WP\/uebernachtung-in-belfast\/"},"author":{"name":"Achim","@id":"https:\/\/jblanz.de\/WP\/#\/schema\/person\/17a70f07162e42bc0b181c22397286e0"},"headline":"7. September 2009 &#8211; \u00dcbernachtung in Belfast","datePublished":"2009-09-07T19:56:04+00:00","dateModified":"2023-08-06T16:01:14+00:00","mainEntityOfPage":{"@id":"https:\/\/jblanz.de\/WP\/uebernachtung-in-belfast\/"},"wordCount":383,"commentCount":0,"publisher":{"@id":"https:\/\/jblanz.de\/WP\/#\/schema\/person\/17a70f07162e42bc0b181c22397286e0"},"image":{"@id":"https:\/\/jblanz.de\/WP\/uebernachtung-in-belfast\/#primaryimage"},"thumbnailUrl":"https:\/\/jblanz.de\/WP\/wp-content\/uploads\/2009\/09\/Mada09_2359.jpg","articleSection":["2009","Afrika","Madagaskar","Madagaskar 2009","S\u00fcdafrika"],"inLanguage":"de","potentialAction":[{"@type":"CommentAction","name":"Comment","target":["https:\/\/jblanz.de\/WP\/uebernachtung-in-belfast\/#respond"]}]},{"@type":"WebPage","@id":"https:\/\/jblanz.de\/WP\/uebernachtung-in-belfast\/","url":"https:\/\/jblanz.de\/WP\/uebernachtung-in-belfast\/","name":"7. September 2009 - \u00dcbernachtung in Belfast - Reiseblog von Karin &amp; Joachim","isPartOf":{"@id":"https:\/\/jblanz.de\/WP\/#website"},"primaryImageOfPage":{"@id":"https:\/\/jblanz.de\/WP\/uebernachtung-in-belfast\/#primaryimage"},"image":{"@id":"https:\/\/jblanz.de\/WP\/uebernachtung-in-belfast\/#primaryimage"},"thumbnailUrl":"https:\/\/jblanz.de\/WP\/wp-content\/uploads\/2009\/09\/Mada09_2359.jpg","datePublished":"2009-09-07T19:56:04+00:00","dateModified":"2023-08-06T16:01:14+00:00","breadcrumb":{"@id":"https:\/\/jblanz.de\/WP\/uebernachtung-in-belfast\/#breadcrumb"},"inLanguage":"de","potentialAction":[{"@type":"ReadAction","target":["https:\/\/jblanz.de\/WP\/uebernachtung-in-belfast\/"]}]},{"@type":"ImageObject","inLanguage":"de","@id":"https:\/\/jblanz.de\/WP\/uebernachtung-in-belfast\/#primaryimage","url":"https:\/\/jblanz.de\/WP\/wp-content\/uploads\/2009\/09\/Mada09_2359.jpg","contentUrl":"https:\/\/jblanz.de\/WP\/wp-content\/uploads\/2009\/09\/Mada09_2359.jpg","width":800,"height":450},{"@type":"BreadcrumbList","@id":"https:\/\/jblanz.de\/WP\/uebernachtung-in-belfast\/#breadcrumb","itemListElement":[{"@type":"ListItem","position":1,"name":"Startseite","item":"https:\/\/jblanz.de\/WP\/"},{"@type":"ListItem","position":2,"name":"7. September 2009 &#8211; \u00dcbernachtung in Belfast"}]},{"@type":"WebSite","@id":"https:\/\/jblanz.de\/WP\/#website","url":"https:\/\/jblanz.de\/WP\/","name":"Reiseblog von Karin & Joachim","description":"Wir schreiben den Blog f\u00fcr uns als Erinnerung - f\u00fcr euch als Inspiration","publisher":{"@id":"https:\/\/jblanz.de\/WP\/#\/schema\/person\/17a70f07162e42bc0b181c22397286e0"},"potentialAction":[{"@type":"SearchAction","target":{"@type":"EntryPoint","urlTemplate":"https:\/\/jblanz.de\/WP\/?s={search_term_string}"},"query-input":{"@type":"PropertyValueSpecification","valueRequired":true,"valueName":"search_term_string"}}],"inLanguage":"de"},{"@type":["Person","Organization"],"@id":"https:\/\/jblanz.de\/WP\/#\/schema\/person\/17a70f07162e42bc0b181c22397286e0","name":"Achim","image":{"@type":"ImageObject","inLanguage":"de","@id":"https:\/\/secure.gravatar.com\/avatar\/b7ab31bc55956af4a9bebf7fd034761212b11b803b7e39464914d6abeefb12f3?s=96&d=mm&r=g","url":"https:\/\/secure.gravatar.com\/avatar\/b7ab31bc55956af4a9bebf7fd034761212b11b803b7e39464914d6abeefb12f3?s=96&d=mm&r=g","contentUrl":"https:\/\/secure.gravatar.com\/avatar\/b7ab31bc55956af4a9bebf7fd034761212b11b803b7e39464914d6abeefb12f3?s=96&d=mm&r=g","caption":"Achim"},"logo":{"@id":"https:\/\/secure.gravatar.com\/avatar\/b7ab31bc55956af4a9bebf7fd034761212b11b803b7e39464914d6abeefb12f3?s=96&d=mm&r=g"},"url":"https:\/\/jblanz.de\/WP\/author\/achim\/"}]}},"_links":{"self":[{"href":"https:\/\/jblanz.de\/WP\/wp-json\/wp\/v2\/posts\/3346","targetHints":{"allow":["GET"]}}],"collection":[{"href":"https:\/\/jblanz.de\/WP\/wp-json\/wp\/v2\/posts"}],"about":[{"href":"https:\/\/jblanz.de\/WP\/wp-json\/wp\/v2\/types\/post"}],"author":[{"embeddable":true,"href":"https:\/\/jblanz.de\/WP\/wp-json\/wp\/v2\/users\/1"}],"replies":[{"embeddable":true,"href":"https:\/\/jblanz.de\/WP\/wp-json\/wp\/v2\/comments?post=3346"}],"version-history":[{"count":0,"href":"https:\/\/jblanz.de\/WP\/wp-json\/wp\/v2\/posts\/3346\/revisions"}],"wp:featuredmedia":[{"embeddable":true,"href":"https:\/\/jblanz.de\/WP\/wp-json\/wp\/v2\/media\/5387"}],"wp:attachment":[{"href":"https:\/\/jblanz.de\/WP\/wp-json\/wp\/v2\/media?parent=3346"}],"wp:term":[{"taxonomy":"category","embeddable":true,"href":"https:\/\/jblanz.de\/WP\/wp-json\/wp\/v2\/categories?post=3346"},{"taxonomy":"post_tag","embeddable":true,"href":"https:\/\/jblanz.de\/WP\/wp-json\/wp\/v2\/tags?post=3346"}],"curies":[{"name":"wp","href":"https:\/\/api.w.org\/{rel}","templated":true}]}}