{"id":3386,"date":"2010-08-13T22:51:17","date_gmt":"2010-08-13T20:51:17","guid":{"rendered":"http:\/\/jblanz.de\/WP\/?p=3386"},"modified":"2020-12-28T16:47:21","modified_gmt":"2020-12-28T15:47:21","slug":"ankunft-in-tana-2","status":"publish","type":"post","link":"https:\/\/jblanz.de\/WP\/ankunft-in-tana-2\/","title":{"rendered":"13. August 2010 &#8211; Ankunft in Tana"},"content":{"rendered":"\n<p class=\"wp-block-paragraph\">Fliegen \u2013 ja fliegen ist halt wie fliegen so ist. Irgendwann wird es langweilig. Aber alles ging gut und nix besonderes geschah. In Tana angekommen (samt allem Gep\u00e4ck!) holte uns Riva, unser Fahrer, mit seinem tollen Auto ab und \u00fcbergab uns s\u00e4mtliche Papiere f\u00fcr die Reservierungen. Er spricht gut englisch und franz\u00f6sisch und hat uns gleich alles m\u00f6gliche erkl\u00e4rt. Und das gr\u00f6\u00dfte Wunder geschah gleich 10 Minuten nachdem wir den Flughafen verlassen hatten: ich stand im Homeopharma-Laden und kaufte f\u00fcnf Flaschen Relax-\u00d6l f\u00fcr sage und schreibe 7 Euro. Alle zusammen!!! <\/p>\n\n\n\n<p class=\"wp-block-paragraph\">Daf\u00fcr, dass heute Freitag der 13. ist, lief bis zum jetzigen Zeitpunkt alles wie am Schn\u00fcrchen. Wir fuhren beim Le Voyageur B\u00fcro vorbei, bekamen dort unsere 500 \u20ac in Ariary und dann ging die Fahrt los zum ersten Nationalpark in Anjozorobe.<\/p>\n\n\n\n<figure class=\"wp-block-image size-large\"><img loading=\"lazy\" decoding=\"async\" width=\"800\" height=\"450\" src=\"https:\/\/jblanz.de\/WP\/wp-content\/uploads\/2020\/12\/Mada2010_CF_0013.jpg\" alt=\"\" class=\"wp-image-5441\" srcset=\"https:\/\/jblanz.de\/WP\/wp-content\/uploads\/2020\/12\/Mada2010_CF_0013.jpg 800w, https:\/\/jblanz.de\/WP\/wp-content\/uploads\/2020\/12\/Mada2010_CF_0013-300x169.jpg 300w, https:\/\/jblanz.de\/WP\/wp-content\/uploads\/2020\/12\/Mada2010_CF_0013-768x432.jpg 768w\" sizes=\"auto, (max-width: 800px) 100vw, 800px\" \/><\/figure>\n\n\n\n<figure class=\"wp-block-image size-large\"><img loading=\"lazy\" decoding=\"async\" width=\"800\" height=\"450\" src=\"https:\/\/jblanz.de\/WP\/wp-content\/uploads\/2020\/12\/Mada2010_CF_0012.jpg\" alt=\"\" class=\"wp-image-5439\" srcset=\"https:\/\/jblanz.de\/WP\/wp-content\/uploads\/2020\/12\/Mada2010_CF_0012.jpg 800w, https:\/\/jblanz.de\/WP\/wp-content\/uploads\/2020\/12\/Mada2010_CF_0012-300x169.jpg 300w, https:\/\/jblanz.de\/WP\/wp-content\/uploads\/2020\/12\/Mada2010_CF_0012-768x432.jpg 768w\" sizes=\"auto, (max-width: 800px) 100vw, 800px\" \/><\/figure>\n\n\n\n<p class=\"wp-block-paragraph\">Es war fast ein wenig wie heimkommen. Die Menschen, die Farben, der Handel auf der Stra\u00dfe, der Pr\u00e4sident, der seinen Weg durch die Menschen und Automenge gebahnt bekam, einfach alles. Die Verkehrslage war wie immer rund um Tana und nach einiger Zeit wurden die L\u00f6cher tiefer und h\u00e4ufiger und als es zu d\u00e4mmen begann, ging\u2019s steil und bucklig bergauf. Und dann waren wir wirklich froh, sicher und bequem in einem fetten Auto zu sitzen und nicht auf dem Motorrad. Es wurde k\u00e4lter und enger und l\u00f6chriger und gegen Ende glauben wir schon fast nicht mehr, irgendwo anzukommen. Aber wir kamen an. Kurz nach sechs in finsterer Nacht f\u00fchrte uns das Begr\u00fc\u00dfungskommitee zu unserem Bungalow. Ich rechnete ja insgeheim mit KIRINDI Ausstattung, aber nein \u2013 super geschmackvoller Bungalow mit Badewanne!!, Dusche, Klo, einem fetten Bett, Schr\u00e4nken, Nachttischlampen und einem Kamin samt Feuerstelle. Nach kurzem Auspacken zogen wir gehen Restaurant, eingepackt in drei Vlies und Anorak und da wartete schon die zweite \u00dcberraschung. <\/p>\n\n\n\n<figure class=\"wp-block-image size-large\"><img loading=\"lazy\" decoding=\"async\" width=\"800\" height=\"450\" src=\"https:\/\/jblanz.de\/WP\/wp-content\/uploads\/2020\/12\/Mada2010_CF_0017.jpg\" alt=\"\" class=\"wp-image-5442\" srcset=\"https:\/\/jblanz.de\/WP\/wp-content\/uploads\/2020\/12\/Mada2010_CF_0017.jpg 800w, https:\/\/jblanz.de\/WP\/wp-content\/uploads\/2020\/12\/Mada2010_CF_0017-300x169.jpg 300w, https:\/\/jblanz.de\/WP\/wp-content\/uploads\/2020\/12\/Mada2010_CF_0017-768x432.jpg 768w\" sizes=\"auto, (max-width: 800px) 100vw, 800px\" \/><\/figure>\n\n\n\n<figure class=\"wp-block-image size-large\"><img loading=\"lazy\" decoding=\"async\" width=\"800\" height=\"450\" src=\"https:\/\/jblanz.de\/WP\/wp-content\/uploads\/2020\/12\/Mada2010_CF_0020.jpg\" alt=\"\" class=\"wp-image-5443\" srcset=\"https:\/\/jblanz.de\/WP\/wp-content\/uploads\/2020\/12\/Mada2010_CF_0020.jpg 800w, https:\/\/jblanz.de\/WP\/wp-content\/uploads\/2020\/12\/Mada2010_CF_0020-300x169.jpg 300w, https:\/\/jblanz.de\/WP\/wp-content\/uploads\/2020\/12\/Mada2010_CF_0020-768x432.jpg 768w\" sizes=\"auto, (max-width: 800px) 100vw, 800px\" \/><\/figure>\n\n\n\n<p>Ein tolles Feuer brannte in der Mitte eines gro\u00dfen Raumes, auch hier sehr sch\u00f6n eingerichtet, Tische gedeckt und schon stand ein vorz\u00fcgliches Mahl vor uns. Hei\u00dfer Citronelletee, ohne Chlorgeschmack!!, Reis, Salat, Gem\u00fcsesalat und Ravetout mit Fleisch und Kuchen zum Nachtisch. Besser geht\u2019s nicht. Und jetzt sitzen wir hier am Feuer mit zwei jungen englischen Touris, ich schreibe, lese und verdaue mit unserem ersten Rum, leider gab es keinen Rum Vanille, also nehmen wir mit Natur mit bissle Zitrone vorlieb. Eine zweite Bettdecke haben wir schon geordert, die Nacht wird kalt, f\u00fcrchte ich. Also noch fest Hitze tanken.<\/p>\n","protected":false},"excerpt":{"rendered":"<p>Fliegen \u2013 ja fliegen ist halt wie fliegen so ist. Irgendwann wird es langweilig. Aber alles ging gut und nix<\/p>\n","protected":false},"author":1,"featured_media":5442,"comment_status":"open","ping_status":"open","sticky":false,"template":"","format":"standard","meta":{"colormag_page_container_layout":"default_layout","colormag_page_sidebar_layout":"default_layout","_monsterinsights_skip_tracking":false,"footnotes":""},"categories":[210,20,23],"tags":[],"class_list":["post-3386","post","type-post","status-publish","format-standard","has-post-thumbnail","hentry","category-210","category-madagaskar","category-madagaskar2010"],"yoast_head":"<!-- This site is optimized with the Yoast SEO plugin v28.3 - https:\/\/yoast.com\/product\/yoast-seo-wordpress\/ -->\n<title>13. August 2010 - Ankunft in Tana - Reiseblog von Karin &amp; Joachim<\/title>\n<meta name=\"robots\" content=\"index, follow, max-snippet:-1, max-image-preview:large, max-video-preview:-1\" \/>\n<link rel=\"canonical\" href=\"https:\/\/jblanz.de\/WP\/ankunft-in-tana-2\/\" \/>\n<meta property=\"og:locale\" content=\"de_DE\" \/>\n<meta property=\"og:type\" content=\"article\" \/>\n<meta property=\"og:title\" content=\"13. August 2010 - Ankunft in Tana - Reiseblog von Karin &amp; Joachim\" \/>\n<meta property=\"og:description\" content=\"Fliegen \u2013 ja fliegen ist halt wie fliegen so ist. Irgendwann wird es langweilig. Aber alles ging gut und nix\" \/>\n<meta property=\"og:url\" content=\"https:\/\/jblanz.de\/WP\/ankunft-in-tana-2\/\" \/>\n<meta property=\"og:site_name\" content=\"Reiseblog von Karin &amp; Joachim\" \/>\n<meta property=\"article:published_time\" content=\"2010-08-13T20:51:17+00:00\" \/>\n<meta property=\"article:modified_time\" content=\"2020-12-28T15:47:21+00:00\" \/>\n<meta property=\"og:image\" content=\"https:\/\/jblanz.de\/WP\/wp-content\/uploads\/2020\/12\/Mada2010_CF_0017.jpg\" \/>\n\t<meta property=\"og:image:width\" content=\"800\" \/>\n\t<meta property=\"og:image:height\" content=\"450\" \/>\n\t<meta property=\"og:image:type\" content=\"image\/jpeg\" \/>\n<meta name=\"author\" content=\"Achim\" \/>\n<meta name=\"twitter:card\" content=\"summary_large_image\" \/>\n<meta name=\"twitter:label1\" content=\"Verfasst von\" \/>\n\t<meta name=\"twitter:data1\" content=\"Achim\" \/>\n\t<meta name=\"twitter:label2\" content=\"Gesch\u00e4tzte Lesezeit\" \/>\n\t<meta name=\"twitter:data2\" content=\"2\u00a0Minuten\" \/>\n<script type=\"application\/ld+json\" class=\"yoast-schema-graph\">{\"@context\":\"https:\\\/\\\/schema.org\",\"@graph\":[{\"@type\":\"Article\",\"@id\":\"https:\\\/\\\/jblanz.de\\\/WP\\\/ankunft-in-tana-2\\\/#article\",\"isPartOf\":{\"@id\":\"https:\\\/\\\/jblanz.de\\\/WP\\\/ankunft-in-tana-2\\\/\"},\"author\":{\"name\":\"Achim\",\"@id\":\"https:\\\/\\\/jblanz.de\\\/WP\\\/#\\\/schema\\\/person\\\/17a70f07162e42bc0b181c22397286e0\"},\"headline\":\"13. August 2010 &#8211; Ankunft in Tana\",\"datePublished\":\"2010-08-13T20:51:17+00:00\",\"dateModified\":\"2020-12-28T15:47:21+00:00\",\"mainEntityOfPage\":{\"@id\":\"https:\\\/\\\/jblanz.de\\\/WP\\\/ankunft-in-tana-2\\\/\"},\"wordCount\":418,\"commentCount\":0,\"publisher\":{\"@id\":\"https:\\\/\\\/jblanz.de\\\/WP\\\/#\\\/schema\\\/person\\\/17a70f07162e42bc0b181c22397286e0\"},\"image\":{\"@id\":\"https:\\\/\\\/jblanz.de\\\/WP\\\/ankunft-in-tana-2\\\/#primaryimage\"},\"thumbnailUrl\":\"https:\\\/\\\/jblanz.de\\\/WP\\\/wp-content\\\/uploads\\\/2020\\\/12\\\/Mada2010_CF_0017.jpg\",\"articleSection\":[\"2010\",\"Madagaskar\",\"Madagaskar 2010\"],\"inLanguage\":\"de\",\"potentialAction\":[{\"@type\":\"CommentAction\",\"name\":\"Comment\",\"target\":[\"https:\\\/\\\/jblanz.de\\\/WP\\\/ankunft-in-tana-2\\\/#respond\"]}]},{\"@type\":\"WebPage\",\"@id\":\"https:\\\/\\\/jblanz.de\\\/WP\\\/ankunft-in-tana-2\\\/\",\"url\":\"https:\\\/\\\/jblanz.de\\\/WP\\\/ankunft-in-tana-2\\\/\",\"name\":\"13. August 2010 - Ankunft in Tana - Reiseblog von Karin &amp; Joachim\",\"isPartOf\":{\"@id\":\"https:\\\/\\\/jblanz.de\\\/WP\\\/#website\"},\"primaryImageOfPage\":{\"@id\":\"https:\\\/\\\/jblanz.de\\\/WP\\\/ankunft-in-tana-2\\\/#primaryimage\"},\"image\":{\"@id\":\"https:\\\/\\\/jblanz.de\\\/WP\\\/ankunft-in-tana-2\\\/#primaryimage\"},\"thumbnailUrl\":\"https:\\\/\\\/jblanz.de\\\/WP\\\/wp-content\\\/uploads\\\/2020\\\/12\\\/Mada2010_CF_0017.jpg\",\"datePublished\":\"2010-08-13T20:51:17+00:00\",\"dateModified\":\"2020-12-28T15:47:21+00:00\",\"breadcrumb\":{\"@id\":\"https:\\\/\\\/jblanz.de\\\/WP\\\/ankunft-in-tana-2\\\/#breadcrumb\"},\"inLanguage\":\"de\",\"potentialAction\":[{\"@type\":\"ReadAction\",\"target\":[\"https:\\\/\\\/jblanz.de\\\/WP\\\/ankunft-in-tana-2\\\/\"]}]},{\"@type\":\"ImageObject\",\"inLanguage\":\"de\",\"@id\":\"https:\\\/\\\/jblanz.de\\\/WP\\\/ankunft-in-tana-2\\\/#primaryimage\",\"url\":\"https:\\\/\\\/jblanz.de\\\/WP\\\/wp-content\\\/uploads\\\/2020\\\/12\\\/Mada2010_CF_0017.jpg\",\"contentUrl\":\"https:\\\/\\\/jblanz.de\\\/WP\\\/wp-content\\\/uploads\\\/2020\\\/12\\\/Mada2010_CF_0017.jpg\",\"width\":800,\"height\":450},{\"@type\":\"BreadcrumbList\",\"@id\":\"https:\\\/\\\/jblanz.de\\\/WP\\\/ankunft-in-tana-2\\\/#breadcrumb\",\"itemListElement\":[{\"@type\":\"ListItem\",\"position\":1,\"name\":\"Startseite\",\"item\":\"https:\\\/\\\/jblanz.de\\\/WP\\\/\"},{\"@type\":\"ListItem\",\"position\":2,\"name\":\"13. August 2010 &#8211; Ankunft in Tana\"}]},{\"@type\":\"WebSite\",\"@id\":\"https:\\\/\\\/jblanz.de\\\/WP\\\/#website\",\"url\":\"https:\\\/\\\/jblanz.de\\\/WP\\\/\",\"name\":\"Reiseblog von Karin & Joachim\",\"description\":\"Wir schreiben den Blog f\u00fcr uns als Erinnerung - f\u00fcr euch als Inspiration\",\"publisher\":{\"@id\":\"https:\\\/\\\/jblanz.de\\\/WP\\\/#\\\/schema\\\/person\\\/17a70f07162e42bc0b181c22397286e0\"},\"potentialAction\":[{\"@type\":\"SearchAction\",\"target\":{\"@type\":\"EntryPoint\",\"urlTemplate\":\"https:\\\/\\\/jblanz.de\\\/WP\\\/?s={search_term_string}\"},\"query-input\":{\"@type\":\"PropertyValueSpecification\",\"valueRequired\":true,\"valueName\":\"search_term_string\"}}],\"inLanguage\":\"de\"},{\"@type\":[\"Person\",\"Organization\"],\"@id\":\"https:\\\/\\\/jblanz.de\\\/WP\\\/#\\\/schema\\\/person\\\/17a70f07162e42bc0b181c22397286e0\",\"name\":\"Achim\",\"image\":{\"@type\":\"ImageObject\",\"inLanguage\":\"de\",\"@id\":\"https:\\\/\\\/secure.gravatar.com\\\/avatar\\\/b7ab31bc55956af4a9bebf7fd034761212b11b803b7e39464914d6abeefb12f3?s=96&d=mm&r=g\",\"url\":\"https:\\\/\\\/secure.gravatar.com\\\/avatar\\\/b7ab31bc55956af4a9bebf7fd034761212b11b803b7e39464914d6abeefb12f3?s=96&d=mm&r=g\",\"contentUrl\":\"https:\\\/\\\/secure.gravatar.com\\\/avatar\\\/b7ab31bc55956af4a9bebf7fd034761212b11b803b7e39464914d6abeefb12f3?s=96&d=mm&r=g\",\"caption\":\"Achim\"},\"logo\":{\"@id\":\"https:\\\/\\\/secure.gravatar.com\\\/avatar\\\/b7ab31bc55956af4a9bebf7fd034761212b11b803b7e39464914d6abeefb12f3?s=96&d=mm&r=g\"},\"url\":\"https:\\\/\\\/jblanz.de\\\/WP\\\/author\\\/achim\\\/\"}]}<\/script>\n<!-- \/ Yoast SEO plugin. -->","yoast_head_json":{"title":"13. August 2010 - Ankunft in Tana - Reiseblog von Karin &amp; Joachim","robots":{"index":"index","follow":"follow","max-snippet":"max-snippet:-1","max-image-preview":"max-image-preview:large","max-video-preview":"max-video-preview:-1"},"canonical":"https:\/\/jblanz.de\/WP\/ankunft-in-tana-2\/","og_locale":"de_DE","og_type":"article","og_title":"13. August 2010 - Ankunft in Tana - Reiseblog von Karin &amp; Joachim","og_description":"Fliegen \u2013 ja fliegen ist halt wie fliegen so ist. Irgendwann wird es langweilig. Aber alles ging gut und nix","og_url":"https:\/\/jblanz.de\/WP\/ankunft-in-tana-2\/","og_site_name":"Reiseblog von Karin &amp; Joachim","article_published_time":"2010-08-13T20:51:17+00:00","article_modified_time":"2020-12-28T15:47:21+00:00","og_image":[{"width":800,"height":450,"url":"https:\/\/jblanz.de\/WP\/wp-content\/uploads\/2020\/12\/Mada2010_CF_0017.jpg","type":"image\/jpeg"}],"author":"Achim","twitter_card":"summary_large_image","twitter_misc":{"Verfasst von":"Achim","Gesch\u00e4tzte Lesezeit":"2\u00a0Minuten"},"schema":{"@context":"https:\/\/schema.org","@graph":[{"@type":"Article","@id":"https:\/\/jblanz.de\/WP\/ankunft-in-tana-2\/#article","isPartOf":{"@id":"https:\/\/jblanz.de\/WP\/ankunft-in-tana-2\/"},"author":{"name":"Achim","@id":"https:\/\/jblanz.de\/WP\/#\/schema\/person\/17a70f07162e42bc0b181c22397286e0"},"headline":"13. August 2010 &#8211; Ankunft in Tana","datePublished":"2010-08-13T20:51:17+00:00","dateModified":"2020-12-28T15:47:21+00:00","mainEntityOfPage":{"@id":"https:\/\/jblanz.de\/WP\/ankunft-in-tana-2\/"},"wordCount":418,"commentCount":0,"publisher":{"@id":"https:\/\/jblanz.de\/WP\/#\/schema\/person\/17a70f07162e42bc0b181c22397286e0"},"image":{"@id":"https:\/\/jblanz.de\/WP\/ankunft-in-tana-2\/#primaryimage"},"thumbnailUrl":"https:\/\/jblanz.de\/WP\/wp-content\/uploads\/2020\/12\/Mada2010_CF_0017.jpg","articleSection":["2010","Madagaskar","Madagaskar 2010"],"inLanguage":"de","potentialAction":[{"@type":"CommentAction","name":"Comment","target":["https:\/\/jblanz.de\/WP\/ankunft-in-tana-2\/#respond"]}]},{"@type":"WebPage","@id":"https:\/\/jblanz.de\/WP\/ankunft-in-tana-2\/","url":"https:\/\/jblanz.de\/WP\/ankunft-in-tana-2\/","name":"13. August 2010 - Ankunft in Tana - Reiseblog von Karin &amp; Joachim","isPartOf":{"@id":"https:\/\/jblanz.de\/WP\/#website"},"primaryImageOfPage":{"@id":"https:\/\/jblanz.de\/WP\/ankunft-in-tana-2\/#primaryimage"},"image":{"@id":"https:\/\/jblanz.de\/WP\/ankunft-in-tana-2\/#primaryimage"},"thumbnailUrl":"https:\/\/jblanz.de\/WP\/wp-content\/uploads\/2020\/12\/Mada2010_CF_0017.jpg","datePublished":"2010-08-13T20:51:17+00:00","dateModified":"2020-12-28T15:47:21+00:00","breadcrumb":{"@id":"https:\/\/jblanz.de\/WP\/ankunft-in-tana-2\/#breadcrumb"},"inLanguage":"de","potentialAction":[{"@type":"ReadAction","target":["https:\/\/jblanz.de\/WP\/ankunft-in-tana-2\/"]}]},{"@type":"ImageObject","inLanguage":"de","@id":"https:\/\/jblanz.de\/WP\/ankunft-in-tana-2\/#primaryimage","url":"https:\/\/jblanz.de\/WP\/wp-content\/uploads\/2020\/12\/Mada2010_CF_0017.jpg","contentUrl":"https:\/\/jblanz.de\/WP\/wp-content\/uploads\/2020\/12\/Mada2010_CF_0017.jpg","width":800,"height":450},{"@type":"BreadcrumbList","@id":"https:\/\/jblanz.de\/WP\/ankunft-in-tana-2\/#breadcrumb","itemListElement":[{"@type":"ListItem","position":1,"name":"Startseite","item":"https:\/\/jblanz.de\/WP\/"},{"@type":"ListItem","position":2,"name":"13. August 2010 &#8211; Ankunft in Tana"}]},{"@type":"WebSite","@id":"https:\/\/jblanz.de\/WP\/#website","url":"https:\/\/jblanz.de\/WP\/","name":"Reiseblog von Karin & Joachim","description":"Wir schreiben den Blog f\u00fcr uns als Erinnerung - f\u00fcr euch als Inspiration","publisher":{"@id":"https:\/\/jblanz.de\/WP\/#\/schema\/person\/17a70f07162e42bc0b181c22397286e0"},"potentialAction":[{"@type":"SearchAction","target":{"@type":"EntryPoint","urlTemplate":"https:\/\/jblanz.de\/WP\/?s={search_term_string}"},"query-input":{"@type":"PropertyValueSpecification","valueRequired":true,"valueName":"search_term_string"}}],"inLanguage":"de"},{"@type":["Person","Organization"],"@id":"https:\/\/jblanz.de\/WP\/#\/schema\/person\/17a70f07162e42bc0b181c22397286e0","name":"Achim","image":{"@type":"ImageObject","inLanguage":"de","@id":"https:\/\/secure.gravatar.com\/avatar\/b7ab31bc55956af4a9bebf7fd034761212b11b803b7e39464914d6abeefb12f3?s=96&d=mm&r=g","url":"https:\/\/secure.gravatar.com\/avatar\/b7ab31bc55956af4a9bebf7fd034761212b11b803b7e39464914d6abeefb12f3?s=96&d=mm&r=g","contentUrl":"https:\/\/secure.gravatar.com\/avatar\/b7ab31bc55956af4a9bebf7fd034761212b11b803b7e39464914d6abeefb12f3?s=96&d=mm&r=g","caption":"Achim"},"logo":{"@id":"https:\/\/secure.gravatar.com\/avatar\/b7ab31bc55956af4a9bebf7fd034761212b11b803b7e39464914d6abeefb12f3?s=96&d=mm&r=g"},"url":"https:\/\/jblanz.de\/WP\/author\/achim\/"}]}},"_links":{"self":[{"href":"https:\/\/jblanz.de\/WP\/wp-json\/wp\/v2\/posts\/3386","targetHints":{"allow":["GET"]}}],"collection":[{"href":"https:\/\/jblanz.de\/WP\/wp-json\/wp\/v2\/posts"}],"about":[{"href":"https:\/\/jblanz.de\/WP\/wp-json\/wp\/v2\/types\/post"}],"author":[{"embeddable":true,"href":"https:\/\/jblanz.de\/WP\/wp-json\/wp\/v2\/users\/1"}],"replies":[{"embeddable":true,"href":"https:\/\/jblanz.de\/WP\/wp-json\/wp\/v2\/comments?post=3386"}],"version-history":[{"count":0,"href":"https:\/\/jblanz.de\/WP\/wp-json\/wp\/v2\/posts\/3386\/revisions"}],"wp:featuredmedia":[{"embeddable":true,"href":"https:\/\/jblanz.de\/WP\/wp-json\/wp\/v2\/media\/5442"}],"wp:attachment":[{"href":"https:\/\/jblanz.de\/WP\/wp-json\/wp\/v2\/media?parent=3386"}],"wp:term":[{"taxonomy":"category","embeddable":true,"href":"https:\/\/jblanz.de\/WP\/wp-json\/wp\/v2\/categories?post=3386"},{"taxonomy":"post_tag","embeddable":true,"href":"https:\/\/jblanz.de\/WP\/wp-json\/wp\/v2\/tags?post=3386"}],"curies":[{"name":"wp","href":"https:\/\/api.w.org\/{rel}","templated":true}]}}