{"id":3407,"date":"2010-08-23T20:18:00","date_gmt":"2010-08-23T18:18:00","guid":{"rendered":"http:\/\/jblanz.de\/WP\/?p=3407"},"modified":"2020-12-28T18:31:21","modified_gmt":"2020-12-28T17:31:21","slug":"letzter-tag-im-moder","status":"publish","type":"post","link":"https:\/\/jblanz.de\/WP\/letzter-tag-im-moder\/","title":{"rendered":"23. August 2010 &#8211; Letzter Tag im Moder"},"content":{"rendered":"\n<p>Letzter Tag im Moder! Zumindest hoffen wir das. Heute Morgen unternahmen wir die letzte 3 Stunden Tour und was sahen wir? Ein paar V\u00f6gelchen, einen Eisvogel, gro\u00dfe B\u00e4ume, viel Gr\u00fcn und Regen.\u00a0<\/p>\n\n\n\n<figure class=\"wp-block-image size-large\"><img loading=\"lazy\" decoding=\"async\" width=\"800\" height=\"450\" src=\"https:\/\/jblanz.de\/WP\/wp-content\/uploads\/2020\/12\/Mada2010_CF_0628.jpg\" alt=\"\" class=\"wp-image-5663\" srcset=\"https:\/\/jblanz.de\/WP\/wp-content\/uploads\/2020\/12\/Mada2010_CF_0628.jpg 800w, https:\/\/jblanz.de\/WP\/wp-content\/uploads\/2020\/12\/Mada2010_CF_0628-300x169.jpg 300w, https:\/\/jblanz.de\/WP\/wp-content\/uploads\/2020\/12\/Mada2010_CF_0628-768x432.jpg 768w\" sizes=\"auto, (max-width: 800px) 100vw, 800px\" \/><\/figure>\n\n\n\n<figure class=\"wp-block-image size-large\"><img loading=\"lazy\" decoding=\"async\" width=\"800\" height=\"450\" src=\"https:\/\/jblanz.de\/WP\/wp-content\/uploads\/2020\/12\/Mada2010_CF_0656.jpg\" alt=\"\" class=\"wp-image-5662\" srcset=\"https:\/\/jblanz.de\/WP\/wp-content\/uploads\/2020\/12\/Mada2010_CF_0656.jpg 800w, https:\/\/jblanz.de\/WP\/wp-content\/uploads\/2020\/12\/Mada2010_CF_0656-300x169.jpg 300w, https:\/\/jblanz.de\/WP\/wp-content\/uploads\/2020\/12\/Mada2010_CF_0656-768x432.jpg 768w\" sizes=\"auto, (max-width: 800px) 100vw, 800px\" \/><\/figure>\n\n\n\n<figure class=\"wp-block-image size-large\"><img loading=\"lazy\" decoding=\"async\" width=\"800\" height=\"450\" src=\"https:\/\/jblanz.de\/WP\/wp-content\/uploads\/2020\/12\/Mada2010_CF_0632.jpg\" alt=\"\" class=\"wp-image-5664\" srcset=\"https:\/\/jblanz.de\/WP\/wp-content\/uploads\/2020\/12\/Mada2010_CF_0632.jpg 800w, https:\/\/jblanz.de\/WP\/wp-content\/uploads\/2020\/12\/Mada2010_CF_0632-300x169.jpg 300w, https:\/\/jblanz.de\/WP\/wp-content\/uploads\/2020\/12\/Mada2010_CF_0632-768x432.jpg 768w\" sizes=\"auto, (max-width: 800px) 100vw, 800px\" \/><\/figure>\n\n\n\n<p>Heute Nachmittag l\u00e4sst sich nochmals ein Wal direkt am Strand sehen, er drehte dann aber schnell ab, ein Kajakfahrer war wohl im Weg.\u00a0<\/p>\n\n\n\n<figure class=\"wp-block-image size-large\"><img loading=\"lazy\" decoding=\"async\" width=\"800\" height=\"450\" src=\"https:\/\/jblanz.de\/WP\/wp-content\/uploads\/2020\/12\/Mada2010_CF_0668.jpg\" alt=\"\" class=\"wp-image-5674\" srcset=\"https:\/\/jblanz.de\/WP\/wp-content\/uploads\/2020\/12\/Mada2010_CF_0668.jpg 800w, https:\/\/jblanz.de\/WP\/wp-content\/uploads\/2020\/12\/Mada2010_CF_0668-300x169.jpg 300w, https:\/\/jblanz.de\/WP\/wp-content\/uploads\/2020\/12\/Mada2010_CF_0668-768x432.jpg 768w\" sizes=\"auto, (max-width: 800px) 100vw, 800px\" \/><\/figure>\n\n\n\n<p>Bevor das Mittagessen kam kletterte eine freche kleine Eidechse auf dem Tisch herum und schleckte sogar den Teller aus.\u00a0<\/p>\n\n\n\n<figure class=\"wp-block-image size-large\"><img loading=\"lazy\" decoding=\"async\" width=\"800\" height=\"450\" src=\"https:\/\/jblanz.de\/WP\/wp-content\/uploads\/2020\/12\/Mada2010_CF_0662.jpg\" alt=\"\" class=\"wp-image-5667\" srcset=\"https:\/\/jblanz.de\/WP\/wp-content\/uploads\/2020\/12\/Mada2010_CF_0662.jpg 800w, https:\/\/jblanz.de\/WP\/wp-content\/uploads\/2020\/12\/Mada2010_CF_0662-300x169.jpg 300w, https:\/\/jblanz.de\/WP\/wp-content\/uploads\/2020\/12\/Mada2010_CF_0662-768x432.jpg 768w\" sizes=\"auto, (max-width: 800px) 100vw, 800px\" \/><\/figure>\n\n\n\n<p>Nach dem Mittagessen durften wir noch zuschauen, wie man frische geerntete Vanille kocht, bekamen Informationen, wie sie weiter verarbeitet werden muss und kauften zwei Bund rohe Vanille, Zimtpulver und Pfeffer. Nach dem Kochen der Vanille muss sie dunkel gelagert werden, damit das Vanillin nicht zur Vanillins\u00e4ure weiter oxidiert, die keinen Vanillegeschmack hat.<\/p>\n\n\n\n<figure class=\"wp-block-image size-large\"><img loading=\"lazy\" decoding=\"async\" width=\"800\" height=\"450\" src=\"https:\/\/jblanz.de\/WP\/wp-content\/uploads\/2010\/08\/Mada2010_CF_0666.jpg\" alt=\"\" class=\"wp-image-5668\" srcset=\"https:\/\/jblanz.de\/WP\/wp-content\/uploads\/2010\/08\/Mada2010_CF_0666.jpg 800w, https:\/\/jblanz.de\/WP\/wp-content\/uploads\/2010\/08\/Mada2010_CF_0666-300x169.jpg 300w, https:\/\/jblanz.de\/WP\/wp-content\/uploads\/2010\/08\/Mada2010_CF_0666-768x432.jpg 768w\" sizes=\"auto, (max-width: 800px) 100vw, 800px\" \/><\/figure>\n\n\n\n<figure class=\"wp-block-image size-large\"><img loading=\"lazy\" decoding=\"async\" width=\"800\" height=\"450\" src=\"https:\/\/jblanz.de\/WP\/wp-content\/uploads\/2020\/12\/Mada2010_SD_086.jpg\" alt=\"\" class=\"wp-image-5669\" srcset=\"https:\/\/jblanz.de\/WP\/wp-content\/uploads\/2020\/12\/Mada2010_SD_086.jpg 800w, https:\/\/jblanz.de\/WP\/wp-content\/uploads\/2020\/12\/Mada2010_SD_086-300x169.jpg 300w, https:\/\/jblanz.de\/WP\/wp-content\/uploads\/2020\/12\/Mada2010_SD_086-768x432.jpg 768w\" sizes=\"auto, (max-width: 800px) 100vw, 800px\" \/><\/figure>\n\n\n\n<figure class=\"wp-block-image size-large\"><img loading=\"lazy\" decoding=\"async\" width=\"800\" height=\"450\" src=\"https:\/\/jblanz.de\/WP\/wp-content\/uploads\/2020\/12\/Mada2010_SD_087.jpg\" alt=\"\" class=\"wp-image-5670\" srcset=\"https:\/\/jblanz.de\/WP\/wp-content\/uploads\/2020\/12\/Mada2010_SD_087.jpg 800w, https:\/\/jblanz.de\/WP\/wp-content\/uploads\/2020\/12\/Mada2010_SD_087-300x169.jpg 300w, https:\/\/jblanz.de\/WP\/wp-content\/uploads\/2020\/12\/Mada2010_SD_087-768x432.jpg 768w\" sizes=\"auto, (max-width: 800px) 100vw, 800px\" \/><\/figure>\n\n\n\n<figure class=\"wp-block-image size-large\"><img loading=\"lazy\" decoding=\"async\" width=\"800\" height=\"450\" src=\"https:\/\/jblanz.de\/WP\/wp-content\/uploads\/2020\/12\/Mada2010_SD_090.jpg\" alt=\"\" class=\"wp-image-5671\" srcset=\"https:\/\/jblanz.de\/WP\/wp-content\/uploads\/2020\/12\/Mada2010_SD_090.jpg 800w, https:\/\/jblanz.de\/WP\/wp-content\/uploads\/2020\/12\/Mada2010_SD_090-300x169.jpg 300w, https:\/\/jblanz.de\/WP\/wp-content\/uploads\/2020\/12\/Mada2010_SD_090-768x432.jpg 768w\" sizes=\"auto, (max-width: 800px) 100vw, 800px\" \/><\/figure>\n\n\n\n<figure class=\"wp-block-image size-large\"><img loading=\"lazy\" decoding=\"async\" width=\"800\" height=\"450\" src=\"https:\/\/jblanz.de\/WP\/wp-content\/uploads\/2020\/12\/Mada2010_SD_091.jpg\" alt=\"\" class=\"wp-image-5672\" srcset=\"https:\/\/jblanz.de\/WP\/wp-content\/uploads\/2020\/12\/Mada2010_SD_091.jpg 800w, https:\/\/jblanz.de\/WP\/wp-content\/uploads\/2020\/12\/Mada2010_SD_091-300x169.jpg 300w, https:\/\/jblanz.de\/WP\/wp-content\/uploads\/2020\/12\/Mada2010_SD_091-768x432.jpg 768w\" sizes=\"auto, (max-width: 800px) 100vw, 800px\" \/><\/figure>\n\n\n\n<figure class=\"wp-block-image size-large\"><img loading=\"lazy\" decoding=\"async\" width=\"800\" height=\"450\" src=\"https:\/\/jblanz.de\/WP\/wp-content\/uploads\/2020\/12\/Mada2010_SD_092.jpg\" alt=\"\" class=\"wp-image-5673\" srcset=\"https:\/\/jblanz.de\/WP\/wp-content\/uploads\/2020\/12\/Mada2010_SD_092.jpg 800w, https:\/\/jblanz.de\/WP\/wp-content\/uploads\/2020\/12\/Mada2010_SD_092-300x169.jpg 300w, https:\/\/jblanz.de\/WP\/wp-content\/uploads\/2020\/12\/Mada2010_SD_092-768x432.jpg 768w\" sizes=\"auto, (max-width: 800px) 100vw, 800px\" \/><\/figure>\n\n\n\n<p>Jetzt warten wir aufs Abendessen und sind beide froh, morgen dem Moder zu entkommen, in hoffentlich w\u00e4rmere Gefilde! Und wir haben jetzt auch wirklich genug vom Regen und m\u00f6chten gerne was Interessanteres sehen. Im Nachhinein betrachtet h\u00e4tten uns zwei Tage weniger hier auch gereicht.<\/p>\n\n\n\n<figure class=\"wp-block-image size-large\"><img loading=\"lazy\" decoding=\"async\" width=\"800\" height=\"450\" src=\"https:\/\/jblanz.de\/WP\/wp-content\/uploads\/2020\/12\/Mada2010_CF_0677.jpg\" alt=\"\" class=\"wp-image-5676\" srcset=\"https:\/\/jblanz.de\/WP\/wp-content\/uploads\/2020\/12\/Mada2010_CF_0677.jpg 800w, https:\/\/jblanz.de\/WP\/wp-content\/uploads\/2020\/12\/Mada2010_CF_0677-300x169.jpg 300w, https:\/\/jblanz.de\/WP\/wp-content\/uploads\/2020\/12\/Mada2010_CF_0677-768x432.jpg 768w\" sizes=\"auto, (max-width: 800px) 100vw, 800px\" \/><\/figure>\n","protected":false},"excerpt":{"rendered":"<p>Letzter Tag im Moder! Zumindest hoffen wir das. Heute Morgen unternahmen wir die letzte 3 Stunden Tour und was sahen<\/p>\n","protected":false},"author":1,"featured_media":5665,"comment_status":"open","ping_status":"open","sticky":false,"template":"","format":"standard","meta":{"colormag_page_container_layout":"default_layout","colormag_page_sidebar_layout":"default_layout","_monsterinsights_skip_tracking":false,"_monsterinsights_sitenote_active":false,"_monsterinsights_sitenote_note":"","_monsterinsights_sitenote_category":0,"footnotes":""},"categories":[210,20,23],"tags":[],"class_list":["post-3407","post","type-post","status-publish","format-standard","has-post-thumbnail","hentry","category-210","category-madagaskar","category-madagaskar2010"],"yoast_head":"<!-- This site is optimized with the Yoast SEO plugin v27.4 - https:\/\/yoast.com\/product\/yoast-seo-wordpress\/ -->\n<title>23. August 2010 - Letzter Tag im Moder - Reiseblog von Karin &amp; Joachim<\/title>\n<meta name=\"robots\" content=\"index, follow, max-snippet:-1, max-image-preview:large, max-video-preview:-1\" \/>\n<link rel=\"canonical\" href=\"https:\/\/jblanz.de\/WP\/letzter-tag-im-moder\/\" \/>\n<meta property=\"og:locale\" content=\"de_DE\" \/>\n<meta property=\"og:type\" content=\"article\" \/>\n<meta property=\"og:title\" content=\"23. August 2010 - Letzter Tag im Moder - Reiseblog von Karin &amp; Joachim\" \/>\n<meta property=\"og:description\" content=\"Letzter Tag im Moder! Zumindest hoffen wir das. Heute Morgen unternahmen wir die letzte 3 Stunden Tour und was sahen\" \/>\n<meta property=\"og:url\" content=\"https:\/\/jblanz.de\/WP\/letzter-tag-im-moder\/\" \/>\n<meta property=\"og:site_name\" content=\"Reiseblog von Karin &amp; Joachim\" \/>\n<meta property=\"article:published_time\" content=\"2010-08-23T18:18:00+00:00\" \/>\n<meta property=\"article:modified_time\" content=\"2020-12-28T17:31:21+00:00\" \/>\n<meta property=\"og:image\" content=\"https:\/\/jblanz.de\/WP\/wp-content\/uploads\/2010\/08\/Mada2010_CF_0658.jpg\" \/>\n\t<meta property=\"og:image:width\" content=\"800\" \/>\n\t<meta property=\"og:image:height\" content=\"450\" \/>\n\t<meta property=\"og:image:type\" content=\"image\/jpeg\" \/>\n<meta name=\"author\" content=\"Achim\" \/>\n<meta name=\"twitter:card\" content=\"summary_large_image\" \/>\n<meta name=\"twitter:label1\" content=\"Verfasst von\" \/>\n\t<meta name=\"twitter:data1\" content=\"Achim\" \/>\n\t<meta name=\"twitter:label2\" content=\"Gesch\u00e4tzte Lesezeit\" \/>\n\t<meta name=\"twitter:data2\" content=\"1\u00a0Minute\" \/>\n<script type=\"application\/ld+json\" class=\"yoast-schema-graph\">{\"@context\":\"https:\\\/\\\/schema.org\",\"@graph\":[{\"@type\":\"Article\",\"@id\":\"https:\\\/\\\/jblanz.de\\\/WP\\\/letzter-tag-im-moder\\\/#article\",\"isPartOf\":{\"@id\":\"https:\\\/\\\/jblanz.de\\\/WP\\\/letzter-tag-im-moder\\\/\"},\"author\":{\"name\":\"Achim\",\"@id\":\"https:\\\/\\\/jblanz.de\\\/WP\\\/#\\\/schema\\\/person\\\/17a70f07162e42bc0b181c22397286e0\"},\"headline\":\"23. August 2010 &#8211; Letzter Tag im Moder\",\"datePublished\":\"2010-08-23T18:18:00+00:00\",\"dateModified\":\"2020-12-28T17:31:21+00:00\",\"mainEntityOfPage\":{\"@id\":\"https:\\\/\\\/jblanz.de\\\/WP\\\/letzter-tag-im-moder\\\/\"},\"wordCount\":184,\"commentCount\":0,\"publisher\":{\"@id\":\"https:\\\/\\\/jblanz.de\\\/WP\\\/#\\\/schema\\\/person\\\/17a70f07162e42bc0b181c22397286e0\"},\"image\":{\"@id\":\"https:\\\/\\\/jblanz.de\\\/WP\\\/letzter-tag-im-moder\\\/#primaryimage\"},\"thumbnailUrl\":\"https:\\\/\\\/jblanz.de\\\/WP\\\/wp-content\\\/uploads\\\/2010\\\/08\\\/Mada2010_CF_0658.jpg\",\"articleSection\":[\"2010\",\"Madagaskar\",\"Madagaskar 2010\"],\"inLanguage\":\"de\",\"potentialAction\":[{\"@type\":\"CommentAction\",\"name\":\"Comment\",\"target\":[\"https:\\\/\\\/jblanz.de\\\/WP\\\/letzter-tag-im-moder\\\/#respond\"]}]},{\"@type\":\"WebPage\",\"@id\":\"https:\\\/\\\/jblanz.de\\\/WP\\\/letzter-tag-im-moder\\\/\",\"url\":\"https:\\\/\\\/jblanz.de\\\/WP\\\/letzter-tag-im-moder\\\/\",\"name\":\"23. August 2010 - Letzter Tag im Moder - Reiseblog von Karin &amp; Joachim\",\"isPartOf\":{\"@id\":\"https:\\\/\\\/jblanz.de\\\/WP\\\/#website\"},\"primaryImageOfPage\":{\"@id\":\"https:\\\/\\\/jblanz.de\\\/WP\\\/letzter-tag-im-moder\\\/#primaryimage\"},\"image\":{\"@id\":\"https:\\\/\\\/jblanz.de\\\/WP\\\/letzter-tag-im-moder\\\/#primaryimage\"},\"thumbnailUrl\":\"https:\\\/\\\/jblanz.de\\\/WP\\\/wp-content\\\/uploads\\\/2010\\\/08\\\/Mada2010_CF_0658.jpg\",\"datePublished\":\"2010-08-23T18:18:00+00:00\",\"dateModified\":\"2020-12-28T17:31:21+00:00\",\"breadcrumb\":{\"@id\":\"https:\\\/\\\/jblanz.de\\\/WP\\\/letzter-tag-im-moder\\\/#breadcrumb\"},\"inLanguage\":\"de\",\"potentialAction\":[{\"@type\":\"ReadAction\",\"target\":[\"https:\\\/\\\/jblanz.de\\\/WP\\\/letzter-tag-im-moder\\\/\"]}]},{\"@type\":\"ImageObject\",\"inLanguage\":\"de\",\"@id\":\"https:\\\/\\\/jblanz.de\\\/WP\\\/letzter-tag-im-moder\\\/#primaryimage\",\"url\":\"https:\\\/\\\/jblanz.de\\\/WP\\\/wp-content\\\/uploads\\\/2010\\\/08\\\/Mada2010_CF_0658.jpg\",\"contentUrl\":\"https:\\\/\\\/jblanz.de\\\/WP\\\/wp-content\\\/uploads\\\/2010\\\/08\\\/Mada2010_CF_0658.jpg\",\"width\":800,\"height\":450},{\"@type\":\"BreadcrumbList\",\"@id\":\"https:\\\/\\\/jblanz.de\\\/WP\\\/letzter-tag-im-moder\\\/#breadcrumb\",\"itemListElement\":[{\"@type\":\"ListItem\",\"position\":1,\"name\":\"Startseite\",\"item\":\"https:\\\/\\\/jblanz.de\\\/WP\\\/\"},{\"@type\":\"ListItem\",\"position\":2,\"name\":\"23. August 2010 &#8211; Letzter Tag im Moder\"}]},{\"@type\":\"WebSite\",\"@id\":\"https:\\\/\\\/jblanz.de\\\/WP\\\/#website\",\"url\":\"https:\\\/\\\/jblanz.de\\\/WP\\\/\",\"name\":\"Reiseblog von Karin & Joachim\",\"description\":\"Wir schreiben den Blog f\u00fcr uns als Erinnerung - f\u00fcr euch als Inspiration\",\"publisher\":{\"@id\":\"https:\\\/\\\/jblanz.de\\\/WP\\\/#\\\/schema\\\/person\\\/17a70f07162e42bc0b181c22397286e0\"},\"potentialAction\":[{\"@type\":\"SearchAction\",\"target\":{\"@type\":\"EntryPoint\",\"urlTemplate\":\"https:\\\/\\\/jblanz.de\\\/WP\\\/?s={search_term_string}\"},\"query-input\":{\"@type\":\"PropertyValueSpecification\",\"valueRequired\":true,\"valueName\":\"search_term_string\"}}],\"inLanguage\":\"de\"},{\"@type\":[\"Person\",\"Organization\"],\"@id\":\"https:\\\/\\\/jblanz.de\\\/WP\\\/#\\\/schema\\\/person\\\/17a70f07162e42bc0b181c22397286e0\",\"name\":\"Achim\",\"image\":{\"@type\":\"ImageObject\",\"inLanguage\":\"de\",\"@id\":\"https:\\\/\\\/secure.gravatar.com\\\/avatar\\\/b7ab31bc55956af4a9bebf7fd034761212b11b803b7e39464914d6abeefb12f3?s=96&d=mm&r=g\",\"url\":\"https:\\\/\\\/secure.gravatar.com\\\/avatar\\\/b7ab31bc55956af4a9bebf7fd034761212b11b803b7e39464914d6abeefb12f3?s=96&d=mm&r=g\",\"contentUrl\":\"https:\\\/\\\/secure.gravatar.com\\\/avatar\\\/b7ab31bc55956af4a9bebf7fd034761212b11b803b7e39464914d6abeefb12f3?s=96&d=mm&r=g\",\"caption\":\"Achim\"},\"logo\":{\"@id\":\"https:\\\/\\\/secure.gravatar.com\\\/avatar\\\/b7ab31bc55956af4a9bebf7fd034761212b11b803b7e39464914d6abeefb12f3?s=96&d=mm&r=g\"},\"url\":\"https:\\\/\\\/jblanz.de\\\/WP\\\/author\\\/achim\\\/\"}]}<\/script>\n<!-- \/ Yoast SEO plugin. -->","yoast_head_json":{"title":"23. August 2010 - Letzter Tag im Moder - Reiseblog von Karin &amp; Joachim","robots":{"index":"index","follow":"follow","max-snippet":"max-snippet:-1","max-image-preview":"max-image-preview:large","max-video-preview":"max-video-preview:-1"},"canonical":"https:\/\/jblanz.de\/WP\/letzter-tag-im-moder\/","og_locale":"de_DE","og_type":"article","og_title":"23. August 2010 - Letzter Tag im Moder - Reiseblog von Karin &amp; Joachim","og_description":"Letzter Tag im Moder! Zumindest hoffen wir das. Heute Morgen unternahmen wir die letzte 3 Stunden Tour und was sahen","og_url":"https:\/\/jblanz.de\/WP\/letzter-tag-im-moder\/","og_site_name":"Reiseblog von Karin &amp; Joachim","article_published_time":"2010-08-23T18:18:00+00:00","article_modified_time":"2020-12-28T17:31:21+00:00","og_image":[{"width":800,"height":450,"url":"https:\/\/jblanz.de\/WP\/wp-content\/uploads\/2010\/08\/Mada2010_CF_0658.jpg","type":"image\/jpeg"}],"author":"Achim","twitter_card":"summary_large_image","twitter_misc":{"Verfasst von":"Achim","Gesch\u00e4tzte Lesezeit":"1\u00a0Minute"},"schema":{"@context":"https:\/\/schema.org","@graph":[{"@type":"Article","@id":"https:\/\/jblanz.de\/WP\/letzter-tag-im-moder\/#article","isPartOf":{"@id":"https:\/\/jblanz.de\/WP\/letzter-tag-im-moder\/"},"author":{"name":"Achim","@id":"https:\/\/jblanz.de\/WP\/#\/schema\/person\/17a70f07162e42bc0b181c22397286e0"},"headline":"23. August 2010 &#8211; Letzter Tag im Moder","datePublished":"2010-08-23T18:18:00+00:00","dateModified":"2020-12-28T17:31:21+00:00","mainEntityOfPage":{"@id":"https:\/\/jblanz.de\/WP\/letzter-tag-im-moder\/"},"wordCount":184,"commentCount":0,"publisher":{"@id":"https:\/\/jblanz.de\/WP\/#\/schema\/person\/17a70f07162e42bc0b181c22397286e0"},"image":{"@id":"https:\/\/jblanz.de\/WP\/letzter-tag-im-moder\/#primaryimage"},"thumbnailUrl":"https:\/\/jblanz.de\/WP\/wp-content\/uploads\/2010\/08\/Mada2010_CF_0658.jpg","articleSection":["2010","Madagaskar","Madagaskar 2010"],"inLanguage":"de","potentialAction":[{"@type":"CommentAction","name":"Comment","target":["https:\/\/jblanz.de\/WP\/letzter-tag-im-moder\/#respond"]}]},{"@type":"WebPage","@id":"https:\/\/jblanz.de\/WP\/letzter-tag-im-moder\/","url":"https:\/\/jblanz.de\/WP\/letzter-tag-im-moder\/","name":"23. August 2010 - Letzter Tag im Moder - Reiseblog von Karin &amp; Joachim","isPartOf":{"@id":"https:\/\/jblanz.de\/WP\/#website"},"primaryImageOfPage":{"@id":"https:\/\/jblanz.de\/WP\/letzter-tag-im-moder\/#primaryimage"},"image":{"@id":"https:\/\/jblanz.de\/WP\/letzter-tag-im-moder\/#primaryimage"},"thumbnailUrl":"https:\/\/jblanz.de\/WP\/wp-content\/uploads\/2010\/08\/Mada2010_CF_0658.jpg","datePublished":"2010-08-23T18:18:00+00:00","dateModified":"2020-12-28T17:31:21+00:00","breadcrumb":{"@id":"https:\/\/jblanz.de\/WP\/letzter-tag-im-moder\/#breadcrumb"},"inLanguage":"de","potentialAction":[{"@type":"ReadAction","target":["https:\/\/jblanz.de\/WP\/letzter-tag-im-moder\/"]}]},{"@type":"ImageObject","inLanguage":"de","@id":"https:\/\/jblanz.de\/WP\/letzter-tag-im-moder\/#primaryimage","url":"https:\/\/jblanz.de\/WP\/wp-content\/uploads\/2010\/08\/Mada2010_CF_0658.jpg","contentUrl":"https:\/\/jblanz.de\/WP\/wp-content\/uploads\/2010\/08\/Mada2010_CF_0658.jpg","width":800,"height":450},{"@type":"BreadcrumbList","@id":"https:\/\/jblanz.de\/WP\/letzter-tag-im-moder\/#breadcrumb","itemListElement":[{"@type":"ListItem","position":1,"name":"Startseite","item":"https:\/\/jblanz.de\/WP\/"},{"@type":"ListItem","position":2,"name":"23. August 2010 &#8211; Letzter Tag im Moder"}]},{"@type":"WebSite","@id":"https:\/\/jblanz.de\/WP\/#website","url":"https:\/\/jblanz.de\/WP\/","name":"Reiseblog von Karin & Joachim","description":"Wir schreiben den Blog f\u00fcr uns als Erinnerung - f\u00fcr euch als Inspiration","publisher":{"@id":"https:\/\/jblanz.de\/WP\/#\/schema\/person\/17a70f07162e42bc0b181c22397286e0"},"potentialAction":[{"@type":"SearchAction","target":{"@type":"EntryPoint","urlTemplate":"https:\/\/jblanz.de\/WP\/?s={search_term_string}"},"query-input":{"@type":"PropertyValueSpecification","valueRequired":true,"valueName":"search_term_string"}}],"inLanguage":"de"},{"@type":["Person","Organization"],"@id":"https:\/\/jblanz.de\/WP\/#\/schema\/person\/17a70f07162e42bc0b181c22397286e0","name":"Achim","image":{"@type":"ImageObject","inLanguage":"de","@id":"https:\/\/secure.gravatar.com\/avatar\/b7ab31bc55956af4a9bebf7fd034761212b11b803b7e39464914d6abeefb12f3?s=96&d=mm&r=g","url":"https:\/\/secure.gravatar.com\/avatar\/b7ab31bc55956af4a9bebf7fd034761212b11b803b7e39464914d6abeefb12f3?s=96&d=mm&r=g","contentUrl":"https:\/\/secure.gravatar.com\/avatar\/b7ab31bc55956af4a9bebf7fd034761212b11b803b7e39464914d6abeefb12f3?s=96&d=mm&r=g","caption":"Achim"},"logo":{"@id":"https:\/\/secure.gravatar.com\/avatar\/b7ab31bc55956af4a9bebf7fd034761212b11b803b7e39464914d6abeefb12f3?s=96&d=mm&r=g"},"url":"https:\/\/jblanz.de\/WP\/author\/achim\/"}]}},"_links":{"self":[{"href":"https:\/\/jblanz.de\/WP\/wp-json\/wp\/v2\/posts\/3407","targetHints":{"allow":["GET"]}}],"collection":[{"href":"https:\/\/jblanz.de\/WP\/wp-json\/wp\/v2\/posts"}],"about":[{"href":"https:\/\/jblanz.de\/WP\/wp-json\/wp\/v2\/types\/post"}],"author":[{"embeddable":true,"href":"https:\/\/jblanz.de\/WP\/wp-json\/wp\/v2\/users\/1"}],"replies":[{"embeddable":true,"href":"https:\/\/jblanz.de\/WP\/wp-json\/wp\/v2\/comments?post=3407"}],"version-history":[{"count":0,"href":"https:\/\/jblanz.de\/WP\/wp-json\/wp\/v2\/posts\/3407\/revisions"}],"wp:featuredmedia":[{"embeddable":true,"href":"https:\/\/jblanz.de\/WP\/wp-json\/wp\/v2\/media\/5665"}],"wp:attachment":[{"href":"https:\/\/jblanz.de\/WP\/wp-json\/wp\/v2\/media?parent=3407"}],"wp:term":[{"taxonomy":"category","embeddable":true,"href":"https:\/\/jblanz.de\/WP\/wp-json\/wp\/v2\/categories?post=3407"},{"taxonomy":"post_tag","embeddable":true,"href":"https:\/\/jblanz.de\/WP\/wp-json\/wp\/v2\/tags?post=3407"}],"curies":[{"name":"wp","href":"https:\/\/api.w.org\/{rel}","templated":true}]}}