{"id":3409,"date":"2010-08-24T20:20:00","date_gmt":"2010-08-24T18:20:00","guid":{"rendered":"http:\/\/jblanz.de\/WP\/?p=3409"},"modified":"2021-01-17T11:47:21","modified_gmt":"2021-01-17T10:47:21","slug":"abreise-nach-nosy-be","status":"publish","type":"post","link":"https:\/\/jblanz.de\/WP\/abreise-nach-nosy-be\/","title":{"rendered":"24. August 2010 &#8211; Abreise nach Nosy B\u00e9"},"content":{"rendered":"\n<p>So, letzte Nacht in der Muffbude. Schlecht geschlafen, oft aufgewacht, viele Traumfetzen. 5:45 Uhr rattert der Wecker, g\u00e4\u00e4hhn! Fr\u00fchst\u00fcck, Abschied von allen, Jean Emile kommt noch bis zum Boot mit und jetzt: Regenhose an und Regencape raus. Aber diesmal h\u00e4tten wir es gar nicht gebraucht, es hatte zwar Wellen aber es regnet nicht, nach eineinhalb Stunden waren wir da, das Taxi wartet schon. Rein mit dem Gep\u00e4ck, die &#8222;Zivilisation&#8220; hat uns wieder, zum Flugplatz, warten.&nbsp;<\/p>\n\n\n\n<figure class=\"wp-block-image size-large\"><img loading=\"lazy\" decoding=\"async\" width=\"800\" height=\"450\" src=\"https:\/\/jblanz.de\/WP\/wp-content\/uploads\/2020\/12\/Mada2010_CF_0668-1.jpg\" alt=\"\" class=\"wp-image-5687\" srcset=\"https:\/\/jblanz.de\/WP\/wp-content\/uploads\/2020\/12\/Mada2010_CF_0668-1.jpg 800w, https:\/\/jblanz.de\/WP\/wp-content\/uploads\/2020\/12\/Mada2010_CF_0668-1-300x169.jpg 300w, https:\/\/jblanz.de\/WP\/wp-content\/uploads\/2020\/12\/Mada2010_CF_0668-1-768x432.jpg 768w\" sizes=\"auto, (max-width: 800px) 100vw, 800px\" \/><\/figure>\n\n\n\n<figure class=\"wp-block-image size-large\"><img loading=\"lazy\" decoding=\"async\" width=\"800\" height=\"450\" src=\"https:\/\/jblanz.de\/WP\/wp-content\/uploads\/2020\/12\/Mada2010_CF_0695.jpg\" alt=\"\" class=\"wp-image-5689\" srcset=\"https:\/\/jblanz.de\/WP\/wp-content\/uploads\/2020\/12\/Mada2010_CF_0695.jpg 800w, https:\/\/jblanz.de\/WP\/wp-content\/uploads\/2020\/12\/Mada2010_CF_0695-300x169.jpg 300w, https:\/\/jblanz.de\/WP\/wp-content\/uploads\/2020\/12\/Mada2010_CF_0695-768x432.jpg 768w\" sizes=\"auto, (max-width: 800px) 100vw, 800px\" \/><\/figure>\n\n\n\n<figure class=\"wp-block-image size-large\"><img loading=\"lazy\" decoding=\"async\" width=\"800\" height=\"450\" src=\"https:\/\/jblanz.de\/WP\/wp-content\/uploads\/2020\/12\/Mada2010_CF_0700.jpg\" alt=\"\" class=\"wp-image-5688\" srcset=\"https:\/\/jblanz.de\/WP\/wp-content\/uploads\/2020\/12\/Mada2010_CF_0700.jpg 800w, https:\/\/jblanz.de\/WP\/wp-content\/uploads\/2020\/12\/Mada2010_CF_0700-300x169.jpg 300w, https:\/\/jblanz.de\/WP\/wp-content\/uploads\/2020\/12\/Mada2010_CF_0700-768x432.jpg 768w\" sizes=\"auto, (max-width: 800px) 100vw, 800px\" \/><\/figure>\n\n\n\n<figure class=\"wp-block-image size-large\"><img loading=\"lazy\" decoding=\"async\" width=\"800\" height=\"450\" src=\"https:\/\/jblanz.de\/WP\/wp-content\/uploads\/2020\/12\/Mada2010_CF_0711.jpg\" alt=\"\" class=\"wp-image-5685\" srcset=\"https:\/\/jblanz.de\/WP\/wp-content\/uploads\/2020\/12\/Mada2010_CF_0711.jpg 800w, https:\/\/jblanz.de\/WP\/wp-content\/uploads\/2020\/12\/Mada2010_CF_0711-300x169.jpg 300w, https:\/\/jblanz.de\/WP\/wp-content\/uploads\/2020\/12\/Mada2010_CF_0711-768x432.jpg 768w\" sizes=\"auto, (max-width: 800px) 100vw, 800px\" \/><\/figure>\n\n\n\n<figure class=\"wp-block-image size-large\"><img loading=\"lazy\" decoding=\"async\" width=\"800\" height=\"450\" src=\"https:\/\/jblanz.de\/WP\/wp-content\/uploads\/2020\/12\/Mada2010_CF_0713.jpg\" alt=\"\" class=\"wp-image-5686\" srcset=\"https:\/\/jblanz.de\/WP\/wp-content\/uploads\/2020\/12\/Mada2010_CF_0713.jpg 800w, https:\/\/jblanz.de\/WP\/wp-content\/uploads\/2020\/12\/Mada2010_CF_0713-300x169.jpg 300w, https:\/\/jblanz.de\/WP\/wp-content\/uploads\/2020\/12\/Mada2010_CF_0713-768x432.jpg 768w\" sizes=\"auto, (max-width: 800px) 100vw, 800px\" \/><\/figure>\n\n\n\n<figure class=\"wp-block-image size-large\"><img loading=\"lazy\" decoding=\"async\" width=\"800\" height=\"450\" src=\"https:\/\/jblanz.de\/WP\/wp-content\/uploads\/2020\/12\/Mada2010_CF_0719.jpg\" alt=\"\" class=\"wp-image-5690\" srcset=\"https:\/\/jblanz.de\/WP\/wp-content\/uploads\/2020\/12\/Mada2010_CF_0719.jpg 800w, https:\/\/jblanz.de\/WP\/wp-content\/uploads\/2020\/12\/Mada2010_CF_0719-300x169.jpg 300w, https:\/\/jblanz.de\/WP\/wp-content\/uploads\/2020\/12\/Mada2010_CF_0719-768x432.jpg 768w\" sizes=\"auto, (max-width: 800px) 100vw, 800px\" \/><\/figure>\n\n\n\n<p>Rings um den Flughafen geht das Leben seinen Gang, Kinder spielen vor dem Haus, Menschen laufen vorbei. Das Flugzeug aus Tana landet und dann geht\u2019s endlich los.&nbsp;<\/p>\n\n\n\n<figure class=\"wp-block-image size-large\"><img loading=\"lazy\" decoding=\"async\" width=\"800\" height=\"450\" src=\"https:\/\/jblanz.de\/WP\/wp-content\/uploads\/2020\/12\/Mada2010_CF_0936.jpg\" alt=\"\" class=\"wp-image-5692\" srcset=\"https:\/\/jblanz.de\/WP\/wp-content\/uploads\/2020\/12\/Mada2010_CF_0936.jpg 800w, https:\/\/jblanz.de\/WP\/wp-content\/uploads\/2020\/12\/Mada2010_CF_0936-300x169.jpg 300w, https:\/\/jblanz.de\/WP\/wp-content\/uploads\/2020\/12\/Mada2010_CF_0936-768x432.jpg 768w\" sizes=\"auto, (max-width: 800px) 100vw, 800px\" \/><\/figure>\n\n\n\n<figure class=\"wp-block-image size-large\"><img loading=\"lazy\" decoding=\"async\" width=\"800\" height=\"450\" src=\"https:\/\/jblanz.de\/WP\/wp-content\/uploads\/2020\/12\/Mada2010_CF_0720.jpg\" alt=\"\" class=\"wp-image-5702\" srcset=\"https:\/\/jblanz.de\/WP\/wp-content\/uploads\/2020\/12\/Mada2010_CF_0720.jpg 800w, https:\/\/jblanz.de\/WP\/wp-content\/uploads\/2020\/12\/Mada2010_CF_0720-300x169.jpg 300w, https:\/\/jblanz.de\/WP\/wp-content\/uploads\/2020\/12\/Mada2010_CF_0720-768x432.jpg 768w\" sizes=\"auto, (max-width: 800px) 100vw, 800px\" \/><\/figure>\n\n\n\n<figure class=\"wp-block-image size-large\"><img loading=\"lazy\" decoding=\"async\" width=\"800\" height=\"450\" src=\"https:\/\/jblanz.de\/WP\/wp-content\/uploads\/2020\/12\/Mada2010_CF_0727.jpg\" alt=\"\" class=\"wp-image-5693\" srcset=\"https:\/\/jblanz.de\/WP\/wp-content\/uploads\/2020\/12\/Mada2010_CF_0727.jpg 800w, https:\/\/jblanz.de\/WP\/wp-content\/uploads\/2020\/12\/Mada2010_CF_0727-300x169.jpg 300w, https:\/\/jblanz.de\/WP\/wp-content\/uploads\/2020\/12\/Mada2010_CF_0727-768x432.jpg 768w\" sizes=\"auto, (max-width: 800px) 100vw, 800px\" \/><\/figure>\n\n\n\n<figure class=\"wp-block-image size-large\"><img loading=\"lazy\" decoding=\"async\" width=\"800\" height=\"450\" src=\"https:\/\/jblanz.de\/WP\/wp-content\/uploads\/2020\/12\/Mada2010_CF_0731.jpg\" alt=\"\" class=\"wp-image-5694\" srcset=\"https:\/\/jblanz.de\/WP\/wp-content\/uploads\/2020\/12\/Mada2010_CF_0731.jpg 800w, https:\/\/jblanz.de\/WP\/wp-content\/uploads\/2020\/12\/Mada2010_CF_0731-300x169.jpg 300w, https:\/\/jblanz.de\/WP\/wp-content\/uploads\/2020\/12\/Mada2010_CF_0731-768x432.jpg 768w\" sizes=\"auto, (max-width: 800px) 100vw, 800px\" \/><\/figure>\n\n\n\n<figure class=\"wp-block-image size-large\"><img loading=\"lazy\" decoding=\"async\" width=\"800\" height=\"450\" src=\"https:\/\/jblanz.de\/WP\/wp-content\/uploads\/2020\/12\/Mada2010_CF_0737.jpg\" alt=\"\" class=\"wp-image-5691\" srcset=\"https:\/\/jblanz.de\/WP\/wp-content\/uploads\/2020\/12\/Mada2010_CF_0737.jpg 800w, https:\/\/jblanz.de\/WP\/wp-content\/uploads\/2020\/12\/Mada2010_CF_0737-300x169.jpg 300w, https:\/\/jblanz.de\/WP\/wp-content\/uploads\/2020\/12\/Mada2010_CF_0737-768x432.jpg 768w\" sizes=\"auto, (max-width: 800px) 100vw, 800px\" \/><\/figure>\n\n\n\n<p>Ziemlich langweilig, so ein Flugreisetag. Einchecken, auschecken, einchecken, auschecken, Taxi rein und raus. Ach ja, keine Baleines mehr gesehen, schade, aber jano\u2026.<br>Am Flieger treffen wir die Filmemacher Jacqueline und Steven und den Chef von der Masoala Forest Lodge. Sie fliegen auch nach Tana. Butterweiche Landung, allerdings regnet es und es ist recht k\u00fchl. Wir fahren zum Hotel du Lac und die beiden kommen auch noch nach. Sie warten auf den Flieger nach Tulear. Wir sitzen drau\u00dfen in der Sonne, essen Suppe, unterhalten uns a bissle und diskutieren. Nat\u00fcrlich \u00fcber Kommunikation. Miteinander reden Bd. 357376\ud83d\ude0e\ud83e\udd23<br>Endlich ist es 16:00 Uhr, die Taxis kommen und jetzt sitzen wir hier wieder und warten auf den Abflug nach Nosy B\u00e9. Mal gespannt wie es wird. Wir fliegen in den Sonnenuntergang und \u00fcber den Wolken geht der Mond auf. Tolle Stimmung.<br><br><\/p>\n\n\n\n<figure class=\"wp-block-image size-large\"><img loading=\"lazy\" decoding=\"async\" width=\"800\" height=\"450\" src=\"https:\/\/jblanz.de\/WP\/wp-content\/uploads\/2020\/12\/Mada2010_SD_103.jpg\" alt=\"\" class=\"wp-image-5704\" srcset=\"https:\/\/jblanz.de\/WP\/wp-content\/uploads\/2020\/12\/Mada2010_SD_103.jpg 800w, https:\/\/jblanz.de\/WP\/wp-content\/uploads\/2020\/12\/Mada2010_SD_103-300x169.jpg 300w, https:\/\/jblanz.de\/WP\/wp-content\/uploads\/2020\/12\/Mada2010_SD_103-768x432.jpg 768w\" sizes=\"auto, (max-width: 800px) 100vw, 800px\" \/><\/figure>\n\n\n\n<figure class=\"wp-block-image size-large\"><img loading=\"lazy\" decoding=\"async\" width=\"800\" height=\"450\" src=\"https:\/\/jblanz.de\/WP\/wp-content\/uploads\/2020\/12\/Mada2010_SD_106.jpg\" alt=\"\" class=\"wp-image-5705\" srcset=\"https:\/\/jblanz.de\/WP\/wp-content\/uploads\/2020\/12\/Mada2010_SD_106.jpg 800w, https:\/\/jblanz.de\/WP\/wp-content\/uploads\/2020\/12\/Mada2010_SD_106-300x169.jpg 300w, https:\/\/jblanz.de\/WP\/wp-content\/uploads\/2020\/12\/Mada2010_SD_106-768x432.jpg 768w\" sizes=\"auto, (max-width: 800px) 100vw, 800px\" \/><\/figure>\n\n\n\n<p>\u2026.. schon wieder ne butterweiche Landung\u2026 Und warm ist es drau\u00dfen. An der Gep\u00e4ckausgabe \u00f6ffnet der Franzose vor mir sofort seinen Koffer und holt eine Pistole heraus. Er l\u00e4dt sie durch und steckt sie sich in den Hosenbund &#8211; was ist denn hier los ? Ein Schildtr\u00e4ger holt uns ab, nat\u00fcrlich wieder ein Klappertaxi. Im Dunkeln geht\u2019s an Hell Ville vorbei, etwa ne Dreiviertelstunde dann sind wir im Aladamo. Der Chef, ich glaub Bernard hei\u00dft er, begr\u00fc\u00dft uns und zeigt uns den Bungalow \u2013 wow \u2013 Strom. Dem Ger\u00e4usch nach k\u00f6nnen wir erahnen, dass das Meer ganz nah ist. Der Vollmond scheint vom Himmel. Bernard ist in Konstanz aufgewachsen, dann war er jahrelang in der Karibik und ist jetzt seit zehn Jahren hier. Nix l\u00e4uft mehr hier \u2013 WIR sind die einzigen G\u00e4ste. Nach einem Ankunftsbierchen beziehen wir den Bungalow. Ist ganz okay, allerdings kein warmes Wasser, aber was soll\u2019s. Sind gespannt, morgen alles bei Tageslicht zu sehen.<\/p>\n","protected":false},"excerpt":{"rendered":"<p>So, letzte Nacht in der Muffbude. Schlecht geschlafen, oft aufgewacht, viele Traumfetzen. 5:45 Uhr rattert der Wecker, g\u00e4\u00e4hhn! Fr\u00fchst\u00fcck, Abschied<\/p>\n","protected":false},"author":1,"featured_media":5694,"comment_status":"open","ping_status":"open","sticky":false,"template":"","format":"standard","meta":{"colormag_page_container_layout":"default_layout","colormag_page_sidebar_layout":"default_layout","_monsterinsights_skip_tracking":false,"_monsterinsights_sitenote_active":false,"_monsterinsights_sitenote_note":"","_monsterinsights_sitenote_category":0,"footnotes":""},"categories":[210,20,23],"tags":[],"class_list":["post-3409","post","type-post","status-publish","format-standard","has-post-thumbnail","hentry","category-210","category-madagaskar","category-madagaskar2010"],"yoast_head":"<!-- This site is optimized with the Yoast SEO plugin v27.4 - https:\/\/yoast.com\/product\/yoast-seo-wordpress\/ -->\n<title>24. August 2010 - Abreise nach Nosy B\u00e9 - Reiseblog von Karin &amp; Joachim<\/title>\n<meta name=\"robots\" content=\"index, follow, max-snippet:-1, max-image-preview:large, max-video-preview:-1\" \/>\n<link rel=\"canonical\" href=\"https:\/\/jblanz.de\/WP\/abreise-nach-nosy-be\/\" \/>\n<meta property=\"og:locale\" content=\"de_DE\" \/>\n<meta property=\"og:type\" content=\"article\" \/>\n<meta property=\"og:title\" content=\"24. August 2010 - Abreise nach Nosy B\u00e9 - Reiseblog von Karin &amp; Joachim\" \/>\n<meta property=\"og:description\" content=\"So, letzte Nacht in der Muffbude. Schlecht geschlafen, oft aufgewacht, viele Traumfetzen. 5:45 Uhr rattert der Wecker, g\u00e4\u00e4hhn! Fr\u00fchst\u00fcck, Abschied\" \/>\n<meta property=\"og:url\" content=\"https:\/\/jblanz.de\/WP\/abreise-nach-nosy-be\/\" \/>\n<meta property=\"og:site_name\" content=\"Reiseblog von Karin &amp; Joachim\" \/>\n<meta property=\"article:published_time\" content=\"2010-08-24T18:20:00+00:00\" \/>\n<meta property=\"article:modified_time\" content=\"2021-01-17T10:47:21+00:00\" \/>\n<meta property=\"og:image\" content=\"https:\/\/jblanz.de\/WP\/wp-content\/uploads\/2020\/12\/Mada2010_CF_0731.jpg\" \/>\n\t<meta property=\"og:image:width\" content=\"800\" \/>\n\t<meta property=\"og:image:height\" content=\"450\" \/>\n\t<meta property=\"og:image:type\" content=\"image\/jpeg\" \/>\n<meta name=\"author\" content=\"Achim\" \/>\n<meta name=\"twitter:card\" content=\"summary_large_image\" \/>\n<meta name=\"twitter:label1\" content=\"Verfasst von\" \/>\n\t<meta name=\"twitter:data1\" content=\"Achim\" \/>\n\t<meta name=\"twitter:label2\" content=\"Gesch\u00e4tzte Lesezeit\" \/>\n\t<meta name=\"twitter:data2\" content=\"5\u00a0Minuten\" \/>\n<script type=\"application\/ld+json\" class=\"yoast-schema-graph\">{\"@context\":\"https:\\\/\\\/schema.org\",\"@graph\":[{\"@type\":\"Article\",\"@id\":\"https:\\\/\\\/jblanz.de\\\/WP\\\/abreise-nach-nosy-be\\\/#article\",\"isPartOf\":{\"@id\":\"https:\\\/\\\/jblanz.de\\\/WP\\\/abreise-nach-nosy-be\\\/\"},\"author\":{\"name\":\"Achim\",\"@id\":\"https:\\\/\\\/jblanz.de\\\/WP\\\/#\\\/schema\\\/person\\\/17a70f07162e42bc0b181c22397286e0\"},\"headline\":\"24. August 2010 &#8211; Abreise nach Nosy B\u00e9\",\"datePublished\":\"2010-08-24T18:20:00+00:00\",\"dateModified\":\"2021-01-17T10:47:21+00:00\",\"mainEntityOfPage\":{\"@id\":\"https:\\\/\\\/jblanz.de\\\/WP\\\/abreise-nach-nosy-be\\\/\"},\"wordCount\":419,\"commentCount\":0,\"publisher\":{\"@id\":\"https:\\\/\\\/jblanz.de\\\/WP\\\/#\\\/schema\\\/person\\\/17a70f07162e42bc0b181c22397286e0\"},\"image\":{\"@id\":\"https:\\\/\\\/jblanz.de\\\/WP\\\/abreise-nach-nosy-be\\\/#primaryimage\"},\"thumbnailUrl\":\"https:\\\/\\\/jblanz.de\\\/WP\\\/wp-content\\\/uploads\\\/2020\\\/12\\\/Mada2010_CF_0731.jpg\",\"articleSection\":[\"2010\",\"Madagaskar\",\"Madagaskar 2010\"],\"inLanguage\":\"de\",\"potentialAction\":[{\"@type\":\"CommentAction\",\"name\":\"Comment\",\"target\":[\"https:\\\/\\\/jblanz.de\\\/WP\\\/abreise-nach-nosy-be\\\/#respond\"]}]},{\"@type\":\"WebPage\",\"@id\":\"https:\\\/\\\/jblanz.de\\\/WP\\\/abreise-nach-nosy-be\\\/\",\"url\":\"https:\\\/\\\/jblanz.de\\\/WP\\\/abreise-nach-nosy-be\\\/\",\"name\":\"24. August 2010 - Abreise nach Nosy B\u00e9 - Reiseblog von Karin &amp; Joachim\",\"isPartOf\":{\"@id\":\"https:\\\/\\\/jblanz.de\\\/WP\\\/#website\"},\"primaryImageOfPage\":{\"@id\":\"https:\\\/\\\/jblanz.de\\\/WP\\\/abreise-nach-nosy-be\\\/#primaryimage\"},\"image\":{\"@id\":\"https:\\\/\\\/jblanz.de\\\/WP\\\/abreise-nach-nosy-be\\\/#primaryimage\"},\"thumbnailUrl\":\"https:\\\/\\\/jblanz.de\\\/WP\\\/wp-content\\\/uploads\\\/2020\\\/12\\\/Mada2010_CF_0731.jpg\",\"datePublished\":\"2010-08-24T18:20:00+00:00\",\"dateModified\":\"2021-01-17T10:47:21+00:00\",\"breadcrumb\":{\"@id\":\"https:\\\/\\\/jblanz.de\\\/WP\\\/abreise-nach-nosy-be\\\/#breadcrumb\"},\"inLanguage\":\"de\",\"potentialAction\":[{\"@type\":\"ReadAction\",\"target\":[\"https:\\\/\\\/jblanz.de\\\/WP\\\/abreise-nach-nosy-be\\\/\"]}]},{\"@type\":\"ImageObject\",\"inLanguage\":\"de\",\"@id\":\"https:\\\/\\\/jblanz.de\\\/WP\\\/abreise-nach-nosy-be\\\/#primaryimage\",\"url\":\"https:\\\/\\\/jblanz.de\\\/WP\\\/wp-content\\\/uploads\\\/2020\\\/12\\\/Mada2010_CF_0731.jpg\",\"contentUrl\":\"https:\\\/\\\/jblanz.de\\\/WP\\\/wp-content\\\/uploads\\\/2020\\\/12\\\/Mada2010_CF_0731.jpg\",\"width\":800,\"height\":450},{\"@type\":\"BreadcrumbList\",\"@id\":\"https:\\\/\\\/jblanz.de\\\/WP\\\/abreise-nach-nosy-be\\\/#breadcrumb\",\"itemListElement\":[{\"@type\":\"ListItem\",\"position\":1,\"name\":\"Startseite\",\"item\":\"https:\\\/\\\/jblanz.de\\\/WP\\\/\"},{\"@type\":\"ListItem\",\"position\":2,\"name\":\"24. August 2010 &#8211; Abreise nach Nosy B\u00e9\"}]},{\"@type\":\"WebSite\",\"@id\":\"https:\\\/\\\/jblanz.de\\\/WP\\\/#website\",\"url\":\"https:\\\/\\\/jblanz.de\\\/WP\\\/\",\"name\":\"Reiseblog von Karin & Joachim\",\"description\":\"Wir schreiben den Blog f\u00fcr uns als Erinnerung - f\u00fcr euch als Inspiration\",\"publisher\":{\"@id\":\"https:\\\/\\\/jblanz.de\\\/WP\\\/#\\\/schema\\\/person\\\/17a70f07162e42bc0b181c22397286e0\"},\"potentialAction\":[{\"@type\":\"SearchAction\",\"target\":{\"@type\":\"EntryPoint\",\"urlTemplate\":\"https:\\\/\\\/jblanz.de\\\/WP\\\/?s={search_term_string}\"},\"query-input\":{\"@type\":\"PropertyValueSpecification\",\"valueRequired\":true,\"valueName\":\"search_term_string\"}}],\"inLanguage\":\"de\"},{\"@type\":[\"Person\",\"Organization\"],\"@id\":\"https:\\\/\\\/jblanz.de\\\/WP\\\/#\\\/schema\\\/person\\\/17a70f07162e42bc0b181c22397286e0\",\"name\":\"Achim\",\"image\":{\"@type\":\"ImageObject\",\"inLanguage\":\"de\",\"@id\":\"https:\\\/\\\/secure.gravatar.com\\\/avatar\\\/b7ab31bc55956af4a9bebf7fd034761212b11b803b7e39464914d6abeefb12f3?s=96&d=mm&r=g\",\"url\":\"https:\\\/\\\/secure.gravatar.com\\\/avatar\\\/b7ab31bc55956af4a9bebf7fd034761212b11b803b7e39464914d6abeefb12f3?s=96&d=mm&r=g\",\"contentUrl\":\"https:\\\/\\\/secure.gravatar.com\\\/avatar\\\/b7ab31bc55956af4a9bebf7fd034761212b11b803b7e39464914d6abeefb12f3?s=96&d=mm&r=g\",\"caption\":\"Achim\"},\"logo\":{\"@id\":\"https:\\\/\\\/secure.gravatar.com\\\/avatar\\\/b7ab31bc55956af4a9bebf7fd034761212b11b803b7e39464914d6abeefb12f3?s=96&d=mm&r=g\"},\"url\":\"https:\\\/\\\/jblanz.de\\\/WP\\\/author\\\/achim\\\/\"}]}<\/script>\n<!-- \/ Yoast SEO plugin. -->","yoast_head_json":{"title":"24. August 2010 - Abreise nach Nosy B\u00e9 - Reiseblog von Karin &amp; Joachim","robots":{"index":"index","follow":"follow","max-snippet":"max-snippet:-1","max-image-preview":"max-image-preview:large","max-video-preview":"max-video-preview:-1"},"canonical":"https:\/\/jblanz.de\/WP\/abreise-nach-nosy-be\/","og_locale":"de_DE","og_type":"article","og_title":"24. August 2010 - Abreise nach Nosy B\u00e9 - Reiseblog von Karin &amp; Joachim","og_description":"So, letzte Nacht in der Muffbude. Schlecht geschlafen, oft aufgewacht, viele Traumfetzen. 5:45 Uhr rattert der Wecker, g\u00e4\u00e4hhn! Fr\u00fchst\u00fcck, Abschied","og_url":"https:\/\/jblanz.de\/WP\/abreise-nach-nosy-be\/","og_site_name":"Reiseblog von Karin &amp; Joachim","article_published_time":"2010-08-24T18:20:00+00:00","article_modified_time":"2021-01-17T10:47:21+00:00","og_image":[{"width":800,"height":450,"url":"https:\/\/jblanz.de\/WP\/wp-content\/uploads\/2020\/12\/Mada2010_CF_0731.jpg","type":"image\/jpeg"}],"author":"Achim","twitter_card":"summary_large_image","twitter_misc":{"Verfasst von":"Achim","Gesch\u00e4tzte Lesezeit":"5\u00a0Minuten"},"schema":{"@context":"https:\/\/schema.org","@graph":[{"@type":"Article","@id":"https:\/\/jblanz.de\/WP\/abreise-nach-nosy-be\/#article","isPartOf":{"@id":"https:\/\/jblanz.de\/WP\/abreise-nach-nosy-be\/"},"author":{"name":"Achim","@id":"https:\/\/jblanz.de\/WP\/#\/schema\/person\/17a70f07162e42bc0b181c22397286e0"},"headline":"24. August 2010 &#8211; Abreise nach Nosy B\u00e9","datePublished":"2010-08-24T18:20:00+00:00","dateModified":"2021-01-17T10:47:21+00:00","mainEntityOfPage":{"@id":"https:\/\/jblanz.de\/WP\/abreise-nach-nosy-be\/"},"wordCount":419,"commentCount":0,"publisher":{"@id":"https:\/\/jblanz.de\/WP\/#\/schema\/person\/17a70f07162e42bc0b181c22397286e0"},"image":{"@id":"https:\/\/jblanz.de\/WP\/abreise-nach-nosy-be\/#primaryimage"},"thumbnailUrl":"https:\/\/jblanz.de\/WP\/wp-content\/uploads\/2020\/12\/Mada2010_CF_0731.jpg","articleSection":["2010","Madagaskar","Madagaskar 2010"],"inLanguage":"de","potentialAction":[{"@type":"CommentAction","name":"Comment","target":["https:\/\/jblanz.de\/WP\/abreise-nach-nosy-be\/#respond"]}]},{"@type":"WebPage","@id":"https:\/\/jblanz.de\/WP\/abreise-nach-nosy-be\/","url":"https:\/\/jblanz.de\/WP\/abreise-nach-nosy-be\/","name":"24. August 2010 - Abreise nach Nosy B\u00e9 - Reiseblog von Karin &amp; Joachim","isPartOf":{"@id":"https:\/\/jblanz.de\/WP\/#website"},"primaryImageOfPage":{"@id":"https:\/\/jblanz.de\/WP\/abreise-nach-nosy-be\/#primaryimage"},"image":{"@id":"https:\/\/jblanz.de\/WP\/abreise-nach-nosy-be\/#primaryimage"},"thumbnailUrl":"https:\/\/jblanz.de\/WP\/wp-content\/uploads\/2020\/12\/Mada2010_CF_0731.jpg","datePublished":"2010-08-24T18:20:00+00:00","dateModified":"2021-01-17T10:47:21+00:00","breadcrumb":{"@id":"https:\/\/jblanz.de\/WP\/abreise-nach-nosy-be\/#breadcrumb"},"inLanguage":"de","potentialAction":[{"@type":"ReadAction","target":["https:\/\/jblanz.de\/WP\/abreise-nach-nosy-be\/"]}]},{"@type":"ImageObject","inLanguage":"de","@id":"https:\/\/jblanz.de\/WP\/abreise-nach-nosy-be\/#primaryimage","url":"https:\/\/jblanz.de\/WP\/wp-content\/uploads\/2020\/12\/Mada2010_CF_0731.jpg","contentUrl":"https:\/\/jblanz.de\/WP\/wp-content\/uploads\/2020\/12\/Mada2010_CF_0731.jpg","width":800,"height":450},{"@type":"BreadcrumbList","@id":"https:\/\/jblanz.de\/WP\/abreise-nach-nosy-be\/#breadcrumb","itemListElement":[{"@type":"ListItem","position":1,"name":"Startseite","item":"https:\/\/jblanz.de\/WP\/"},{"@type":"ListItem","position":2,"name":"24. August 2010 &#8211; Abreise nach Nosy B\u00e9"}]},{"@type":"WebSite","@id":"https:\/\/jblanz.de\/WP\/#website","url":"https:\/\/jblanz.de\/WP\/","name":"Reiseblog von Karin & Joachim","description":"Wir schreiben den Blog f\u00fcr uns als Erinnerung - f\u00fcr euch als Inspiration","publisher":{"@id":"https:\/\/jblanz.de\/WP\/#\/schema\/person\/17a70f07162e42bc0b181c22397286e0"},"potentialAction":[{"@type":"SearchAction","target":{"@type":"EntryPoint","urlTemplate":"https:\/\/jblanz.de\/WP\/?s={search_term_string}"},"query-input":{"@type":"PropertyValueSpecification","valueRequired":true,"valueName":"search_term_string"}}],"inLanguage":"de"},{"@type":["Person","Organization"],"@id":"https:\/\/jblanz.de\/WP\/#\/schema\/person\/17a70f07162e42bc0b181c22397286e0","name":"Achim","image":{"@type":"ImageObject","inLanguage":"de","@id":"https:\/\/secure.gravatar.com\/avatar\/b7ab31bc55956af4a9bebf7fd034761212b11b803b7e39464914d6abeefb12f3?s=96&d=mm&r=g","url":"https:\/\/secure.gravatar.com\/avatar\/b7ab31bc55956af4a9bebf7fd034761212b11b803b7e39464914d6abeefb12f3?s=96&d=mm&r=g","contentUrl":"https:\/\/secure.gravatar.com\/avatar\/b7ab31bc55956af4a9bebf7fd034761212b11b803b7e39464914d6abeefb12f3?s=96&d=mm&r=g","caption":"Achim"},"logo":{"@id":"https:\/\/secure.gravatar.com\/avatar\/b7ab31bc55956af4a9bebf7fd034761212b11b803b7e39464914d6abeefb12f3?s=96&d=mm&r=g"},"url":"https:\/\/jblanz.de\/WP\/author\/achim\/"}]}},"_links":{"self":[{"href":"https:\/\/jblanz.de\/WP\/wp-json\/wp\/v2\/posts\/3409","targetHints":{"allow":["GET"]}}],"collection":[{"href":"https:\/\/jblanz.de\/WP\/wp-json\/wp\/v2\/posts"}],"about":[{"href":"https:\/\/jblanz.de\/WP\/wp-json\/wp\/v2\/types\/post"}],"author":[{"embeddable":true,"href":"https:\/\/jblanz.de\/WP\/wp-json\/wp\/v2\/users\/1"}],"replies":[{"embeddable":true,"href":"https:\/\/jblanz.de\/WP\/wp-json\/wp\/v2\/comments?post=3409"}],"version-history":[{"count":0,"href":"https:\/\/jblanz.de\/WP\/wp-json\/wp\/v2\/posts\/3409\/revisions"}],"wp:featuredmedia":[{"embeddable":true,"href":"https:\/\/jblanz.de\/WP\/wp-json\/wp\/v2\/media\/5694"}],"wp:attachment":[{"href":"https:\/\/jblanz.de\/WP\/wp-json\/wp\/v2\/media?parent=3409"}],"wp:term":[{"taxonomy":"category","embeddable":true,"href":"https:\/\/jblanz.de\/WP\/wp-json\/wp\/v2\/categories?post=3409"},{"taxonomy":"post_tag","embeddable":true,"href":"https:\/\/jblanz.de\/WP\/wp-json\/wp\/v2\/tags?post=3409"}],"curies":[{"name":"wp","href":"https:\/\/api.w.org\/{rel}","templated":true}]}}