{"id":3421,"date":"2010-08-28T20:35:00","date_gmt":"2010-08-28T18:35:00","guid":{"rendered":"http:\/\/jblanz.de\/WP\/?p=3421"},"modified":"2020-12-29T17:33:56","modified_gmt":"2020-12-29T16:33:56","slug":"tauchen-vor-nosy-be","status":"publish","type":"post","link":"https:\/\/jblanz.de\/WP\/tauchen-vor-nosy-be\/","title":{"rendered":"28. August 2010 &#8211; Tauchen vor Nosy B\u00e9"},"content":{"rendered":"\n<p>Schon wieder fr\u00fch aufstehen und schon wieder tauchen, aber diesmal in netter franz\u00f6sischer Begleitung. Alexander und Daphne stellten sich als v\u00f6llig unkomplizierte und kompetente Begleittaucher heraus, die sich dezent im Hintergrund hielten. Es gab zwei Dive Points, Mariella und Charly. Nun ja, was gibt es zu sagen? Beim Zweiten war es schweinekalt, selbst Achim fror wie ein Schneider. Aber wir sahen einen recht gro\u00dfen Krokodilfisch, diverse nudibranches, ziemlich gro\u00dfe Fische, einen Steinfisch, einen Kofferfisch, gro\u00dfe Hummer samt Mur\u00e4nen, viele Shrimps und sonst noch so alles. Leider wieder keinen Walhai und keinen Manta und keine Wale. Ja, was soll\u2019s. Es waren easy dives ohne Stress, das ist das wichtigste!<br \/>Zur\u00fcck am Bungalow erstmal ne Dusche genommen und dann Sonne und lesen. Um 16.30 kommt Miriam f\u00fcr eine zweite Massage. Wir sch\u00e4tzen sie auf etwa 18, sie ist aber 30 oder \u00e4lter! Wow &#8211; und hat zwei Kinder. Heute habe ich das erste Mal etwas smalltalk mit meinen mini Franz\u00f6sischkenntnissen probiert\u2026.war nett und lustig.<br \/>Jetzt sind wir schon wieder balla balla vom Alk und tauchen und allem und es ist grad erst acht. Also bon nuit!<\/p>\n\n\n\n<figure class=\"wp-block-image size-large\"><img loading=\"lazy\" decoding=\"async\" width=\"800\" height=\"450\" src=\"https:\/\/jblanz.de\/WP\/wp-content\/uploads\/2020\/12\/Mada2010_SD_250.jpg\" alt=\"\" class=\"wp-image-5773\" srcset=\"https:\/\/jblanz.de\/WP\/wp-content\/uploads\/2020\/12\/Mada2010_SD_250.jpg 800w, https:\/\/jblanz.de\/WP\/wp-content\/uploads\/2020\/12\/Mada2010_SD_250-300x169.jpg 300w, https:\/\/jblanz.de\/WP\/wp-content\/uploads\/2020\/12\/Mada2010_SD_250-768x432.jpg 768w\" sizes=\"auto, (max-width: 800px) 100vw, 800px\" \/><\/figure>\n\n\n\n<figure class=\"wp-block-image size-large\"><img loading=\"lazy\" decoding=\"async\" width=\"800\" height=\"450\" src=\"https:\/\/jblanz.de\/WP\/wp-content\/uploads\/2020\/12\/Mada2010_SD_268.jpg\" alt=\"\" class=\"wp-image-5770\" srcset=\"https:\/\/jblanz.de\/WP\/wp-content\/uploads\/2020\/12\/Mada2010_SD_268.jpg 800w, https:\/\/jblanz.de\/WP\/wp-content\/uploads\/2020\/12\/Mada2010_SD_268-300x169.jpg 300w, https:\/\/jblanz.de\/WP\/wp-content\/uploads\/2020\/12\/Mada2010_SD_268-768x432.jpg 768w\" sizes=\"auto, (max-width: 800px) 100vw, 800px\" \/><\/figure>\n","protected":false},"excerpt":{"rendered":"<p>Schon wieder fr\u00fch aufstehen und schon wieder tauchen, aber diesmal in netter franz\u00f6sischer Begleitung. Alexander und Daphne stellten sich als<\/p>\n","protected":false},"author":1,"featured_media":5775,"comment_status":"open","ping_status":"open","sticky":false,"template":"","format":"standard","meta":{"colormag_page_container_layout":"default_layout","colormag_page_sidebar_layout":"default_layout","_monsterinsights_skip_tracking":false,"_monsterinsights_sitenote_active":false,"_monsterinsights_sitenote_note":"","_monsterinsights_sitenote_category":0,"footnotes":""},"categories":[210,20,23],"tags":[],"class_list":["post-3421","post","type-post","status-publish","format-standard","has-post-thumbnail","hentry","category-210","category-madagaskar","category-madagaskar2010"],"yoast_head":"<!-- This site is optimized with the Yoast SEO plugin v27.4 - https:\/\/yoast.com\/product\/yoast-seo-wordpress\/ -->\n<title>28. August 2010 - Tauchen vor Nosy B\u00e9 - Reiseblog von Karin &amp; Joachim<\/title>\n<meta name=\"robots\" content=\"index, follow, max-snippet:-1, max-image-preview:large, max-video-preview:-1\" \/>\n<link rel=\"canonical\" href=\"https:\/\/jblanz.de\/WP\/tauchen-vor-nosy-be\/\" \/>\n<meta property=\"og:locale\" content=\"de_DE\" \/>\n<meta property=\"og:type\" content=\"article\" \/>\n<meta property=\"og:title\" content=\"28. August 2010 - Tauchen vor Nosy B\u00e9 - Reiseblog von Karin &amp; Joachim\" \/>\n<meta property=\"og:description\" content=\"Schon wieder fr\u00fch aufstehen und schon wieder tauchen, aber diesmal in netter franz\u00f6sischer Begleitung. Alexander und Daphne stellten sich als\" \/>\n<meta property=\"og:url\" content=\"https:\/\/jblanz.de\/WP\/tauchen-vor-nosy-be\/\" \/>\n<meta property=\"og:site_name\" content=\"Reiseblog von Karin &amp; Joachim\" \/>\n<meta property=\"article:published_time\" content=\"2010-08-28T18:35:00+00:00\" \/>\n<meta property=\"article:modified_time\" content=\"2020-12-29T16:33:56+00:00\" \/>\n<meta property=\"og:image\" content=\"https:\/\/jblanz.de\/WP\/wp-content\/uploads\/2020\/12\/Mada2010_SD_250-1.jpg\" \/>\n\t<meta property=\"og:image:width\" content=\"800\" \/>\n\t<meta property=\"og:image:height\" content=\"450\" \/>\n\t<meta property=\"og:image:type\" content=\"image\/jpeg\" \/>\n<meta name=\"author\" content=\"Achim\" \/>\n<meta name=\"twitter:card\" content=\"summary_large_image\" \/>\n<meta name=\"twitter:label1\" content=\"Verfasst von\" \/>\n\t<meta name=\"twitter:data1\" content=\"Achim\" \/>\n\t<meta name=\"twitter:label2\" content=\"Gesch\u00e4tzte Lesezeit\" \/>\n\t<meta name=\"twitter:data2\" content=\"1\u00a0Minute\" \/>\n<script type=\"application\/ld+json\" class=\"yoast-schema-graph\">{\"@context\":\"https:\\\/\\\/schema.org\",\"@graph\":[{\"@type\":\"Article\",\"@id\":\"https:\\\/\\\/jblanz.de\\\/WP\\\/tauchen-vor-nosy-be\\\/#article\",\"isPartOf\":{\"@id\":\"https:\\\/\\\/jblanz.de\\\/WP\\\/tauchen-vor-nosy-be\\\/\"},\"author\":{\"name\":\"Achim\",\"@id\":\"https:\\\/\\\/jblanz.de\\\/WP\\\/#\\\/schema\\\/person\\\/17a70f07162e42bc0b181c22397286e0\"},\"headline\":\"28. August 2010 &#8211; Tauchen vor Nosy B\u00e9\",\"datePublished\":\"2010-08-28T18:35:00+00:00\",\"dateModified\":\"2020-12-29T16:33:56+00:00\",\"mainEntityOfPage\":{\"@id\":\"https:\\\/\\\/jblanz.de\\\/WP\\\/tauchen-vor-nosy-be\\\/\"},\"wordCount\":200,\"commentCount\":0,\"publisher\":{\"@id\":\"https:\\\/\\\/jblanz.de\\\/WP\\\/#\\\/schema\\\/person\\\/17a70f07162e42bc0b181c22397286e0\"},\"image\":{\"@id\":\"https:\\\/\\\/jblanz.de\\\/WP\\\/tauchen-vor-nosy-be\\\/#primaryimage\"},\"thumbnailUrl\":\"https:\\\/\\\/jblanz.de\\\/WP\\\/wp-content\\\/uploads\\\/2020\\\/12\\\/Mada2010_SD_250-1.jpg\",\"articleSection\":[\"2010\",\"Madagaskar\",\"Madagaskar 2010\"],\"inLanguage\":\"de\",\"potentialAction\":[{\"@type\":\"CommentAction\",\"name\":\"Comment\",\"target\":[\"https:\\\/\\\/jblanz.de\\\/WP\\\/tauchen-vor-nosy-be\\\/#respond\"]}]},{\"@type\":\"WebPage\",\"@id\":\"https:\\\/\\\/jblanz.de\\\/WP\\\/tauchen-vor-nosy-be\\\/\",\"url\":\"https:\\\/\\\/jblanz.de\\\/WP\\\/tauchen-vor-nosy-be\\\/\",\"name\":\"28. August 2010 - Tauchen vor Nosy B\u00e9 - Reiseblog von Karin &amp; Joachim\",\"isPartOf\":{\"@id\":\"https:\\\/\\\/jblanz.de\\\/WP\\\/#website\"},\"primaryImageOfPage\":{\"@id\":\"https:\\\/\\\/jblanz.de\\\/WP\\\/tauchen-vor-nosy-be\\\/#primaryimage\"},\"image\":{\"@id\":\"https:\\\/\\\/jblanz.de\\\/WP\\\/tauchen-vor-nosy-be\\\/#primaryimage\"},\"thumbnailUrl\":\"https:\\\/\\\/jblanz.de\\\/WP\\\/wp-content\\\/uploads\\\/2020\\\/12\\\/Mada2010_SD_250-1.jpg\",\"datePublished\":\"2010-08-28T18:35:00+00:00\",\"dateModified\":\"2020-12-29T16:33:56+00:00\",\"breadcrumb\":{\"@id\":\"https:\\\/\\\/jblanz.de\\\/WP\\\/tauchen-vor-nosy-be\\\/#breadcrumb\"},\"inLanguage\":\"de\",\"potentialAction\":[{\"@type\":\"ReadAction\",\"target\":[\"https:\\\/\\\/jblanz.de\\\/WP\\\/tauchen-vor-nosy-be\\\/\"]}]},{\"@type\":\"ImageObject\",\"inLanguage\":\"de\",\"@id\":\"https:\\\/\\\/jblanz.de\\\/WP\\\/tauchen-vor-nosy-be\\\/#primaryimage\",\"url\":\"https:\\\/\\\/jblanz.de\\\/WP\\\/wp-content\\\/uploads\\\/2020\\\/12\\\/Mada2010_SD_250-1.jpg\",\"contentUrl\":\"https:\\\/\\\/jblanz.de\\\/WP\\\/wp-content\\\/uploads\\\/2020\\\/12\\\/Mada2010_SD_250-1.jpg\",\"width\":800,\"height\":450},{\"@type\":\"BreadcrumbList\",\"@id\":\"https:\\\/\\\/jblanz.de\\\/WP\\\/tauchen-vor-nosy-be\\\/#breadcrumb\",\"itemListElement\":[{\"@type\":\"ListItem\",\"position\":1,\"name\":\"Startseite\",\"item\":\"https:\\\/\\\/jblanz.de\\\/WP\\\/\"},{\"@type\":\"ListItem\",\"position\":2,\"name\":\"28. August 2010 &#8211; Tauchen vor Nosy B\u00e9\"}]},{\"@type\":\"WebSite\",\"@id\":\"https:\\\/\\\/jblanz.de\\\/WP\\\/#website\",\"url\":\"https:\\\/\\\/jblanz.de\\\/WP\\\/\",\"name\":\"Reiseblog von Karin & Joachim\",\"description\":\"Wir schreiben den Blog f\u00fcr uns als Erinnerung - f\u00fcr euch als Inspiration\",\"publisher\":{\"@id\":\"https:\\\/\\\/jblanz.de\\\/WP\\\/#\\\/schema\\\/person\\\/17a70f07162e42bc0b181c22397286e0\"},\"potentialAction\":[{\"@type\":\"SearchAction\",\"target\":{\"@type\":\"EntryPoint\",\"urlTemplate\":\"https:\\\/\\\/jblanz.de\\\/WP\\\/?s={search_term_string}\"},\"query-input\":{\"@type\":\"PropertyValueSpecification\",\"valueRequired\":true,\"valueName\":\"search_term_string\"}}],\"inLanguage\":\"de\"},{\"@type\":[\"Person\",\"Organization\"],\"@id\":\"https:\\\/\\\/jblanz.de\\\/WP\\\/#\\\/schema\\\/person\\\/17a70f07162e42bc0b181c22397286e0\",\"name\":\"Achim\",\"image\":{\"@type\":\"ImageObject\",\"inLanguage\":\"de\",\"@id\":\"https:\\\/\\\/secure.gravatar.com\\\/avatar\\\/b7ab31bc55956af4a9bebf7fd034761212b11b803b7e39464914d6abeefb12f3?s=96&d=mm&r=g\",\"url\":\"https:\\\/\\\/secure.gravatar.com\\\/avatar\\\/b7ab31bc55956af4a9bebf7fd034761212b11b803b7e39464914d6abeefb12f3?s=96&d=mm&r=g\",\"contentUrl\":\"https:\\\/\\\/secure.gravatar.com\\\/avatar\\\/b7ab31bc55956af4a9bebf7fd034761212b11b803b7e39464914d6abeefb12f3?s=96&d=mm&r=g\",\"caption\":\"Achim\"},\"logo\":{\"@id\":\"https:\\\/\\\/secure.gravatar.com\\\/avatar\\\/b7ab31bc55956af4a9bebf7fd034761212b11b803b7e39464914d6abeefb12f3?s=96&d=mm&r=g\"},\"url\":\"https:\\\/\\\/jblanz.de\\\/WP\\\/author\\\/achim\\\/\"}]}<\/script>\n<!-- \/ Yoast SEO plugin. -->","yoast_head_json":{"title":"28. August 2010 - Tauchen vor Nosy B\u00e9 - Reiseblog von Karin &amp; Joachim","robots":{"index":"index","follow":"follow","max-snippet":"max-snippet:-1","max-image-preview":"max-image-preview:large","max-video-preview":"max-video-preview:-1"},"canonical":"https:\/\/jblanz.de\/WP\/tauchen-vor-nosy-be\/","og_locale":"de_DE","og_type":"article","og_title":"28. August 2010 - Tauchen vor Nosy B\u00e9 - Reiseblog von Karin &amp; Joachim","og_description":"Schon wieder fr\u00fch aufstehen und schon wieder tauchen, aber diesmal in netter franz\u00f6sischer Begleitung. Alexander und Daphne stellten sich als","og_url":"https:\/\/jblanz.de\/WP\/tauchen-vor-nosy-be\/","og_site_name":"Reiseblog von Karin &amp; Joachim","article_published_time":"2010-08-28T18:35:00+00:00","article_modified_time":"2020-12-29T16:33:56+00:00","og_image":[{"width":800,"height":450,"url":"https:\/\/jblanz.de\/WP\/wp-content\/uploads\/2020\/12\/Mada2010_SD_250-1.jpg","type":"image\/jpeg"}],"author":"Achim","twitter_card":"summary_large_image","twitter_misc":{"Verfasst von":"Achim","Gesch\u00e4tzte Lesezeit":"1\u00a0Minute"},"schema":{"@context":"https:\/\/schema.org","@graph":[{"@type":"Article","@id":"https:\/\/jblanz.de\/WP\/tauchen-vor-nosy-be\/#article","isPartOf":{"@id":"https:\/\/jblanz.de\/WP\/tauchen-vor-nosy-be\/"},"author":{"name":"Achim","@id":"https:\/\/jblanz.de\/WP\/#\/schema\/person\/17a70f07162e42bc0b181c22397286e0"},"headline":"28. August 2010 &#8211; Tauchen vor Nosy B\u00e9","datePublished":"2010-08-28T18:35:00+00:00","dateModified":"2020-12-29T16:33:56+00:00","mainEntityOfPage":{"@id":"https:\/\/jblanz.de\/WP\/tauchen-vor-nosy-be\/"},"wordCount":200,"commentCount":0,"publisher":{"@id":"https:\/\/jblanz.de\/WP\/#\/schema\/person\/17a70f07162e42bc0b181c22397286e0"},"image":{"@id":"https:\/\/jblanz.de\/WP\/tauchen-vor-nosy-be\/#primaryimage"},"thumbnailUrl":"https:\/\/jblanz.de\/WP\/wp-content\/uploads\/2020\/12\/Mada2010_SD_250-1.jpg","articleSection":["2010","Madagaskar","Madagaskar 2010"],"inLanguage":"de","potentialAction":[{"@type":"CommentAction","name":"Comment","target":["https:\/\/jblanz.de\/WP\/tauchen-vor-nosy-be\/#respond"]}]},{"@type":"WebPage","@id":"https:\/\/jblanz.de\/WP\/tauchen-vor-nosy-be\/","url":"https:\/\/jblanz.de\/WP\/tauchen-vor-nosy-be\/","name":"28. August 2010 - Tauchen vor Nosy B\u00e9 - Reiseblog von Karin &amp; Joachim","isPartOf":{"@id":"https:\/\/jblanz.de\/WP\/#website"},"primaryImageOfPage":{"@id":"https:\/\/jblanz.de\/WP\/tauchen-vor-nosy-be\/#primaryimage"},"image":{"@id":"https:\/\/jblanz.de\/WP\/tauchen-vor-nosy-be\/#primaryimage"},"thumbnailUrl":"https:\/\/jblanz.de\/WP\/wp-content\/uploads\/2020\/12\/Mada2010_SD_250-1.jpg","datePublished":"2010-08-28T18:35:00+00:00","dateModified":"2020-12-29T16:33:56+00:00","breadcrumb":{"@id":"https:\/\/jblanz.de\/WP\/tauchen-vor-nosy-be\/#breadcrumb"},"inLanguage":"de","potentialAction":[{"@type":"ReadAction","target":["https:\/\/jblanz.de\/WP\/tauchen-vor-nosy-be\/"]}]},{"@type":"ImageObject","inLanguage":"de","@id":"https:\/\/jblanz.de\/WP\/tauchen-vor-nosy-be\/#primaryimage","url":"https:\/\/jblanz.de\/WP\/wp-content\/uploads\/2020\/12\/Mada2010_SD_250-1.jpg","contentUrl":"https:\/\/jblanz.de\/WP\/wp-content\/uploads\/2020\/12\/Mada2010_SD_250-1.jpg","width":800,"height":450},{"@type":"BreadcrumbList","@id":"https:\/\/jblanz.de\/WP\/tauchen-vor-nosy-be\/#breadcrumb","itemListElement":[{"@type":"ListItem","position":1,"name":"Startseite","item":"https:\/\/jblanz.de\/WP\/"},{"@type":"ListItem","position":2,"name":"28. August 2010 &#8211; Tauchen vor Nosy B\u00e9"}]},{"@type":"WebSite","@id":"https:\/\/jblanz.de\/WP\/#website","url":"https:\/\/jblanz.de\/WP\/","name":"Reiseblog von Karin & Joachim","description":"Wir schreiben den Blog f\u00fcr uns als Erinnerung - f\u00fcr euch als Inspiration","publisher":{"@id":"https:\/\/jblanz.de\/WP\/#\/schema\/person\/17a70f07162e42bc0b181c22397286e0"},"potentialAction":[{"@type":"SearchAction","target":{"@type":"EntryPoint","urlTemplate":"https:\/\/jblanz.de\/WP\/?s={search_term_string}"},"query-input":{"@type":"PropertyValueSpecification","valueRequired":true,"valueName":"search_term_string"}}],"inLanguage":"de"},{"@type":["Person","Organization"],"@id":"https:\/\/jblanz.de\/WP\/#\/schema\/person\/17a70f07162e42bc0b181c22397286e0","name":"Achim","image":{"@type":"ImageObject","inLanguage":"de","@id":"https:\/\/secure.gravatar.com\/avatar\/b7ab31bc55956af4a9bebf7fd034761212b11b803b7e39464914d6abeefb12f3?s=96&d=mm&r=g","url":"https:\/\/secure.gravatar.com\/avatar\/b7ab31bc55956af4a9bebf7fd034761212b11b803b7e39464914d6abeefb12f3?s=96&d=mm&r=g","contentUrl":"https:\/\/secure.gravatar.com\/avatar\/b7ab31bc55956af4a9bebf7fd034761212b11b803b7e39464914d6abeefb12f3?s=96&d=mm&r=g","caption":"Achim"},"logo":{"@id":"https:\/\/secure.gravatar.com\/avatar\/b7ab31bc55956af4a9bebf7fd034761212b11b803b7e39464914d6abeefb12f3?s=96&d=mm&r=g"},"url":"https:\/\/jblanz.de\/WP\/author\/achim\/"}]}},"_links":{"self":[{"href":"https:\/\/jblanz.de\/WP\/wp-json\/wp\/v2\/posts\/3421","targetHints":{"allow":["GET"]}}],"collection":[{"href":"https:\/\/jblanz.de\/WP\/wp-json\/wp\/v2\/posts"}],"about":[{"href":"https:\/\/jblanz.de\/WP\/wp-json\/wp\/v2\/types\/post"}],"author":[{"embeddable":true,"href":"https:\/\/jblanz.de\/WP\/wp-json\/wp\/v2\/users\/1"}],"replies":[{"embeddable":true,"href":"https:\/\/jblanz.de\/WP\/wp-json\/wp\/v2\/comments?post=3421"}],"version-history":[{"count":0,"href":"https:\/\/jblanz.de\/WP\/wp-json\/wp\/v2\/posts\/3421\/revisions"}],"wp:featuredmedia":[{"embeddable":true,"href":"https:\/\/jblanz.de\/WP\/wp-json\/wp\/v2\/media\/5775"}],"wp:attachment":[{"href":"https:\/\/jblanz.de\/WP\/wp-json\/wp\/v2\/media?parent=3421"}],"wp:term":[{"taxonomy":"category","embeddable":true,"href":"https:\/\/jblanz.de\/WP\/wp-json\/wp\/v2\/categories?post=3421"},{"taxonomy":"post_tag","embeddable":true,"href":"https:\/\/jblanz.de\/WP\/wp-json\/wp\/v2\/tags?post=3421"}],"curies":[{"name":"wp","href":"https:\/\/api.w.org\/{rel}","templated":true}]}}