{"id":4737,"date":"2020-07-05T22:46:58","date_gmt":"2020-07-05T20:46:58","guid":{"rendered":"http:\/\/jblanz.de\/WP\/?p=4737"},"modified":"2020-07-06T20:01:41","modified_gmt":"2020-07-06T18:01:41","slug":"anreise-nach-flims","status":"publish","type":"post","link":"https:\/\/jblanz.de\/WP\/anreise-nach-flims\/","title":{"rendered":"05.07.2020 &#8211; Anreise nach Flims"},"content":{"rendered":"<p>So gegen 10 Uhr am Sonntag, dem 5. Juli 2020, waren wir fertig mit dem Packen unseres Wohnmobils und wir konnten endlich losfahren. Durch die Pandemie mit dem Corona-Virus konnten wir ja vom M\u00e4rz bis Ende Juni nicht ins Ausland verreisen. So gesehen ist die Fahrt in die Schweiz ein richtiges Erlebnis. Im Gegensatz zu Deutschland gab es in der Schweiz keine Pflicht einen Mundschutz zu tragen, aber die steigende Zahl der Corona-Infizierten nach der \u00e9ffnung der Bars und Clubs veranlasste die Schweizer Regierung nun doch ab Montag, 6. Juli, zumindest in \u00f6ffentlichen Verkehrsmitteln, die Mundschutzpflicht einzuf\u00fchren. Die etwa 250 km, weitgehend Autobahn, vergehen schnell und wir fahren direkt den Campingplatz in Flims an. Wir haben Gl\u00fcck und bekommen einen Platz am Rand eines Sportplatzes, leider ohne Stromanschluss. Macht nichts, wir haben ja unser Solarpanel und k\u00f6nnen das gerade mal testen.<\/p>\n<p>Kaum angekommen, essen wir schnell ein Brot und schwingen uns dann auf die Ebikes, um zum Caumasee zu fahren. Es geht einige Zeit bergab und wir landen an einem sehr sch\u00f6nen See, der leider auf einer Seite eingez\u00e4unt ist und zu einem&nbsp; Badesee mit Liegewiesen und Restauration umfunktioniert wurde. Ein Aufzug verbindet den Parkplatz in Flims und den Eingang zum &#8222;Seebad&#8220;. Der Eintritt kostet 15 CHF pro Person, mit G\u00e4stekarte nur noch 6 Franken. Obwohl es doch ein ziemlich langer Weg ist, hat sich am fr\u00fchen Nachmittag bei sch\u00f6nstem Sommerwetter nat\u00fcrlich schon eine lange Schlange vor dem Eingang gebildet. Die Leute halten keinerlei Abstand, tragen keine Masken. Wir halten nicht einmal an, sondern zweigen direkt auf einen Rundweg um den See ein. Nach kurzer Fahrt endet der Zaun und man kann \u00fcber eine kleine B\u00f6schung leicht ins Wasser gelangen. Wenig Leute, keine Ansteckungsgefahr. Karin beschliesst sofort ins Wasser zu gehen, ich z\u00f6gere noch, lass mich aber \u00fcberzeugen und so geniessen wir das k\u00fchle, aber nicht wirklich kalte Wasser. Einige Touristen, deren Sprache wir nicht einordnen k\u00f6nnen, machen Fotos am Ufer und das sch\u00f6ne Licht animiert uns ebenfalls ein paar Portraits zu machen.<\/p>\n\n\n<figure class=\"wp-block-image size-large\"><img loading=\"lazy\" decoding=\"async\" width=\"800\" height=\"450\" src=\"https:\/\/jblanz.de\/WP\/wp-content\/uploads\/2020\/07\/Schweiz2020_001.jpg\" alt=\"\" class=\"wp-image-4741\" srcset=\"https:\/\/jblanz.de\/WP\/wp-content\/uploads\/2020\/07\/Schweiz2020_001.jpg 800w, https:\/\/jblanz.de\/WP\/wp-content\/uploads\/2020\/07\/Schweiz2020_001-300x169.jpg 300w, https:\/\/jblanz.de\/WP\/wp-content\/uploads\/2020\/07\/Schweiz2020_001-768x432.jpg 768w\" sizes=\"auto, (max-width: 800px) 100vw, 800px\" \/><\/figure>\n\n\n\n<figure class=\"wp-block-image size-large\"><img loading=\"lazy\" decoding=\"async\" width=\"800\" height=\"450\" src=\"https:\/\/jblanz.de\/WP\/wp-content\/uploads\/2020\/07\/Schweiz2020_010.jpg\" alt=\"\" class=\"wp-image-4745\" srcset=\"https:\/\/jblanz.de\/WP\/wp-content\/uploads\/2020\/07\/Schweiz2020_010.jpg 800w, https:\/\/jblanz.de\/WP\/wp-content\/uploads\/2020\/07\/Schweiz2020_010-300x169.jpg 300w, https:\/\/jblanz.de\/WP\/wp-content\/uploads\/2020\/07\/Schweiz2020_010-768x432.jpg 768w\" sizes=\"auto, (max-width: 800px) 100vw, 800px\" \/><\/figure>\n\n\n\n<figure class=\"wp-block-image size-large\"><img loading=\"lazy\" decoding=\"async\" width=\"800\" height=\"450\" src=\"https:\/\/jblanz.de\/WP\/wp-content\/uploads\/2020\/07\/Schweiz2020_011.jpg\" alt=\"\" class=\"wp-image-4746\" srcset=\"https:\/\/jblanz.de\/WP\/wp-content\/uploads\/2020\/07\/Schweiz2020_011.jpg 800w, https:\/\/jblanz.de\/WP\/wp-content\/uploads\/2020\/07\/Schweiz2020_011-300x169.jpg 300w, https:\/\/jblanz.de\/WP\/wp-content\/uploads\/2020\/07\/Schweiz2020_011-768x432.jpg 768w\" sizes=\"auto, (max-width: 800px) 100vw, 800px\" \/><\/figure>\n\n\n\n<figure class=\"wp-block-image size-large\"><img loading=\"lazy\" decoding=\"async\" width=\"800\" height=\"450\" src=\"https:\/\/jblanz.de\/WP\/wp-content\/uploads\/2020\/07\/Schweiz2020_013.jpg\" alt=\"\" class=\"wp-image-4747\" srcset=\"https:\/\/jblanz.de\/WP\/wp-content\/uploads\/2020\/07\/Schweiz2020_013.jpg 800w, https:\/\/jblanz.de\/WP\/wp-content\/uploads\/2020\/07\/Schweiz2020_013-300x169.jpg 300w, https:\/\/jblanz.de\/WP\/wp-content\/uploads\/2020\/07\/Schweiz2020_013-768x432.jpg 768w\" sizes=\"auto, (max-width: 800px) 100vw, 800px\" \/><\/figure>\n\n\n\n<figure class=\"wp-block-image size-large\"><img loading=\"lazy\" decoding=\"async\" width=\"800\" height=\"450\" src=\"https:\/\/jblanz.de\/WP\/wp-content\/uploads\/2020\/07\/Schweiz2020_015.jpg\" alt=\"\" class=\"wp-image-4748\" srcset=\"https:\/\/jblanz.de\/WP\/wp-content\/uploads\/2020\/07\/Schweiz2020_015.jpg 800w, https:\/\/jblanz.de\/WP\/wp-content\/uploads\/2020\/07\/Schweiz2020_015-300x169.jpg 300w, https:\/\/jblanz.de\/WP\/wp-content\/uploads\/2020\/07\/Schweiz2020_015-768x432.jpg 768w\" sizes=\"auto, (max-width: 800px) 100vw, 800px\" \/><\/figure>\n\n\n\n<figure class=\"wp-block-image size-large\"><img loading=\"lazy\" decoding=\"async\" width=\"800\" height=\"450\" src=\"https:\/\/jblanz.de\/WP\/wp-content\/uploads\/2020\/07\/Schweiz2020_018.jpg\" alt=\"\" class=\"wp-image-4750\" srcset=\"https:\/\/jblanz.de\/WP\/wp-content\/uploads\/2020\/07\/Schweiz2020_018.jpg 800w, https:\/\/jblanz.de\/WP\/wp-content\/uploads\/2020\/07\/Schweiz2020_018-300x169.jpg 300w, https:\/\/jblanz.de\/WP\/wp-content\/uploads\/2020\/07\/Schweiz2020_018-768x432.jpg 768w\" sizes=\"auto, (max-width: 800px) 100vw, 800px\" \/><\/figure>\n\n\n\n<figure class=\"wp-block-image size-large\"><img loading=\"lazy\" decoding=\"async\" width=\"800\" height=\"450\" src=\"https:\/\/jblanz.de\/WP\/wp-content\/uploads\/2020\/07\/Schweiz2020_021.jpg\" alt=\"\" class=\"wp-image-4751\" srcset=\"https:\/\/jblanz.de\/WP\/wp-content\/uploads\/2020\/07\/Schweiz2020_021.jpg 800w, https:\/\/jblanz.de\/WP\/wp-content\/uploads\/2020\/07\/Schweiz2020_021-300x169.jpg 300w, https:\/\/jblanz.de\/WP\/wp-content\/uploads\/2020\/07\/Schweiz2020_021-768x432.jpg 768w\" sizes=\"auto, (max-width: 800px) 100vw, 800px\" \/><\/figure>\n\n\n\n<figure class=\"wp-block-image size-large\"><img loading=\"lazy\" decoding=\"async\" width=\"800\" height=\"450\" src=\"https:\/\/jblanz.de\/WP\/wp-content\/uploads\/2020\/07\/Schweiz2020_023.jpg\" alt=\"\" class=\"wp-image-4752\" srcset=\"https:\/\/jblanz.de\/WP\/wp-content\/uploads\/2020\/07\/Schweiz2020_023.jpg 800w, https:\/\/jblanz.de\/WP\/wp-content\/uploads\/2020\/07\/Schweiz2020_023-300x169.jpg 300w, https:\/\/jblanz.de\/WP\/wp-content\/uploads\/2020\/07\/Schweiz2020_023-768x432.jpg 768w\" sizes=\"auto, (max-width: 800px) 100vw, 800px\" \/><\/figure>\n\n\n\n<p>Auf der R\u00fcckfahrt passieren wir nochmals die Warteschlange vor dem Eingang, h\u00f6ren st\u00e4ndig Leute in der Schlange husten und keuchen, und sind froh, nicht reingegangen zu sein. Obwohl die Wege, wie wir erst jetzt sehen, offiziell f\u00fcr Fahrr\u00e4der gesperrt sind, fahren viele Leute mit dem Rad rum. Oben angekommen fahren wir durch Flims zur Liftstation. Imposantes Geb\u00e4ude, aber nicht viele Leute da. Wir beschliessen noch nach Laax zu fahren. Entlang der Strasse wird es aber geradezu kriminell. Wir finden einen Parkplatz, der zu einer Br\u00fccke f\u00fchrt, die \u00fcber die Schnellstrasse geht und landen in einem mond\u00e4nen Bereich rund um die Liftstation. \u00dcberall wuseln Kinder auf allen m\u00f6glichen fahrbaren Unterteilen in extra angelegten Funparks herum.<\/p>\n<p>Wir fahren den gleichen Weg zur\u00fcck und kommen direkt an unserem Wohnmobil raus, trinken einen eisgek\u00fchlten Campari und essen Spaghetti mit Bolognese-Pilz-Sauce, die wir mitgebracht haben. Moskitos umschwirren uns, daher beschliessen wir uns in das Wohnmobil zur\u00fcckzuziehen.<\/p>\n","protected":false},"excerpt":{"rendered":"<p>So gegen 10 Uhr am Sonntag, dem 5. Juli 2020, waren wir fertig mit dem Packen unseres Wohnmobils und wir<\/p>\n","protected":false},"author":1,"featured_media":4750,"comment_status":"open","ping_status":"open","sticky":false,"template":"","format":"standard","meta":{"colormag_page_container_layout":"default_layout","colormag_page_sidebar_layout":"default_layout","_monsterinsights_skip_tracking":false,"_monsterinsights_sitenote_active":false,"_monsterinsights_sitenote_note":"","_monsterinsights_sitenote_category":0,"footnotes":""},"categories":[201,199],"tags":[218,219,220,194],"class_list":["post-4737","post","type-post","status-publish","format-standard","has-post-thumbnail","hentry","category-201","category-schweiz","tag-caunasee","tag-flims","tag-graubuenden","tag-schweiz"],"yoast_head":"<!-- This site is optimized with the Yoast SEO plugin v27.4 - https:\/\/yoast.com\/product\/yoast-seo-wordpress\/ -->\n<title>05.07.2020 - Anreise nach Flims - Reiseblog von Karin &amp; Joachim<\/title>\n<meta name=\"robots\" content=\"index, follow, max-snippet:-1, max-image-preview:large, max-video-preview:-1\" \/>\n<link rel=\"canonical\" href=\"https:\/\/jblanz.de\/WP\/anreise-nach-flims\/\" \/>\n<meta property=\"og:locale\" content=\"de_DE\" \/>\n<meta property=\"og:type\" content=\"article\" \/>\n<meta property=\"og:title\" content=\"05.07.2020 - Anreise nach Flims - Reiseblog von Karin &amp; Joachim\" \/>\n<meta property=\"og:description\" content=\"So gegen 10 Uhr am Sonntag, dem 5. Juli 2020, waren wir fertig mit dem Packen unseres Wohnmobils und wir\" \/>\n<meta property=\"og:url\" content=\"https:\/\/jblanz.de\/WP\/anreise-nach-flims\/\" \/>\n<meta property=\"og:site_name\" content=\"Reiseblog von Karin &amp; Joachim\" \/>\n<meta property=\"article:published_time\" content=\"2020-07-05T20:46:58+00:00\" \/>\n<meta property=\"article:modified_time\" content=\"2020-07-06T18:01:41+00:00\" \/>\n<meta property=\"og:image\" content=\"https:\/\/jblanz.de\/WP\/wp-content\/uploads\/2020\/07\/Schweiz2020_018.jpg\" \/>\n\t<meta property=\"og:image:width\" content=\"800\" \/>\n\t<meta property=\"og:image:height\" content=\"450\" \/>\n\t<meta property=\"og:image:type\" content=\"image\/jpeg\" \/>\n<meta name=\"author\" content=\"Achim\" \/>\n<meta name=\"twitter:card\" content=\"summary_large_image\" \/>\n<meta name=\"twitter:label1\" content=\"Verfasst von\" \/>\n\t<meta name=\"twitter:data1\" content=\"Achim\" \/>\n\t<meta name=\"twitter:label2\" content=\"Gesch\u00e4tzte Lesezeit\" \/>\n\t<meta name=\"twitter:data2\" content=\"3\u00a0Minuten\" \/>\n<script type=\"application\/ld+json\" class=\"yoast-schema-graph\">{\"@context\":\"https:\\\/\\\/schema.org\",\"@graph\":[{\"@type\":\"Article\",\"@id\":\"https:\\\/\\\/jblanz.de\\\/WP\\\/anreise-nach-flims\\\/#article\",\"isPartOf\":{\"@id\":\"https:\\\/\\\/jblanz.de\\\/WP\\\/anreise-nach-flims\\\/\"},\"author\":{\"name\":\"Achim\",\"@id\":\"https:\\\/\\\/jblanz.de\\\/WP\\\/#\\\/schema\\\/person\\\/17a70f07162e42bc0b181c22397286e0\"},\"headline\":\"05.07.2020 &#8211; Anreise nach Flims\",\"datePublished\":\"2020-07-05T20:46:58+00:00\",\"dateModified\":\"2020-07-06T18:01:41+00:00\",\"mainEntityOfPage\":{\"@id\":\"https:\\\/\\\/jblanz.de\\\/WP\\\/anreise-nach-flims\\\/\"},\"wordCount\":510,\"commentCount\":0,\"publisher\":{\"@id\":\"https:\\\/\\\/jblanz.de\\\/WP\\\/#\\\/schema\\\/person\\\/17a70f07162e42bc0b181c22397286e0\"},\"image\":{\"@id\":\"https:\\\/\\\/jblanz.de\\\/WP\\\/anreise-nach-flims\\\/#primaryimage\"},\"thumbnailUrl\":\"https:\\\/\\\/jblanz.de\\\/WP\\\/wp-content\\\/uploads\\\/2020\\\/07\\\/Schweiz2020_018.jpg\",\"keywords\":[\"Caunasee\",\"Flims\",\"Graub\u00fcnden\",\"Schweiz\"],\"articleSection\":[\"2020\",\"Schweiz\"],\"inLanguage\":\"de\",\"potentialAction\":[{\"@type\":\"CommentAction\",\"name\":\"Comment\",\"target\":[\"https:\\\/\\\/jblanz.de\\\/WP\\\/anreise-nach-flims\\\/#respond\"]}]},{\"@type\":\"WebPage\",\"@id\":\"https:\\\/\\\/jblanz.de\\\/WP\\\/anreise-nach-flims\\\/\",\"url\":\"https:\\\/\\\/jblanz.de\\\/WP\\\/anreise-nach-flims\\\/\",\"name\":\"05.07.2020 - Anreise nach Flims - Reiseblog von Karin &amp; Joachim\",\"isPartOf\":{\"@id\":\"https:\\\/\\\/jblanz.de\\\/WP\\\/#website\"},\"primaryImageOfPage\":{\"@id\":\"https:\\\/\\\/jblanz.de\\\/WP\\\/anreise-nach-flims\\\/#primaryimage\"},\"image\":{\"@id\":\"https:\\\/\\\/jblanz.de\\\/WP\\\/anreise-nach-flims\\\/#primaryimage\"},\"thumbnailUrl\":\"https:\\\/\\\/jblanz.de\\\/WP\\\/wp-content\\\/uploads\\\/2020\\\/07\\\/Schweiz2020_018.jpg\",\"datePublished\":\"2020-07-05T20:46:58+00:00\",\"dateModified\":\"2020-07-06T18:01:41+00:00\",\"breadcrumb\":{\"@id\":\"https:\\\/\\\/jblanz.de\\\/WP\\\/anreise-nach-flims\\\/#breadcrumb\"},\"inLanguage\":\"de\",\"potentialAction\":[{\"@type\":\"ReadAction\",\"target\":[\"https:\\\/\\\/jblanz.de\\\/WP\\\/anreise-nach-flims\\\/\"]}]},{\"@type\":\"ImageObject\",\"inLanguage\":\"de\",\"@id\":\"https:\\\/\\\/jblanz.de\\\/WP\\\/anreise-nach-flims\\\/#primaryimage\",\"url\":\"https:\\\/\\\/jblanz.de\\\/WP\\\/wp-content\\\/uploads\\\/2020\\\/07\\\/Schweiz2020_018.jpg\",\"contentUrl\":\"https:\\\/\\\/jblanz.de\\\/WP\\\/wp-content\\\/uploads\\\/2020\\\/07\\\/Schweiz2020_018.jpg\",\"width\":800,\"height\":450},{\"@type\":\"BreadcrumbList\",\"@id\":\"https:\\\/\\\/jblanz.de\\\/WP\\\/anreise-nach-flims\\\/#breadcrumb\",\"itemListElement\":[{\"@type\":\"ListItem\",\"position\":1,\"name\":\"Startseite\",\"item\":\"https:\\\/\\\/jblanz.de\\\/WP\\\/\"},{\"@type\":\"ListItem\",\"position\":2,\"name\":\"05.07.2020 &#8211; Anreise nach Flims\"}]},{\"@type\":\"WebSite\",\"@id\":\"https:\\\/\\\/jblanz.de\\\/WP\\\/#website\",\"url\":\"https:\\\/\\\/jblanz.de\\\/WP\\\/\",\"name\":\"Reiseblog von Karin & Joachim\",\"description\":\"Wir schreiben den Blog f\u00fcr uns als Erinnerung - f\u00fcr euch als Inspiration\",\"publisher\":{\"@id\":\"https:\\\/\\\/jblanz.de\\\/WP\\\/#\\\/schema\\\/person\\\/17a70f07162e42bc0b181c22397286e0\"},\"potentialAction\":[{\"@type\":\"SearchAction\",\"target\":{\"@type\":\"EntryPoint\",\"urlTemplate\":\"https:\\\/\\\/jblanz.de\\\/WP\\\/?s={search_term_string}\"},\"query-input\":{\"@type\":\"PropertyValueSpecification\",\"valueRequired\":true,\"valueName\":\"search_term_string\"}}],\"inLanguage\":\"de\"},{\"@type\":[\"Person\",\"Organization\"],\"@id\":\"https:\\\/\\\/jblanz.de\\\/WP\\\/#\\\/schema\\\/person\\\/17a70f07162e42bc0b181c22397286e0\",\"name\":\"Achim\",\"image\":{\"@type\":\"ImageObject\",\"inLanguage\":\"de\",\"@id\":\"https:\\\/\\\/secure.gravatar.com\\\/avatar\\\/b7ab31bc55956af4a9bebf7fd034761212b11b803b7e39464914d6abeefb12f3?s=96&d=mm&r=g\",\"url\":\"https:\\\/\\\/secure.gravatar.com\\\/avatar\\\/b7ab31bc55956af4a9bebf7fd034761212b11b803b7e39464914d6abeefb12f3?s=96&d=mm&r=g\",\"contentUrl\":\"https:\\\/\\\/secure.gravatar.com\\\/avatar\\\/b7ab31bc55956af4a9bebf7fd034761212b11b803b7e39464914d6abeefb12f3?s=96&d=mm&r=g\",\"caption\":\"Achim\"},\"logo\":{\"@id\":\"https:\\\/\\\/secure.gravatar.com\\\/avatar\\\/b7ab31bc55956af4a9bebf7fd034761212b11b803b7e39464914d6abeefb12f3?s=96&d=mm&r=g\"},\"url\":\"https:\\\/\\\/jblanz.de\\\/WP\\\/author\\\/achim\\\/\"}]}<\/script>\n<!-- \/ Yoast SEO plugin. -->","yoast_head_json":{"title":"05.07.2020 - Anreise nach Flims - Reiseblog von Karin &amp; Joachim","robots":{"index":"index","follow":"follow","max-snippet":"max-snippet:-1","max-image-preview":"max-image-preview:large","max-video-preview":"max-video-preview:-1"},"canonical":"https:\/\/jblanz.de\/WP\/anreise-nach-flims\/","og_locale":"de_DE","og_type":"article","og_title":"05.07.2020 - Anreise nach Flims - Reiseblog von Karin &amp; Joachim","og_description":"So gegen 10 Uhr am Sonntag, dem 5. Juli 2020, waren wir fertig mit dem Packen unseres Wohnmobils und wir","og_url":"https:\/\/jblanz.de\/WP\/anreise-nach-flims\/","og_site_name":"Reiseblog von Karin &amp; Joachim","article_published_time":"2020-07-05T20:46:58+00:00","article_modified_time":"2020-07-06T18:01:41+00:00","og_image":[{"width":800,"height":450,"url":"https:\/\/jblanz.de\/WP\/wp-content\/uploads\/2020\/07\/Schweiz2020_018.jpg","type":"image\/jpeg"}],"author":"Achim","twitter_card":"summary_large_image","twitter_misc":{"Verfasst von":"Achim","Gesch\u00e4tzte Lesezeit":"3\u00a0Minuten"},"schema":{"@context":"https:\/\/schema.org","@graph":[{"@type":"Article","@id":"https:\/\/jblanz.de\/WP\/anreise-nach-flims\/#article","isPartOf":{"@id":"https:\/\/jblanz.de\/WP\/anreise-nach-flims\/"},"author":{"name":"Achim","@id":"https:\/\/jblanz.de\/WP\/#\/schema\/person\/17a70f07162e42bc0b181c22397286e0"},"headline":"05.07.2020 &#8211; Anreise nach Flims","datePublished":"2020-07-05T20:46:58+00:00","dateModified":"2020-07-06T18:01:41+00:00","mainEntityOfPage":{"@id":"https:\/\/jblanz.de\/WP\/anreise-nach-flims\/"},"wordCount":510,"commentCount":0,"publisher":{"@id":"https:\/\/jblanz.de\/WP\/#\/schema\/person\/17a70f07162e42bc0b181c22397286e0"},"image":{"@id":"https:\/\/jblanz.de\/WP\/anreise-nach-flims\/#primaryimage"},"thumbnailUrl":"https:\/\/jblanz.de\/WP\/wp-content\/uploads\/2020\/07\/Schweiz2020_018.jpg","keywords":["Caunasee","Flims","Graub\u00fcnden","Schweiz"],"articleSection":["2020","Schweiz"],"inLanguage":"de","potentialAction":[{"@type":"CommentAction","name":"Comment","target":["https:\/\/jblanz.de\/WP\/anreise-nach-flims\/#respond"]}]},{"@type":"WebPage","@id":"https:\/\/jblanz.de\/WP\/anreise-nach-flims\/","url":"https:\/\/jblanz.de\/WP\/anreise-nach-flims\/","name":"05.07.2020 - Anreise nach Flims - Reiseblog von Karin &amp; Joachim","isPartOf":{"@id":"https:\/\/jblanz.de\/WP\/#website"},"primaryImageOfPage":{"@id":"https:\/\/jblanz.de\/WP\/anreise-nach-flims\/#primaryimage"},"image":{"@id":"https:\/\/jblanz.de\/WP\/anreise-nach-flims\/#primaryimage"},"thumbnailUrl":"https:\/\/jblanz.de\/WP\/wp-content\/uploads\/2020\/07\/Schweiz2020_018.jpg","datePublished":"2020-07-05T20:46:58+00:00","dateModified":"2020-07-06T18:01:41+00:00","breadcrumb":{"@id":"https:\/\/jblanz.de\/WP\/anreise-nach-flims\/#breadcrumb"},"inLanguage":"de","potentialAction":[{"@type":"ReadAction","target":["https:\/\/jblanz.de\/WP\/anreise-nach-flims\/"]}]},{"@type":"ImageObject","inLanguage":"de","@id":"https:\/\/jblanz.de\/WP\/anreise-nach-flims\/#primaryimage","url":"https:\/\/jblanz.de\/WP\/wp-content\/uploads\/2020\/07\/Schweiz2020_018.jpg","contentUrl":"https:\/\/jblanz.de\/WP\/wp-content\/uploads\/2020\/07\/Schweiz2020_018.jpg","width":800,"height":450},{"@type":"BreadcrumbList","@id":"https:\/\/jblanz.de\/WP\/anreise-nach-flims\/#breadcrumb","itemListElement":[{"@type":"ListItem","position":1,"name":"Startseite","item":"https:\/\/jblanz.de\/WP\/"},{"@type":"ListItem","position":2,"name":"05.07.2020 &#8211; Anreise nach Flims"}]},{"@type":"WebSite","@id":"https:\/\/jblanz.de\/WP\/#website","url":"https:\/\/jblanz.de\/WP\/","name":"Reiseblog von Karin & Joachim","description":"Wir schreiben den Blog f\u00fcr uns als Erinnerung - f\u00fcr euch als Inspiration","publisher":{"@id":"https:\/\/jblanz.de\/WP\/#\/schema\/person\/17a70f07162e42bc0b181c22397286e0"},"potentialAction":[{"@type":"SearchAction","target":{"@type":"EntryPoint","urlTemplate":"https:\/\/jblanz.de\/WP\/?s={search_term_string}"},"query-input":{"@type":"PropertyValueSpecification","valueRequired":true,"valueName":"search_term_string"}}],"inLanguage":"de"},{"@type":["Person","Organization"],"@id":"https:\/\/jblanz.de\/WP\/#\/schema\/person\/17a70f07162e42bc0b181c22397286e0","name":"Achim","image":{"@type":"ImageObject","inLanguage":"de","@id":"https:\/\/secure.gravatar.com\/avatar\/b7ab31bc55956af4a9bebf7fd034761212b11b803b7e39464914d6abeefb12f3?s=96&d=mm&r=g","url":"https:\/\/secure.gravatar.com\/avatar\/b7ab31bc55956af4a9bebf7fd034761212b11b803b7e39464914d6abeefb12f3?s=96&d=mm&r=g","contentUrl":"https:\/\/secure.gravatar.com\/avatar\/b7ab31bc55956af4a9bebf7fd034761212b11b803b7e39464914d6abeefb12f3?s=96&d=mm&r=g","caption":"Achim"},"logo":{"@id":"https:\/\/secure.gravatar.com\/avatar\/b7ab31bc55956af4a9bebf7fd034761212b11b803b7e39464914d6abeefb12f3?s=96&d=mm&r=g"},"url":"https:\/\/jblanz.de\/WP\/author\/achim\/"}]}},"_links":{"self":[{"href":"https:\/\/jblanz.de\/WP\/wp-json\/wp\/v2\/posts\/4737","targetHints":{"allow":["GET"]}}],"collection":[{"href":"https:\/\/jblanz.de\/WP\/wp-json\/wp\/v2\/posts"}],"about":[{"href":"https:\/\/jblanz.de\/WP\/wp-json\/wp\/v2\/types\/post"}],"author":[{"embeddable":true,"href":"https:\/\/jblanz.de\/WP\/wp-json\/wp\/v2\/users\/1"}],"replies":[{"embeddable":true,"href":"https:\/\/jblanz.de\/WP\/wp-json\/wp\/v2\/comments?post=4737"}],"version-history":[{"count":0,"href":"https:\/\/jblanz.de\/WP\/wp-json\/wp\/v2\/posts\/4737\/revisions"}],"wp:featuredmedia":[{"embeddable":true,"href":"https:\/\/jblanz.de\/WP\/wp-json\/wp\/v2\/media\/4750"}],"wp:attachment":[{"href":"https:\/\/jblanz.de\/WP\/wp-json\/wp\/v2\/media?parent=4737"}],"wp:term":[{"taxonomy":"category","embeddable":true,"href":"https:\/\/jblanz.de\/WP\/wp-json\/wp\/v2\/categories?post=4737"},{"taxonomy":"post_tag","embeddable":true,"href":"https:\/\/jblanz.de\/WP\/wp-json\/wp\/v2\/tags?post=4737"}],"curies":[{"name":"wp","href":"https:\/\/api.w.org\/{rel}","templated":true}]}}