{"id":4761,"date":"2020-07-06T21:23:16","date_gmt":"2020-07-06T19:23:16","guid":{"rendered":"http:\/\/jblanz.de\/WP\/?p=4761"},"modified":"2020-07-06T21:23:16","modified_gmt":"2020-07-06T19:23:16","slug":"06-07-2020-radtour-nach-conn-und-zum-cresta-see","status":"publish","type":"post","link":"https:\/\/jblanz.de\/WP\/06-07-2020-radtour-nach-conn-und-zum-cresta-see\/","title":{"rendered":"06.07.2020 &#8211; Radtour nach Conn und zum Cresta-See"},"content":{"rendered":"\n<p>Die Nacht recht kalt, aber morgens \u00fcberraschend mild. Gutes Wetter, wenn auch dunkle Wolken \u00fcber die Berge hereinziehen. Wir fr\u00fchst\u00fccken ausgiebig und machen uns dann auf zum Cresta-See, der zwischen Trin und Flims liegt. Es geht durch den Wald recht steil bergab. Am Weg steht ein Spechtbaum, das ist ein alter abgestorbener Baum, der f\u00fcr Spechte und als Unterschlupf f\u00fcr Flederm\u00e4use stehengelassen wurde.&nbsp; Wir kommen an eine Kreuzung, an der es rechts nach Conn, einem Aussichtspunkt, und links zum See geht. Spontan beschliessen wir zuerst Conn anzufahren, obwohl es einige Kilometer entfernt liegt und wir keine Ahnung haben, was uns dort erwartet. Wir fahren auf geschotterten, aber mit dem Fahrrad gut befahrbaren, Wegen durch den Bergwald und landen in einer Idylle am Rande der Rheinschlucht. Erst gr\u00fcne Wiesen und dann der Abbruch in die Rheinschlucht, imposante Ausblicke an den Aussichtspunkten. Ein Zug f\u00e4hrt durch die Schlucht. Auf dem Weg zum See verfahren wir uns und kommen zu einer Aussichtsplattform. Die Wanderer kennen keinen Abstand. Wir gehen, einigermassen Abstand haltend, hoch, aber immer mal wieder kommen einem Leute entgegen, denen Abstand halten ein Fremdwort ist. Wieder unten angekommen, ziehen aber einige ihr Desinfektionsmittel f\u00fcr die H\u00e4nde aus der Tasche (wir auch). Es hat sich doch rumgesprochen, dass man besser vorsichtig ist. Von der Plattform hat man nochmals eine tolle Aussicht auf die Rheinschlucht.<\/p>\n\n\n\n<figure class=\"wp-block-image size-large\"><img loading=\"lazy\" decoding=\"async\" width=\"800\" height=\"450\" src=\"https:\/\/jblanz.de\/WP\/wp-content\/uploads\/2020\/07\/Schweiz2020_025.jpg\" alt=\"\" class=\"wp-image-4764\" srcset=\"https:\/\/jblanz.de\/WP\/wp-content\/uploads\/2020\/07\/Schweiz2020_025.jpg 800w, https:\/\/jblanz.de\/WP\/wp-content\/uploads\/2020\/07\/Schweiz2020_025-300x169.jpg 300w, https:\/\/jblanz.de\/WP\/wp-content\/uploads\/2020\/07\/Schweiz2020_025-768x432.jpg 768w\" sizes=\"auto, (max-width: 800px) 100vw, 800px\" \/><\/figure>\n\n\n\n<figure class=\"wp-block-image size-large\"><img loading=\"lazy\" decoding=\"async\" width=\"800\" height=\"450\" src=\"https:\/\/jblanz.de\/WP\/wp-content\/uploads\/2020\/07\/Schweiz2020_026.jpg\" alt=\"\" class=\"wp-image-4766\" srcset=\"https:\/\/jblanz.de\/WP\/wp-content\/uploads\/2020\/07\/Schweiz2020_026.jpg 800w, https:\/\/jblanz.de\/WP\/wp-content\/uploads\/2020\/07\/Schweiz2020_026-300x169.jpg 300w, https:\/\/jblanz.de\/WP\/wp-content\/uploads\/2020\/07\/Schweiz2020_026-768x432.jpg 768w\" sizes=\"auto, (max-width: 800px) 100vw, 800px\" \/><\/figure>\n\n\n\n<figure class=\"wp-block-image size-large\"><img loading=\"lazy\" decoding=\"async\" width=\"800\" height=\"450\" src=\"https:\/\/jblanz.de\/WP\/wp-content\/uploads\/2020\/07\/Schweiz2020_029.jpg\" alt=\"\" class=\"wp-image-4767\" srcset=\"https:\/\/jblanz.de\/WP\/wp-content\/uploads\/2020\/07\/Schweiz2020_029.jpg 800w, https:\/\/jblanz.de\/WP\/wp-content\/uploads\/2020\/07\/Schweiz2020_029-300x169.jpg 300w, https:\/\/jblanz.de\/WP\/wp-content\/uploads\/2020\/07\/Schweiz2020_029-768x432.jpg 768w\" sizes=\"auto, (max-width: 800px) 100vw, 800px\" \/><figcaption>Gleich daneben ein Restaurant, man muss solche Wanderungen ja auch \u00fcberleben und danach eine Belohnung bekommen<\/figcaption><\/figure>\n\n\n\n<figure class=\"wp-block-image size-large\"><img loading=\"lazy\" decoding=\"async\" width=\"800\" height=\"450\" src=\"https:\/\/jblanz.de\/WP\/wp-content\/uploads\/2020\/07\/Schweiz2020_030.jpg\" alt=\"\" class=\"wp-image-4768\" srcset=\"https:\/\/jblanz.de\/WP\/wp-content\/uploads\/2020\/07\/Schweiz2020_030.jpg 800w, https:\/\/jblanz.de\/WP\/wp-content\/uploads\/2020\/07\/Schweiz2020_030-300x169.jpg 300w, https:\/\/jblanz.de\/WP\/wp-content\/uploads\/2020\/07\/Schweiz2020_030-768x432.jpg 768w\" sizes=\"auto, (max-width: 800px) 100vw, 800px\" \/><\/figure>\n\n\n\n<figure class=\"wp-block-image size-large\"><img loading=\"lazy\" decoding=\"async\" width=\"800\" height=\"450\" src=\"https:\/\/jblanz.de\/WP\/wp-content\/uploads\/2020\/07\/Schweiz2020_034.jpg\" alt=\"\" class=\"wp-image-4769\" srcset=\"https:\/\/jblanz.de\/WP\/wp-content\/uploads\/2020\/07\/Schweiz2020_034.jpg 800w, https:\/\/jblanz.de\/WP\/wp-content\/uploads\/2020\/07\/Schweiz2020_034-300x169.jpg 300w, https:\/\/jblanz.de\/WP\/wp-content\/uploads\/2020\/07\/Schweiz2020_034-768x432.jpg 768w\" sizes=\"auto, (max-width: 800px) 100vw, 800px\" \/><figcaption>Der Zug f\u00e4hrt \u00fcber die Br\u00fccke und in ein Tunnel hinein<\/figcaption><\/figure>\n\n\n\n<figure class=\"wp-block-image size-large\"><img loading=\"lazy\" decoding=\"async\" width=\"800\" height=\"450\" src=\"https:\/\/jblanz.de\/WP\/wp-content\/uploads\/2020\/07\/Schweiz2020_036.jpg\" alt=\"\" class=\"wp-image-4771\" srcset=\"https:\/\/jblanz.de\/WP\/wp-content\/uploads\/2020\/07\/Schweiz2020_036.jpg 800w, https:\/\/jblanz.de\/WP\/wp-content\/uploads\/2020\/07\/Schweiz2020_036-300x169.jpg 300w, https:\/\/jblanz.de\/WP\/wp-content\/uploads\/2020\/07\/Schweiz2020_036-768x432.jpg 768w\" sizes=\"auto, (max-width: 800px) 100vw, 800px\" \/><figcaption>Wiesen und Berge, wenn man in die andere Richtung schaut<\/figcaption><\/figure>\n\n\n\n<figure class=\"wp-block-image size-large\"><img loading=\"lazy\" decoding=\"async\" width=\"800\" height=\"450\" src=\"https:\/\/jblanz.de\/WP\/wp-content\/uploads\/2020\/07\/Schweiz2020_042.jpg\" alt=\"\" class=\"wp-image-4773\" srcset=\"https:\/\/jblanz.de\/WP\/wp-content\/uploads\/2020\/07\/Schweiz2020_042.jpg 800w, https:\/\/jblanz.de\/WP\/wp-content\/uploads\/2020\/07\/Schweiz2020_042-300x169.jpg 300w, https:\/\/jblanz.de\/WP\/wp-content\/uploads\/2020\/07\/Schweiz2020_042-768x432.jpg 768w\" sizes=\"auto, (max-width: 800px) 100vw, 800px\" \/><\/figure>\n\n\n\n<p>Wir fahren ein gutes St\u00fcck zur\u00fcck und dann geht es wieder bergab bis wir am Ufer des Sees ankommen. Auch am Crestasee wurde eine Liegewiese und sanit\u00e4re Anlagen eingerichtet. Dank der G\u00e4stekarte zahlen wir zusammen nur 10 Franken Eintritt, statt 14 Franken. Es gibt einen Kiosk und nach einem Bad im k\u00fchlen See genehmigen wir uns Egli Fischknusperli mit Pommes (19,60 CHF) und geniessen den wundersch\u00f6nen See mit glasklarem Wasser. Im Lauf des Nachmittags f\u00fcllt sich die Liegewiese und wir beschliessen wieder zum Camping zur\u00fcckzufahren.<\/p>\n\n\n\n<figure class=\"wp-block-image size-large\"><img loading=\"lazy\" decoding=\"async\" width=\"800\" height=\"450\" src=\"https:\/\/jblanz.de\/WP\/wp-content\/uploads\/2020\/07\/Schweiz2020_045.jpg\" alt=\"\" class=\"wp-image-4776\" srcset=\"https:\/\/jblanz.de\/WP\/wp-content\/uploads\/2020\/07\/Schweiz2020_045.jpg 800w, https:\/\/jblanz.de\/WP\/wp-content\/uploads\/2020\/07\/Schweiz2020_045-300x169.jpg 300w, https:\/\/jblanz.de\/WP\/wp-content\/uploads\/2020\/07\/Schweiz2020_045-768x432.jpg 768w\" sizes=\"auto, (max-width: 800px) 100vw, 800px\" \/><\/figure>\n\n\n\n<figure class=\"wp-block-image size-large\"><img loading=\"lazy\" decoding=\"async\" width=\"800\" height=\"450\" src=\"https:\/\/jblanz.de\/WP\/wp-content\/uploads\/2020\/07\/Schweiz2020_044.jpg\" alt=\"\" class=\"wp-image-4775\" srcset=\"https:\/\/jblanz.de\/WP\/wp-content\/uploads\/2020\/07\/Schweiz2020_044.jpg 800w, https:\/\/jblanz.de\/WP\/wp-content\/uploads\/2020\/07\/Schweiz2020_044-300x169.jpg 300w, https:\/\/jblanz.de\/WP\/wp-content\/uploads\/2020\/07\/Schweiz2020_044-768x432.jpg 768w\" sizes=\"auto, (max-width: 800px) 100vw, 800px\" \/><\/figure>\n\n\n\n<figure class=\"wp-block-image size-large\"><img loading=\"lazy\" decoding=\"async\" width=\"800\" height=\"450\" src=\"https:\/\/jblanz.de\/WP\/wp-content\/uploads\/2020\/07\/Schweiz2020_048.jpg\" alt=\"\" class=\"wp-image-4778\" srcset=\"https:\/\/jblanz.de\/WP\/wp-content\/uploads\/2020\/07\/Schweiz2020_048.jpg 800w, https:\/\/jblanz.de\/WP\/wp-content\/uploads\/2020\/07\/Schweiz2020_048-300x169.jpg 300w, https:\/\/jblanz.de\/WP\/wp-content\/uploads\/2020\/07\/Schweiz2020_048-768x432.jpg 768w\" sizes=\"auto, (max-width: 800px) 100vw, 800px\" \/><\/figure>\n\n\n\n<figure class=\"wp-block-image size-large\"><img loading=\"lazy\" decoding=\"async\" width=\"800\" height=\"450\" src=\"https:\/\/jblanz.de\/WP\/wp-content\/uploads\/2020\/07\/Schweiz2020_047.jpg\" alt=\"\" class=\"wp-image-4780\" srcset=\"https:\/\/jblanz.de\/WP\/wp-content\/uploads\/2020\/07\/Schweiz2020_047.jpg 800w, https:\/\/jblanz.de\/WP\/wp-content\/uploads\/2020\/07\/Schweiz2020_047-300x169.jpg 300w, https:\/\/jblanz.de\/WP\/wp-content\/uploads\/2020\/07\/Schweiz2020_047-768x432.jpg 768w\" sizes=\"auto, (max-width: 800px) 100vw, 800px\" \/><\/figure>\n\n\n\n<p>Am benachbarten Steg eines Privatgrundst\u00fccks wachsen Seerosen. Das klare Wasser erlaubt zu sehen, wie diese Pflanzen wachsen. Vom Grund des Sees gehen &#8222;Wurzeln&#8220; hoch, an den sich die Bl\u00fctenknospen bilden. Wenn die Knospe dann auftaucht, \u00f6ffnet sie die Bl\u00fcte. Im See gibt es viele Flusskrebse, die selbst am Ufer immer mal wieder im sandigen Untergrund auftauchen. Da das Wasser sehr klar ist, kann man sie noch in 1-2 m Tiefe gut beobachten. Aber gute Fotos zu bekommen, erweist sich als schwierig.<\/p>\n\n\n\n<figure class=\"wp-block-image size-large\"><img loading=\"lazy\" decoding=\"async\" width=\"800\" height=\"450\" src=\"https:\/\/jblanz.de\/WP\/wp-content\/uploads\/2020\/07\/Schweiz2020_052.jpg\" alt=\"\" class=\"wp-image-4781\" srcset=\"https:\/\/jblanz.de\/WP\/wp-content\/uploads\/2020\/07\/Schweiz2020_052.jpg 800w, https:\/\/jblanz.de\/WP\/wp-content\/uploads\/2020\/07\/Schweiz2020_052-300x169.jpg 300w, https:\/\/jblanz.de\/WP\/wp-content\/uploads\/2020\/07\/Schweiz2020_052-768x432.jpg 768w\" sizes=\"auto, (max-width: 800px) 100vw, 800px\" \/><\/figure>\n\n\n\n<figure class=\"wp-block-image size-large\"><img loading=\"lazy\" decoding=\"async\" width=\"800\" height=\"450\" src=\"https:\/\/jblanz.de\/WP\/wp-content\/uploads\/2020\/07\/Schweiz2020_064.jpg\" alt=\"\" class=\"wp-image-4782\" srcset=\"https:\/\/jblanz.de\/WP\/wp-content\/uploads\/2020\/07\/Schweiz2020_064.jpg 800w, https:\/\/jblanz.de\/WP\/wp-content\/uploads\/2020\/07\/Schweiz2020_064-300x169.jpg 300w, https:\/\/jblanz.de\/WP\/wp-content\/uploads\/2020\/07\/Schweiz2020_064-768x432.jpg 768w\" sizes=\"auto, (max-width: 800px) 100vw, 800px\" \/><\/figure>\n\n\n\n<p>Der Weg zur\u00fcck ist teilweise sehr steil. Karin kann noch fahren, aber ich muss einige Male schieben. Zur\u00fcck am Camping verl\u00e4ngern wir gleich um weitere 2 N\u00e4chte, denn neu ankommende Wohnmobile werden bereits abgewiesen, weil der Camping voll ist.<\/p>\n<p>Abends kann Achim endlich mal wieder den Grill auspacken ;-), wir diskutieren ein bisschen \u00fcber Fleisch und Fisch und Eier und deren Entstehung und Ende und \u00fcberhaupt. Heute gibt es keine Moskitos, denen ist es wohl auch zu kalt. Im Vergleich zu gestern ist es einiges k\u00e4lter geworden und St\u00fcck f\u00fcr St\u00fcck hol ich meine w\u00e4rmeren Sachen aus dem Bus, bis wir schliesslich gegen 21 Uhr ganz reingehen. Es ist angenehm ruhig hier f\u00fcr einen Campingplatz, nur das Rumpeln der unerm\u00fcdlichen Skater an der Rampe ist zu h\u00f6ren.<\/p>\n","protected":false},"excerpt":{"rendered":"<p>Die Nacht recht kalt, aber morgens \u00fcberraschend mild. Gutes Wetter, wenn auch dunkle Wolken \u00fcber die Berge hereinziehen. Wir fr\u00fchst\u00fccken<\/p>\n","protected":false},"author":1,"featured_media":4772,"comment_status":"open","ping_status":"open","sticky":false,"template":"","format":"standard","meta":{"colormag_page_container_layout":"default_layout","colormag_page_sidebar_layout":"default_layout","_monsterinsights_skip_tracking":false,"_monsterinsights_sitenote_active":false,"_monsterinsights_sitenote_note":"","_monsterinsights_sitenote_category":0,"footnotes":""},"categories":[201,159,199],"tags":[221,223,219,222],"class_list":["post-4761","post","type-post","status-publish","format-standard","has-post-thumbnail","hentry","category-201","category-europa","category-schweiz","tag-conn","tag-crestasee","tag-flims","tag-rheinschlucht"],"yoast_head":"<!-- This site is optimized with the Yoast SEO plugin v27.4 - https:\/\/yoast.com\/product\/yoast-seo-wordpress\/ -->\n<title>06.07.2020 - Radtour nach Conn und zum Cresta-See - Reiseblog von Karin &amp; Joachim<\/title>\n<meta name=\"robots\" content=\"index, follow, max-snippet:-1, max-image-preview:large, max-video-preview:-1\" \/>\n<link rel=\"canonical\" href=\"https:\/\/jblanz.de\/WP\/06-07-2020-radtour-nach-conn-und-zum-cresta-see\/\" \/>\n<meta property=\"og:locale\" content=\"de_DE\" \/>\n<meta property=\"og:type\" content=\"article\" \/>\n<meta property=\"og:title\" content=\"06.07.2020 - Radtour nach Conn und zum Cresta-See - Reiseblog von Karin &amp; Joachim\" \/>\n<meta property=\"og:description\" content=\"Die Nacht recht kalt, aber morgens \u00fcberraschend mild. Gutes Wetter, wenn auch dunkle Wolken \u00fcber die Berge hereinziehen. Wir fr\u00fchst\u00fccken\" \/>\n<meta property=\"og:url\" content=\"https:\/\/jblanz.de\/WP\/06-07-2020-radtour-nach-conn-und-zum-cresta-see\/\" \/>\n<meta property=\"og:site_name\" content=\"Reiseblog von Karin &amp; Joachim\" \/>\n<meta property=\"article:published_time\" content=\"2020-07-06T19:23:16+00:00\" \/>\n<meta property=\"og:image\" content=\"https:\/\/jblanz.de\/WP\/wp-content\/uploads\/2020\/07\/Schweiz2020_037.jpg\" \/>\n\t<meta property=\"og:image:width\" content=\"800\" \/>\n\t<meta property=\"og:image:height\" content=\"450\" \/>\n\t<meta property=\"og:image:type\" content=\"image\/jpeg\" \/>\n<meta name=\"author\" content=\"Achim\" \/>\n<meta name=\"twitter:card\" content=\"summary_large_image\" \/>\n<meta name=\"twitter:label1\" content=\"Verfasst von\" \/>\n\t<meta name=\"twitter:data1\" content=\"Achim\" \/>\n\t<meta name=\"twitter:label2\" content=\"Gesch\u00e4tzte Lesezeit\" \/>\n\t<meta name=\"twitter:data2\" content=\"3\u00a0Minuten\" \/>\n<script type=\"application\/ld+json\" class=\"yoast-schema-graph\">{\"@context\":\"https:\\\/\\\/schema.org\",\"@graph\":[{\"@type\":\"Article\",\"@id\":\"https:\\\/\\\/jblanz.de\\\/WP\\\/06-07-2020-radtour-nach-conn-und-zum-cresta-see\\\/#article\",\"isPartOf\":{\"@id\":\"https:\\\/\\\/jblanz.de\\\/WP\\\/06-07-2020-radtour-nach-conn-und-zum-cresta-see\\\/\"},\"author\":{\"name\":\"Achim\",\"@id\":\"https:\\\/\\\/jblanz.de\\\/WP\\\/#\\\/schema\\\/person\\\/17a70f07162e42bc0b181c22397286e0\"},\"headline\":\"06.07.2020 &#8211; Radtour nach Conn und zum Cresta-See\",\"datePublished\":\"2020-07-06T19:23:16+00:00\",\"mainEntityOfPage\":{\"@id\":\"https:\\\/\\\/jblanz.de\\\/WP\\\/06-07-2020-radtour-nach-conn-und-zum-cresta-see\\\/\"},\"wordCount\":589,\"commentCount\":0,\"publisher\":{\"@id\":\"https:\\\/\\\/jblanz.de\\\/WP\\\/#\\\/schema\\\/person\\\/17a70f07162e42bc0b181c22397286e0\"},\"image\":{\"@id\":\"https:\\\/\\\/jblanz.de\\\/WP\\\/06-07-2020-radtour-nach-conn-und-zum-cresta-see\\\/#primaryimage\"},\"thumbnailUrl\":\"https:\\\/\\\/jblanz.de\\\/WP\\\/wp-content\\\/uploads\\\/2020\\\/07\\\/Schweiz2020_037.jpg\",\"keywords\":[\"Conn\",\"Crestasee\",\"Flims\",\"Rheinschlucht\"],\"articleSection\":[\"2020\",\"Europa\",\"Schweiz\"],\"inLanguage\":\"de\",\"potentialAction\":[{\"@type\":\"CommentAction\",\"name\":\"Comment\",\"target\":[\"https:\\\/\\\/jblanz.de\\\/WP\\\/06-07-2020-radtour-nach-conn-und-zum-cresta-see\\\/#respond\"]}]},{\"@type\":\"WebPage\",\"@id\":\"https:\\\/\\\/jblanz.de\\\/WP\\\/06-07-2020-radtour-nach-conn-und-zum-cresta-see\\\/\",\"url\":\"https:\\\/\\\/jblanz.de\\\/WP\\\/06-07-2020-radtour-nach-conn-und-zum-cresta-see\\\/\",\"name\":\"06.07.2020 - Radtour nach Conn und zum Cresta-See - Reiseblog von Karin &amp; Joachim\",\"isPartOf\":{\"@id\":\"https:\\\/\\\/jblanz.de\\\/WP\\\/#website\"},\"primaryImageOfPage\":{\"@id\":\"https:\\\/\\\/jblanz.de\\\/WP\\\/06-07-2020-radtour-nach-conn-und-zum-cresta-see\\\/#primaryimage\"},\"image\":{\"@id\":\"https:\\\/\\\/jblanz.de\\\/WP\\\/06-07-2020-radtour-nach-conn-und-zum-cresta-see\\\/#primaryimage\"},\"thumbnailUrl\":\"https:\\\/\\\/jblanz.de\\\/WP\\\/wp-content\\\/uploads\\\/2020\\\/07\\\/Schweiz2020_037.jpg\",\"datePublished\":\"2020-07-06T19:23:16+00:00\",\"breadcrumb\":{\"@id\":\"https:\\\/\\\/jblanz.de\\\/WP\\\/06-07-2020-radtour-nach-conn-und-zum-cresta-see\\\/#breadcrumb\"},\"inLanguage\":\"de\",\"potentialAction\":[{\"@type\":\"ReadAction\",\"target\":[\"https:\\\/\\\/jblanz.de\\\/WP\\\/06-07-2020-radtour-nach-conn-und-zum-cresta-see\\\/\"]}]},{\"@type\":\"ImageObject\",\"inLanguage\":\"de\",\"@id\":\"https:\\\/\\\/jblanz.de\\\/WP\\\/06-07-2020-radtour-nach-conn-und-zum-cresta-see\\\/#primaryimage\",\"url\":\"https:\\\/\\\/jblanz.de\\\/WP\\\/wp-content\\\/uploads\\\/2020\\\/07\\\/Schweiz2020_037.jpg\",\"contentUrl\":\"https:\\\/\\\/jblanz.de\\\/WP\\\/wp-content\\\/uploads\\\/2020\\\/07\\\/Schweiz2020_037.jpg\",\"width\":800,\"height\":450},{\"@type\":\"BreadcrumbList\",\"@id\":\"https:\\\/\\\/jblanz.de\\\/WP\\\/06-07-2020-radtour-nach-conn-und-zum-cresta-see\\\/#breadcrumb\",\"itemListElement\":[{\"@type\":\"ListItem\",\"position\":1,\"name\":\"Startseite\",\"item\":\"https:\\\/\\\/jblanz.de\\\/WP\\\/\"},{\"@type\":\"ListItem\",\"position\":2,\"name\":\"06.07.2020 &#8211; Radtour nach Conn und zum Cresta-See\"}]},{\"@type\":\"WebSite\",\"@id\":\"https:\\\/\\\/jblanz.de\\\/WP\\\/#website\",\"url\":\"https:\\\/\\\/jblanz.de\\\/WP\\\/\",\"name\":\"Reiseblog von Karin & Joachim\",\"description\":\"Wir schreiben den Blog f\u00fcr uns als Erinnerung - f\u00fcr euch als Inspiration\",\"publisher\":{\"@id\":\"https:\\\/\\\/jblanz.de\\\/WP\\\/#\\\/schema\\\/person\\\/17a70f07162e42bc0b181c22397286e0\"},\"potentialAction\":[{\"@type\":\"SearchAction\",\"target\":{\"@type\":\"EntryPoint\",\"urlTemplate\":\"https:\\\/\\\/jblanz.de\\\/WP\\\/?s={search_term_string}\"},\"query-input\":{\"@type\":\"PropertyValueSpecification\",\"valueRequired\":true,\"valueName\":\"search_term_string\"}}],\"inLanguage\":\"de\"},{\"@type\":[\"Person\",\"Organization\"],\"@id\":\"https:\\\/\\\/jblanz.de\\\/WP\\\/#\\\/schema\\\/person\\\/17a70f07162e42bc0b181c22397286e0\",\"name\":\"Achim\",\"image\":{\"@type\":\"ImageObject\",\"inLanguage\":\"de\",\"@id\":\"https:\\\/\\\/secure.gravatar.com\\\/avatar\\\/b7ab31bc55956af4a9bebf7fd034761212b11b803b7e39464914d6abeefb12f3?s=96&d=mm&r=g\",\"url\":\"https:\\\/\\\/secure.gravatar.com\\\/avatar\\\/b7ab31bc55956af4a9bebf7fd034761212b11b803b7e39464914d6abeefb12f3?s=96&d=mm&r=g\",\"contentUrl\":\"https:\\\/\\\/secure.gravatar.com\\\/avatar\\\/b7ab31bc55956af4a9bebf7fd034761212b11b803b7e39464914d6abeefb12f3?s=96&d=mm&r=g\",\"caption\":\"Achim\"},\"logo\":{\"@id\":\"https:\\\/\\\/secure.gravatar.com\\\/avatar\\\/b7ab31bc55956af4a9bebf7fd034761212b11b803b7e39464914d6abeefb12f3?s=96&d=mm&r=g\"},\"url\":\"https:\\\/\\\/jblanz.de\\\/WP\\\/author\\\/achim\\\/\"}]}<\/script>\n<!-- \/ Yoast SEO plugin. -->","yoast_head_json":{"title":"06.07.2020 - Radtour nach Conn und zum Cresta-See - Reiseblog von Karin &amp; Joachim","robots":{"index":"index","follow":"follow","max-snippet":"max-snippet:-1","max-image-preview":"max-image-preview:large","max-video-preview":"max-video-preview:-1"},"canonical":"https:\/\/jblanz.de\/WP\/06-07-2020-radtour-nach-conn-und-zum-cresta-see\/","og_locale":"de_DE","og_type":"article","og_title":"06.07.2020 - Radtour nach Conn und zum Cresta-See - Reiseblog von Karin &amp; Joachim","og_description":"Die Nacht recht kalt, aber morgens \u00fcberraschend mild. Gutes Wetter, wenn auch dunkle Wolken \u00fcber die Berge hereinziehen. Wir fr\u00fchst\u00fccken","og_url":"https:\/\/jblanz.de\/WP\/06-07-2020-radtour-nach-conn-und-zum-cresta-see\/","og_site_name":"Reiseblog von Karin &amp; Joachim","article_published_time":"2020-07-06T19:23:16+00:00","og_image":[{"width":800,"height":450,"url":"https:\/\/jblanz.de\/WP\/wp-content\/uploads\/2020\/07\/Schweiz2020_037.jpg","type":"image\/jpeg"}],"author":"Achim","twitter_card":"summary_large_image","twitter_misc":{"Verfasst von":"Achim","Gesch\u00e4tzte Lesezeit":"3\u00a0Minuten"},"schema":{"@context":"https:\/\/schema.org","@graph":[{"@type":"Article","@id":"https:\/\/jblanz.de\/WP\/06-07-2020-radtour-nach-conn-und-zum-cresta-see\/#article","isPartOf":{"@id":"https:\/\/jblanz.de\/WP\/06-07-2020-radtour-nach-conn-und-zum-cresta-see\/"},"author":{"name":"Achim","@id":"https:\/\/jblanz.de\/WP\/#\/schema\/person\/17a70f07162e42bc0b181c22397286e0"},"headline":"06.07.2020 &#8211; Radtour nach Conn und zum Cresta-See","datePublished":"2020-07-06T19:23:16+00:00","mainEntityOfPage":{"@id":"https:\/\/jblanz.de\/WP\/06-07-2020-radtour-nach-conn-und-zum-cresta-see\/"},"wordCount":589,"commentCount":0,"publisher":{"@id":"https:\/\/jblanz.de\/WP\/#\/schema\/person\/17a70f07162e42bc0b181c22397286e0"},"image":{"@id":"https:\/\/jblanz.de\/WP\/06-07-2020-radtour-nach-conn-und-zum-cresta-see\/#primaryimage"},"thumbnailUrl":"https:\/\/jblanz.de\/WP\/wp-content\/uploads\/2020\/07\/Schweiz2020_037.jpg","keywords":["Conn","Crestasee","Flims","Rheinschlucht"],"articleSection":["2020","Europa","Schweiz"],"inLanguage":"de","potentialAction":[{"@type":"CommentAction","name":"Comment","target":["https:\/\/jblanz.de\/WP\/06-07-2020-radtour-nach-conn-und-zum-cresta-see\/#respond"]}]},{"@type":"WebPage","@id":"https:\/\/jblanz.de\/WP\/06-07-2020-radtour-nach-conn-und-zum-cresta-see\/","url":"https:\/\/jblanz.de\/WP\/06-07-2020-radtour-nach-conn-und-zum-cresta-see\/","name":"06.07.2020 - Radtour nach Conn und zum Cresta-See - Reiseblog von Karin &amp; Joachim","isPartOf":{"@id":"https:\/\/jblanz.de\/WP\/#website"},"primaryImageOfPage":{"@id":"https:\/\/jblanz.de\/WP\/06-07-2020-radtour-nach-conn-und-zum-cresta-see\/#primaryimage"},"image":{"@id":"https:\/\/jblanz.de\/WP\/06-07-2020-radtour-nach-conn-und-zum-cresta-see\/#primaryimage"},"thumbnailUrl":"https:\/\/jblanz.de\/WP\/wp-content\/uploads\/2020\/07\/Schweiz2020_037.jpg","datePublished":"2020-07-06T19:23:16+00:00","breadcrumb":{"@id":"https:\/\/jblanz.de\/WP\/06-07-2020-radtour-nach-conn-und-zum-cresta-see\/#breadcrumb"},"inLanguage":"de","potentialAction":[{"@type":"ReadAction","target":["https:\/\/jblanz.de\/WP\/06-07-2020-radtour-nach-conn-und-zum-cresta-see\/"]}]},{"@type":"ImageObject","inLanguage":"de","@id":"https:\/\/jblanz.de\/WP\/06-07-2020-radtour-nach-conn-und-zum-cresta-see\/#primaryimage","url":"https:\/\/jblanz.de\/WP\/wp-content\/uploads\/2020\/07\/Schweiz2020_037.jpg","contentUrl":"https:\/\/jblanz.de\/WP\/wp-content\/uploads\/2020\/07\/Schweiz2020_037.jpg","width":800,"height":450},{"@type":"BreadcrumbList","@id":"https:\/\/jblanz.de\/WP\/06-07-2020-radtour-nach-conn-und-zum-cresta-see\/#breadcrumb","itemListElement":[{"@type":"ListItem","position":1,"name":"Startseite","item":"https:\/\/jblanz.de\/WP\/"},{"@type":"ListItem","position":2,"name":"06.07.2020 &#8211; Radtour nach Conn und zum Cresta-See"}]},{"@type":"WebSite","@id":"https:\/\/jblanz.de\/WP\/#website","url":"https:\/\/jblanz.de\/WP\/","name":"Reiseblog von Karin & Joachim","description":"Wir schreiben den Blog f\u00fcr uns als Erinnerung - f\u00fcr euch als Inspiration","publisher":{"@id":"https:\/\/jblanz.de\/WP\/#\/schema\/person\/17a70f07162e42bc0b181c22397286e0"},"potentialAction":[{"@type":"SearchAction","target":{"@type":"EntryPoint","urlTemplate":"https:\/\/jblanz.de\/WP\/?s={search_term_string}"},"query-input":{"@type":"PropertyValueSpecification","valueRequired":true,"valueName":"search_term_string"}}],"inLanguage":"de"},{"@type":["Person","Organization"],"@id":"https:\/\/jblanz.de\/WP\/#\/schema\/person\/17a70f07162e42bc0b181c22397286e0","name":"Achim","image":{"@type":"ImageObject","inLanguage":"de","@id":"https:\/\/secure.gravatar.com\/avatar\/b7ab31bc55956af4a9bebf7fd034761212b11b803b7e39464914d6abeefb12f3?s=96&d=mm&r=g","url":"https:\/\/secure.gravatar.com\/avatar\/b7ab31bc55956af4a9bebf7fd034761212b11b803b7e39464914d6abeefb12f3?s=96&d=mm&r=g","contentUrl":"https:\/\/secure.gravatar.com\/avatar\/b7ab31bc55956af4a9bebf7fd034761212b11b803b7e39464914d6abeefb12f3?s=96&d=mm&r=g","caption":"Achim"},"logo":{"@id":"https:\/\/secure.gravatar.com\/avatar\/b7ab31bc55956af4a9bebf7fd034761212b11b803b7e39464914d6abeefb12f3?s=96&d=mm&r=g"},"url":"https:\/\/jblanz.de\/WP\/author\/achim\/"}]}},"_links":{"self":[{"href":"https:\/\/jblanz.de\/WP\/wp-json\/wp\/v2\/posts\/4761","targetHints":{"allow":["GET"]}}],"collection":[{"href":"https:\/\/jblanz.de\/WP\/wp-json\/wp\/v2\/posts"}],"about":[{"href":"https:\/\/jblanz.de\/WP\/wp-json\/wp\/v2\/types\/post"}],"author":[{"embeddable":true,"href":"https:\/\/jblanz.de\/WP\/wp-json\/wp\/v2\/users\/1"}],"replies":[{"embeddable":true,"href":"https:\/\/jblanz.de\/WP\/wp-json\/wp\/v2\/comments?post=4761"}],"version-history":[{"count":0,"href":"https:\/\/jblanz.de\/WP\/wp-json\/wp\/v2\/posts\/4761\/revisions"}],"wp:featuredmedia":[{"embeddable":true,"href":"https:\/\/jblanz.de\/WP\/wp-json\/wp\/v2\/media\/4772"}],"wp:attachment":[{"href":"https:\/\/jblanz.de\/WP\/wp-json\/wp\/v2\/media?parent=4761"}],"wp:term":[{"taxonomy":"category","embeddable":true,"href":"https:\/\/jblanz.de\/WP\/wp-json\/wp\/v2\/categories?post=4761"},{"taxonomy":"post_tag","embeddable":true,"href":"https:\/\/jblanz.de\/WP\/wp-json\/wp\/v2\/tags?post=4761"}],"curies":[{"name":"wp","href":"https:\/\/api.w.org\/{rel}","templated":true}]}}