{"id":4786,"date":"2020-07-08T21:23:08","date_gmt":"2020-07-08T19:23:08","guid":{"rendered":"http:\/\/jblanz.de\/WP\/?p=4786"},"modified":"2020-07-08T21:37:18","modified_gmt":"2020-07-08T19:37:18","slug":"07-07-2020-die-berge-hoch","status":"publish","type":"post","link":"https:\/\/jblanz.de\/WP\/07-07-2020-die-berge-hoch\/","title":{"rendered":"07.07.2020 &#8211; Bergwiesen und mehr"},"content":{"rendered":"\n<p>Heute wollen wir in die Schweizer Bergwelt eintauchen. Wir fahren mit den bikes nach Flims, schliessen sie dort an und steigen in den Sessellift. Tageskarten f\u00fcr Wanderer zu je 15 CHF haben wir an unserer Rezeption am Campingplatz bekommen. Und aufw\u00e4rts gehts, komisches Gef\u00fchl, so im Skilift zu sitzen ohne Skier an den Beinen.<\/p>\n\n\n\n<p>Nach etwa zehn Minuten sind wir an der Mittelstation Foppa angekommen. Von dort geht es m\u00e4\u00dfig steil bergauf zur n\u00e4chsten Gondel &#8211; auf Wegen, die im Winter als Ziehwege zwischen den Skiregionen genutzt werden. Cool wie wir sind, haben wir mal wieder die Wanderst\u00f6cke und das Fernglas im Bus liegen lassen und so schnaufen wir halt ohne bergauf. In unterschiedlichem Tempo. Nein, in sehr unterschiedlichem Tempo. Achim voraus und ich hinterher. Nicht etwa, weil ich weniger Kondition h\u00e4tte, aber erstens gehe ich sowieso langsamer, hab ja auch k\u00fcrzere Beine\ud83d\ude0e, vor allem aber gab es am Wegesrand soooo viele tolle Wiesenblumen, dass ich immer wieder anhalten, fotografieren und Samen sammeln musste. Achim wurde langsam ungeduldig, wollte lieber auf dem R\u00fcckweg langsamer machen, na gut&#8230;.<\/p>\n\n\n\n<figure class=\"wp-block-image size-large\"><img loading=\"lazy\" decoding=\"async\" width=\"800\" height=\"450\" src=\"https:\/\/jblanz.de\/WP\/wp-content\/uploads\/2020\/07\/Schweiz2020_089.jpg\" alt=\"\" class=\"wp-image-4790\" srcset=\"https:\/\/jblanz.de\/WP\/wp-content\/uploads\/2020\/07\/Schweiz2020_089.jpg 800w, https:\/\/jblanz.de\/WP\/wp-content\/uploads\/2020\/07\/Schweiz2020_089-300x169.jpg 300w, https:\/\/jblanz.de\/WP\/wp-content\/uploads\/2020\/07\/Schweiz2020_089-768x432.jpg 768w\" sizes=\"auto, (max-width: 800px) 100vw, 800px\" \/><\/figure>\n\n\n\n<figure class=\"wp-block-image size-large\"><img loading=\"lazy\" decoding=\"async\" width=\"800\" height=\"450\" src=\"https:\/\/jblanz.de\/WP\/wp-content\/uploads\/2020\/07\/Schweiz2020_091.jpg\" alt=\"\" class=\"wp-image-4791\" srcset=\"https:\/\/jblanz.de\/WP\/wp-content\/uploads\/2020\/07\/Schweiz2020_091.jpg 800w, https:\/\/jblanz.de\/WP\/wp-content\/uploads\/2020\/07\/Schweiz2020_091-300x169.jpg 300w, https:\/\/jblanz.de\/WP\/wp-content\/uploads\/2020\/07\/Schweiz2020_091-768x432.jpg 768w\" sizes=\"auto, (max-width: 800px) 100vw, 800px\" \/><\/figure>\n\n\n\n<figure class=\"wp-block-image size-large\"><img loading=\"lazy\" decoding=\"async\" width=\"800\" height=\"450\" src=\"https:\/\/jblanz.de\/WP\/wp-content\/uploads\/2020\/07\/Schweiz2020_093.jpg\" alt=\"\" class=\"wp-image-4792\" srcset=\"https:\/\/jblanz.de\/WP\/wp-content\/uploads\/2020\/07\/Schweiz2020_093.jpg 800w, https:\/\/jblanz.de\/WP\/wp-content\/uploads\/2020\/07\/Schweiz2020_093-300x169.jpg 300w, https:\/\/jblanz.de\/WP\/wp-content\/uploads\/2020\/07\/Schweiz2020_093-768x432.jpg 768w\" sizes=\"auto, (max-width: 800px) 100vw, 800px\" \/><\/figure>\n\n\n\n<figure class=\"wp-block-image size-large\"><img loading=\"lazy\" decoding=\"async\" width=\"800\" height=\"450\" src=\"https:\/\/jblanz.de\/WP\/wp-content\/uploads\/2020\/07\/Schweiz2020_094.jpg\" alt=\"\" class=\"wp-image-4793\" srcset=\"https:\/\/jblanz.de\/WP\/wp-content\/uploads\/2020\/07\/Schweiz2020_094.jpg 800w, https:\/\/jblanz.de\/WP\/wp-content\/uploads\/2020\/07\/Schweiz2020_094-300x169.jpg 300w, https:\/\/jblanz.de\/WP\/wp-content\/uploads\/2020\/07\/Schweiz2020_094-768x432.jpg 768w\" sizes=\"auto, (max-width: 800px) 100vw, 800px\" \/><\/figure>\n\n\n\n<figure class=\"wp-block-image size-large\"><img loading=\"lazy\" decoding=\"async\" width=\"800\" height=\"450\" src=\"https:\/\/jblanz.de\/WP\/wp-content\/uploads\/2020\/07\/Schweiz2020_095.jpg\" alt=\"\" class=\"wp-image-4794\" srcset=\"https:\/\/jblanz.de\/WP\/wp-content\/uploads\/2020\/07\/Schweiz2020_095.jpg 800w, https:\/\/jblanz.de\/WP\/wp-content\/uploads\/2020\/07\/Schweiz2020_095-300x169.jpg 300w, https:\/\/jblanz.de\/WP\/wp-content\/uploads\/2020\/07\/Schweiz2020_095-768x432.jpg 768w\" sizes=\"auto, (max-width: 800px) 100vw, 800px\" \/><\/figure>\n\n\n\n<figure class=\"wp-block-image size-large\"><img loading=\"lazy\" decoding=\"async\" width=\"800\" height=\"450\" src=\"https:\/\/jblanz.de\/WP\/wp-content\/uploads\/2020\/07\/Schweiz2020_098.jpg\" alt=\"\" class=\"wp-image-4795\" srcset=\"https:\/\/jblanz.de\/WP\/wp-content\/uploads\/2020\/07\/Schweiz2020_098.jpg 800w, https:\/\/jblanz.de\/WP\/wp-content\/uploads\/2020\/07\/Schweiz2020_098-300x169.jpg 300w, https:\/\/jblanz.de\/WP\/wp-content\/uploads\/2020\/07\/Schweiz2020_098-768x432.jpg 768w\" sizes=\"auto, (max-width: 800px) 100vw, 800px\" \/><\/figure>\n\n\n\n<p>Nach mehr als einer halben Stunde bergauf, gab es eine Gondel und da in der Schweiz seit Montag Maskenpflicht im \u00d6V vorgeschrieben war, zogen auch alle Mitfahrenden brav ihren Mundschutz aus der Tasche. Zwei nur mit Tuch verh\u00fcllten Mitfahrenden wurden h\u00f6flich, aber bestimmt darauf hingewiesen, dass man an der Liftstation Mundschutz f\u00fcr 1 CHF kaufen kann, der auch was taugt. Mitfahren durften sie trotzdem. Oben angekommen am Grauberg in 2230 m H\u00f6he hatten wir ein super Panorama und nochmal eine riesige Steigerung, was die Pflanzenwelt angeht. Ich konnte es kaum fassen, was wir da auf kleinstem Raum alles zu sehen bekamen. Gut, dass wir dicke Jacken und Schal eingepackt hatten, denn hier oben war es schon etwas frostig. Einige Mountainbiker trauten sich auch nach oben, wir waren froh, dass wir es gar nicht erst versucht hatten, denn diese Strecken w\u00e4ren nunmal gar nichts f\u00fcr unsere bikes und schon gar nicht f\u00fcr uns. Oben gibt es das Weltnaturerbe Sardona zu sehen, die Tschingel-H\u00f6rner mit dem Martinloch. Unterhalb der Felsen befinden sich die Segnesb\u00f6den &#8211; ein Flachmoor, das st\u00e4ndig die Form wechselt. Einige Wanderer umrunden die Gegend.<\/p>\n\n\n\n<figure class=\"wp-block-image size-large\"><img loading=\"lazy\" decoding=\"async\" width=\"800\" height=\"450\" src=\"https:\/\/jblanz.de\/WP\/wp-content\/uploads\/2020\/07\/Schweiz2020_099.jpg\" alt=\"\" class=\"wp-image-4796\" srcset=\"https:\/\/jblanz.de\/WP\/wp-content\/uploads\/2020\/07\/Schweiz2020_099.jpg 800w, https:\/\/jblanz.de\/WP\/wp-content\/uploads\/2020\/07\/Schweiz2020_099-300x169.jpg 300w, https:\/\/jblanz.de\/WP\/wp-content\/uploads\/2020\/07\/Schweiz2020_099-768x432.jpg 768w\" sizes=\"auto, (max-width: 800px) 100vw, 800px\" \/><\/figure>\n\n\n\n<figure class=\"wp-block-image size-large\"><img loading=\"lazy\" decoding=\"async\" width=\"800\" height=\"450\" src=\"https:\/\/jblanz.de\/WP\/wp-content\/uploads\/2020\/07\/Schweiz2020_100.jpg\" alt=\"\" class=\"wp-image-4797\" srcset=\"https:\/\/jblanz.de\/WP\/wp-content\/uploads\/2020\/07\/Schweiz2020_100.jpg 800w, https:\/\/jblanz.de\/WP\/wp-content\/uploads\/2020\/07\/Schweiz2020_100-300x169.jpg 300w, https:\/\/jblanz.de\/WP\/wp-content\/uploads\/2020\/07\/Schweiz2020_100-768x432.jpg 768w\" sizes=\"auto, (max-width: 800px) 100vw, 800px\" \/><figcaption>Das Martinsloch &#8211; zwei Mal im Jahr scheint die Sonne durch das 22 m hohe und 19 m breite Felsenfenster &#8211; eine Touristenattraktion,  wenn das Wetter mitspielt<\/figcaption><\/figure>\n\n\n\n<figure class=\"wp-block-image size-large\"><img loading=\"lazy\" decoding=\"async\" width=\"800\" height=\"450\" src=\"https:\/\/jblanz.de\/WP\/wp-content\/uploads\/2020\/07\/Schweiz2020_108-2.jpg\" alt=\"\" class=\"wp-image-4803\" srcset=\"https:\/\/jblanz.de\/WP\/wp-content\/uploads\/2020\/07\/Schweiz2020_108-2.jpg 800w, https:\/\/jblanz.de\/WP\/wp-content\/uploads\/2020\/07\/Schweiz2020_108-2-300x169.jpg 300w, https:\/\/jblanz.de\/WP\/wp-content\/uploads\/2020\/07\/Schweiz2020_108-2-768x432.jpg 768w\" sizes=\"auto, (max-width: 800px) 100vw, 800px\" \/><\/figure>\n\n\n\n<figure class=\"wp-block-image size-large\"><img loading=\"lazy\" decoding=\"async\" width=\"800\" height=\"450\" src=\"https:\/\/jblanz.de\/WP\/wp-content\/uploads\/2020\/07\/Schweiz2020_111.jpg\" alt=\"\" class=\"wp-image-4805\" srcset=\"https:\/\/jblanz.de\/WP\/wp-content\/uploads\/2020\/07\/Schweiz2020_111.jpg 800w, https:\/\/jblanz.de\/WP\/wp-content\/uploads\/2020\/07\/Schweiz2020_111-300x169.jpg 300w, https:\/\/jblanz.de\/WP\/wp-content\/uploads\/2020\/07\/Schweiz2020_111-768x432.jpg 768w\" sizes=\"auto, (max-width: 800px) 100vw, 800px\" \/><\/figure>\n\n\n\n<figure class=\"wp-block-image size-large\"><img loading=\"lazy\" decoding=\"async\" width=\"800\" height=\"450\" src=\"https:\/\/jblanz.de\/WP\/wp-content\/uploads\/2020\/07\/Schweiz2020_112.jpg\" alt=\"\" class=\"wp-image-4804\" srcset=\"https:\/\/jblanz.de\/WP\/wp-content\/uploads\/2020\/07\/Schweiz2020_112.jpg 800w, https:\/\/jblanz.de\/WP\/wp-content\/uploads\/2020\/07\/Schweiz2020_112-300x169.jpg 300w, https:\/\/jblanz.de\/WP\/wp-content\/uploads\/2020\/07\/Schweiz2020_112-768x432.jpg 768w\" sizes=\"auto, (max-width: 800px) 100vw, 800px\" \/><\/figure>\n\n\n\n<figure class=\"wp-block-image size-large\"><img loading=\"lazy\" decoding=\"async\" width=\"800\" height=\"450\" src=\"https:\/\/jblanz.de\/WP\/wp-content\/uploads\/2020\/07\/Schweiz2020_114.jpg\" alt=\"\" class=\"wp-image-4806\" srcset=\"https:\/\/jblanz.de\/WP\/wp-content\/uploads\/2020\/07\/Schweiz2020_114.jpg 800w, https:\/\/jblanz.de\/WP\/wp-content\/uploads\/2020\/07\/Schweiz2020_114-300x169.jpg 300w, https:\/\/jblanz.de\/WP\/wp-content\/uploads\/2020\/07\/Schweiz2020_114-768x432.jpg 768w\" sizes=\"auto, (max-width: 800px) 100vw, 800px\" \/><\/figure>\n\n\n\n<figure class=\"wp-block-image size-large\"><img loading=\"lazy\" decoding=\"async\" width=\"800\" height=\"450\" src=\"https:\/\/jblanz.de\/WP\/wp-content\/uploads\/2020\/07\/Schweiz2020_131.jpg\" alt=\"\" class=\"wp-image-4807\" srcset=\"https:\/\/jblanz.de\/WP\/wp-content\/uploads\/2020\/07\/Schweiz2020_131.jpg 800w, https:\/\/jblanz.de\/WP\/wp-content\/uploads\/2020\/07\/Schweiz2020_131-300x169.jpg 300w, https:\/\/jblanz.de\/WP\/wp-content\/uploads\/2020\/07\/Schweiz2020_131-768x432.jpg 768w\" sizes=\"auto, (max-width: 800px) 100vw, 800px\" \/><\/figure>\n\n\n\n<figure class=\"wp-block-image size-large\"><img loading=\"lazy\" decoding=\"async\" width=\"800\" height=\"450\" src=\"https:\/\/jblanz.de\/WP\/wp-content\/uploads\/2020\/07\/Schweiz2020_132.jpg\" alt=\"\" class=\"wp-image-4808\" srcset=\"https:\/\/jblanz.de\/WP\/wp-content\/uploads\/2020\/07\/Schweiz2020_132.jpg 800w, https:\/\/jblanz.de\/WP\/wp-content\/uploads\/2020\/07\/Schweiz2020_132-300x169.jpg 300w, https:\/\/jblanz.de\/WP\/wp-content\/uploads\/2020\/07\/Schweiz2020_132-768x432.jpg 768w\" sizes=\"auto, (max-width: 800px) 100vw, 800px\" \/><\/figure>\n\n\n\n<figure class=\"wp-block-image size-large\"><img loading=\"lazy\" decoding=\"async\" width=\"800\" height=\"450\" src=\"https:\/\/jblanz.de\/WP\/wp-content\/uploads\/2020\/07\/Schweiz2020_141.jpg\" alt=\"\" class=\"wp-image-4810\" srcset=\"https:\/\/jblanz.de\/WP\/wp-content\/uploads\/2020\/07\/Schweiz2020_141.jpg 800w, https:\/\/jblanz.de\/WP\/wp-content\/uploads\/2020\/07\/Schweiz2020_141-300x169.jpg 300w, https:\/\/jblanz.de\/WP\/wp-content\/uploads\/2020\/07\/Schweiz2020_141-768x432.jpg 768w\" sizes=\"auto, (max-width: 800px) 100vw, 800px\" \/><figcaption>Enzian<\/figcaption><\/figure>\n\n\n\n<figure class=\"wp-block-image size-large\"><img loading=\"lazy\" decoding=\"async\" width=\"800\" height=\"450\" src=\"https:\/\/jblanz.de\/WP\/wp-content\/uploads\/2020\/07\/Schweiz2020_145.jpg\" alt=\"\" class=\"wp-image-4811\" srcset=\"https:\/\/jblanz.de\/WP\/wp-content\/uploads\/2020\/07\/Schweiz2020_145.jpg 800w, https:\/\/jblanz.de\/WP\/wp-content\/uploads\/2020\/07\/Schweiz2020_145-300x169.jpg 300w, https:\/\/jblanz.de\/WP\/wp-content\/uploads\/2020\/07\/Schweiz2020_145-768x432.jpg 768w\" sizes=\"auto, (max-width: 800px) 100vw, 800px\" \/><\/figure>\n\n\n\n<figure class=\"wp-block-image size-large is-resized\"><img loading=\"lazy\" decoding=\"async\" src=\"https:\/\/jblanz.de\/WP\/wp-content\/uploads\/2020\/07\/Schweiz2020_149.jpg\" alt=\"\" class=\"wp-image-4812\" width=\"580\" height=\"326\" srcset=\"https:\/\/jblanz.de\/WP\/wp-content\/uploads\/2020\/07\/Schweiz2020_149.jpg 800w, https:\/\/jblanz.de\/WP\/wp-content\/uploads\/2020\/07\/Schweiz2020_149-300x169.jpg 300w, https:\/\/jblanz.de\/WP\/wp-content\/uploads\/2020\/07\/Schweiz2020_149-768x432.jpg 768w\" sizes=\"auto, (max-width: 580px) 100vw, 580px\" \/><figcaption>Bluttr\u00f6pfchen-K\u00e4fer<\/figcaption><\/figure>\n\n\n\n<figure class=\"wp-block-image size-large\"><img loading=\"lazy\" decoding=\"async\" width=\"800\" height=\"450\" src=\"https:\/\/jblanz.de\/WP\/wp-content\/uploads\/2020\/07\/Schweiz2020_151.jpg\" alt=\"\" class=\"wp-image-4813\" srcset=\"https:\/\/jblanz.de\/WP\/wp-content\/uploads\/2020\/07\/Schweiz2020_151.jpg 800w, https:\/\/jblanz.de\/WP\/wp-content\/uploads\/2020\/07\/Schweiz2020_151-300x169.jpg 300w, https:\/\/jblanz.de\/WP\/wp-content\/uploads\/2020\/07\/Schweiz2020_151-768x432.jpg 768w\" sizes=\"auto, (max-width: 800px) 100vw, 800px\" \/><\/figure>\n\n\n\n<figure class=\"wp-block-image size-large\"><img loading=\"lazy\" decoding=\"async\" width=\"800\" height=\"450\" src=\"https:\/\/jblanz.de\/WP\/wp-content\/uploads\/2020\/07\/Schweiz2020_153.jpg\" alt=\"\" class=\"wp-image-4814\" srcset=\"https:\/\/jblanz.de\/WP\/wp-content\/uploads\/2020\/07\/Schweiz2020_153.jpg 800w, https:\/\/jblanz.de\/WP\/wp-content\/uploads\/2020\/07\/Schweiz2020_153-300x169.jpg 300w, https:\/\/jblanz.de\/WP\/wp-content\/uploads\/2020\/07\/Schweiz2020_153-768x432.jpg 768w\" sizes=\"auto, (max-width: 800px) 100vw, 800px\" \/><\/figure>\n\n\n\n<figure class=\"wp-block-image size-large\"><img loading=\"lazy\" decoding=\"async\" width=\"800\" height=\"450\" src=\"https:\/\/jblanz.de\/WP\/wp-content\/uploads\/2020\/07\/Schweiz2020_158.jpg\" alt=\"\" class=\"wp-image-4815\" srcset=\"https:\/\/jblanz.de\/WP\/wp-content\/uploads\/2020\/07\/Schweiz2020_158.jpg 800w, https:\/\/jblanz.de\/WP\/wp-content\/uploads\/2020\/07\/Schweiz2020_158-300x169.jpg 300w, https:\/\/jblanz.de\/WP\/wp-content\/uploads\/2020\/07\/Schweiz2020_158-768x432.jpg 768w\" sizes=\"auto, (max-width: 800px) 100vw, 800px\" \/><\/figure>\n\n\n\n<figure class=\"wp-block-image size-large\"><img loading=\"lazy\" decoding=\"async\" width=\"800\" height=\"450\" src=\"https:\/\/jblanz.de\/WP\/wp-content\/uploads\/2020\/07\/Schweiz2020_162.jpg\" alt=\"\" class=\"wp-image-4820\" srcset=\"https:\/\/jblanz.de\/WP\/wp-content\/uploads\/2020\/07\/Schweiz2020_162.jpg 800w, https:\/\/jblanz.de\/WP\/wp-content\/uploads\/2020\/07\/Schweiz2020_162-300x169.jpg 300w, https:\/\/jblanz.de\/WP\/wp-content\/uploads\/2020\/07\/Schweiz2020_162-768x432.jpg 768w\" sizes=\"auto, (max-width: 800px) 100vw, 800px\" \/><\/figure>\n\n\n\n<figure class=\"wp-block-image size-large\"><img loading=\"lazy\" decoding=\"async\" width=\"800\" height=\"450\" src=\"https:\/\/jblanz.de\/WP\/wp-content\/uploads\/2020\/07\/Schweiz2020_160.jpg\" alt=\"\" class=\"wp-image-4816\" srcset=\"https:\/\/jblanz.de\/WP\/wp-content\/uploads\/2020\/07\/Schweiz2020_160.jpg 800w, https:\/\/jblanz.de\/WP\/wp-content\/uploads\/2020\/07\/Schweiz2020_160-300x169.jpg 300w, https:\/\/jblanz.de\/WP\/wp-content\/uploads\/2020\/07\/Schweiz2020_160-768x432.jpg 768w\" sizes=\"auto, (max-width: 800px) 100vw, 800px\" \/><\/figure>\n\n\n\n<figure class=\"wp-block-image size-large\"><img loading=\"lazy\" decoding=\"async\" width=\"800\" height=\"450\" src=\"https:\/\/jblanz.de\/WP\/wp-content\/uploads\/2020\/07\/Schweiz2020_174.jpg\" alt=\"\" class=\"wp-image-4817\" srcset=\"https:\/\/jblanz.de\/WP\/wp-content\/uploads\/2020\/07\/Schweiz2020_174.jpg 800w, https:\/\/jblanz.de\/WP\/wp-content\/uploads\/2020\/07\/Schweiz2020_174-300x169.jpg 300w, https:\/\/jblanz.de\/WP\/wp-content\/uploads\/2020\/07\/Schweiz2020_174-768x432.jpg 768w\" sizes=\"auto, (max-width: 800px) 100vw, 800px\" \/><figcaption>Blick auf den Caunasee<\/figcaption><\/figure>\n\n\n\n<figure class=\"wp-block-image size-large\"><img loading=\"lazy\" decoding=\"async\" width=\"800\" height=\"450\" src=\"https:\/\/jblanz.de\/WP\/wp-content\/uploads\/2020\/07\/Schweiz2020_178.jpg\" alt=\"\" class=\"wp-image-4818\" srcset=\"https:\/\/jblanz.de\/WP\/wp-content\/uploads\/2020\/07\/Schweiz2020_178.jpg 800w, https:\/\/jblanz.de\/WP\/wp-content\/uploads\/2020\/07\/Schweiz2020_178-300x169.jpg 300w, https:\/\/jblanz.de\/WP\/wp-content\/uploads\/2020\/07\/Schweiz2020_178-768x432.jpg 768w\" sizes=\"auto, (max-width: 800px) 100vw, 800px\" \/><\/figure>\n\n\n\n<figure class=\"wp-block-image size-large\"><img loading=\"lazy\" decoding=\"async\" width=\"800\" height=\"450\" src=\"https:\/\/jblanz.de\/WP\/wp-content\/uploads\/2020\/07\/Schweiz2020_186.jpg\" alt=\"\" class=\"wp-image-4819\" srcset=\"https:\/\/jblanz.de\/WP\/wp-content\/uploads\/2020\/07\/Schweiz2020_186.jpg 800w, https:\/\/jblanz.de\/WP\/wp-content\/uploads\/2020\/07\/Schweiz2020_186-300x169.jpg 300w, https:\/\/jblanz.de\/WP\/wp-content\/uploads\/2020\/07\/Schweiz2020_186-768x432.jpg 768w\" sizes=\"auto, (max-width: 800px) 100vw, 800px\" \/><figcaption>wohlriechende Handwurz &#8211; eine Orchidee<\/figcaption><\/figure>\n\n\n\n<p>Gute eineinhalb Stunden vergn\u00fcgten wir uns mit fotografieren und kleinem Picknick, dann fuhren wir mit der immer halbst\u00fcndig fahrenden Gondel zur\u00fcck. Trotz Sonne war es merklich k\u00fchler als gestern. Sobald die Sonne an unserem Campingplatz hinter den Bergen verschwunden war, folgte schichtweises Anziehen. Gegen neun h\u00f6rte man von \u00fcberall her das Zuklappen der Bust\u00fcren oder zippen der Rei\u00dfverschl\u00fcsse an den Zelten, alle zogen sich in w\u00e4rmere Bereiche zur\u00fcck. Gut, wenn frau eine W\u00e4rmflasche mit sich f\u00fchrt\ud83d\ude0e. Die Nacht war selbst im Bus ziemlich kalt und wir waren froh, dass wir unsere w\u00e4rmenden Wolldecken mitgenommen hatten.<\/p>\n","protected":false},"excerpt":{"rendered":"<p>Heute wollen wir in die Schweizer Bergwelt eintauchen. Wir fahren mit den bikes nach Flims, schliessen sie dort an und<\/p>\n","protected":false},"author":1,"featured_media":4809,"comment_status":"open","ping_status":"open","sticky":false,"template":"","format":"standard","meta":{"colormag_page_container_layout":"default_layout","colormag_page_sidebar_layout":"default_layout","_monsterinsights_skip_tracking":false,"_monsterinsights_sitenote_active":false,"_monsterinsights_sitenote_note":"","_monsterinsights_sitenote_category":0,"footnotes":""},"categories":[201,159,199],"tags":[219,194],"class_list":["post-4786","post","type-post","status-publish","format-standard","has-post-thumbnail","hentry","category-201","category-europa","category-schweiz","tag-flims","tag-schweiz"],"yoast_head":"<!-- This site is optimized with the Yoast SEO plugin v27.4 - https:\/\/yoast.com\/product\/yoast-seo-wordpress\/ -->\n<title>07.07.2020 - Bergwiesen und mehr - Reiseblog von Karin &amp; Joachim<\/title>\n<meta name=\"robots\" content=\"index, follow, max-snippet:-1, max-image-preview:large, max-video-preview:-1\" \/>\n<link rel=\"canonical\" href=\"https:\/\/jblanz.de\/WP\/07-07-2020-die-berge-hoch\/\" \/>\n<meta property=\"og:locale\" content=\"de_DE\" \/>\n<meta property=\"og:type\" content=\"article\" \/>\n<meta property=\"og:title\" content=\"07.07.2020 - Bergwiesen und mehr - Reiseblog von Karin &amp; Joachim\" \/>\n<meta property=\"og:description\" content=\"Heute wollen wir in die Schweizer Bergwelt eintauchen. Wir fahren mit den bikes nach Flims, schliessen sie dort an und\" \/>\n<meta property=\"og:url\" content=\"https:\/\/jblanz.de\/WP\/07-07-2020-die-berge-hoch\/\" \/>\n<meta property=\"og:site_name\" content=\"Reiseblog von Karin &amp; Joachim\" \/>\n<meta property=\"article:published_time\" content=\"2020-07-08T19:23:08+00:00\" \/>\n<meta property=\"article:modified_time\" content=\"2020-07-08T19:37:18+00:00\" \/>\n<meta property=\"og:image\" content=\"https:\/\/jblanz.de\/WP\/wp-content\/uploads\/2020\/07\/Schweiz2020_136.jpg\" \/>\n\t<meta property=\"og:image:width\" content=\"800\" \/>\n\t<meta property=\"og:image:height\" content=\"450\" \/>\n\t<meta property=\"og:image:type\" content=\"image\/jpeg\" \/>\n<meta name=\"author\" content=\"Achim\" \/>\n<meta name=\"twitter:card\" content=\"summary_large_image\" \/>\n<meta name=\"twitter:label1\" content=\"Verfasst von\" \/>\n\t<meta name=\"twitter:data1\" content=\"Achim\" \/>\n\t<meta name=\"twitter:label2\" content=\"Gesch\u00e4tzte Lesezeit\" \/>\n\t<meta name=\"twitter:data2\" content=\"3\u00a0Minuten\" \/>\n<script type=\"application\/ld+json\" class=\"yoast-schema-graph\">{\"@context\":\"https:\\\/\\\/schema.org\",\"@graph\":[{\"@type\":\"Article\",\"@id\":\"https:\\\/\\\/jblanz.de\\\/WP\\\/07-07-2020-die-berge-hoch\\\/#article\",\"isPartOf\":{\"@id\":\"https:\\\/\\\/jblanz.de\\\/WP\\\/07-07-2020-die-berge-hoch\\\/\"},\"author\":{\"name\":\"Achim\",\"@id\":\"https:\\\/\\\/jblanz.de\\\/WP\\\/#\\\/schema\\\/person\\\/17a70f07162e42bc0b181c22397286e0\"},\"headline\":\"07.07.2020 &#8211; Bergwiesen und mehr\",\"datePublished\":\"2020-07-08T19:23:08+00:00\",\"dateModified\":\"2020-07-08T19:37:18+00:00\",\"mainEntityOfPage\":{\"@id\":\"https:\\\/\\\/jblanz.de\\\/WP\\\/07-07-2020-die-berge-hoch\\\/\"},\"wordCount\":528,\"commentCount\":0,\"publisher\":{\"@id\":\"https:\\\/\\\/jblanz.de\\\/WP\\\/#\\\/schema\\\/person\\\/17a70f07162e42bc0b181c22397286e0\"},\"image\":{\"@id\":\"https:\\\/\\\/jblanz.de\\\/WP\\\/07-07-2020-die-berge-hoch\\\/#primaryimage\"},\"thumbnailUrl\":\"https:\\\/\\\/jblanz.de\\\/WP\\\/wp-content\\\/uploads\\\/2020\\\/07\\\/Schweiz2020_136.jpg\",\"keywords\":[\"Flims\",\"Schweiz\"],\"articleSection\":[\"2020\",\"Europa\",\"Schweiz\"],\"inLanguage\":\"de\",\"potentialAction\":[{\"@type\":\"CommentAction\",\"name\":\"Comment\",\"target\":[\"https:\\\/\\\/jblanz.de\\\/WP\\\/07-07-2020-die-berge-hoch\\\/#respond\"]}]},{\"@type\":\"WebPage\",\"@id\":\"https:\\\/\\\/jblanz.de\\\/WP\\\/07-07-2020-die-berge-hoch\\\/\",\"url\":\"https:\\\/\\\/jblanz.de\\\/WP\\\/07-07-2020-die-berge-hoch\\\/\",\"name\":\"07.07.2020 - Bergwiesen und mehr - Reiseblog von Karin &amp; Joachim\",\"isPartOf\":{\"@id\":\"https:\\\/\\\/jblanz.de\\\/WP\\\/#website\"},\"primaryImageOfPage\":{\"@id\":\"https:\\\/\\\/jblanz.de\\\/WP\\\/07-07-2020-die-berge-hoch\\\/#primaryimage\"},\"image\":{\"@id\":\"https:\\\/\\\/jblanz.de\\\/WP\\\/07-07-2020-die-berge-hoch\\\/#primaryimage\"},\"thumbnailUrl\":\"https:\\\/\\\/jblanz.de\\\/WP\\\/wp-content\\\/uploads\\\/2020\\\/07\\\/Schweiz2020_136.jpg\",\"datePublished\":\"2020-07-08T19:23:08+00:00\",\"dateModified\":\"2020-07-08T19:37:18+00:00\",\"breadcrumb\":{\"@id\":\"https:\\\/\\\/jblanz.de\\\/WP\\\/07-07-2020-die-berge-hoch\\\/#breadcrumb\"},\"inLanguage\":\"de\",\"potentialAction\":[{\"@type\":\"ReadAction\",\"target\":[\"https:\\\/\\\/jblanz.de\\\/WP\\\/07-07-2020-die-berge-hoch\\\/\"]}]},{\"@type\":\"ImageObject\",\"inLanguage\":\"de\",\"@id\":\"https:\\\/\\\/jblanz.de\\\/WP\\\/07-07-2020-die-berge-hoch\\\/#primaryimage\",\"url\":\"https:\\\/\\\/jblanz.de\\\/WP\\\/wp-content\\\/uploads\\\/2020\\\/07\\\/Schweiz2020_136.jpg\",\"contentUrl\":\"https:\\\/\\\/jblanz.de\\\/WP\\\/wp-content\\\/uploads\\\/2020\\\/07\\\/Schweiz2020_136.jpg\",\"width\":800,\"height\":450},{\"@type\":\"BreadcrumbList\",\"@id\":\"https:\\\/\\\/jblanz.de\\\/WP\\\/07-07-2020-die-berge-hoch\\\/#breadcrumb\",\"itemListElement\":[{\"@type\":\"ListItem\",\"position\":1,\"name\":\"Startseite\",\"item\":\"https:\\\/\\\/jblanz.de\\\/WP\\\/\"},{\"@type\":\"ListItem\",\"position\":2,\"name\":\"07.07.2020 &#8211; Bergwiesen und mehr\"}]},{\"@type\":\"WebSite\",\"@id\":\"https:\\\/\\\/jblanz.de\\\/WP\\\/#website\",\"url\":\"https:\\\/\\\/jblanz.de\\\/WP\\\/\",\"name\":\"Reiseblog von Karin & Joachim\",\"description\":\"Wir schreiben den Blog f\u00fcr uns als Erinnerung - f\u00fcr euch als Inspiration\",\"publisher\":{\"@id\":\"https:\\\/\\\/jblanz.de\\\/WP\\\/#\\\/schema\\\/person\\\/17a70f07162e42bc0b181c22397286e0\"},\"potentialAction\":[{\"@type\":\"SearchAction\",\"target\":{\"@type\":\"EntryPoint\",\"urlTemplate\":\"https:\\\/\\\/jblanz.de\\\/WP\\\/?s={search_term_string}\"},\"query-input\":{\"@type\":\"PropertyValueSpecification\",\"valueRequired\":true,\"valueName\":\"search_term_string\"}}],\"inLanguage\":\"de\"},{\"@type\":[\"Person\",\"Organization\"],\"@id\":\"https:\\\/\\\/jblanz.de\\\/WP\\\/#\\\/schema\\\/person\\\/17a70f07162e42bc0b181c22397286e0\",\"name\":\"Achim\",\"image\":{\"@type\":\"ImageObject\",\"inLanguage\":\"de\",\"@id\":\"https:\\\/\\\/secure.gravatar.com\\\/avatar\\\/b7ab31bc55956af4a9bebf7fd034761212b11b803b7e39464914d6abeefb12f3?s=96&d=mm&r=g\",\"url\":\"https:\\\/\\\/secure.gravatar.com\\\/avatar\\\/b7ab31bc55956af4a9bebf7fd034761212b11b803b7e39464914d6abeefb12f3?s=96&d=mm&r=g\",\"contentUrl\":\"https:\\\/\\\/secure.gravatar.com\\\/avatar\\\/b7ab31bc55956af4a9bebf7fd034761212b11b803b7e39464914d6abeefb12f3?s=96&d=mm&r=g\",\"caption\":\"Achim\"},\"logo\":{\"@id\":\"https:\\\/\\\/secure.gravatar.com\\\/avatar\\\/b7ab31bc55956af4a9bebf7fd034761212b11b803b7e39464914d6abeefb12f3?s=96&d=mm&r=g\"},\"url\":\"https:\\\/\\\/jblanz.de\\\/WP\\\/author\\\/achim\\\/\"}]}<\/script>\n<!-- \/ Yoast SEO plugin. -->","yoast_head_json":{"title":"07.07.2020 - Bergwiesen und mehr - Reiseblog von Karin &amp; Joachim","robots":{"index":"index","follow":"follow","max-snippet":"max-snippet:-1","max-image-preview":"max-image-preview:large","max-video-preview":"max-video-preview:-1"},"canonical":"https:\/\/jblanz.de\/WP\/07-07-2020-die-berge-hoch\/","og_locale":"de_DE","og_type":"article","og_title":"07.07.2020 - Bergwiesen und mehr - Reiseblog von Karin &amp; Joachim","og_description":"Heute wollen wir in die Schweizer Bergwelt eintauchen. Wir fahren mit den bikes nach Flims, schliessen sie dort an und","og_url":"https:\/\/jblanz.de\/WP\/07-07-2020-die-berge-hoch\/","og_site_name":"Reiseblog von Karin &amp; Joachim","article_published_time":"2020-07-08T19:23:08+00:00","article_modified_time":"2020-07-08T19:37:18+00:00","og_image":[{"width":800,"height":450,"url":"https:\/\/jblanz.de\/WP\/wp-content\/uploads\/2020\/07\/Schweiz2020_136.jpg","type":"image\/jpeg"}],"author":"Achim","twitter_card":"summary_large_image","twitter_misc":{"Verfasst von":"Achim","Gesch\u00e4tzte Lesezeit":"3\u00a0Minuten"},"schema":{"@context":"https:\/\/schema.org","@graph":[{"@type":"Article","@id":"https:\/\/jblanz.de\/WP\/07-07-2020-die-berge-hoch\/#article","isPartOf":{"@id":"https:\/\/jblanz.de\/WP\/07-07-2020-die-berge-hoch\/"},"author":{"name":"Achim","@id":"https:\/\/jblanz.de\/WP\/#\/schema\/person\/17a70f07162e42bc0b181c22397286e0"},"headline":"07.07.2020 &#8211; Bergwiesen und mehr","datePublished":"2020-07-08T19:23:08+00:00","dateModified":"2020-07-08T19:37:18+00:00","mainEntityOfPage":{"@id":"https:\/\/jblanz.de\/WP\/07-07-2020-die-berge-hoch\/"},"wordCount":528,"commentCount":0,"publisher":{"@id":"https:\/\/jblanz.de\/WP\/#\/schema\/person\/17a70f07162e42bc0b181c22397286e0"},"image":{"@id":"https:\/\/jblanz.de\/WP\/07-07-2020-die-berge-hoch\/#primaryimage"},"thumbnailUrl":"https:\/\/jblanz.de\/WP\/wp-content\/uploads\/2020\/07\/Schweiz2020_136.jpg","keywords":["Flims","Schweiz"],"articleSection":["2020","Europa","Schweiz"],"inLanguage":"de","potentialAction":[{"@type":"CommentAction","name":"Comment","target":["https:\/\/jblanz.de\/WP\/07-07-2020-die-berge-hoch\/#respond"]}]},{"@type":"WebPage","@id":"https:\/\/jblanz.de\/WP\/07-07-2020-die-berge-hoch\/","url":"https:\/\/jblanz.de\/WP\/07-07-2020-die-berge-hoch\/","name":"07.07.2020 - Bergwiesen und mehr - Reiseblog von Karin &amp; Joachim","isPartOf":{"@id":"https:\/\/jblanz.de\/WP\/#website"},"primaryImageOfPage":{"@id":"https:\/\/jblanz.de\/WP\/07-07-2020-die-berge-hoch\/#primaryimage"},"image":{"@id":"https:\/\/jblanz.de\/WP\/07-07-2020-die-berge-hoch\/#primaryimage"},"thumbnailUrl":"https:\/\/jblanz.de\/WP\/wp-content\/uploads\/2020\/07\/Schweiz2020_136.jpg","datePublished":"2020-07-08T19:23:08+00:00","dateModified":"2020-07-08T19:37:18+00:00","breadcrumb":{"@id":"https:\/\/jblanz.de\/WP\/07-07-2020-die-berge-hoch\/#breadcrumb"},"inLanguage":"de","potentialAction":[{"@type":"ReadAction","target":["https:\/\/jblanz.de\/WP\/07-07-2020-die-berge-hoch\/"]}]},{"@type":"ImageObject","inLanguage":"de","@id":"https:\/\/jblanz.de\/WP\/07-07-2020-die-berge-hoch\/#primaryimage","url":"https:\/\/jblanz.de\/WP\/wp-content\/uploads\/2020\/07\/Schweiz2020_136.jpg","contentUrl":"https:\/\/jblanz.de\/WP\/wp-content\/uploads\/2020\/07\/Schweiz2020_136.jpg","width":800,"height":450},{"@type":"BreadcrumbList","@id":"https:\/\/jblanz.de\/WP\/07-07-2020-die-berge-hoch\/#breadcrumb","itemListElement":[{"@type":"ListItem","position":1,"name":"Startseite","item":"https:\/\/jblanz.de\/WP\/"},{"@type":"ListItem","position":2,"name":"07.07.2020 &#8211; Bergwiesen und mehr"}]},{"@type":"WebSite","@id":"https:\/\/jblanz.de\/WP\/#website","url":"https:\/\/jblanz.de\/WP\/","name":"Reiseblog von Karin & Joachim","description":"Wir schreiben den Blog f\u00fcr uns als Erinnerung - f\u00fcr euch als Inspiration","publisher":{"@id":"https:\/\/jblanz.de\/WP\/#\/schema\/person\/17a70f07162e42bc0b181c22397286e0"},"potentialAction":[{"@type":"SearchAction","target":{"@type":"EntryPoint","urlTemplate":"https:\/\/jblanz.de\/WP\/?s={search_term_string}"},"query-input":{"@type":"PropertyValueSpecification","valueRequired":true,"valueName":"search_term_string"}}],"inLanguage":"de"},{"@type":["Person","Organization"],"@id":"https:\/\/jblanz.de\/WP\/#\/schema\/person\/17a70f07162e42bc0b181c22397286e0","name":"Achim","image":{"@type":"ImageObject","inLanguage":"de","@id":"https:\/\/secure.gravatar.com\/avatar\/b7ab31bc55956af4a9bebf7fd034761212b11b803b7e39464914d6abeefb12f3?s=96&d=mm&r=g","url":"https:\/\/secure.gravatar.com\/avatar\/b7ab31bc55956af4a9bebf7fd034761212b11b803b7e39464914d6abeefb12f3?s=96&d=mm&r=g","contentUrl":"https:\/\/secure.gravatar.com\/avatar\/b7ab31bc55956af4a9bebf7fd034761212b11b803b7e39464914d6abeefb12f3?s=96&d=mm&r=g","caption":"Achim"},"logo":{"@id":"https:\/\/secure.gravatar.com\/avatar\/b7ab31bc55956af4a9bebf7fd034761212b11b803b7e39464914d6abeefb12f3?s=96&d=mm&r=g"},"url":"https:\/\/jblanz.de\/WP\/author\/achim\/"}]}},"_links":{"self":[{"href":"https:\/\/jblanz.de\/WP\/wp-json\/wp\/v2\/posts\/4786","targetHints":{"allow":["GET"]}}],"collection":[{"href":"https:\/\/jblanz.de\/WP\/wp-json\/wp\/v2\/posts"}],"about":[{"href":"https:\/\/jblanz.de\/WP\/wp-json\/wp\/v2\/types\/post"}],"author":[{"embeddable":true,"href":"https:\/\/jblanz.de\/WP\/wp-json\/wp\/v2\/users\/1"}],"replies":[{"embeddable":true,"href":"https:\/\/jblanz.de\/WP\/wp-json\/wp\/v2\/comments?post=4786"}],"version-history":[{"count":0,"href":"https:\/\/jblanz.de\/WP\/wp-json\/wp\/v2\/posts\/4786\/revisions"}],"wp:featuredmedia":[{"embeddable":true,"href":"https:\/\/jblanz.de\/WP\/wp-json\/wp\/v2\/media\/4809"}],"wp:attachment":[{"href":"https:\/\/jblanz.de\/WP\/wp-json\/wp\/v2\/media?parent=4786"}],"wp:term":[{"taxonomy":"category","embeddable":true,"href":"https:\/\/jblanz.de\/WP\/wp-json\/wp\/v2\/categories?post=4786"},{"taxonomy":"post_tag","embeddable":true,"href":"https:\/\/jblanz.de\/WP\/wp-json\/wp\/v2\/tags?post=4786"}],"curies":[{"name":"wp","href":"https:\/\/api.w.org\/{rel}","templated":true}]}}