{"id":4870,"date":"2020-07-10T16:50:22","date_gmt":"2020-07-10T14:50:22","guid":{"rendered":"http:\/\/jblanz.de\/WP\/?p=4870"},"modified":"2020-07-10T16:50:24","modified_gmt":"2020-07-10T14:50:24","slug":"10-07-20-im-engadin-st-moritz","status":"publish","type":"post","link":"https:\/\/jblanz.de\/WP\/10-07-20-im-engadin-st-moritz\/","title":{"rendered":"10.07.20 &#8211; Im Engadin &#8211; St Moritz"},"content":{"rendered":"\n<p>Die Nacht am Bahnhof von Versam vergessen wir lieber. Erst hat das Ladeger\u00e4t des Buses den Strom ausgeschaltet, d.h. nicht funktioniert mehr, kein Licht, kein Wasser, keine Klosp\u00fclung, kein K\u00fchlschrank. Vier volle Tage ohne Strom, nur gelegentlich PV-Strom aus unserer Stromtasche, haben die Bordbatterie leergesaugt.\u00a0 Und dann kamen st\u00e4ndig Z\u00fcge, der Letzte morgens ca um 0.30 Uhr und der N\u00e4chste schon wieder um 4.30 Uhr.\u00a0 Karin hat kaum geschlafen, denn im Dachcamp h\u00f6rt man nat\u00fcrlich die Ger\u00e4usche als ob man neben dem Bahngleis liegt. Aber auch unten im Bus war es sehr laut, ich hab auch nur kurz und unruhig geschlafen. Um 7 Uhr kommt Karin runter und wir fahren praktisch spontan und ohne Fr\u00fchst\u00fcck los Richtung St Moritz. Dort hat es viele Campingpl\u00e4tze und wir hoffen noch einen Stellplatz zu bekommen. Kurz nach dem Julier-Pass halten wir und fr\u00fchst\u00fccken. Am Camping Silvaplana ist leider nichts frei &#8211; w\u00e4re sch\u00f6n gewesen, da direkt am Ufer des Sees. Aber am TCS Camping in St Moritz finden wir f\u00fcr 3 N\u00e4chte Unterkunft. Nach einer kleinen St\u00e4rkung sitzen wir schon wieder auf dem Rad und fahren nach und durch St Moritz. Vorbei am Casino, vor dem nur die teuersten Autos parkiert sind. Sehen uns die L\u00e4den an und stellen fest, dass uns diese Dinge \u00fcberwiegend nicht gefallen. Wir trinken am Seeufer in einem einfachen Bistro einen Eistee aus Kaffeebohnen-Schalen und beobachten die vorbeiflanierenden Leute. Einzig ein paar besondere H\u00e4user lohnen das St\u00e4dtchen im Sommer, z.B. das Hotel Palace, das schon imposant aussieht. Aber die ganze Gegend rundum ist sehr sch\u00f6n. <\/p>\n\n\n\n<figure class=\"wp-block-image size-large\"><img loading=\"lazy\" decoding=\"async\" width=\"800\" height=\"450\" src=\"https:\/\/jblanz.de\/WP\/wp-content\/uploads\/2020\/07\/Schweiz2020_263.jpg\" alt=\"\" class=\"wp-image-4878\" srcset=\"https:\/\/jblanz.de\/WP\/wp-content\/uploads\/2020\/07\/Schweiz2020_263.jpg 800w, https:\/\/jblanz.de\/WP\/wp-content\/uploads\/2020\/07\/Schweiz2020_263-300x169.jpg 300w, https:\/\/jblanz.de\/WP\/wp-content\/uploads\/2020\/07\/Schweiz2020_263-768x432.jpg 768w\" sizes=\"auto, (max-width: 800px) 100vw, 800px\" \/><\/figure>\n\n\n\n<figure class=\"wp-block-image size-large\"><img loading=\"lazy\" decoding=\"async\" width=\"800\" height=\"450\" src=\"https:\/\/jblanz.de\/WP\/wp-content\/uploads\/2020\/07\/Schweiz2020_264.jpg\" alt=\"\" class=\"wp-image-4879\" srcset=\"https:\/\/jblanz.de\/WP\/wp-content\/uploads\/2020\/07\/Schweiz2020_264.jpg 800w, https:\/\/jblanz.de\/WP\/wp-content\/uploads\/2020\/07\/Schweiz2020_264-300x169.jpg 300w, https:\/\/jblanz.de\/WP\/wp-content\/uploads\/2020\/07\/Schweiz2020_264-768x432.jpg 768w\" sizes=\"auto, (max-width: 800px) 100vw, 800px\" \/><\/figure>\n","protected":false},"excerpt":{"rendered":"<p>Die Nacht am Bahnhof von Versam vergessen wir lieber. Erst hat das Ladeger\u00e4t des Buses den Strom ausgeschaltet, d.h. nicht<\/p>\n","protected":false},"author":1,"featured_media":4877,"comment_status":"open","ping_status":"open","sticky":false,"template":"","format":"standard","meta":{"colormag_page_container_layout":"default_layout","colormag_page_sidebar_layout":"default_layout","_monsterinsights_skip_tracking":false,"_monsterinsights_sitenote_active":false,"_monsterinsights_sitenote_note":"","_monsterinsights_sitenote_category":0,"footnotes":""},"categories":[201,159,199],"tags":[],"class_list":["post-4870","post","type-post","status-publish","format-standard","has-post-thumbnail","hentry","category-201","category-europa","category-schweiz"],"yoast_head":"<!-- This site is optimized with the Yoast SEO plugin v27.4 - https:\/\/yoast.com\/product\/yoast-seo-wordpress\/ -->\n<title>10.07.20 - Im Engadin - St Moritz - Reiseblog von Karin &amp; Joachim<\/title>\n<meta name=\"robots\" content=\"index, follow, max-snippet:-1, max-image-preview:large, max-video-preview:-1\" \/>\n<link rel=\"canonical\" href=\"https:\/\/jblanz.de\/WP\/10-07-20-im-engadin-st-moritz\/\" \/>\n<meta property=\"og:locale\" content=\"de_DE\" \/>\n<meta property=\"og:type\" content=\"article\" \/>\n<meta property=\"og:title\" content=\"10.07.20 - Im Engadin - St Moritz - Reiseblog von Karin &amp; Joachim\" \/>\n<meta property=\"og:description\" content=\"Die Nacht am Bahnhof von Versam vergessen wir lieber. Erst hat das Ladeger\u00e4t des Buses den Strom ausgeschaltet, d.h. nicht\" \/>\n<meta property=\"og:url\" content=\"https:\/\/jblanz.de\/WP\/10-07-20-im-engadin-st-moritz\/\" \/>\n<meta property=\"og:site_name\" content=\"Reiseblog von Karin &amp; Joachim\" \/>\n<meta property=\"article:published_time\" content=\"2020-07-10T14:50:22+00:00\" \/>\n<meta property=\"article:modified_time\" content=\"2020-07-10T14:50:24+00:00\" \/>\n<meta property=\"og:image\" content=\"https:\/\/jblanz.de\/WP\/wp-content\/uploads\/2020\/07\/Schweiz2020_262.jpg\" \/>\n\t<meta property=\"og:image:width\" content=\"800\" \/>\n\t<meta property=\"og:image:height\" content=\"450\" \/>\n\t<meta property=\"og:image:type\" content=\"image\/jpeg\" \/>\n<meta name=\"author\" content=\"Achim\" \/>\n<meta name=\"twitter:card\" content=\"summary_large_image\" \/>\n<meta name=\"twitter:label1\" content=\"Verfasst von\" \/>\n\t<meta name=\"twitter:data1\" content=\"Achim\" \/>\n\t<meta name=\"twitter:label2\" content=\"Gesch\u00e4tzte Lesezeit\" \/>\n\t<meta name=\"twitter:data2\" content=\"1\u00a0Minute\" \/>\n<script type=\"application\/ld+json\" class=\"yoast-schema-graph\">{\"@context\":\"https:\\\/\\\/schema.org\",\"@graph\":[{\"@type\":\"Article\",\"@id\":\"https:\\\/\\\/jblanz.de\\\/WP\\\/10-07-20-im-engadin-st-moritz\\\/#article\",\"isPartOf\":{\"@id\":\"https:\\\/\\\/jblanz.de\\\/WP\\\/10-07-20-im-engadin-st-moritz\\\/\"},\"author\":{\"name\":\"Achim\",\"@id\":\"https:\\\/\\\/jblanz.de\\\/WP\\\/#\\\/schema\\\/person\\\/17a70f07162e42bc0b181c22397286e0\"},\"headline\":\"10.07.20 &#8211; Im Engadin &#8211; St Moritz\",\"datePublished\":\"2020-07-10T14:50:22+00:00\",\"dateModified\":\"2020-07-10T14:50:24+00:00\",\"mainEntityOfPage\":{\"@id\":\"https:\\\/\\\/jblanz.de\\\/WP\\\/10-07-20-im-engadin-st-moritz\\\/\"},\"wordCount\":284,\"commentCount\":0,\"publisher\":{\"@id\":\"https:\\\/\\\/jblanz.de\\\/WP\\\/#\\\/schema\\\/person\\\/17a70f07162e42bc0b181c22397286e0\"},\"image\":{\"@id\":\"https:\\\/\\\/jblanz.de\\\/WP\\\/10-07-20-im-engadin-st-moritz\\\/#primaryimage\"},\"thumbnailUrl\":\"https:\\\/\\\/jblanz.de\\\/WP\\\/wp-content\\\/uploads\\\/2020\\\/07\\\/Schweiz2020_262.jpg\",\"articleSection\":[\"2020\",\"Europa\",\"Schweiz\"],\"inLanguage\":\"de\",\"potentialAction\":[{\"@type\":\"CommentAction\",\"name\":\"Comment\",\"target\":[\"https:\\\/\\\/jblanz.de\\\/WP\\\/10-07-20-im-engadin-st-moritz\\\/#respond\"]}]},{\"@type\":\"WebPage\",\"@id\":\"https:\\\/\\\/jblanz.de\\\/WP\\\/10-07-20-im-engadin-st-moritz\\\/\",\"url\":\"https:\\\/\\\/jblanz.de\\\/WP\\\/10-07-20-im-engadin-st-moritz\\\/\",\"name\":\"10.07.20 - Im Engadin - St Moritz - Reiseblog von Karin &amp; Joachim\",\"isPartOf\":{\"@id\":\"https:\\\/\\\/jblanz.de\\\/WP\\\/#website\"},\"primaryImageOfPage\":{\"@id\":\"https:\\\/\\\/jblanz.de\\\/WP\\\/10-07-20-im-engadin-st-moritz\\\/#primaryimage\"},\"image\":{\"@id\":\"https:\\\/\\\/jblanz.de\\\/WP\\\/10-07-20-im-engadin-st-moritz\\\/#primaryimage\"},\"thumbnailUrl\":\"https:\\\/\\\/jblanz.de\\\/WP\\\/wp-content\\\/uploads\\\/2020\\\/07\\\/Schweiz2020_262.jpg\",\"datePublished\":\"2020-07-10T14:50:22+00:00\",\"dateModified\":\"2020-07-10T14:50:24+00:00\",\"breadcrumb\":{\"@id\":\"https:\\\/\\\/jblanz.de\\\/WP\\\/10-07-20-im-engadin-st-moritz\\\/#breadcrumb\"},\"inLanguage\":\"de\",\"potentialAction\":[{\"@type\":\"ReadAction\",\"target\":[\"https:\\\/\\\/jblanz.de\\\/WP\\\/10-07-20-im-engadin-st-moritz\\\/\"]}]},{\"@type\":\"ImageObject\",\"inLanguage\":\"de\",\"@id\":\"https:\\\/\\\/jblanz.de\\\/WP\\\/10-07-20-im-engadin-st-moritz\\\/#primaryimage\",\"url\":\"https:\\\/\\\/jblanz.de\\\/WP\\\/wp-content\\\/uploads\\\/2020\\\/07\\\/Schweiz2020_262.jpg\",\"contentUrl\":\"https:\\\/\\\/jblanz.de\\\/WP\\\/wp-content\\\/uploads\\\/2020\\\/07\\\/Schweiz2020_262.jpg\",\"width\":800,\"height\":450},{\"@type\":\"BreadcrumbList\",\"@id\":\"https:\\\/\\\/jblanz.de\\\/WP\\\/10-07-20-im-engadin-st-moritz\\\/#breadcrumb\",\"itemListElement\":[{\"@type\":\"ListItem\",\"position\":1,\"name\":\"Startseite\",\"item\":\"https:\\\/\\\/jblanz.de\\\/WP\\\/\"},{\"@type\":\"ListItem\",\"position\":2,\"name\":\"10.07.20 &#8211; Im Engadin &#8211; St Moritz\"}]},{\"@type\":\"WebSite\",\"@id\":\"https:\\\/\\\/jblanz.de\\\/WP\\\/#website\",\"url\":\"https:\\\/\\\/jblanz.de\\\/WP\\\/\",\"name\":\"Reiseblog von Karin & Joachim\",\"description\":\"Wir schreiben den Blog f\u00fcr uns als Erinnerung - f\u00fcr euch als Inspiration\",\"publisher\":{\"@id\":\"https:\\\/\\\/jblanz.de\\\/WP\\\/#\\\/schema\\\/person\\\/17a70f07162e42bc0b181c22397286e0\"},\"potentialAction\":[{\"@type\":\"SearchAction\",\"target\":{\"@type\":\"EntryPoint\",\"urlTemplate\":\"https:\\\/\\\/jblanz.de\\\/WP\\\/?s={search_term_string}\"},\"query-input\":{\"@type\":\"PropertyValueSpecification\",\"valueRequired\":true,\"valueName\":\"search_term_string\"}}],\"inLanguage\":\"de\"},{\"@type\":[\"Person\",\"Organization\"],\"@id\":\"https:\\\/\\\/jblanz.de\\\/WP\\\/#\\\/schema\\\/person\\\/17a70f07162e42bc0b181c22397286e0\",\"name\":\"Achim\",\"image\":{\"@type\":\"ImageObject\",\"inLanguage\":\"de\",\"@id\":\"https:\\\/\\\/secure.gravatar.com\\\/avatar\\\/b7ab31bc55956af4a9bebf7fd034761212b11b803b7e39464914d6abeefb12f3?s=96&d=mm&r=g\",\"url\":\"https:\\\/\\\/secure.gravatar.com\\\/avatar\\\/b7ab31bc55956af4a9bebf7fd034761212b11b803b7e39464914d6abeefb12f3?s=96&d=mm&r=g\",\"contentUrl\":\"https:\\\/\\\/secure.gravatar.com\\\/avatar\\\/b7ab31bc55956af4a9bebf7fd034761212b11b803b7e39464914d6abeefb12f3?s=96&d=mm&r=g\",\"caption\":\"Achim\"},\"logo\":{\"@id\":\"https:\\\/\\\/secure.gravatar.com\\\/avatar\\\/b7ab31bc55956af4a9bebf7fd034761212b11b803b7e39464914d6abeefb12f3?s=96&d=mm&r=g\"},\"url\":\"https:\\\/\\\/jblanz.de\\\/WP\\\/author\\\/achim\\\/\"}]}<\/script>\n<!-- \/ Yoast SEO plugin. -->","yoast_head_json":{"title":"10.07.20 - Im Engadin - St Moritz - Reiseblog von Karin &amp; Joachim","robots":{"index":"index","follow":"follow","max-snippet":"max-snippet:-1","max-image-preview":"max-image-preview:large","max-video-preview":"max-video-preview:-1"},"canonical":"https:\/\/jblanz.de\/WP\/10-07-20-im-engadin-st-moritz\/","og_locale":"de_DE","og_type":"article","og_title":"10.07.20 - Im Engadin - St Moritz - Reiseblog von Karin &amp; Joachim","og_description":"Die Nacht am Bahnhof von Versam vergessen wir lieber. Erst hat das Ladeger\u00e4t des Buses den Strom ausgeschaltet, d.h. nicht","og_url":"https:\/\/jblanz.de\/WP\/10-07-20-im-engadin-st-moritz\/","og_site_name":"Reiseblog von Karin &amp; Joachim","article_published_time":"2020-07-10T14:50:22+00:00","article_modified_time":"2020-07-10T14:50:24+00:00","og_image":[{"width":800,"height":450,"url":"https:\/\/jblanz.de\/WP\/wp-content\/uploads\/2020\/07\/Schweiz2020_262.jpg","type":"image\/jpeg"}],"author":"Achim","twitter_card":"summary_large_image","twitter_misc":{"Verfasst von":"Achim","Gesch\u00e4tzte Lesezeit":"1\u00a0Minute"},"schema":{"@context":"https:\/\/schema.org","@graph":[{"@type":"Article","@id":"https:\/\/jblanz.de\/WP\/10-07-20-im-engadin-st-moritz\/#article","isPartOf":{"@id":"https:\/\/jblanz.de\/WP\/10-07-20-im-engadin-st-moritz\/"},"author":{"name":"Achim","@id":"https:\/\/jblanz.de\/WP\/#\/schema\/person\/17a70f07162e42bc0b181c22397286e0"},"headline":"10.07.20 &#8211; Im Engadin &#8211; St Moritz","datePublished":"2020-07-10T14:50:22+00:00","dateModified":"2020-07-10T14:50:24+00:00","mainEntityOfPage":{"@id":"https:\/\/jblanz.de\/WP\/10-07-20-im-engadin-st-moritz\/"},"wordCount":284,"commentCount":0,"publisher":{"@id":"https:\/\/jblanz.de\/WP\/#\/schema\/person\/17a70f07162e42bc0b181c22397286e0"},"image":{"@id":"https:\/\/jblanz.de\/WP\/10-07-20-im-engadin-st-moritz\/#primaryimage"},"thumbnailUrl":"https:\/\/jblanz.de\/WP\/wp-content\/uploads\/2020\/07\/Schweiz2020_262.jpg","articleSection":["2020","Europa","Schweiz"],"inLanguage":"de","potentialAction":[{"@type":"CommentAction","name":"Comment","target":["https:\/\/jblanz.de\/WP\/10-07-20-im-engadin-st-moritz\/#respond"]}]},{"@type":"WebPage","@id":"https:\/\/jblanz.de\/WP\/10-07-20-im-engadin-st-moritz\/","url":"https:\/\/jblanz.de\/WP\/10-07-20-im-engadin-st-moritz\/","name":"10.07.20 - Im Engadin - St Moritz - Reiseblog von Karin &amp; Joachim","isPartOf":{"@id":"https:\/\/jblanz.de\/WP\/#website"},"primaryImageOfPage":{"@id":"https:\/\/jblanz.de\/WP\/10-07-20-im-engadin-st-moritz\/#primaryimage"},"image":{"@id":"https:\/\/jblanz.de\/WP\/10-07-20-im-engadin-st-moritz\/#primaryimage"},"thumbnailUrl":"https:\/\/jblanz.de\/WP\/wp-content\/uploads\/2020\/07\/Schweiz2020_262.jpg","datePublished":"2020-07-10T14:50:22+00:00","dateModified":"2020-07-10T14:50:24+00:00","breadcrumb":{"@id":"https:\/\/jblanz.de\/WP\/10-07-20-im-engadin-st-moritz\/#breadcrumb"},"inLanguage":"de","potentialAction":[{"@type":"ReadAction","target":["https:\/\/jblanz.de\/WP\/10-07-20-im-engadin-st-moritz\/"]}]},{"@type":"ImageObject","inLanguage":"de","@id":"https:\/\/jblanz.de\/WP\/10-07-20-im-engadin-st-moritz\/#primaryimage","url":"https:\/\/jblanz.de\/WP\/wp-content\/uploads\/2020\/07\/Schweiz2020_262.jpg","contentUrl":"https:\/\/jblanz.de\/WP\/wp-content\/uploads\/2020\/07\/Schweiz2020_262.jpg","width":800,"height":450},{"@type":"BreadcrumbList","@id":"https:\/\/jblanz.de\/WP\/10-07-20-im-engadin-st-moritz\/#breadcrumb","itemListElement":[{"@type":"ListItem","position":1,"name":"Startseite","item":"https:\/\/jblanz.de\/WP\/"},{"@type":"ListItem","position":2,"name":"10.07.20 &#8211; Im Engadin &#8211; St Moritz"}]},{"@type":"WebSite","@id":"https:\/\/jblanz.de\/WP\/#website","url":"https:\/\/jblanz.de\/WP\/","name":"Reiseblog von Karin & Joachim","description":"Wir schreiben den Blog f\u00fcr uns als Erinnerung - f\u00fcr euch als Inspiration","publisher":{"@id":"https:\/\/jblanz.de\/WP\/#\/schema\/person\/17a70f07162e42bc0b181c22397286e0"},"potentialAction":[{"@type":"SearchAction","target":{"@type":"EntryPoint","urlTemplate":"https:\/\/jblanz.de\/WP\/?s={search_term_string}"},"query-input":{"@type":"PropertyValueSpecification","valueRequired":true,"valueName":"search_term_string"}}],"inLanguage":"de"},{"@type":["Person","Organization"],"@id":"https:\/\/jblanz.de\/WP\/#\/schema\/person\/17a70f07162e42bc0b181c22397286e0","name":"Achim","image":{"@type":"ImageObject","inLanguage":"de","@id":"https:\/\/secure.gravatar.com\/avatar\/b7ab31bc55956af4a9bebf7fd034761212b11b803b7e39464914d6abeefb12f3?s=96&d=mm&r=g","url":"https:\/\/secure.gravatar.com\/avatar\/b7ab31bc55956af4a9bebf7fd034761212b11b803b7e39464914d6abeefb12f3?s=96&d=mm&r=g","contentUrl":"https:\/\/secure.gravatar.com\/avatar\/b7ab31bc55956af4a9bebf7fd034761212b11b803b7e39464914d6abeefb12f3?s=96&d=mm&r=g","caption":"Achim"},"logo":{"@id":"https:\/\/secure.gravatar.com\/avatar\/b7ab31bc55956af4a9bebf7fd034761212b11b803b7e39464914d6abeefb12f3?s=96&d=mm&r=g"},"url":"https:\/\/jblanz.de\/WP\/author\/achim\/"}]}},"_links":{"self":[{"href":"https:\/\/jblanz.de\/WP\/wp-json\/wp\/v2\/posts\/4870","targetHints":{"allow":["GET"]}}],"collection":[{"href":"https:\/\/jblanz.de\/WP\/wp-json\/wp\/v2\/posts"}],"about":[{"href":"https:\/\/jblanz.de\/WP\/wp-json\/wp\/v2\/types\/post"}],"author":[{"embeddable":true,"href":"https:\/\/jblanz.de\/WP\/wp-json\/wp\/v2\/users\/1"}],"replies":[{"embeddable":true,"href":"https:\/\/jblanz.de\/WP\/wp-json\/wp\/v2\/comments?post=4870"}],"version-history":[{"count":0,"href":"https:\/\/jblanz.de\/WP\/wp-json\/wp\/v2\/posts\/4870\/revisions"}],"wp:featuredmedia":[{"embeddable":true,"href":"https:\/\/jblanz.de\/WP\/wp-json\/wp\/v2\/media\/4877"}],"wp:attachment":[{"href":"https:\/\/jblanz.de\/WP\/wp-json\/wp\/v2\/media?parent=4870"}],"wp:term":[{"taxonomy":"category","embeddable":true,"href":"https:\/\/jblanz.de\/WP\/wp-json\/wp\/v2\/categories?post=4870"},{"taxonomy":"post_tag","embeddable":true,"href":"https:\/\/jblanz.de\/WP\/wp-json\/wp\/v2\/tags?post=4870"}],"curies":[{"name":"wp","href":"https:\/\/api.w.org\/{rel}","templated":true}]}}