{"id":4963,"date":"2020-09-21T09:00:48","date_gmt":"2020-09-21T07:00:48","guid":{"rendered":"http:\/\/jblanz.de\/WP\/?p=4963"},"modified":"2020-09-21T09:31:47","modified_gmt":"2020-09-21T07:31:47","slug":"18-september-2020-flensburg","status":"publish","type":"post","link":"https:\/\/jblanz.de\/WP\/18-september-2020-flensburg\/","title":{"rendered":"18. September 2020 &#8211; Flensburg"},"content":{"rendered":"\n<p>Wir fahren weiter, um Flensburg zu besichtigen. In Gl\u00fccksburg stellen wir unseren Bus in der N\u00e4he der F\u00f6rdeland Therme ab und radeln los. Da ich in der App Koomot als Transportmittel Mountain-e-bike eingegeben hatte, f\u00fchrt der Weg auf Waldwegen vorbei am Roikier See. Wir hielten an, da ich Fotos von grossen Libellen machen wollte, die am Ufer entlang schwirrten. Aber wie so oft, flog keine Libelle vorbei, als ich mit der Kamera da sass. Trotzdem ein paar Fotos von dem mystischen zugewachsenen kleinen See.<\/p>\n\n\n\n<figure class=\"wp-block-image size-large\"><img loading=\"lazy\" decoding=\"async\" width=\"800\" height=\"450\" src=\"https:\/\/jblanz.de\/WP\/wp-content\/uploads\/2020\/09\/Holstein2020_024.jpg\" alt=\"\" class=\"wp-image-4965\" srcset=\"https:\/\/jblanz.de\/WP\/wp-content\/uploads\/2020\/09\/Holstein2020_024.jpg 800w, https:\/\/jblanz.de\/WP\/wp-content\/uploads\/2020\/09\/Holstein2020_024-300x169.jpg 300w, https:\/\/jblanz.de\/WP\/wp-content\/uploads\/2020\/09\/Holstein2020_024-768x432.jpg 768w\" sizes=\"auto, (max-width: 800px) 100vw, 800px\" \/><\/figure>\n\n\n\n<figure class=\"wp-block-image size-large\"><img loading=\"lazy\" decoding=\"async\" width=\"800\" height=\"450\" src=\"https:\/\/jblanz.de\/WP\/wp-content\/uploads\/2020\/09\/Holstein2020_026.jpg\" alt=\"\" class=\"wp-image-4966\" srcset=\"https:\/\/jblanz.de\/WP\/wp-content\/uploads\/2020\/09\/Holstein2020_026.jpg 800w, https:\/\/jblanz.de\/WP\/wp-content\/uploads\/2020\/09\/Holstein2020_026-300x169.jpg 300w, https:\/\/jblanz.de\/WP\/wp-content\/uploads\/2020\/09\/Holstein2020_026-768x432.jpg 768w\" sizes=\"auto, (max-width: 800px) 100vw, 800px\" \/><\/figure>\n\n\n\n<p>Als es schliesslich auf Wegen, die von Waldbearbeitungsfahrzeugen ein Profil aufgedr\u00fcckt bekommen hatten und steil bergauf ging, bot sich eine Alternative an, die deutlich reizvoller am Ufer der Flensburger F\u00f6rde entlang ging. Wir fuhren durch Hafengebiet und standen \u00fcberrascht vor dem Marien-Caf\u00e9, das uns Christel Mohr einen Tag zuvor als Highlight in Flensburg genannt hatte. Wir hatten Lust auf Kaffee und Kuchen, stellten unsere R\u00e4der ab. Wegen Corona war Selbstbedienung angesagt. Wir mussten uns also kurz anstellen, bestaunten derweilen die Kaffeekannen, die \u00fcberall von der Decke herabhingen und erwarben eine Sahnetorte f\u00fcr Karin und einen K\u00e4sekuchen f\u00fcr mich und und sassen im Garten des Caf\u00e9s.<\/p>\n\n\n\n<figure class=\"wp-block-gallery columns-2 is-cropped wp-block-gallery-2 is-layout-flex wp-block-gallery-is-layout-flex\"><ul class=\"blocks-gallery-grid\"><li class=\"blocks-gallery-item\"><figure><img loading=\"lazy\" decoding=\"async\" width=\"253\" height=\"450\" src=\"https:\/\/jblanz.de\/WP\/wp-content\/uploads\/2020\/09\/Holstein2020_028.jpg\" alt=\"\" data-id=\"4967\" data-full-url=\"https:\/\/jblanz.de\/WP\/wp-content\/uploads\/2020\/09\/Holstein2020_028.jpg\" data-link=\"https:\/\/jblanz.de\/WP\/wp-content\/uploads\/2020\/09\/Holstein2020_028.jpg\" class=\"wp-image-4967\" srcset=\"https:\/\/jblanz.de\/WP\/wp-content\/uploads\/2020\/09\/Holstein2020_028.jpg 253w, https:\/\/jblanz.de\/WP\/wp-content\/uploads\/2020\/09\/Holstein2020_028-169x300.jpg 169w\" sizes=\"auto, (max-width: 253px) 100vw, 253px\" \/><\/figure><\/li><li class=\"blocks-gallery-item\"><figure><img loading=\"lazy\" decoding=\"async\" width=\"253\" height=\"450\" src=\"https:\/\/jblanz.de\/WP\/wp-content\/uploads\/2020\/09\/Holstein2020_029.jpg\" alt=\"\" data-id=\"4969\" data-full-url=\"https:\/\/jblanz.de\/WP\/wp-content\/uploads\/2020\/09\/Holstein2020_029.jpg\" data-link=\"https:\/\/jblanz.de\/WP\/wp-content\/uploads\/2020\/09\/Holstein2020_029.jpg\" class=\"wp-image-4969\" srcset=\"https:\/\/jblanz.de\/WP\/wp-content\/uploads\/2020\/09\/Holstein2020_029.jpg 253w, https:\/\/jblanz.de\/WP\/wp-content\/uploads\/2020\/09\/Holstein2020_029-169x300.jpg 169w\" sizes=\"auto, (max-width: 253px) 100vw, 253px\" \/><\/figure><\/li><\/ul><\/figure>\n\n\n\n<p>In der Stadt erwartete uns erst der Hafen mit einer spektakul\u00e4ren Yacht, die von den Passanten ziemlich sp\u00f6ttisch kommentiert wurde. Die Cinderella Noel III ist 35 m lang und bietet Platz f\u00fcr 10 Passagiere und 5 Besatzungsmitglieder.<\/p>\n\n\n\n<figure class=\"wp-block-image size-large\"><img loading=\"lazy\" decoding=\"async\" width=\"800\" height=\"450\" src=\"https:\/\/jblanz.de\/WP\/wp-content\/uploads\/2020\/09\/Holstein2020_034.jpg\" alt=\"\" class=\"wp-image-4973\" srcset=\"https:\/\/jblanz.de\/WP\/wp-content\/uploads\/2020\/09\/Holstein2020_034.jpg 800w, https:\/\/jblanz.de\/WP\/wp-content\/uploads\/2020\/09\/Holstein2020_034-300x169.jpg 300w, https:\/\/jblanz.de\/WP\/wp-content\/uploads\/2020\/09\/Holstein2020_034-768x432.jpg 768w\" sizes=\"auto, (max-width: 800px) 100vw, 800px\" \/><\/figure>\n\n\n\n<p>Der Flair, den die vielen alten Bauten entlang des Hafens und in der Fussg\u00e4ngerzone verbreiten, gef\u00e4llt uns. Wir flanieren durch die &#8222;Rote Strasse&#8220; und bewundern die Auslagen in den Gesch\u00e4ften.<\/p>\n<p>Zur\u00fcck geht es durch Villengegenden, dann wieder durch Wohnblocks und das Twedter Holz. Schliesslich landen wir wieder an der Abzweigung, die wir bei der Herfahrt genommen hatten und fuhren durch den Wald zur\u00fcck.<\/p>\n<p>\u00dcberall hingen Plakate, dass in Gl\u00fccksburg am n\u00e4chsten Tag ein K\u00fcnstlermarkt stattfinden sollte. Jetzt wissen wir auch schon, was wir morgen machen. Da wir nicht auf dem Parkplatz \u00fcbernachten wollten, fuhren wir weiter auf die Langzunge Holnis und checkten auf dem dortigen Campingplatz ein. Er war noch sehr voll und wir bekamen einen der letzten Pl\u00e4tze. Hinter dem Deich ein sehr sch\u00f6ner Sandstrand.<\/p>\n","protected":false},"excerpt":{"rendered":"<p>Wir fahren weiter, um Flensburg zu besichtigen. In Gl\u00fccksburg stellen wir unseren Bus in der N\u00e4he der F\u00f6rdeland Therme ab<\/p>\n","protected":false},"author":1,"featured_media":4968,"comment_status":"open","ping_status":"open","sticky":false,"template":"","format":"standard","meta":{"colormag_page_container_layout":"default_layout","colormag_page_sidebar_layout":"default_layout","_monsterinsights_skip_tracking":false,"_monsterinsights_sitenote_active":false,"_monsterinsights_sitenote_note":"","_monsterinsights_sitenote_category":0,"footnotes":""},"categories":[201,225,159],"tags":[],"class_list":["post-4963","post","type-post","status-publish","format-standard","has-post-thumbnail","hentry","category-201","category-deutschland","category-europa"],"yoast_head":"<!-- This site is optimized with the Yoast SEO plugin v27.4 - https:\/\/yoast.com\/product\/yoast-seo-wordpress\/ -->\n<title>18. September 2020 - Flensburg - Reiseblog von Karin &amp; Joachim<\/title>\n<meta name=\"robots\" content=\"index, follow, max-snippet:-1, max-image-preview:large, max-video-preview:-1\" \/>\n<link rel=\"canonical\" href=\"https:\/\/jblanz.de\/WP\/18-september-2020-flensburg\/\" \/>\n<meta property=\"og:locale\" content=\"de_DE\" \/>\n<meta property=\"og:type\" content=\"article\" \/>\n<meta property=\"og:title\" content=\"18. September 2020 - Flensburg - Reiseblog von Karin &amp; Joachim\" \/>\n<meta property=\"og:description\" content=\"Wir fahren weiter, um Flensburg zu besichtigen. In Gl\u00fccksburg stellen wir unseren Bus in der N\u00e4he der F\u00f6rdeland Therme ab\" \/>\n<meta property=\"og:url\" content=\"https:\/\/jblanz.de\/WP\/18-september-2020-flensburg\/\" \/>\n<meta property=\"og:site_name\" content=\"Reiseblog von Karin &amp; Joachim\" \/>\n<meta property=\"article:published_time\" content=\"2020-09-21T07:00:48+00:00\" \/>\n<meta property=\"article:modified_time\" content=\"2020-09-21T07:31:47+00:00\" \/>\n<meta property=\"og:image\" content=\"https:\/\/jblanz.de\/WP\/wp-content\/uploads\/2020\/09\/Holstein2020_027.jpg\" \/>\n\t<meta property=\"og:image:width\" content=\"800\" \/>\n\t<meta property=\"og:image:height\" content=\"450\" \/>\n\t<meta property=\"og:image:type\" content=\"image\/jpeg\" \/>\n<meta name=\"author\" content=\"Achim\" \/>\n<meta name=\"twitter:card\" content=\"summary_large_image\" \/>\n<meta name=\"twitter:label1\" content=\"Verfasst von\" \/>\n\t<meta name=\"twitter:data1\" content=\"Achim\" \/>\n\t<meta name=\"twitter:label2\" content=\"Gesch\u00e4tzte Lesezeit\" \/>\n\t<meta name=\"twitter:data2\" content=\"2\u00a0Minuten\" \/>\n<script type=\"application\/ld+json\" class=\"yoast-schema-graph\">{\"@context\":\"https:\\\/\\\/schema.org\",\"@graph\":[{\"@type\":\"Article\",\"@id\":\"https:\\\/\\\/jblanz.de\\\/WP\\\/18-september-2020-flensburg\\\/#article\",\"isPartOf\":{\"@id\":\"https:\\\/\\\/jblanz.de\\\/WP\\\/18-september-2020-flensburg\\\/\"},\"author\":{\"name\":\"Achim\",\"@id\":\"https:\\\/\\\/jblanz.de\\\/WP\\\/#\\\/schema\\\/person\\\/17a70f07162e42bc0b181c22397286e0\"},\"headline\":\"18. September 2020 &#8211; Flensburg\",\"datePublished\":\"2020-09-21T07:00:48+00:00\",\"dateModified\":\"2020-09-21T07:31:47+00:00\",\"mainEntityOfPage\":{\"@id\":\"https:\\\/\\\/jblanz.de\\\/WP\\\/18-september-2020-flensburg\\\/\"},\"wordCount\":376,\"commentCount\":0,\"publisher\":{\"@id\":\"https:\\\/\\\/jblanz.de\\\/WP\\\/#\\\/schema\\\/person\\\/17a70f07162e42bc0b181c22397286e0\"},\"image\":{\"@id\":\"https:\\\/\\\/jblanz.de\\\/WP\\\/18-september-2020-flensburg\\\/#primaryimage\"},\"thumbnailUrl\":\"https:\\\/\\\/jblanz.de\\\/WP\\\/wp-content\\\/uploads\\\/2020\\\/09\\\/Holstein2020_027.jpg\",\"articleSection\":[\"2020\",\"Deutschland\",\"Europa\"],\"inLanguage\":\"de\",\"potentialAction\":[{\"@type\":\"CommentAction\",\"name\":\"Comment\",\"target\":[\"https:\\\/\\\/jblanz.de\\\/WP\\\/18-september-2020-flensburg\\\/#respond\"]}]},{\"@type\":\"WebPage\",\"@id\":\"https:\\\/\\\/jblanz.de\\\/WP\\\/18-september-2020-flensburg\\\/\",\"url\":\"https:\\\/\\\/jblanz.de\\\/WP\\\/18-september-2020-flensburg\\\/\",\"name\":\"18. September 2020 - Flensburg - Reiseblog von Karin &amp; Joachim\",\"isPartOf\":{\"@id\":\"https:\\\/\\\/jblanz.de\\\/WP\\\/#website\"},\"primaryImageOfPage\":{\"@id\":\"https:\\\/\\\/jblanz.de\\\/WP\\\/18-september-2020-flensburg\\\/#primaryimage\"},\"image\":{\"@id\":\"https:\\\/\\\/jblanz.de\\\/WP\\\/18-september-2020-flensburg\\\/#primaryimage\"},\"thumbnailUrl\":\"https:\\\/\\\/jblanz.de\\\/WP\\\/wp-content\\\/uploads\\\/2020\\\/09\\\/Holstein2020_027.jpg\",\"datePublished\":\"2020-09-21T07:00:48+00:00\",\"dateModified\":\"2020-09-21T07:31:47+00:00\",\"breadcrumb\":{\"@id\":\"https:\\\/\\\/jblanz.de\\\/WP\\\/18-september-2020-flensburg\\\/#breadcrumb\"},\"inLanguage\":\"de\",\"potentialAction\":[{\"@type\":\"ReadAction\",\"target\":[\"https:\\\/\\\/jblanz.de\\\/WP\\\/18-september-2020-flensburg\\\/\"]}]},{\"@type\":\"ImageObject\",\"inLanguage\":\"de\",\"@id\":\"https:\\\/\\\/jblanz.de\\\/WP\\\/18-september-2020-flensburg\\\/#primaryimage\",\"url\":\"https:\\\/\\\/jblanz.de\\\/WP\\\/wp-content\\\/uploads\\\/2020\\\/09\\\/Holstein2020_027.jpg\",\"contentUrl\":\"https:\\\/\\\/jblanz.de\\\/WP\\\/wp-content\\\/uploads\\\/2020\\\/09\\\/Holstein2020_027.jpg\",\"width\":800,\"height\":450},{\"@type\":\"BreadcrumbList\",\"@id\":\"https:\\\/\\\/jblanz.de\\\/WP\\\/18-september-2020-flensburg\\\/#breadcrumb\",\"itemListElement\":[{\"@type\":\"ListItem\",\"position\":1,\"name\":\"Startseite\",\"item\":\"https:\\\/\\\/jblanz.de\\\/WP\\\/\"},{\"@type\":\"ListItem\",\"position\":2,\"name\":\"18. September 2020 &#8211; Flensburg\"}]},{\"@type\":\"WebSite\",\"@id\":\"https:\\\/\\\/jblanz.de\\\/WP\\\/#website\",\"url\":\"https:\\\/\\\/jblanz.de\\\/WP\\\/\",\"name\":\"Reiseblog von Karin & Joachim\",\"description\":\"Wir schreiben den Blog f\u00fcr uns als Erinnerung - f\u00fcr euch als Inspiration\",\"publisher\":{\"@id\":\"https:\\\/\\\/jblanz.de\\\/WP\\\/#\\\/schema\\\/person\\\/17a70f07162e42bc0b181c22397286e0\"},\"potentialAction\":[{\"@type\":\"SearchAction\",\"target\":{\"@type\":\"EntryPoint\",\"urlTemplate\":\"https:\\\/\\\/jblanz.de\\\/WP\\\/?s={search_term_string}\"},\"query-input\":{\"@type\":\"PropertyValueSpecification\",\"valueRequired\":true,\"valueName\":\"search_term_string\"}}],\"inLanguage\":\"de\"},{\"@type\":[\"Person\",\"Organization\"],\"@id\":\"https:\\\/\\\/jblanz.de\\\/WP\\\/#\\\/schema\\\/person\\\/17a70f07162e42bc0b181c22397286e0\",\"name\":\"Achim\",\"image\":{\"@type\":\"ImageObject\",\"inLanguage\":\"de\",\"@id\":\"https:\\\/\\\/secure.gravatar.com\\\/avatar\\\/b7ab31bc55956af4a9bebf7fd034761212b11b803b7e39464914d6abeefb12f3?s=96&d=mm&r=g\",\"url\":\"https:\\\/\\\/secure.gravatar.com\\\/avatar\\\/b7ab31bc55956af4a9bebf7fd034761212b11b803b7e39464914d6abeefb12f3?s=96&d=mm&r=g\",\"contentUrl\":\"https:\\\/\\\/secure.gravatar.com\\\/avatar\\\/b7ab31bc55956af4a9bebf7fd034761212b11b803b7e39464914d6abeefb12f3?s=96&d=mm&r=g\",\"caption\":\"Achim\"},\"logo\":{\"@id\":\"https:\\\/\\\/secure.gravatar.com\\\/avatar\\\/b7ab31bc55956af4a9bebf7fd034761212b11b803b7e39464914d6abeefb12f3?s=96&d=mm&r=g\"},\"url\":\"https:\\\/\\\/jblanz.de\\\/WP\\\/author\\\/achim\\\/\"}]}<\/script>\n<!-- \/ Yoast SEO plugin. -->","yoast_head_json":{"title":"18. September 2020 - Flensburg - Reiseblog von Karin &amp; Joachim","robots":{"index":"index","follow":"follow","max-snippet":"max-snippet:-1","max-image-preview":"max-image-preview:large","max-video-preview":"max-video-preview:-1"},"canonical":"https:\/\/jblanz.de\/WP\/18-september-2020-flensburg\/","og_locale":"de_DE","og_type":"article","og_title":"18. September 2020 - Flensburg - Reiseblog von Karin &amp; Joachim","og_description":"Wir fahren weiter, um Flensburg zu besichtigen. In Gl\u00fccksburg stellen wir unseren Bus in der N\u00e4he der F\u00f6rdeland Therme ab","og_url":"https:\/\/jblanz.de\/WP\/18-september-2020-flensburg\/","og_site_name":"Reiseblog von Karin &amp; Joachim","article_published_time":"2020-09-21T07:00:48+00:00","article_modified_time":"2020-09-21T07:31:47+00:00","og_image":[{"width":800,"height":450,"url":"https:\/\/jblanz.de\/WP\/wp-content\/uploads\/2020\/09\/Holstein2020_027.jpg","type":"image\/jpeg"}],"author":"Achim","twitter_card":"summary_large_image","twitter_misc":{"Verfasst von":"Achim","Gesch\u00e4tzte Lesezeit":"2\u00a0Minuten"},"schema":{"@context":"https:\/\/schema.org","@graph":[{"@type":"Article","@id":"https:\/\/jblanz.de\/WP\/18-september-2020-flensburg\/#article","isPartOf":{"@id":"https:\/\/jblanz.de\/WP\/18-september-2020-flensburg\/"},"author":{"name":"Achim","@id":"https:\/\/jblanz.de\/WP\/#\/schema\/person\/17a70f07162e42bc0b181c22397286e0"},"headline":"18. September 2020 &#8211; Flensburg","datePublished":"2020-09-21T07:00:48+00:00","dateModified":"2020-09-21T07:31:47+00:00","mainEntityOfPage":{"@id":"https:\/\/jblanz.de\/WP\/18-september-2020-flensburg\/"},"wordCount":376,"commentCount":0,"publisher":{"@id":"https:\/\/jblanz.de\/WP\/#\/schema\/person\/17a70f07162e42bc0b181c22397286e0"},"image":{"@id":"https:\/\/jblanz.de\/WP\/18-september-2020-flensburg\/#primaryimage"},"thumbnailUrl":"https:\/\/jblanz.de\/WP\/wp-content\/uploads\/2020\/09\/Holstein2020_027.jpg","articleSection":["2020","Deutschland","Europa"],"inLanguage":"de","potentialAction":[{"@type":"CommentAction","name":"Comment","target":["https:\/\/jblanz.de\/WP\/18-september-2020-flensburg\/#respond"]}]},{"@type":"WebPage","@id":"https:\/\/jblanz.de\/WP\/18-september-2020-flensburg\/","url":"https:\/\/jblanz.de\/WP\/18-september-2020-flensburg\/","name":"18. September 2020 - Flensburg - Reiseblog von Karin &amp; Joachim","isPartOf":{"@id":"https:\/\/jblanz.de\/WP\/#website"},"primaryImageOfPage":{"@id":"https:\/\/jblanz.de\/WP\/18-september-2020-flensburg\/#primaryimage"},"image":{"@id":"https:\/\/jblanz.de\/WP\/18-september-2020-flensburg\/#primaryimage"},"thumbnailUrl":"https:\/\/jblanz.de\/WP\/wp-content\/uploads\/2020\/09\/Holstein2020_027.jpg","datePublished":"2020-09-21T07:00:48+00:00","dateModified":"2020-09-21T07:31:47+00:00","breadcrumb":{"@id":"https:\/\/jblanz.de\/WP\/18-september-2020-flensburg\/#breadcrumb"},"inLanguage":"de","potentialAction":[{"@type":"ReadAction","target":["https:\/\/jblanz.de\/WP\/18-september-2020-flensburg\/"]}]},{"@type":"ImageObject","inLanguage":"de","@id":"https:\/\/jblanz.de\/WP\/18-september-2020-flensburg\/#primaryimage","url":"https:\/\/jblanz.de\/WP\/wp-content\/uploads\/2020\/09\/Holstein2020_027.jpg","contentUrl":"https:\/\/jblanz.de\/WP\/wp-content\/uploads\/2020\/09\/Holstein2020_027.jpg","width":800,"height":450},{"@type":"BreadcrumbList","@id":"https:\/\/jblanz.de\/WP\/18-september-2020-flensburg\/#breadcrumb","itemListElement":[{"@type":"ListItem","position":1,"name":"Startseite","item":"https:\/\/jblanz.de\/WP\/"},{"@type":"ListItem","position":2,"name":"18. September 2020 &#8211; Flensburg"}]},{"@type":"WebSite","@id":"https:\/\/jblanz.de\/WP\/#website","url":"https:\/\/jblanz.de\/WP\/","name":"Reiseblog von Karin & Joachim","description":"Wir schreiben den Blog f\u00fcr uns als Erinnerung - f\u00fcr euch als Inspiration","publisher":{"@id":"https:\/\/jblanz.de\/WP\/#\/schema\/person\/17a70f07162e42bc0b181c22397286e0"},"potentialAction":[{"@type":"SearchAction","target":{"@type":"EntryPoint","urlTemplate":"https:\/\/jblanz.de\/WP\/?s={search_term_string}"},"query-input":{"@type":"PropertyValueSpecification","valueRequired":true,"valueName":"search_term_string"}}],"inLanguage":"de"},{"@type":["Person","Organization"],"@id":"https:\/\/jblanz.de\/WP\/#\/schema\/person\/17a70f07162e42bc0b181c22397286e0","name":"Achim","image":{"@type":"ImageObject","inLanguage":"de","@id":"https:\/\/secure.gravatar.com\/avatar\/b7ab31bc55956af4a9bebf7fd034761212b11b803b7e39464914d6abeefb12f3?s=96&d=mm&r=g","url":"https:\/\/secure.gravatar.com\/avatar\/b7ab31bc55956af4a9bebf7fd034761212b11b803b7e39464914d6abeefb12f3?s=96&d=mm&r=g","contentUrl":"https:\/\/secure.gravatar.com\/avatar\/b7ab31bc55956af4a9bebf7fd034761212b11b803b7e39464914d6abeefb12f3?s=96&d=mm&r=g","caption":"Achim"},"logo":{"@id":"https:\/\/secure.gravatar.com\/avatar\/b7ab31bc55956af4a9bebf7fd034761212b11b803b7e39464914d6abeefb12f3?s=96&d=mm&r=g"},"url":"https:\/\/jblanz.de\/WP\/author\/achim\/"}]}},"_links":{"self":[{"href":"https:\/\/jblanz.de\/WP\/wp-json\/wp\/v2\/posts\/4963","targetHints":{"allow":["GET"]}}],"collection":[{"href":"https:\/\/jblanz.de\/WP\/wp-json\/wp\/v2\/posts"}],"about":[{"href":"https:\/\/jblanz.de\/WP\/wp-json\/wp\/v2\/types\/post"}],"author":[{"embeddable":true,"href":"https:\/\/jblanz.de\/WP\/wp-json\/wp\/v2\/users\/1"}],"replies":[{"embeddable":true,"href":"https:\/\/jblanz.de\/WP\/wp-json\/wp\/v2\/comments?post=4963"}],"version-history":[{"count":0,"href":"https:\/\/jblanz.de\/WP\/wp-json\/wp\/v2\/posts\/4963\/revisions"}],"wp:featuredmedia":[{"embeddable":true,"href":"https:\/\/jblanz.de\/WP\/wp-json\/wp\/v2\/media\/4968"}],"wp:attachment":[{"href":"https:\/\/jblanz.de\/WP\/wp-json\/wp\/v2\/media?parent=4963"}],"wp:term":[{"taxonomy":"category","embeddable":true,"href":"https:\/\/jblanz.de\/WP\/wp-json\/wp\/v2\/categories?post=4963"},{"taxonomy":"post_tag","embeddable":true,"href":"https:\/\/jblanz.de\/WP\/wp-json\/wp\/v2\/tags?post=4963"}],"curies":[{"name":"wp","href":"https:\/\/api.w.org\/{rel}","templated":true}]}}