{"id":4977,"date":"2020-09-21T18:20:08","date_gmt":"2020-09-21T16:20:08","guid":{"rendered":"http:\/\/jblanz.de\/WP\/?p=4977"},"modified":"2020-09-21T22:03:43","modified_gmt":"2020-09-21T20:03:43","slug":"18-september-2020-besichtigung-von-gluecksburg-und-fahrt-rund-um-holnis","status":"publish","type":"post","link":"https:\/\/jblanz.de\/WP\/18-september-2020-besichtigung-von-gluecksburg-und-fahrt-rund-um-holnis\/","title":{"rendered":"19. September 2020 &#8211; Besichtigung von Gl\u00fccksburg  und Fahrt rund um Holnis"},"content":{"rendered":"\n<p>Gleich nach dem Fr\u00fchst\u00fcck geht es zum Kunsthandwerkermarkt nach Gl\u00fccksburg. Da nicht auszuschliessen war, dass wir dort auch etwas Einkaufen, besichtigten wir erst noch das Schloss. Am heutigen Samstag waren da mehrere Hochzeiten und wir durften beim Eintritt in Schloss durch das Spalier von Hochzeitsg\u00e4sten gehen und beim Austritt durch ein Spalier der n\u00e4chsten Hochzeitsgesellschaft. Der &#8222;Empfangsdiener&#8220; im Livree erkl\u00e4rte uns freundlich die Regeln, die es jetzt einzuhalten galt und so machten wir uns auf den Rundgang \u00fcber 3 Etagen.<\/p>\n\n\n\n<figure class=\"wp-block-image size-large\"><img loading=\"lazy\" decoding=\"async\" width=\"675\" height=\"450\" src=\"https:\/\/jblanz.de\/WP\/wp-content\/uploads\/2020\/09\/Holstein2020_041.jpg\" alt=\"\" class=\"wp-image-4999\" srcset=\"https:\/\/jblanz.de\/WP\/wp-content\/uploads\/2020\/09\/Holstein2020_041.jpg 675w, https:\/\/jblanz.de\/WP\/wp-content\/uploads\/2020\/09\/Holstein2020_041-300x200.jpg 300w\" sizes=\"auto, (max-width: 675px) 100vw, 675px\" \/><\/figure>\n\n\n\n<p>Da es am Strand doch etwas zu k\u00fchl ist, gehen wir in das dem Camping angegliederte Strandcaf\u00e9 und nehmen erst Mal einen Kaffee mit Kuchen. Diese Strassencaf\u00e9s\/Imbisse gibt es hier ja an jeder Ecke und alle sind stets gut besucht.<\/p>\n\n\n\n<p>Danach fuhren wir aber direkt zum Markt. Erst auf dem Weg zum Eingang des Gel\u00e4ndes mussten wir feststellen, dass Gl\u00fccksburg einen sch\u00f6nen Strand hat mit Restauration und Strandk\u00f6rben.<\/p>\n<p>Beim Eintritt bekamen wir je eine W\u00e4scheklammer, mit der kontrolliert wurde, wieviele Besucher bereits auf dem Gel\u00e4nde sind. Am Ausgang musste man die W\u00e4scheklammer wieder abgeben &#8211; sie wurde sogar direkt in ein Desinfektionsbad geworfen. Irgendwie kam mir das total \u00fcbertrieben vor &#8211; wie bitte soll man sich denn an einer W\u00e4scheklammer infizieren. Na ja, der Markt hatte einige interessante St\u00e4nde und Karin kaufte an einem Stand 3 Eisenstangen, deren Ende zu einer Schnecke geschmiedet sind. Die Teile sind halt ca 2 m lang und ziemlich unpraktisch auf einem Fahrrad zu transportieren. Trotzdem gekauft, mit einer Hand am Lenker die 5 km zur\u00fcckgeradelt, und mit fast verkrampfter rechter Hand sicher am Camping angekommen.<\/p>\n\n\n\n<p>Da es noch nicht sp\u00e4t war, erkundigten wir die Gegend um Holnis herum. Erst fuhren wir am Deich entlang zu Spitze des Gebiets &#8211; guter Blick nach D\u00e4nemark &#8211; dann ging es in den windgesch\u00fctzteren Bereich der Flensburger F\u00f6rde an eine Klippe und danach zu einem Noor mit sehr vielen V\u00f6geln. Auf einer Holzplattform trockneten Kraniche ihre Fl\u00fcgel. Viele G\u00e4nse waren auf dem Wasser und immer mal wieder startete eine kleine Gruppe und flog hinter eine Kuppe. <\/p>\n\n\n\n<figure class=\"wp-block-image size-large\"><img loading=\"lazy\" decoding=\"async\" width=\"800\" height=\"450\" src=\"https:\/\/jblanz.de\/WP\/wp-content\/uploads\/2020\/09\/Holstein2020_048.jpg\" alt=\"\" class=\"wp-image-4998\" srcset=\"https:\/\/jblanz.de\/WP\/wp-content\/uploads\/2020\/09\/Holstein2020_048.jpg 800w, https:\/\/jblanz.de\/WP\/wp-content\/uploads\/2020\/09\/Holstein2020_048-300x169.jpg 300w, https:\/\/jblanz.de\/WP\/wp-content\/uploads\/2020\/09\/Holstein2020_048-768x432.jpg 768w\" sizes=\"auto, (max-width: 800px) 100vw, 800px\" \/><\/figure>\n\n\n\n<figure class=\"wp-block-image size-large\"><img loading=\"lazy\" decoding=\"async\" width=\"800\" height=\"450\" src=\"https:\/\/jblanz.de\/WP\/wp-content\/uploads\/2020\/09\/Holstein2020_050.jpg\" alt=\"\" class=\"wp-image-4997\" srcset=\"https:\/\/jblanz.de\/WP\/wp-content\/uploads\/2020\/09\/Holstein2020_050.jpg 800w, https:\/\/jblanz.de\/WP\/wp-content\/uploads\/2020\/09\/Holstein2020_050-300x169.jpg 300w, https:\/\/jblanz.de\/WP\/wp-content\/uploads\/2020\/09\/Holstein2020_050-768x432.jpg 768w\" sizes=\"auto, (max-width: 800px) 100vw, 800px\" \/><\/figure>\n\n\n\n<figure class=\"wp-block-image size-large\"><img loading=\"lazy\" decoding=\"async\" width=\"800\" height=\"450\" src=\"https:\/\/jblanz.de\/WP\/wp-content\/uploads\/2020\/09\/Holstein2020_055.jpg\" alt=\"\" class=\"wp-image-4996\" srcset=\"https:\/\/jblanz.de\/WP\/wp-content\/uploads\/2020\/09\/Holstein2020_055.jpg 800w, https:\/\/jblanz.de\/WP\/wp-content\/uploads\/2020\/09\/Holstein2020_055-300x169.jpg 300w, https:\/\/jblanz.de\/WP\/wp-content\/uploads\/2020\/09\/Holstein2020_055-768x432.jpg 768w\" sizes=\"auto, (max-width: 800px) 100vw, 800px\" \/><\/figure>\n\n\n\n<figure class=\"wp-block-image size-large\"><img loading=\"lazy\" decoding=\"async\" width=\"800\" height=\"450\" src=\"https:\/\/jblanz.de\/WP\/wp-content\/uploads\/2020\/09\/Holstein2020_059.jpg\" alt=\"\" class=\"wp-image-4995\" srcset=\"https:\/\/jblanz.de\/WP\/wp-content\/uploads\/2020\/09\/Holstein2020_059.jpg 800w, https:\/\/jblanz.de\/WP\/wp-content\/uploads\/2020\/09\/Holstein2020_059-300x169.jpg 300w, https:\/\/jblanz.de\/WP\/wp-content\/uploads\/2020\/09\/Holstein2020_059-768x432.jpg 768w\" sizes=\"auto, (max-width: 800px) 100vw, 800px\" \/><\/figure>\n\n\n\n<figure class=\"wp-block-image size-large\"><img loading=\"lazy\" decoding=\"async\" width=\"800\" height=\"450\" src=\"https:\/\/jblanz.de\/WP\/wp-content\/uploads\/2020\/09\/Holstein2020_062.jpg\" alt=\"\" class=\"wp-image-4994\" srcset=\"https:\/\/jblanz.de\/WP\/wp-content\/uploads\/2020\/09\/Holstein2020_062.jpg 800w, https:\/\/jblanz.de\/WP\/wp-content\/uploads\/2020\/09\/Holstein2020_062-300x169.jpg 300w, https:\/\/jblanz.de\/WP\/wp-content\/uploads\/2020\/09\/Holstein2020_062-768x432.jpg 768w\" sizes=\"auto, (max-width: 800px) 100vw, 800px\" \/><\/figure>\n\n\n\n<p>Neugierig wie wir sind, fuhren wir in diese Richtung und sahen Hunderte dieser G\u00e4nse auf eine Wiese herumlaufen. Manche lagen im Gras und schliefen, andere schnatterten herum. Wir nehmen an, dass sich diese G\u00e4nse versammeln, um sich auf ihre Reise in den S\u00fcden vorzubereiten.<\/p>\n\n\n\n<figure class=\"wp-block-image size-large\"><img loading=\"lazy\" decoding=\"async\" width=\"800\" height=\"450\" src=\"https:\/\/jblanz.de\/WP\/wp-content\/uploads\/2020\/09\/Holstein2020_063.jpg\" alt=\"\" class=\"wp-image-4993\" srcset=\"https:\/\/jblanz.de\/WP\/wp-content\/uploads\/2020\/09\/Holstein2020_063.jpg 800w, https:\/\/jblanz.de\/WP\/wp-content\/uploads\/2020\/09\/Holstein2020_063-300x169.jpg 300w, https:\/\/jblanz.de\/WP\/wp-content\/uploads\/2020\/09\/Holstein2020_063-768x432.jpg 768w\" sizes=\"auto, (max-width: 800px) 100vw, 800px\" \/><\/figure>\n\n\n\n<figure class=\"wp-block-image size-large\"><img loading=\"lazy\" decoding=\"async\" width=\"800\" height=\"450\" src=\"https:\/\/jblanz.de\/WP\/wp-content\/uploads\/2020\/09\/Holstein2020_070.jpg\" alt=\"\" class=\"wp-image-4992\" srcset=\"https:\/\/jblanz.de\/WP\/wp-content\/uploads\/2020\/09\/Holstein2020_070.jpg 800w, https:\/\/jblanz.de\/WP\/wp-content\/uploads\/2020\/09\/Holstein2020_070-300x169.jpg 300w, https:\/\/jblanz.de\/WP\/wp-content\/uploads\/2020\/09\/Holstein2020_070-768x432.jpg 768w\" sizes=\"auto, (max-width: 800px) 100vw, 800px\" \/><\/figure>\n\n\n\n<p>Etwas weiter finden wir eine Menge V\u00f6gel auf einer kleineren Sandbank. Auch hier starten G\u00e4nse immer wieder in Richtung Wiese.<\/p>\n\n\n\n<figure class=\"wp-block-image size-large\"><img loading=\"lazy\" decoding=\"async\" width=\"800\" height=\"450\" src=\"https:\/\/jblanz.de\/WP\/wp-content\/uploads\/2020\/09\/Holstein2020_071.jpg\" alt=\"\" class=\"wp-image-4991\" srcset=\"https:\/\/jblanz.de\/WP\/wp-content\/uploads\/2020\/09\/Holstein2020_071.jpg 800w, https:\/\/jblanz.de\/WP\/wp-content\/uploads\/2020\/09\/Holstein2020_071-300x169.jpg 300w, https:\/\/jblanz.de\/WP\/wp-content\/uploads\/2020\/09\/Holstein2020_071-768x432.jpg 768w\" sizes=\"auto, (max-width: 800px) 100vw, 800px\" \/><\/figure>\n\n\n\n<figure class=\"wp-block-image size-large\"><img loading=\"lazy\" decoding=\"async\" width=\"800\" height=\"450\" src=\"https:\/\/jblanz.de\/WP\/wp-content\/uploads\/2020\/09\/Holstein2020_075.jpg\" alt=\"\" class=\"wp-image-4990\" srcset=\"https:\/\/jblanz.de\/WP\/wp-content\/uploads\/2020\/09\/Holstein2020_075.jpg 800w, https:\/\/jblanz.de\/WP\/wp-content\/uploads\/2020\/09\/Holstein2020_075-300x169.jpg 300w, https:\/\/jblanz.de\/WP\/wp-content\/uploads\/2020\/09\/Holstein2020_075-768x432.jpg 768w\" sizes=\"auto, (max-width: 800px) 100vw, 800px\" \/><\/figure>\n\n\n\n<figure class=\"wp-block-image size-large\"><img loading=\"lazy\" decoding=\"async\" width=\"800\" height=\"450\" src=\"https:\/\/jblanz.de\/WP\/wp-content\/uploads\/2020\/09\/Holstein2020_078.jpg\" alt=\"\" class=\"wp-image-4989\" srcset=\"https:\/\/jblanz.de\/WP\/wp-content\/uploads\/2020\/09\/Holstein2020_078.jpg 800w, https:\/\/jblanz.de\/WP\/wp-content\/uploads\/2020\/09\/Holstein2020_078-300x169.jpg 300w, https:\/\/jblanz.de\/WP\/wp-content\/uploads\/2020\/09\/Holstein2020_078-768x432.jpg 768w\" sizes=\"auto, (max-width: 800px) 100vw, 800px\" \/><\/figure>\n\n\n\n<figure class=\"wp-block-image size-large\"><img loading=\"lazy\" decoding=\"async\" width=\"800\" height=\"450\" src=\"https:\/\/jblanz.de\/WP\/wp-content\/uploads\/2020\/09\/Holstein2020_081.jpg\" alt=\"\" class=\"wp-image-4988\" srcset=\"https:\/\/jblanz.de\/WP\/wp-content\/uploads\/2020\/09\/Holstein2020_081.jpg 800w, https:\/\/jblanz.de\/WP\/wp-content\/uploads\/2020\/09\/Holstein2020_081-300x169.jpg 300w, https:\/\/jblanz.de\/WP\/wp-content\/uploads\/2020\/09\/Holstein2020_081-768x432.jpg 768w\" sizes=\"auto, (max-width: 800px) 100vw, 800px\" \/><\/figure>\n\n\n\n<p>Hinter dem Leuchtturm finden wir eine Badestelle mit einem kleinen Steg. Wir sitzen in der Abendsonne und d\u00f6sen etwas, als pl\u00f6tzlich neben uns eine M\u00f6we seltsame Bewegung macht. Sie scheint mit etwas zu spielen, wirft es immer wieder ins Wasser und f\u00e4ngt es wieder. Beim n\u00e4heren Hinsehen entpuppt sich das Spielzeug als Krebs, den sie wohl in den Steinen am Ufer gefangen hat. Sie schwimmt mit dem Krebs im Schnabel an uns vorbei und klettert auf den Rundweg. Dort verspeisst sie den Krebs &#8222;mit Haut und Haaren&#8220; &#8211; schlingt ihn einfach komplett hinunter.<\/p>\n\n\n\n<figure class=\"wp-block-image size-large\"><img loading=\"lazy\" decoding=\"async\" width=\"800\" height=\"450\" src=\"https:\/\/jblanz.de\/WP\/wp-content\/uploads\/2020\/09\/Holstein2020_092.jpg\" alt=\"\" class=\"wp-image-4987\" srcset=\"https:\/\/jblanz.de\/WP\/wp-content\/uploads\/2020\/09\/Holstein2020_092.jpg 800w, https:\/\/jblanz.de\/WP\/wp-content\/uploads\/2020\/09\/Holstein2020_092-300x169.jpg 300w, https:\/\/jblanz.de\/WP\/wp-content\/uploads\/2020\/09\/Holstein2020_092-768x432.jpg 768w\" sizes=\"auto, (max-width: 800px) 100vw, 800px\" \/><\/figure>\n\n\n\n<figure class=\"wp-block-image size-large\"><img loading=\"lazy\" decoding=\"async\" width=\"800\" height=\"450\" src=\"https:\/\/jblanz.de\/WP\/wp-content\/uploads\/2020\/09\/Holstein2020_093.jpg\" alt=\"\" class=\"wp-image-4986\" srcset=\"https:\/\/jblanz.de\/WP\/wp-content\/uploads\/2020\/09\/Holstein2020_093.jpg 800w, https:\/\/jblanz.de\/WP\/wp-content\/uploads\/2020\/09\/Holstein2020_093-300x169.jpg 300w, https:\/\/jblanz.de\/WP\/wp-content\/uploads\/2020\/09\/Holstein2020_093-768x432.jpg 768w\" sizes=\"auto, (max-width: 800px) 100vw, 800px\" \/><\/figure>\n\n\n\n<figure class=\"wp-block-image size-large\"><img loading=\"lazy\" decoding=\"async\" width=\"800\" height=\"450\" src=\"https:\/\/jblanz.de\/WP\/wp-content\/uploads\/2020\/09\/Holstein2020_096.jpg\" alt=\"\" class=\"wp-image-4985\" srcset=\"https:\/\/jblanz.de\/WP\/wp-content\/uploads\/2020\/09\/Holstein2020_096.jpg 800w, https:\/\/jblanz.de\/WP\/wp-content\/uploads\/2020\/09\/Holstein2020_096-300x169.jpg 300w, https:\/\/jblanz.de\/WP\/wp-content\/uploads\/2020\/09\/Holstein2020_096-768x432.jpg 768w\" sizes=\"auto, (max-width: 800px) 100vw, 800px\" \/><\/figure>\n","protected":false},"excerpt":{"rendered":"<p>Gleich nach dem Fr\u00fchst\u00fcck geht es zum Kunsthandwerkermarkt nach Gl\u00fccksburg. Da nicht auszuschliessen war, dass wir dort auch etwas Einkaufen,<\/p>\n","protected":false},"author":1,"featured_media":5000,"comment_status":"open","ping_status":"open","sticky":false,"template":"","format":"standard","meta":{"colormag_page_container_layout":"default_layout","colormag_page_sidebar_layout":"default_layout","_monsterinsights_skip_tracking":false,"_monsterinsights_sitenote_active":false,"_monsterinsights_sitenote_note":"","_monsterinsights_sitenote_category":0,"footnotes":""},"categories":[201,225,159],"tags":[],"class_list":["post-4977","post","type-post","status-publish","format-standard","has-post-thumbnail","hentry","category-201","category-deutschland","category-europa"],"yoast_head":"<!-- This site is optimized with the Yoast SEO plugin v27.4 - https:\/\/yoast.com\/product\/yoast-seo-wordpress\/ -->\n<title>19. September 2020 - Besichtigung von Gl\u00fccksburg und Fahrt rund um Holnis - Reiseblog von Karin &amp; Joachim<\/title>\n<meta name=\"robots\" content=\"index, follow, max-snippet:-1, max-image-preview:large, max-video-preview:-1\" \/>\n<link rel=\"canonical\" href=\"https:\/\/jblanz.de\/WP\/18-september-2020-besichtigung-von-gluecksburg-und-fahrt-rund-um-holnis\/\" \/>\n<meta property=\"og:locale\" content=\"de_DE\" \/>\n<meta property=\"og:type\" content=\"article\" \/>\n<meta property=\"og:title\" content=\"19. September 2020 - Besichtigung von Gl\u00fccksburg und Fahrt rund um Holnis - Reiseblog von Karin &amp; Joachim\" \/>\n<meta property=\"og:description\" content=\"Gleich nach dem Fr\u00fchst\u00fcck geht es zum Kunsthandwerkermarkt nach Gl\u00fccksburg. Da nicht auszuschliessen war, dass wir dort auch etwas Einkaufen,\" \/>\n<meta property=\"og:url\" content=\"https:\/\/jblanz.de\/WP\/18-september-2020-besichtigung-von-gluecksburg-und-fahrt-rund-um-holnis\/\" \/>\n<meta property=\"og:site_name\" content=\"Reiseblog von Karin &amp; Joachim\" \/>\n<meta property=\"article:published_time\" content=\"2020-09-21T16:20:08+00:00\" \/>\n<meta property=\"article:modified_time\" content=\"2020-09-21T20:03:43+00:00\" \/>\n<meta property=\"og:image\" content=\"https:\/\/jblanz.de\/WP\/wp-content\/uploads\/2020\/09\/Holstein2020_039.jpg\" \/>\n\t<meta property=\"og:image:width\" content=\"800\" \/>\n\t<meta property=\"og:image:height\" content=\"450\" \/>\n\t<meta property=\"og:image:type\" content=\"image\/jpeg\" \/>\n<meta name=\"author\" content=\"Achim\" \/>\n<meta name=\"twitter:card\" content=\"summary_large_image\" \/>\n<meta name=\"twitter:label1\" content=\"Verfasst von\" \/>\n\t<meta name=\"twitter:data1\" content=\"Achim\" \/>\n\t<meta name=\"twitter:label2\" content=\"Gesch\u00e4tzte Lesezeit\" \/>\n\t<meta name=\"twitter:data2\" content=\"3\u00a0Minuten\" \/>\n<script type=\"application\/ld+json\" class=\"yoast-schema-graph\">{\"@context\":\"https:\\\/\\\/schema.org\",\"@graph\":[{\"@type\":\"Article\",\"@id\":\"https:\\\/\\\/jblanz.de\\\/WP\\\/18-september-2020-besichtigung-von-gluecksburg-und-fahrt-rund-um-holnis\\\/#article\",\"isPartOf\":{\"@id\":\"https:\\\/\\\/jblanz.de\\\/WP\\\/18-september-2020-besichtigung-von-gluecksburg-und-fahrt-rund-um-holnis\\\/\"},\"author\":{\"name\":\"Achim\",\"@id\":\"https:\\\/\\\/jblanz.de\\\/WP\\\/#\\\/schema\\\/person\\\/17a70f07162e42bc0b181c22397286e0\"},\"headline\":\"19. September 2020 &#8211; Besichtigung von Gl\u00fccksburg und Fahrt rund um Holnis\",\"datePublished\":\"2020-09-21T16:20:08+00:00\",\"dateModified\":\"2020-09-21T20:03:43+00:00\",\"mainEntityOfPage\":{\"@id\":\"https:\\\/\\\/jblanz.de\\\/WP\\\/18-september-2020-besichtigung-von-gluecksburg-und-fahrt-rund-um-holnis\\\/\"},\"wordCount\":538,\"commentCount\":0,\"publisher\":{\"@id\":\"https:\\\/\\\/jblanz.de\\\/WP\\\/#\\\/schema\\\/person\\\/17a70f07162e42bc0b181c22397286e0\"},\"image\":{\"@id\":\"https:\\\/\\\/jblanz.de\\\/WP\\\/18-september-2020-besichtigung-von-gluecksburg-und-fahrt-rund-um-holnis\\\/#primaryimage\"},\"thumbnailUrl\":\"https:\\\/\\\/jblanz.de\\\/WP\\\/wp-content\\\/uploads\\\/2020\\\/09\\\/Holstein2020_039.jpg\",\"articleSection\":[\"2020\",\"Deutschland\",\"Europa\"],\"inLanguage\":\"de\",\"potentialAction\":[{\"@type\":\"CommentAction\",\"name\":\"Comment\",\"target\":[\"https:\\\/\\\/jblanz.de\\\/WP\\\/18-september-2020-besichtigung-von-gluecksburg-und-fahrt-rund-um-holnis\\\/#respond\"]}]},{\"@type\":\"WebPage\",\"@id\":\"https:\\\/\\\/jblanz.de\\\/WP\\\/18-september-2020-besichtigung-von-gluecksburg-und-fahrt-rund-um-holnis\\\/\",\"url\":\"https:\\\/\\\/jblanz.de\\\/WP\\\/18-september-2020-besichtigung-von-gluecksburg-und-fahrt-rund-um-holnis\\\/\",\"name\":\"19. September 2020 - Besichtigung von Gl\u00fccksburg und Fahrt rund um Holnis - Reiseblog von Karin &amp; Joachim\",\"isPartOf\":{\"@id\":\"https:\\\/\\\/jblanz.de\\\/WP\\\/#website\"},\"primaryImageOfPage\":{\"@id\":\"https:\\\/\\\/jblanz.de\\\/WP\\\/18-september-2020-besichtigung-von-gluecksburg-und-fahrt-rund-um-holnis\\\/#primaryimage\"},\"image\":{\"@id\":\"https:\\\/\\\/jblanz.de\\\/WP\\\/18-september-2020-besichtigung-von-gluecksburg-und-fahrt-rund-um-holnis\\\/#primaryimage\"},\"thumbnailUrl\":\"https:\\\/\\\/jblanz.de\\\/WP\\\/wp-content\\\/uploads\\\/2020\\\/09\\\/Holstein2020_039.jpg\",\"datePublished\":\"2020-09-21T16:20:08+00:00\",\"dateModified\":\"2020-09-21T20:03:43+00:00\",\"breadcrumb\":{\"@id\":\"https:\\\/\\\/jblanz.de\\\/WP\\\/18-september-2020-besichtigung-von-gluecksburg-und-fahrt-rund-um-holnis\\\/#breadcrumb\"},\"inLanguage\":\"de\",\"potentialAction\":[{\"@type\":\"ReadAction\",\"target\":[\"https:\\\/\\\/jblanz.de\\\/WP\\\/18-september-2020-besichtigung-von-gluecksburg-und-fahrt-rund-um-holnis\\\/\"]}]},{\"@type\":\"ImageObject\",\"inLanguage\":\"de\",\"@id\":\"https:\\\/\\\/jblanz.de\\\/WP\\\/18-september-2020-besichtigung-von-gluecksburg-und-fahrt-rund-um-holnis\\\/#primaryimage\",\"url\":\"https:\\\/\\\/jblanz.de\\\/WP\\\/wp-content\\\/uploads\\\/2020\\\/09\\\/Holstein2020_039.jpg\",\"contentUrl\":\"https:\\\/\\\/jblanz.de\\\/WP\\\/wp-content\\\/uploads\\\/2020\\\/09\\\/Holstein2020_039.jpg\",\"width\":800,\"height\":450},{\"@type\":\"BreadcrumbList\",\"@id\":\"https:\\\/\\\/jblanz.de\\\/WP\\\/18-september-2020-besichtigung-von-gluecksburg-und-fahrt-rund-um-holnis\\\/#breadcrumb\",\"itemListElement\":[{\"@type\":\"ListItem\",\"position\":1,\"name\":\"Startseite\",\"item\":\"https:\\\/\\\/jblanz.de\\\/WP\\\/\"},{\"@type\":\"ListItem\",\"position\":2,\"name\":\"19. September 2020 &#8211; Besichtigung von Gl\u00fccksburg und Fahrt rund um Holnis\"}]},{\"@type\":\"WebSite\",\"@id\":\"https:\\\/\\\/jblanz.de\\\/WP\\\/#website\",\"url\":\"https:\\\/\\\/jblanz.de\\\/WP\\\/\",\"name\":\"Reiseblog von Karin & Joachim\",\"description\":\"Wir schreiben den Blog f\u00fcr uns als Erinnerung - f\u00fcr euch als Inspiration\",\"publisher\":{\"@id\":\"https:\\\/\\\/jblanz.de\\\/WP\\\/#\\\/schema\\\/person\\\/17a70f07162e42bc0b181c22397286e0\"},\"potentialAction\":[{\"@type\":\"SearchAction\",\"target\":{\"@type\":\"EntryPoint\",\"urlTemplate\":\"https:\\\/\\\/jblanz.de\\\/WP\\\/?s={search_term_string}\"},\"query-input\":{\"@type\":\"PropertyValueSpecification\",\"valueRequired\":true,\"valueName\":\"search_term_string\"}}],\"inLanguage\":\"de\"},{\"@type\":[\"Person\",\"Organization\"],\"@id\":\"https:\\\/\\\/jblanz.de\\\/WP\\\/#\\\/schema\\\/person\\\/17a70f07162e42bc0b181c22397286e0\",\"name\":\"Achim\",\"image\":{\"@type\":\"ImageObject\",\"inLanguage\":\"de\",\"@id\":\"https:\\\/\\\/secure.gravatar.com\\\/avatar\\\/b7ab31bc55956af4a9bebf7fd034761212b11b803b7e39464914d6abeefb12f3?s=96&d=mm&r=g\",\"url\":\"https:\\\/\\\/secure.gravatar.com\\\/avatar\\\/b7ab31bc55956af4a9bebf7fd034761212b11b803b7e39464914d6abeefb12f3?s=96&d=mm&r=g\",\"contentUrl\":\"https:\\\/\\\/secure.gravatar.com\\\/avatar\\\/b7ab31bc55956af4a9bebf7fd034761212b11b803b7e39464914d6abeefb12f3?s=96&d=mm&r=g\",\"caption\":\"Achim\"},\"logo\":{\"@id\":\"https:\\\/\\\/secure.gravatar.com\\\/avatar\\\/b7ab31bc55956af4a9bebf7fd034761212b11b803b7e39464914d6abeefb12f3?s=96&d=mm&r=g\"},\"url\":\"https:\\\/\\\/jblanz.de\\\/WP\\\/author\\\/achim\\\/\"}]}<\/script>\n<!-- \/ Yoast SEO plugin. -->","yoast_head_json":{"title":"19. September 2020 - Besichtigung von Gl\u00fccksburg und Fahrt rund um Holnis - Reiseblog von Karin &amp; Joachim","robots":{"index":"index","follow":"follow","max-snippet":"max-snippet:-1","max-image-preview":"max-image-preview:large","max-video-preview":"max-video-preview:-1"},"canonical":"https:\/\/jblanz.de\/WP\/18-september-2020-besichtigung-von-gluecksburg-und-fahrt-rund-um-holnis\/","og_locale":"de_DE","og_type":"article","og_title":"19. September 2020 - Besichtigung von Gl\u00fccksburg und Fahrt rund um Holnis - Reiseblog von Karin &amp; Joachim","og_description":"Gleich nach dem Fr\u00fchst\u00fcck geht es zum Kunsthandwerkermarkt nach Gl\u00fccksburg. Da nicht auszuschliessen war, dass wir dort auch etwas Einkaufen,","og_url":"https:\/\/jblanz.de\/WP\/18-september-2020-besichtigung-von-gluecksburg-und-fahrt-rund-um-holnis\/","og_site_name":"Reiseblog von Karin &amp; Joachim","article_published_time":"2020-09-21T16:20:08+00:00","article_modified_time":"2020-09-21T20:03:43+00:00","og_image":[{"width":800,"height":450,"url":"https:\/\/jblanz.de\/WP\/wp-content\/uploads\/2020\/09\/Holstein2020_039.jpg","type":"image\/jpeg"}],"author":"Achim","twitter_card":"summary_large_image","twitter_misc":{"Verfasst von":"Achim","Gesch\u00e4tzte Lesezeit":"3\u00a0Minuten"},"schema":{"@context":"https:\/\/schema.org","@graph":[{"@type":"Article","@id":"https:\/\/jblanz.de\/WP\/18-september-2020-besichtigung-von-gluecksburg-und-fahrt-rund-um-holnis\/#article","isPartOf":{"@id":"https:\/\/jblanz.de\/WP\/18-september-2020-besichtigung-von-gluecksburg-und-fahrt-rund-um-holnis\/"},"author":{"name":"Achim","@id":"https:\/\/jblanz.de\/WP\/#\/schema\/person\/17a70f07162e42bc0b181c22397286e0"},"headline":"19. September 2020 &#8211; Besichtigung von Gl\u00fccksburg und Fahrt rund um Holnis","datePublished":"2020-09-21T16:20:08+00:00","dateModified":"2020-09-21T20:03:43+00:00","mainEntityOfPage":{"@id":"https:\/\/jblanz.de\/WP\/18-september-2020-besichtigung-von-gluecksburg-und-fahrt-rund-um-holnis\/"},"wordCount":538,"commentCount":0,"publisher":{"@id":"https:\/\/jblanz.de\/WP\/#\/schema\/person\/17a70f07162e42bc0b181c22397286e0"},"image":{"@id":"https:\/\/jblanz.de\/WP\/18-september-2020-besichtigung-von-gluecksburg-und-fahrt-rund-um-holnis\/#primaryimage"},"thumbnailUrl":"https:\/\/jblanz.de\/WP\/wp-content\/uploads\/2020\/09\/Holstein2020_039.jpg","articleSection":["2020","Deutschland","Europa"],"inLanguage":"de","potentialAction":[{"@type":"CommentAction","name":"Comment","target":["https:\/\/jblanz.de\/WP\/18-september-2020-besichtigung-von-gluecksburg-und-fahrt-rund-um-holnis\/#respond"]}]},{"@type":"WebPage","@id":"https:\/\/jblanz.de\/WP\/18-september-2020-besichtigung-von-gluecksburg-und-fahrt-rund-um-holnis\/","url":"https:\/\/jblanz.de\/WP\/18-september-2020-besichtigung-von-gluecksburg-und-fahrt-rund-um-holnis\/","name":"19. September 2020 - Besichtigung von Gl\u00fccksburg und Fahrt rund um Holnis - Reiseblog von Karin &amp; Joachim","isPartOf":{"@id":"https:\/\/jblanz.de\/WP\/#website"},"primaryImageOfPage":{"@id":"https:\/\/jblanz.de\/WP\/18-september-2020-besichtigung-von-gluecksburg-und-fahrt-rund-um-holnis\/#primaryimage"},"image":{"@id":"https:\/\/jblanz.de\/WP\/18-september-2020-besichtigung-von-gluecksburg-und-fahrt-rund-um-holnis\/#primaryimage"},"thumbnailUrl":"https:\/\/jblanz.de\/WP\/wp-content\/uploads\/2020\/09\/Holstein2020_039.jpg","datePublished":"2020-09-21T16:20:08+00:00","dateModified":"2020-09-21T20:03:43+00:00","breadcrumb":{"@id":"https:\/\/jblanz.de\/WP\/18-september-2020-besichtigung-von-gluecksburg-und-fahrt-rund-um-holnis\/#breadcrumb"},"inLanguage":"de","potentialAction":[{"@type":"ReadAction","target":["https:\/\/jblanz.de\/WP\/18-september-2020-besichtigung-von-gluecksburg-und-fahrt-rund-um-holnis\/"]}]},{"@type":"ImageObject","inLanguage":"de","@id":"https:\/\/jblanz.de\/WP\/18-september-2020-besichtigung-von-gluecksburg-und-fahrt-rund-um-holnis\/#primaryimage","url":"https:\/\/jblanz.de\/WP\/wp-content\/uploads\/2020\/09\/Holstein2020_039.jpg","contentUrl":"https:\/\/jblanz.de\/WP\/wp-content\/uploads\/2020\/09\/Holstein2020_039.jpg","width":800,"height":450},{"@type":"BreadcrumbList","@id":"https:\/\/jblanz.de\/WP\/18-september-2020-besichtigung-von-gluecksburg-und-fahrt-rund-um-holnis\/#breadcrumb","itemListElement":[{"@type":"ListItem","position":1,"name":"Startseite","item":"https:\/\/jblanz.de\/WP\/"},{"@type":"ListItem","position":2,"name":"19. September 2020 &#8211; Besichtigung von Gl\u00fccksburg und Fahrt rund um Holnis"}]},{"@type":"WebSite","@id":"https:\/\/jblanz.de\/WP\/#website","url":"https:\/\/jblanz.de\/WP\/","name":"Reiseblog von Karin & Joachim","description":"Wir schreiben den Blog f\u00fcr uns als Erinnerung - f\u00fcr euch als Inspiration","publisher":{"@id":"https:\/\/jblanz.de\/WP\/#\/schema\/person\/17a70f07162e42bc0b181c22397286e0"},"potentialAction":[{"@type":"SearchAction","target":{"@type":"EntryPoint","urlTemplate":"https:\/\/jblanz.de\/WP\/?s={search_term_string}"},"query-input":{"@type":"PropertyValueSpecification","valueRequired":true,"valueName":"search_term_string"}}],"inLanguage":"de"},{"@type":["Person","Organization"],"@id":"https:\/\/jblanz.de\/WP\/#\/schema\/person\/17a70f07162e42bc0b181c22397286e0","name":"Achim","image":{"@type":"ImageObject","inLanguage":"de","@id":"https:\/\/secure.gravatar.com\/avatar\/b7ab31bc55956af4a9bebf7fd034761212b11b803b7e39464914d6abeefb12f3?s=96&d=mm&r=g","url":"https:\/\/secure.gravatar.com\/avatar\/b7ab31bc55956af4a9bebf7fd034761212b11b803b7e39464914d6abeefb12f3?s=96&d=mm&r=g","contentUrl":"https:\/\/secure.gravatar.com\/avatar\/b7ab31bc55956af4a9bebf7fd034761212b11b803b7e39464914d6abeefb12f3?s=96&d=mm&r=g","caption":"Achim"},"logo":{"@id":"https:\/\/secure.gravatar.com\/avatar\/b7ab31bc55956af4a9bebf7fd034761212b11b803b7e39464914d6abeefb12f3?s=96&d=mm&r=g"},"url":"https:\/\/jblanz.de\/WP\/author\/achim\/"}]}},"_links":{"self":[{"href":"https:\/\/jblanz.de\/WP\/wp-json\/wp\/v2\/posts\/4977","targetHints":{"allow":["GET"]}}],"collection":[{"href":"https:\/\/jblanz.de\/WP\/wp-json\/wp\/v2\/posts"}],"about":[{"href":"https:\/\/jblanz.de\/WP\/wp-json\/wp\/v2\/types\/post"}],"author":[{"embeddable":true,"href":"https:\/\/jblanz.de\/WP\/wp-json\/wp\/v2\/users\/1"}],"replies":[{"embeddable":true,"href":"https:\/\/jblanz.de\/WP\/wp-json\/wp\/v2\/comments?post=4977"}],"version-history":[{"count":0,"href":"https:\/\/jblanz.de\/WP\/wp-json\/wp\/v2\/posts\/4977\/revisions"}],"wp:featuredmedia":[{"embeddable":true,"href":"https:\/\/jblanz.de\/WP\/wp-json\/wp\/v2\/media\/5000"}],"wp:attachment":[{"href":"https:\/\/jblanz.de\/WP\/wp-json\/wp\/v2\/media?parent=4977"}],"wp:term":[{"taxonomy":"category","embeddable":true,"href":"https:\/\/jblanz.de\/WP\/wp-json\/wp\/v2\/categories?post=4977"},{"taxonomy":"post_tag","embeddable":true,"href":"https:\/\/jblanz.de\/WP\/wp-json\/wp\/v2\/tags?post=4977"}],"curies":[{"name":"wp","href":"https:\/\/api.w.org\/{rel}","templated":true}]}}