{"id":5,"date":"2014-09-06T11:55:00","date_gmt":"2014-09-06T09:55:00","guid":{"rendered":"http:\/\/jblanz.de\/WP\/2014\/09\/06\/6-september-2014-unsere-erfahrungen-auf\/"},"modified":"2016-03-13T19:06:42","modified_gmt":"2016-03-13T18:06:42","slug":"6-september-2014-unsere-erfahrungen-auf","status":"publish","type":"post","link":"https:\/\/jblanz.de\/WP\/6-september-2014-unsere-erfahrungen-auf\/","title":{"rendered":"6. September 2014 &#8211; Unsere Erfahrungen auf dieser Reise"},"content":{"rendered":"<p>Bali ist nicht mehr das Bali von vor 20 Jahren. \u00dcberall wird gebaut, ist gebaut. Unsere Bilder zeigen die sch\u00f6nsten Seiten von Bali, so wir sie gesehen haben. Nicht fotographiert haben wir den M\u00fcll, der \u00fcberall am Strassenrand herumliegt, die grossen und kleinen Bauruinen und die Umweltverschmutzung, die leider immer mehr zu Tage tritt. Einige Reisende erz\u00e4hlen uns, sie fahren weiter nach Lombok, da diese Insel das Bali von vor 30 Jahren sein soll. Und wohin wird man gehen, wenn Lombok wie Bali sein wird ? Schon jetzt k\u00e4mpft man auf Lombok mit gigantischer Umweltverschmutzung, da man in einem Bergmassiv ein grosses Goldvorkommen gefunden hat, das mit vorsintflutlichen Methoden ausgebeutet wird. W\u00e4hrend in Europa die Tourismus-Entwicklung weitgehend beendet ist, ist dieser Bereich in Asien voll im Gang.\u00a0Jedes Jahr das vergeht, ver\u00e4ndert Asien weit mehr als wir uns in Europa vorstellen k\u00f6nnen.<\/p>\n<div><\/div>\n<div>Der tourismus, und dazu z\u00e4hle ich nat\u00fcrlich auch uns beide, tr\u00e4gt dazu bei, dass die noch heile welt und natur immer mehr ausgebeutet wird. Erst kommen die westlichen gedanken&#8230;..es muss doch anders sein, als es ist&#8230;man braucht bessere unterk\u00fcnfte, andere einrichtungen, mehr bequemlichkeit, bessere Infrastruktur, mehr fortschritt, mehr vergn\u00fcgungsm\u00f6glichkeiten&#8230;..dann wird es gemacht. Die traditionellen h\u00e4user und lebensweisen verschwinden bzw. werden zu kleinen inseln, die uns dann als urspr\u00fcnglich pr\u00e4sentiert werden. Wir touristen, busweise oder als individualreisende, fahren zu diesen inseln und sind ganz begeistert von den alten traditionen, bauweisen und gebr\u00e4uchen, w\u00e4hrend die n\u00e4chste Generation der Einheimischen stark auf westliche Errungenschaften ausgerichtet ist. Ist doch schon verr\u00fcckt, oder? Und wenn wir dann ganz erfolgreich waren, dann sieht es hier in bali fast genau so aus wie in europa oder usa, nur dass es w\u00e4rmer ist. Wenn ich solche gedanken habe, vergeht mir die lust aufs reisen. Ich weiss, das h\u00f6rt sich jetzt schon ein bisschen schizophren an, aber wenn man es ohne emotionen anschaut, ist es doch so. Zumindest empfinde ich es so.<\/p>\n<div><\/div>\n<div>Wenn man Hotels in booking.com sucht und die Rezensionen liest, f\u00e4llt auf, dass &#8222;kein WiFi&#8220;, also kein Internet, zu einem wichtigen Abwertungsgrund geworden ist. Wir haben immer mal wieder Familien mit \u00e4lteren Kindern getroffen. Wenn das Auto an einem Aussichtspunkt h\u00e4lt, steigen alle aus. Die Kinder schauen kaum auf, sondern glotzen nur auf ihr Handy. An einer Reisterrasse h\u00f6rten wir sogar, wie sich ein Jugendlicher lautstark bei seinen Eltern beschwerte, dass hier kein Internetempfang m\u00f6glich sei.<\/div>\n<div>Auch wir waren immer an wifi interessiert, weil wir ansonsten unseren Blog nicht ver\u00f6ffentlichen oder unsere Emails nicht lesen konnten. Auch wir benutzen diesen Fortschritt st\u00e4ndig, um Unterk\u00fcnfte zu suchen und zu buchen oder um Interessantes nachzulesen. Die Abh\u00e4ngigkeit vom Internet muss jeder mit sich abkl\u00e4ren.\u00a0Die Menschheit steht vor einem neuen Problem oder ist schon mittendrin.<\/div>\n<div><\/div>\n<div>In einem land, in dem die meiste zeit eine temperatur von mehr als 30 grad herrscht, wird logischerweise viel getrunken. Man kann halb- oder eineinhalb liter flaschen wasser kaufen und in den hotels bekommt man jeden tag mindestens zwei flaschen wasser bereit gestellt. Man kann sich leicht vorstellen, wie viel plastikflaschenm\u00fcll da jeden tag zusammen kommt. Und die werden nicht etwa gesammelt, sondern meistens wird der ganze m\u00fcll einfach hinters haus gekippt und irgendwann mal verbrannt. Auf die idee, dass man in den hotels eine wasserabf\u00fcllm\u00f6glichkeit bereit stellt, kommen bis jetzt noch die wenigsten. Wir haben es nur im guci guesthouse in ubud erlebt. Und jedes kleinteil wird in t\u00fcten vepackt. Selbst kekse, die wir ab und zu gekauft haben, waren noch einzeln verpackt. Wozu soll das gut sein? Das ist noch ein weiter weg, bis auch hier die einsicht kommt, dass wir etwas f\u00fcr unsere umwelt tun m\u00fcssen. Schade, dass kein land vom anderen lernt!<\/div>\n<div><\/div>\n<div>Tja und jetzt kommt die frage &#8211;\u00a0warum reisen wir trotzdem?<\/div>\n<div>Wir lieben warme Gefilde und lernen beide unheimlich gerne andere l\u00e4nder, andere kulturen, tiere, pflanzen, gerichte und gew\u00fcrze kennen. Wir bekommen immer Kontakt zu Einheimischen und tauschen uns \u00fcber die unterschiedlichen Lebensweisen aus. Indonesien ist das Land mit den meisten Mohammedanern und wir lernten, dass unterschiedliche Religionen kein Problem sein m\u00fcssen. Auf Bali leben Hindus, Buddisten und Islam nebeneinander und manche Tempel haben Platz f\u00fcr mehrere Glaubensrichtungen.<\/div>\n<div><\/div>\n<div>Wir sind neugierig, wie und wo fr\u00fcchte oder gem\u00fcse wachsen. Wir essen gerne dinge, die wir noch nie gegessen haben. Wir erleben gerne abenteuer, selbstfahren in indonesien geh\u00f6rt dazu. Wir tauchen und beobachten unheimlich gerne die kleine dinge unter Wasser (nacktschnecken, krebse, &#8230;sehr zur verwunderung unserer s\u00f6hne!), aber nat\u00fcrlich freuen wir uns auch \u00fcber den ein oder anderen manta oder walhai, der an uns vorbeizieht?.<\/div>\n<div><\/div>\n<div>Wir haben ein interesse an anderen menschen und ich glaube, das ist ein ganz wichtiger punkt, warum es uns immer wieder in die ferne zieht. \u00dcberall auf unseren bisherigen reisen wurden wir fast ausnahmslos gut behandelt und die menschen begegneten uns sehr freundlich und aufgeschlossen. Und das l\u00e4sst uns auch immer wieder \u00fcber uns und unser verhalten nachdenken. Wie reagieren wir zu hause auf ausl\u00e4nder? Wie offen sind wir ihnen gegen\u00fcber? Wie tolerant? Wann bieten wir hilfe an?<\/div>\n<div><\/div>\n<div>Und wir werden auch nach jeder reise ein wenig dankbarer f\u00fcr das, was wir haben, wie wir leben k\u00f6nnen und dass wir \u00fcberhaupt die m\u00f6glichkeit haben, so in der welt unterwegs sein zu k\u00f6nnen.<\/div>\n<div><\/div>\n<div>UND: weil wir egoisten sind und es uns einfach spass macht.<\/div>\n<\/div>\n","protected":false},"excerpt":{"rendered":"<p>Bali ist nicht mehr das Bali von vor 20 Jahren. \u00dcberall wird gebaut, ist gebaut. Unsere Bilder zeigen die sch\u00f6nsten<\/p>\n","protected":false},"author":1,"featured_media":0,"comment_status":"open","ping_status":"open","sticky":false,"template":"","format":"standard","meta":{"colormag_page_container_layout":"default_layout","colormag_page_sidebar_layout":"default_layout","_monsterinsights_skip_tracking":false,"_monsterinsights_sitenote_active":false,"_monsterinsights_sitenote_note":"","_monsterinsights_sitenote_category":0,"footnotes":""},"categories":[14,8,7],"tags":[],"class_list":["post-5","post","type-post","status-publish","format-standard","hentry","category-14","category-bali2014","category-indonesien"],"yoast_head":"<!-- This site is optimized with the Yoast SEO plugin v27.4 - https:\/\/yoast.com\/product\/yoast-seo-wordpress\/ -->\n<title>6. September 2014 - Unsere Erfahrungen auf dieser Reise - Reiseblog von Karin &amp; Joachim<\/title>\n<meta name=\"robots\" content=\"index, follow, max-snippet:-1, max-image-preview:large, max-video-preview:-1\" \/>\n<link rel=\"canonical\" href=\"https:\/\/jblanz.de\/WP\/6-september-2014-unsere-erfahrungen-auf\/\" \/>\n<meta property=\"og:locale\" content=\"de_DE\" \/>\n<meta property=\"og:type\" content=\"article\" \/>\n<meta property=\"og:title\" content=\"6. September 2014 - Unsere Erfahrungen auf dieser Reise - Reiseblog von Karin &amp; Joachim\" \/>\n<meta property=\"og:description\" content=\"Bali ist nicht mehr das Bali von vor 20 Jahren. \u00dcberall wird gebaut, ist gebaut. Unsere Bilder zeigen die sch\u00f6nsten\" \/>\n<meta property=\"og:url\" content=\"https:\/\/jblanz.de\/WP\/6-september-2014-unsere-erfahrungen-auf\/\" \/>\n<meta property=\"og:site_name\" content=\"Reiseblog von Karin &amp; Joachim\" \/>\n<meta property=\"article:published_time\" content=\"2014-09-06T09:55:00+00:00\" \/>\n<meta property=\"article:modified_time\" content=\"2016-03-13T18:06:42+00:00\" \/>\n<meta name=\"author\" content=\"Achim\" \/>\n<meta name=\"twitter:card\" content=\"summary_large_image\" \/>\n<meta name=\"twitter:label1\" content=\"Verfasst von\" \/>\n\t<meta name=\"twitter:data1\" content=\"Achim\" \/>\n\t<meta name=\"twitter:label2\" content=\"Gesch\u00e4tzte Lesezeit\" \/>\n\t<meta name=\"twitter:data2\" content=\"5\u00a0Minuten\" \/>\n<script type=\"application\/ld+json\" class=\"yoast-schema-graph\">{\"@context\":\"https:\\\/\\\/schema.org\",\"@graph\":[{\"@type\":\"Article\",\"@id\":\"https:\\\/\\\/jblanz.de\\\/WP\\\/6-september-2014-unsere-erfahrungen-auf\\\/#article\",\"isPartOf\":{\"@id\":\"https:\\\/\\\/jblanz.de\\\/WP\\\/6-september-2014-unsere-erfahrungen-auf\\\/\"},\"author\":{\"name\":\"Achim\",\"@id\":\"https:\\\/\\\/jblanz.de\\\/WP\\\/#\\\/schema\\\/person\\\/17a70f07162e42bc0b181c22397286e0\"},\"headline\":\"6. September 2014 &#8211; Unsere Erfahrungen auf dieser Reise\",\"datePublished\":\"2014-09-06T09:55:00+00:00\",\"dateModified\":\"2016-03-13T18:06:42+00:00\",\"mainEntityOfPage\":{\"@id\":\"https:\\\/\\\/jblanz.de\\\/WP\\\/6-september-2014-unsere-erfahrungen-auf\\\/\"},\"wordCount\":931,\"commentCount\":0,\"publisher\":{\"@id\":\"https:\\\/\\\/jblanz.de\\\/WP\\\/#\\\/schema\\\/person\\\/17a70f07162e42bc0b181c22397286e0\"},\"articleSection\":[\"2014\",\"Bali 2014\",\"Indonesien\"],\"inLanguage\":\"de\",\"potentialAction\":[{\"@type\":\"CommentAction\",\"name\":\"Comment\",\"target\":[\"https:\\\/\\\/jblanz.de\\\/WP\\\/6-september-2014-unsere-erfahrungen-auf\\\/#respond\"]}]},{\"@type\":\"WebPage\",\"@id\":\"https:\\\/\\\/jblanz.de\\\/WP\\\/6-september-2014-unsere-erfahrungen-auf\\\/\",\"url\":\"https:\\\/\\\/jblanz.de\\\/WP\\\/6-september-2014-unsere-erfahrungen-auf\\\/\",\"name\":\"6. September 2014 - Unsere Erfahrungen auf dieser Reise - Reiseblog von Karin &amp; Joachim\",\"isPartOf\":{\"@id\":\"https:\\\/\\\/jblanz.de\\\/WP\\\/#website\"},\"datePublished\":\"2014-09-06T09:55:00+00:00\",\"dateModified\":\"2016-03-13T18:06:42+00:00\",\"breadcrumb\":{\"@id\":\"https:\\\/\\\/jblanz.de\\\/WP\\\/6-september-2014-unsere-erfahrungen-auf\\\/#breadcrumb\"},\"inLanguage\":\"de\",\"potentialAction\":[{\"@type\":\"ReadAction\",\"target\":[\"https:\\\/\\\/jblanz.de\\\/WP\\\/6-september-2014-unsere-erfahrungen-auf\\\/\"]}]},{\"@type\":\"BreadcrumbList\",\"@id\":\"https:\\\/\\\/jblanz.de\\\/WP\\\/6-september-2014-unsere-erfahrungen-auf\\\/#breadcrumb\",\"itemListElement\":[{\"@type\":\"ListItem\",\"position\":1,\"name\":\"Startseite\",\"item\":\"https:\\\/\\\/jblanz.de\\\/WP\\\/\"},{\"@type\":\"ListItem\",\"position\":2,\"name\":\"6. September 2014 &#8211; Unsere Erfahrungen auf dieser Reise\"}]},{\"@type\":\"WebSite\",\"@id\":\"https:\\\/\\\/jblanz.de\\\/WP\\\/#website\",\"url\":\"https:\\\/\\\/jblanz.de\\\/WP\\\/\",\"name\":\"Reiseblog von Karin & Joachim\",\"description\":\"Wir schreiben den Blog f\u00fcr uns als Erinnerung - f\u00fcr euch als Inspiration\",\"publisher\":{\"@id\":\"https:\\\/\\\/jblanz.de\\\/WP\\\/#\\\/schema\\\/person\\\/17a70f07162e42bc0b181c22397286e0\"},\"potentialAction\":[{\"@type\":\"SearchAction\",\"target\":{\"@type\":\"EntryPoint\",\"urlTemplate\":\"https:\\\/\\\/jblanz.de\\\/WP\\\/?s={search_term_string}\"},\"query-input\":{\"@type\":\"PropertyValueSpecification\",\"valueRequired\":true,\"valueName\":\"search_term_string\"}}],\"inLanguage\":\"de\"},{\"@type\":[\"Person\",\"Organization\"],\"@id\":\"https:\\\/\\\/jblanz.de\\\/WP\\\/#\\\/schema\\\/person\\\/17a70f07162e42bc0b181c22397286e0\",\"name\":\"Achim\",\"image\":{\"@type\":\"ImageObject\",\"inLanguage\":\"de\",\"@id\":\"https:\\\/\\\/secure.gravatar.com\\\/avatar\\\/b7ab31bc55956af4a9bebf7fd034761212b11b803b7e39464914d6abeefb12f3?s=96&d=mm&r=g\",\"url\":\"https:\\\/\\\/secure.gravatar.com\\\/avatar\\\/b7ab31bc55956af4a9bebf7fd034761212b11b803b7e39464914d6abeefb12f3?s=96&d=mm&r=g\",\"contentUrl\":\"https:\\\/\\\/secure.gravatar.com\\\/avatar\\\/b7ab31bc55956af4a9bebf7fd034761212b11b803b7e39464914d6abeefb12f3?s=96&d=mm&r=g\",\"caption\":\"Achim\"},\"logo\":{\"@id\":\"https:\\\/\\\/secure.gravatar.com\\\/avatar\\\/b7ab31bc55956af4a9bebf7fd034761212b11b803b7e39464914d6abeefb12f3?s=96&d=mm&r=g\"},\"url\":\"https:\\\/\\\/jblanz.de\\\/WP\\\/author\\\/achim\\\/\"}]}<\/script>\n<!-- \/ Yoast SEO plugin. -->","yoast_head_json":{"title":"6. September 2014 - Unsere Erfahrungen auf dieser Reise - Reiseblog von Karin &amp; Joachim","robots":{"index":"index","follow":"follow","max-snippet":"max-snippet:-1","max-image-preview":"max-image-preview:large","max-video-preview":"max-video-preview:-1"},"canonical":"https:\/\/jblanz.de\/WP\/6-september-2014-unsere-erfahrungen-auf\/","og_locale":"de_DE","og_type":"article","og_title":"6. September 2014 - Unsere Erfahrungen auf dieser Reise - Reiseblog von Karin &amp; Joachim","og_description":"Bali ist nicht mehr das Bali von vor 20 Jahren. \u00dcberall wird gebaut, ist gebaut. Unsere Bilder zeigen die sch\u00f6nsten","og_url":"https:\/\/jblanz.de\/WP\/6-september-2014-unsere-erfahrungen-auf\/","og_site_name":"Reiseblog von Karin &amp; Joachim","article_published_time":"2014-09-06T09:55:00+00:00","article_modified_time":"2016-03-13T18:06:42+00:00","author":"Achim","twitter_card":"summary_large_image","twitter_misc":{"Verfasst von":"Achim","Gesch\u00e4tzte Lesezeit":"5\u00a0Minuten"},"schema":{"@context":"https:\/\/schema.org","@graph":[{"@type":"Article","@id":"https:\/\/jblanz.de\/WP\/6-september-2014-unsere-erfahrungen-auf\/#article","isPartOf":{"@id":"https:\/\/jblanz.de\/WP\/6-september-2014-unsere-erfahrungen-auf\/"},"author":{"name":"Achim","@id":"https:\/\/jblanz.de\/WP\/#\/schema\/person\/17a70f07162e42bc0b181c22397286e0"},"headline":"6. September 2014 &#8211; Unsere Erfahrungen auf dieser Reise","datePublished":"2014-09-06T09:55:00+00:00","dateModified":"2016-03-13T18:06:42+00:00","mainEntityOfPage":{"@id":"https:\/\/jblanz.de\/WP\/6-september-2014-unsere-erfahrungen-auf\/"},"wordCount":931,"commentCount":0,"publisher":{"@id":"https:\/\/jblanz.de\/WP\/#\/schema\/person\/17a70f07162e42bc0b181c22397286e0"},"articleSection":["2014","Bali 2014","Indonesien"],"inLanguage":"de","potentialAction":[{"@type":"CommentAction","name":"Comment","target":["https:\/\/jblanz.de\/WP\/6-september-2014-unsere-erfahrungen-auf\/#respond"]}]},{"@type":"WebPage","@id":"https:\/\/jblanz.de\/WP\/6-september-2014-unsere-erfahrungen-auf\/","url":"https:\/\/jblanz.de\/WP\/6-september-2014-unsere-erfahrungen-auf\/","name":"6. September 2014 - Unsere Erfahrungen auf dieser Reise - Reiseblog von Karin &amp; Joachim","isPartOf":{"@id":"https:\/\/jblanz.de\/WP\/#website"},"datePublished":"2014-09-06T09:55:00+00:00","dateModified":"2016-03-13T18:06:42+00:00","breadcrumb":{"@id":"https:\/\/jblanz.de\/WP\/6-september-2014-unsere-erfahrungen-auf\/#breadcrumb"},"inLanguage":"de","potentialAction":[{"@type":"ReadAction","target":["https:\/\/jblanz.de\/WP\/6-september-2014-unsere-erfahrungen-auf\/"]}]},{"@type":"BreadcrumbList","@id":"https:\/\/jblanz.de\/WP\/6-september-2014-unsere-erfahrungen-auf\/#breadcrumb","itemListElement":[{"@type":"ListItem","position":1,"name":"Startseite","item":"https:\/\/jblanz.de\/WP\/"},{"@type":"ListItem","position":2,"name":"6. September 2014 &#8211; Unsere Erfahrungen auf dieser Reise"}]},{"@type":"WebSite","@id":"https:\/\/jblanz.de\/WP\/#website","url":"https:\/\/jblanz.de\/WP\/","name":"Reiseblog von Karin & Joachim","description":"Wir schreiben den Blog f\u00fcr uns als Erinnerung - f\u00fcr euch als Inspiration","publisher":{"@id":"https:\/\/jblanz.de\/WP\/#\/schema\/person\/17a70f07162e42bc0b181c22397286e0"},"potentialAction":[{"@type":"SearchAction","target":{"@type":"EntryPoint","urlTemplate":"https:\/\/jblanz.de\/WP\/?s={search_term_string}"},"query-input":{"@type":"PropertyValueSpecification","valueRequired":true,"valueName":"search_term_string"}}],"inLanguage":"de"},{"@type":["Person","Organization"],"@id":"https:\/\/jblanz.de\/WP\/#\/schema\/person\/17a70f07162e42bc0b181c22397286e0","name":"Achim","image":{"@type":"ImageObject","inLanguage":"de","@id":"https:\/\/secure.gravatar.com\/avatar\/b7ab31bc55956af4a9bebf7fd034761212b11b803b7e39464914d6abeefb12f3?s=96&d=mm&r=g","url":"https:\/\/secure.gravatar.com\/avatar\/b7ab31bc55956af4a9bebf7fd034761212b11b803b7e39464914d6abeefb12f3?s=96&d=mm&r=g","contentUrl":"https:\/\/secure.gravatar.com\/avatar\/b7ab31bc55956af4a9bebf7fd034761212b11b803b7e39464914d6abeefb12f3?s=96&d=mm&r=g","caption":"Achim"},"logo":{"@id":"https:\/\/secure.gravatar.com\/avatar\/b7ab31bc55956af4a9bebf7fd034761212b11b803b7e39464914d6abeefb12f3?s=96&d=mm&r=g"},"url":"https:\/\/jblanz.de\/WP\/author\/achim\/"}]}},"_links":{"self":[{"href":"https:\/\/jblanz.de\/WP\/wp-json\/wp\/v2\/posts\/5","targetHints":{"allow":["GET"]}}],"collection":[{"href":"https:\/\/jblanz.de\/WP\/wp-json\/wp\/v2\/posts"}],"about":[{"href":"https:\/\/jblanz.de\/WP\/wp-json\/wp\/v2\/types\/post"}],"author":[{"embeddable":true,"href":"https:\/\/jblanz.de\/WP\/wp-json\/wp\/v2\/users\/1"}],"replies":[{"embeddable":true,"href":"https:\/\/jblanz.de\/WP\/wp-json\/wp\/v2\/comments?post=5"}],"version-history":[{"count":0,"href":"https:\/\/jblanz.de\/WP\/wp-json\/wp\/v2\/posts\/5\/revisions"}],"wp:attachment":[{"href":"https:\/\/jblanz.de\/WP\/wp-json\/wp\/v2\/media?parent=5"}],"wp:term":[{"taxonomy":"category","embeddable":true,"href":"https:\/\/jblanz.de\/WP\/wp-json\/wp\/v2\/categories?post=5"},{"taxonomy":"post_tag","embeddable":true,"href":"https:\/\/jblanz.de\/WP\/wp-json\/wp\/v2\/tags?post=5"}],"curies":[{"name":"wp","href":"https:\/\/api.w.org\/{rel}","templated":true}]}}