{"id":5020,"date":"2020-09-22T20:57:43","date_gmt":"2020-09-22T18:57:43","guid":{"rendered":"http:\/\/jblanz.de\/WP\/?p=5020"},"modified":"2020-09-23T18:46:53","modified_gmt":"2020-09-23T16:46:53","slug":"22-september-2020-schleswig-kiel","status":"publish","type":"post","link":"https:\/\/jblanz.de\/WP\/22-september-2020-schleswig-kiel\/","title":{"rendered":"22. September 2020 &#8211; Schleswig &#038; Kiel"},"content":{"rendered":"\n<p>Wir m\u00fcssen, zumindest f\u00fcr unsere momentane Verh\u00e4ltnisse, fr\u00fch aufstehen, da wir den Camping bis 11 Uhr verlassen haben m\u00fcssen. Wir schaffen es schon um kurz nach 10 Uhr rauszufahren. Eigentlich wollten wir direkt nach Kiel fahren. Als wir allerdings an einer Abzweigung das Schild nach Schleswig sahen, fiel uns ein, dass es dort ja das Wikingermuseeum gibt. Also Plan ge\u00e4ndert und nach Schleswig gefahren. Kurz vor Schleswig geht es ab zum Wikingerdorf Haithabu. Wir gehen zu den Nachbauten der H\u00e4user \u00fcber einen Damm, der zum Schutz der Stadt angelegt wurde. Die Strecke zieht sich und man geht vom Parkplatz aus etwa eine 3\/4 Stunde bis man zum Eingang kommt. Die Nachbauten wurde so orginalgetreu wie m\u00f6glich gebaut, Wikinger &#8211; sie lebten zwischen 800 &#8211; 1100 n.C. in dieser Stadt &#8211; kannten noch keine S\u00e4ge, so dass das Holz mit Hacken bearbeitet wurde. Die Stadt war sehr sch\u00f6n gelegen am Haddebyer Noor. Die einzelnen H\u00e4user beleuchten die verschiedenen T\u00e4tigkeit, die w\u00e4hrend dieser Zeit eine wichtige Rolle gespielt haben. <\/p>\n\n\n\n<figure class=\"wp-block-image size-large\"><img loading=\"lazy\" decoding=\"async\" width=\"800\" height=\"450\" src=\"https:\/\/jblanz.de\/WP\/wp-content\/uploads\/2020\/09\/Holstein2020_127.jpg\" alt=\"\" class=\"wp-image-5026\" srcset=\"https:\/\/jblanz.de\/WP\/wp-content\/uploads\/2020\/09\/Holstein2020_127.jpg 800w, https:\/\/jblanz.de\/WP\/wp-content\/uploads\/2020\/09\/Holstein2020_127-300x169.jpg 300w, https:\/\/jblanz.de\/WP\/wp-content\/uploads\/2020\/09\/Holstein2020_127-768x432.jpg 768w\" sizes=\"auto, (max-width: 800px) 100vw, 800px\" \/><\/figure>\n\n\n\n<figure class=\"wp-block-image size-large\"><img loading=\"lazy\" decoding=\"async\" width=\"800\" height=\"450\" src=\"https:\/\/jblanz.de\/WP\/wp-content\/uploads\/2020\/09\/Holstein2020_128.jpg\" alt=\"\" class=\"wp-image-5030\" srcset=\"https:\/\/jblanz.de\/WP\/wp-content\/uploads\/2020\/09\/Holstein2020_128.jpg 800w, https:\/\/jblanz.de\/WP\/wp-content\/uploads\/2020\/09\/Holstein2020_128-300x169.jpg 300w, https:\/\/jblanz.de\/WP\/wp-content\/uploads\/2020\/09\/Holstein2020_128-768x432.jpg 768w\" sizes=\"auto, (max-width: 800px) 100vw, 800px\" \/><\/figure>\n\n\n\n<figure class=\"wp-block-image size-large\"><img loading=\"lazy\" decoding=\"async\" width=\"800\" height=\"450\" src=\"https:\/\/jblanz.de\/WP\/wp-content\/uploads\/2020\/09\/Holstein2020_129.jpg\" alt=\"\" class=\"wp-image-5031\" srcset=\"https:\/\/jblanz.de\/WP\/wp-content\/uploads\/2020\/09\/Holstein2020_129.jpg 800w, https:\/\/jblanz.de\/WP\/wp-content\/uploads\/2020\/09\/Holstein2020_129-300x169.jpg 300w, https:\/\/jblanz.de\/WP\/wp-content\/uploads\/2020\/09\/Holstein2020_129-768x432.jpg 768w\" sizes=\"auto, (max-width: 800px) 100vw, 800px\" \/><\/figure>\n\n\n\n<figure class=\"wp-block-image size-large\"><img loading=\"lazy\" decoding=\"async\" width=\"800\" height=\"450\" src=\"https:\/\/jblanz.de\/WP\/wp-content\/uploads\/2020\/09\/Holstein2020_130.jpg\" alt=\"\" class=\"wp-image-5033\" srcset=\"https:\/\/jblanz.de\/WP\/wp-content\/uploads\/2020\/09\/Holstein2020_130.jpg 800w, https:\/\/jblanz.de\/WP\/wp-content\/uploads\/2020\/09\/Holstein2020_130-300x169.jpg 300w, https:\/\/jblanz.de\/WP\/wp-content\/uploads\/2020\/09\/Holstein2020_130-768x432.jpg 768w\" sizes=\"auto, (max-width: 800px) 100vw, 800px\" \/><\/figure>\n\n\n\n<figure class=\"wp-block-image size-large\"><img loading=\"lazy\" decoding=\"async\" width=\"800\" height=\"450\" src=\"https:\/\/jblanz.de\/WP\/wp-content\/uploads\/2020\/09\/Holstein2020_138.jpg\" alt=\"\" class=\"wp-image-5035\" srcset=\"https:\/\/jblanz.de\/WP\/wp-content\/uploads\/2020\/09\/Holstein2020_138.jpg 800w, https:\/\/jblanz.de\/WP\/wp-content\/uploads\/2020\/09\/Holstein2020_138-300x169.jpg 300w, https:\/\/jblanz.de\/WP\/wp-content\/uploads\/2020\/09\/Holstein2020_138-768x432.jpg 768w\" sizes=\"auto, (max-width: 800px) 100vw, 800px\" \/><\/figure>\n\n\n\n<figure class=\"wp-block-image size-large\"><img loading=\"lazy\" decoding=\"async\" width=\"800\" height=\"450\" src=\"https:\/\/jblanz.de\/WP\/wp-content\/uploads\/2020\/09\/Holstein2020_137.jpg\" alt=\"\" class=\"wp-image-5043\" srcset=\"https:\/\/jblanz.de\/WP\/wp-content\/uploads\/2020\/09\/Holstein2020_137.jpg 800w, https:\/\/jblanz.de\/WP\/wp-content\/uploads\/2020\/09\/Holstein2020_137-300x169.jpg 300w, https:\/\/jblanz.de\/WP\/wp-content\/uploads\/2020\/09\/Holstein2020_137-768x432.jpg 768w\" sizes=\"auto, (max-width: 800px) 100vw, 800px\" \/><\/figure>\n\n\n\n<figure class=\"wp-block-image size-large\"><img loading=\"lazy\" decoding=\"async\" width=\"800\" height=\"450\" src=\"https:\/\/jblanz.de\/WP\/wp-content\/uploads\/2020\/09\/Holstein2020_148.jpg\" alt=\"\" class=\"wp-image-5041\" srcset=\"https:\/\/jblanz.de\/WP\/wp-content\/uploads\/2020\/09\/Holstein2020_148.jpg 800w, https:\/\/jblanz.de\/WP\/wp-content\/uploads\/2020\/09\/Holstein2020_148-300x169.jpg 300w, https:\/\/jblanz.de\/WP\/wp-content\/uploads\/2020\/09\/Holstein2020_148-768x432.jpg 768w\" sizes=\"auto, (max-width: 800px) 100vw, 800px\" \/><\/figure>\n\n\n\n<p>Leider ist in der N\u00e4he ein Milit\u00e4rflughafen und alle paar Minuten kam ein Flieger im Tiefflug vorbei, um zu landen.<\/p>\n\n\n\n<figure class=\"wp-block-image size-large\"><img loading=\"lazy\" decoding=\"async\" width=\"800\" height=\"450\" src=\"https:\/\/jblanz.de\/WP\/wp-content\/uploads\/2020\/09\/Holstein2020_131.jpg\" alt=\"\" class=\"wp-image-5028\" srcset=\"https:\/\/jblanz.de\/WP\/wp-content\/uploads\/2020\/09\/Holstein2020_131.jpg 800w, https:\/\/jblanz.de\/WP\/wp-content\/uploads\/2020\/09\/Holstein2020_131-300x169.jpg 300w, https:\/\/jblanz.de\/WP\/wp-content\/uploads\/2020\/09\/Holstein2020_131-768x432.jpg 768w\" sizes=\"auto, (max-width: 800px) 100vw, 800px\" \/><\/figure>\n\n\n\n<p>Dann ging es den ganzen Weg zur\u00fcck bis zum eigentlichen Museem. Man wird informiert, wie die Wikinger gelebt haben, Glasperlen und Schmuck hergestellt haben und wie ihre Verh\u00e4ltnis zu ihren G\u00f6ttern war. Weil man im Museeum st\u00e4ndig eine Maske tragen muss, bleiben die meisten Leute nicht lange stehen und lesen die Erkl\u00e4rungen nur fl\u00fcchtig. Uns geht es genauso. Nach etwa einer Stunde haben wir genug und gehen in das angeschlossene Caf\u00e9.<\/p>\n\n\n\n<figure class=\"wp-block-image size-large\"><img loading=\"lazy\" decoding=\"async\" width=\"800\" height=\"450\" src=\"https:\/\/jblanz.de\/WP\/wp-content\/uploads\/2020\/09\/Holstein2020_143.jpg\" alt=\"\" class=\"wp-image-5038\" srcset=\"https:\/\/jblanz.de\/WP\/wp-content\/uploads\/2020\/09\/Holstein2020_143.jpg 800w, https:\/\/jblanz.de\/WP\/wp-content\/uploads\/2020\/09\/Holstein2020_143-300x169.jpg 300w, https:\/\/jblanz.de\/WP\/wp-content\/uploads\/2020\/09\/Holstein2020_143-768x432.jpg 768w\" sizes=\"auto, (max-width: 800px) 100vw, 800px\" \/><\/figure>\n\n\n\n<figure class=\"wp-block-image size-large\"><img loading=\"lazy\" decoding=\"async\" width=\"800\" height=\"450\" src=\"https:\/\/jblanz.de\/WP\/wp-content\/uploads\/2020\/09\/Holstein2020_144.jpg\" alt=\"\" class=\"wp-image-5037\" srcset=\"https:\/\/jblanz.de\/WP\/wp-content\/uploads\/2020\/09\/Holstein2020_144.jpg 800w, https:\/\/jblanz.de\/WP\/wp-content\/uploads\/2020\/09\/Holstein2020_144-300x169.jpg 300w, https:\/\/jblanz.de\/WP\/wp-content\/uploads\/2020\/09\/Holstein2020_144-768x432.jpg 768w\" sizes=\"auto, (max-width: 800px) 100vw, 800px\" \/><\/figure>\n\n\n\n<figure class=\"wp-block-image size-large\"><img loading=\"lazy\" decoding=\"async\" width=\"800\" height=\"450\" src=\"https:\/\/jblanz.de\/WP\/wp-content\/uploads\/2020\/09\/Holstein2020_145.jpg\" alt=\"\" class=\"wp-image-5036\" srcset=\"https:\/\/jblanz.de\/WP\/wp-content\/uploads\/2020\/09\/Holstein2020_145.jpg 800w, https:\/\/jblanz.de\/WP\/wp-content\/uploads\/2020\/09\/Holstein2020_145-300x169.jpg 300w, https:\/\/jblanz.de\/WP\/wp-content\/uploads\/2020\/09\/Holstein2020_145-768x432.jpg 768w\" sizes=\"auto, (max-width: 800px) 100vw, 800px\" \/><\/figure>\n\n\n\n<p>Da der Parkplatz des Museums nur 4,5 km von Schleswigs Innenstadt entfernt ist, packen wir unsere Fahrr\u00e4der aus und fahren am Ufer der Schlei entlang ins Stadtzentrum. Die Altstadt ist zwar malerisch, aber nur wenige Leute sind um diese Zeit unterwegs. Sieht schon etwas verlassen aus. Die Fussg\u00e4ngerzone, die wir dann durchgehen, weil Fahrradfahren nicht erlaubt ist, hat auch keinen besonderen Reiz zu bieten. Daher verweilen wir nicht lange und fahren zum Bus zur\u00fcck.<\/p>\n<p>Von Schleswig fahren wir nach Kiel, stellen den Bus an einem Parkplatz ab, schnappen unsere R\u00e4der und beginnen unsere Tour durch die Fussg\u00e4ngerzone, die Altstadt und die Hafenquais. W\u00e4hrend die beiden Erstgenannten keine weiteren Worte ben\u00f6tigen, herrscht an den Quais quirrliges Leben. Es gibt einen kleine Strand und wenige Mutige wagen sich sogar ins Hafenwasser. Wir essen unser obligatorisches Fischbr\u00f6tchen &#8211; dieses Mal ger\u00e4uchertes Makrelenfilet &#8211; schauen eine Weile auf die F\u00f6rde und fahren dann zur\u00fcck zum Auto. Weiter geht es nach Laboe. In der N\u00e4he des Dorfs gibt es Campingpl\u00e4tze. Am ersten Camping werden wir abgewiesen &#8211; sie nehmen wegen Corona nur Camper auf, wenn man mindestens 5 Tage bleibt. Zum Gl\u00fcck ist es am benachbarten Camping anders &#8211; wir bekommen sofort einen sch\u00f6nen Platz in der 2. Reihe, nahe der Steilk\u00fcste. Schon um 18 Uhr sitzen die Leute aus der ersten Reihe auf einem Rasenstreifen und blicken aufs Meer. Wir gesellen uns mit einem Campari dazu und geniessen den Blick auf die F\u00f6rde w\u00e4hrend des Sonnenuntergangs. Im Wasser, das hier nur knietief ist, paddeln SUPs herum, eine Frau macht Kopfst\u00e4nde auf ihrem SUP und f\u00e4llt nat\u00fcrlich auch ins Wasser. Es scheint nicht besonders kalt zu sein, denn die Beiden tummeln sich da schon fast eine Stunde.\u00a0<\/p>\n<p>\u00a0<\/p>\n\n\n\n<figure class=\"wp-block-image size-large\"><img loading=\"lazy\" decoding=\"async\" width=\"800\" height=\"450\" src=\"https:\/\/jblanz.de\/WP\/wp-content\/uploads\/2020\/09\/Holstein2020_150.jpg\" alt=\"\" class=\"wp-image-5044\" srcset=\"https:\/\/jblanz.de\/WP\/wp-content\/uploads\/2020\/09\/Holstein2020_150.jpg 800w, https:\/\/jblanz.de\/WP\/wp-content\/uploads\/2020\/09\/Holstein2020_150-300x169.jpg 300w, https:\/\/jblanz.de\/WP\/wp-content\/uploads\/2020\/09\/Holstein2020_150-768x432.jpg 768w\" sizes=\"auto, (max-width: 800px) 100vw, 800px\" \/><\/figure>\n\n\n\n<figure class=\"wp-block-image size-large\"><img loading=\"lazy\" decoding=\"async\" width=\"800\" height=\"450\" src=\"https:\/\/jblanz.de\/WP\/wp-content\/uploads\/2020\/09\/Holstein2020_151.jpg\" alt=\"\" class=\"wp-image-5045\" srcset=\"https:\/\/jblanz.de\/WP\/wp-content\/uploads\/2020\/09\/Holstein2020_151.jpg 800w, https:\/\/jblanz.de\/WP\/wp-content\/uploads\/2020\/09\/Holstein2020_151-300x169.jpg 300w, https:\/\/jblanz.de\/WP\/wp-content\/uploads\/2020\/09\/Holstein2020_151-768x432.jpg 768w\" sizes=\"auto, (max-width: 800px) 100vw, 800px\" \/><\/figure>\n\n\n","protected":false},"excerpt":{"rendered":"<p>Wir m\u00fcssen, zumindest f\u00fcr unsere momentane Verh\u00e4ltnisse, fr\u00fch aufstehen, da wir den Camping bis 11 Uhr verlassen haben m\u00fcssen. Wir<\/p>\n","protected":false},"author":1,"featured_media":5040,"comment_status":"open","ping_status":"open","sticky":false,"template":"","format":"standard","meta":{"colormag_page_container_layout":"default_layout","colormag_page_sidebar_layout":"default_layout","_monsterinsights_skip_tracking":false,"_monsterinsights_sitenote_active":false,"_monsterinsights_sitenote_note":"","_monsterinsights_sitenote_category":0,"footnotes":""},"categories":[201,225,159],"tags":[],"class_list":["post-5020","post","type-post","status-publish","format-standard","has-post-thumbnail","hentry","category-201","category-deutschland","category-europa"],"yoast_head":"<!-- This site is optimized with the Yoast SEO plugin v27.4 - https:\/\/yoast.com\/product\/yoast-seo-wordpress\/ -->\n<title>22. September 2020 - Schleswig &amp; Kiel - Reiseblog von Karin &amp; Joachim<\/title>\n<meta name=\"robots\" content=\"index, follow, max-snippet:-1, max-image-preview:large, max-video-preview:-1\" \/>\n<link rel=\"canonical\" href=\"https:\/\/jblanz.de\/WP\/22-september-2020-schleswig-kiel\/\" \/>\n<meta property=\"og:locale\" content=\"de_DE\" \/>\n<meta property=\"og:type\" content=\"article\" \/>\n<meta property=\"og:title\" content=\"22. September 2020 - Schleswig &amp; Kiel - Reiseblog von Karin &amp; Joachim\" \/>\n<meta property=\"og:description\" content=\"Wir m\u00fcssen, zumindest f\u00fcr unsere momentane Verh\u00e4ltnisse, fr\u00fch aufstehen, da wir den Camping bis 11 Uhr verlassen haben m\u00fcssen. Wir\" \/>\n<meta property=\"og:url\" content=\"https:\/\/jblanz.de\/WP\/22-september-2020-schleswig-kiel\/\" \/>\n<meta property=\"og:site_name\" content=\"Reiseblog von Karin &amp; Joachim\" \/>\n<meta property=\"article:published_time\" content=\"2020-09-22T18:57:43+00:00\" \/>\n<meta property=\"article:modified_time\" content=\"2020-09-23T16:46:53+00:00\" \/>\n<meta property=\"og:image\" content=\"https:\/\/jblanz.de\/WP\/wp-content\/uploads\/2020\/09\/Holstein2020_146.jpg\" \/>\n\t<meta property=\"og:image:width\" content=\"800\" \/>\n\t<meta property=\"og:image:height\" content=\"450\" \/>\n\t<meta property=\"og:image:type\" content=\"image\/jpeg\" \/>\n<meta name=\"author\" content=\"Achim\" \/>\n<meta name=\"twitter:card\" content=\"summary_large_image\" \/>\n<meta name=\"twitter:label1\" content=\"Verfasst von\" \/>\n\t<meta name=\"twitter:data1\" content=\"Achim\" \/>\n\t<meta name=\"twitter:label2\" content=\"Gesch\u00e4tzte Lesezeit\" \/>\n\t<meta name=\"twitter:data2\" content=\"3\u00a0Minuten\" \/>\n<script type=\"application\/ld+json\" class=\"yoast-schema-graph\">{\"@context\":\"https:\\\/\\\/schema.org\",\"@graph\":[{\"@type\":\"Article\",\"@id\":\"https:\\\/\\\/jblanz.de\\\/WP\\\/22-september-2020-schleswig-kiel\\\/#article\",\"isPartOf\":{\"@id\":\"https:\\\/\\\/jblanz.de\\\/WP\\\/22-september-2020-schleswig-kiel\\\/\"},\"author\":{\"name\":\"Achim\",\"@id\":\"https:\\\/\\\/jblanz.de\\\/WP\\\/#\\\/schema\\\/person\\\/17a70f07162e42bc0b181c22397286e0\"},\"headline\":\"22. September 2020 &#8211; Schleswig &#038; Kiel\",\"datePublished\":\"2020-09-22T18:57:43+00:00\",\"dateModified\":\"2020-09-23T16:46:53+00:00\",\"mainEntityOfPage\":{\"@id\":\"https:\\\/\\\/jblanz.de\\\/WP\\\/22-september-2020-schleswig-kiel\\\/\"},\"wordCount\":578,\"commentCount\":0,\"publisher\":{\"@id\":\"https:\\\/\\\/jblanz.de\\\/WP\\\/#\\\/schema\\\/person\\\/17a70f07162e42bc0b181c22397286e0\"},\"image\":{\"@id\":\"https:\\\/\\\/jblanz.de\\\/WP\\\/22-september-2020-schleswig-kiel\\\/#primaryimage\"},\"thumbnailUrl\":\"https:\\\/\\\/jblanz.de\\\/WP\\\/wp-content\\\/uploads\\\/2020\\\/09\\\/Holstein2020_146.jpg\",\"articleSection\":[\"2020\",\"Deutschland\",\"Europa\"],\"inLanguage\":\"de\",\"potentialAction\":[{\"@type\":\"CommentAction\",\"name\":\"Comment\",\"target\":[\"https:\\\/\\\/jblanz.de\\\/WP\\\/22-september-2020-schleswig-kiel\\\/#respond\"]}]},{\"@type\":\"WebPage\",\"@id\":\"https:\\\/\\\/jblanz.de\\\/WP\\\/22-september-2020-schleswig-kiel\\\/\",\"url\":\"https:\\\/\\\/jblanz.de\\\/WP\\\/22-september-2020-schleswig-kiel\\\/\",\"name\":\"22. September 2020 - Schleswig & Kiel - Reiseblog von Karin &amp; Joachim\",\"isPartOf\":{\"@id\":\"https:\\\/\\\/jblanz.de\\\/WP\\\/#website\"},\"primaryImageOfPage\":{\"@id\":\"https:\\\/\\\/jblanz.de\\\/WP\\\/22-september-2020-schleswig-kiel\\\/#primaryimage\"},\"image\":{\"@id\":\"https:\\\/\\\/jblanz.de\\\/WP\\\/22-september-2020-schleswig-kiel\\\/#primaryimage\"},\"thumbnailUrl\":\"https:\\\/\\\/jblanz.de\\\/WP\\\/wp-content\\\/uploads\\\/2020\\\/09\\\/Holstein2020_146.jpg\",\"datePublished\":\"2020-09-22T18:57:43+00:00\",\"dateModified\":\"2020-09-23T16:46:53+00:00\",\"breadcrumb\":{\"@id\":\"https:\\\/\\\/jblanz.de\\\/WP\\\/22-september-2020-schleswig-kiel\\\/#breadcrumb\"},\"inLanguage\":\"de\",\"potentialAction\":[{\"@type\":\"ReadAction\",\"target\":[\"https:\\\/\\\/jblanz.de\\\/WP\\\/22-september-2020-schleswig-kiel\\\/\"]}]},{\"@type\":\"ImageObject\",\"inLanguage\":\"de\",\"@id\":\"https:\\\/\\\/jblanz.de\\\/WP\\\/22-september-2020-schleswig-kiel\\\/#primaryimage\",\"url\":\"https:\\\/\\\/jblanz.de\\\/WP\\\/wp-content\\\/uploads\\\/2020\\\/09\\\/Holstein2020_146.jpg\",\"contentUrl\":\"https:\\\/\\\/jblanz.de\\\/WP\\\/wp-content\\\/uploads\\\/2020\\\/09\\\/Holstein2020_146.jpg\",\"width\":800,\"height\":450},{\"@type\":\"BreadcrumbList\",\"@id\":\"https:\\\/\\\/jblanz.de\\\/WP\\\/22-september-2020-schleswig-kiel\\\/#breadcrumb\",\"itemListElement\":[{\"@type\":\"ListItem\",\"position\":1,\"name\":\"Startseite\",\"item\":\"https:\\\/\\\/jblanz.de\\\/WP\\\/\"},{\"@type\":\"ListItem\",\"position\":2,\"name\":\"22. September 2020 &#8211; Schleswig &#038; Kiel\"}]},{\"@type\":\"WebSite\",\"@id\":\"https:\\\/\\\/jblanz.de\\\/WP\\\/#website\",\"url\":\"https:\\\/\\\/jblanz.de\\\/WP\\\/\",\"name\":\"Reiseblog von Karin & Joachim\",\"description\":\"Wir schreiben den Blog f\u00fcr uns als Erinnerung - f\u00fcr euch als Inspiration\",\"publisher\":{\"@id\":\"https:\\\/\\\/jblanz.de\\\/WP\\\/#\\\/schema\\\/person\\\/17a70f07162e42bc0b181c22397286e0\"},\"potentialAction\":[{\"@type\":\"SearchAction\",\"target\":{\"@type\":\"EntryPoint\",\"urlTemplate\":\"https:\\\/\\\/jblanz.de\\\/WP\\\/?s={search_term_string}\"},\"query-input\":{\"@type\":\"PropertyValueSpecification\",\"valueRequired\":true,\"valueName\":\"search_term_string\"}}],\"inLanguage\":\"de\"},{\"@type\":[\"Person\",\"Organization\"],\"@id\":\"https:\\\/\\\/jblanz.de\\\/WP\\\/#\\\/schema\\\/person\\\/17a70f07162e42bc0b181c22397286e0\",\"name\":\"Achim\",\"image\":{\"@type\":\"ImageObject\",\"inLanguage\":\"de\",\"@id\":\"https:\\\/\\\/secure.gravatar.com\\\/avatar\\\/b7ab31bc55956af4a9bebf7fd034761212b11b803b7e39464914d6abeefb12f3?s=96&d=mm&r=g\",\"url\":\"https:\\\/\\\/secure.gravatar.com\\\/avatar\\\/b7ab31bc55956af4a9bebf7fd034761212b11b803b7e39464914d6abeefb12f3?s=96&d=mm&r=g\",\"contentUrl\":\"https:\\\/\\\/secure.gravatar.com\\\/avatar\\\/b7ab31bc55956af4a9bebf7fd034761212b11b803b7e39464914d6abeefb12f3?s=96&d=mm&r=g\",\"caption\":\"Achim\"},\"logo\":{\"@id\":\"https:\\\/\\\/secure.gravatar.com\\\/avatar\\\/b7ab31bc55956af4a9bebf7fd034761212b11b803b7e39464914d6abeefb12f3?s=96&d=mm&r=g\"},\"url\":\"https:\\\/\\\/jblanz.de\\\/WP\\\/author\\\/achim\\\/\"}]}<\/script>\n<!-- \/ Yoast SEO plugin. -->","yoast_head_json":{"title":"22. September 2020 - Schleswig & Kiel - Reiseblog von Karin &amp; Joachim","robots":{"index":"index","follow":"follow","max-snippet":"max-snippet:-1","max-image-preview":"max-image-preview:large","max-video-preview":"max-video-preview:-1"},"canonical":"https:\/\/jblanz.de\/WP\/22-september-2020-schleswig-kiel\/","og_locale":"de_DE","og_type":"article","og_title":"22. September 2020 - Schleswig & Kiel - Reiseblog von Karin &amp; Joachim","og_description":"Wir m\u00fcssen, zumindest f\u00fcr unsere momentane Verh\u00e4ltnisse, fr\u00fch aufstehen, da wir den Camping bis 11 Uhr verlassen haben m\u00fcssen. Wir","og_url":"https:\/\/jblanz.de\/WP\/22-september-2020-schleswig-kiel\/","og_site_name":"Reiseblog von Karin &amp; Joachim","article_published_time":"2020-09-22T18:57:43+00:00","article_modified_time":"2020-09-23T16:46:53+00:00","og_image":[{"width":800,"height":450,"url":"https:\/\/jblanz.de\/WP\/wp-content\/uploads\/2020\/09\/Holstein2020_146.jpg","type":"image\/jpeg"}],"author":"Achim","twitter_card":"summary_large_image","twitter_misc":{"Verfasst von":"Achim","Gesch\u00e4tzte Lesezeit":"3\u00a0Minuten"},"schema":{"@context":"https:\/\/schema.org","@graph":[{"@type":"Article","@id":"https:\/\/jblanz.de\/WP\/22-september-2020-schleswig-kiel\/#article","isPartOf":{"@id":"https:\/\/jblanz.de\/WP\/22-september-2020-schleswig-kiel\/"},"author":{"name":"Achim","@id":"https:\/\/jblanz.de\/WP\/#\/schema\/person\/17a70f07162e42bc0b181c22397286e0"},"headline":"22. September 2020 &#8211; Schleswig &#038; Kiel","datePublished":"2020-09-22T18:57:43+00:00","dateModified":"2020-09-23T16:46:53+00:00","mainEntityOfPage":{"@id":"https:\/\/jblanz.de\/WP\/22-september-2020-schleswig-kiel\/"},"wordCount":578,"commentCount":0,"publisher":{"@id":"https:\/\/jblanz.de\/WP\/#\/schema\/person\/17a70f07162e42bc0b181c22397286e0"},"image":{"@id":"https:\/\/jblanz.de\/WP\/22-september-2020-schleswig-kiel\/#primaryimage"},"thumbnailUrl":"https:\/\/jblanz.de\/WP\/wp-content\/uploads\/2020\/09\/Holstein2020_146.jpg","articleSection":["2020","Deutschland","Europa"],"inLanguage":"de","potentialAction":[{"@type":"CommentAction","name":"Comment","target":["https:\/\/jblanz.de\/WP\/22-september-2020-schleswig-kiel\/#respond"]}]},{"@type":"WebPage","@id":"https:\/\/jblanz.de\/WP\/22-september-2020-schleswig-kiel\/","url":"https:\/\/jblanz.de\/WP\/22-september-2020-schleswig-kiel\/","name":"22. September 2020 - Schleswig & Kiel - Reiseblog von Karin &amp; Joachim","isPartOf":{"@id":"https:\/\/jblanz.de\/WP\/#website"},"primaryImageOfPage":{"@id":"https:\/\/jblanz.de\/WP\/22-september-2020-schleswig-kiel\/#primaryimage"},"image":{"@id":"https:\/\/jblanz.de\/WP\/22-september-2020-schleswig-kiel\/#primaryimage"},"thumbnailUrl":"https:\/\/jblanz.de\/WP\/wp-content\/uploads\/2020\/09\/Holstein2020_146.jpg","datePublished":"2020-09-22T18:57:43+00:00","dateModified":"2020-09-23T16:46:53+00:00","breadcrumb":{"@id":"https:\/\/jblanz.de\/WP\/22-september-2020-schleswig-kiel\/#breadcrumb"},"inLanguage":"de","potentialAction":[{"@type":"ReadAction","target":["https:\/\/jblanz.de\/WP\/22-september-2020-schleswig-kiel\/"]}]},{"@type":"ImageObject","inLanguage":"de","@id":"https:\/\/jblanz.de\/WP\/22-september-2020-schleswig-kiel\/#primaryimage","url":"https:\/\/jblanz.de\/WP\/wp-content\/uploads\/2020\/09\/Holstein2020_146.jpg","contentUrl":"https:\/\/jblanz.de\/WP\/wp-content\/uploads\/2020\/09\/Holstein2020_146.jpg","width":800,"height":450},{"@type":"BreadcrumbList","@id":"https:\/\/jblanz.de\/WP\/22-september-2020-schleswig-kiel\/#breadcrumb","itemListElement":[{"@type":"ListItem","position":1,"name":"Startseite","item":"https:\/\/jblanz.de\/WP\/"},{"@type":"ListItem","position":2,"name":"22. September 2020 &#8211; Schleswig &#038; Kiel"}]},{"@type":"WebSite","@id":"https:\/\/jblanz.de\/WP\/#website","url":"https:\/\/jblanz.de\/WP\/","name":"Reiseblog von Karin & Joachim","description":"Wir schreiben den Blog f\u00fcr uns als Erinnerung - f\u00fcr euch als Inspiration","publisher":{"@id":"https:\/\/jblanz.de\/WP\/#\/schema\/person\/17a70f07162e42bc0b181c22397286e0"},"potentialAction":[{"@type":"SearchAction","target":{"@type":"EntryPoint","urlTemplate":"https:\/\/jblanz.de\/WP\/?s={search_term_string}"},"query-input":{"@type":"PropertyValueSpecification","valueRequired":true,"valueName":"search_term_string"}}],"inLanguage":"de"},{"@type":["Person","Organization"],"@id":"https:\/\/jblanz.de\/WP\/#\/schema\/person\/17a70f07162e42bc0b181c22397286e0","name":"Achim","image":{"@type":"ImageObject","inLanguage":"de","@id":"https:\/\/secure.gravatar.com\/avatar\/b7ab31bc55956af4a9bebf7fd034761212b11b803b7e39464914d6abeefb12f3?s=96&d=mm&r=g","url":"https:\/\/secure.gravatar.com\/avatar\/b7ab31bc55956af4a9bebf7fd034761212b11b803b7e39464914d6abeefb12f3?s=96&d=mm&r=g","contentUrl":"https:\/\/secure.gravatar.com\/avatar\/b7ab31bc55956af4a9bebf7fd034761212b11b803b7e39464914d6abeefb12f3?s=96&d=mm&r=g","caption":"Achim"},"logo":{"@id":"https:\/\/secure.gravatar.com\/avatar\/b7ab31bc55956af4a9bebf7fd034761212b11b803b7e39464914d6abeefb12f3?s=96&d=mm&r=g"},"url":"https:\/\/jblanz.de\/WP\/author\/achim\/"}]}},"_links":{"self":[{"href":"https:\/\/jblanz.de\/WP\/wp-json\/wp\/v2\/posts\/5020","targetHints":{"allow":["GET"]}}],"collection":[{"href":"https:\/\/jblanz.de\/WP\/wp-json\/wp\/v2\/posts"}],"about":[{"href":"https:\/\/jblanz.de\/WP\/wp-json\/wp\/v2\/types\/post"}],"author":[{"embeddable":true,"href":"https:\/\/jblanz.de\/WP\/wp-json\/wp\/v2\/users\/1"}],"replies":[{"embeddable":true,"href":"https:\/\/jblanz.de\/WP\/wp-json\/wp\/v2\/comments?post=5020"}],"version-history":[{"count":0,"href":"https:\/\/jblanz.de\/WP\/wp-json\/wp\/v2\/posts\/5020\/revisions"}],"wp:featuredmedia":[{"embeddable":true,"href":"https:\/\/jblanz.de\/WP\/wp-json\/wp\/v2\/media\/5040"}],"wp:attachment":[{"href":"https:\/\/jblanz.de\/WP\/wp-json\/wp\/v2\/media?parent=5020"}],"wp:term":[{"taxonomy":"category","embeddable":true,"href":"https:\/\/jblanz.de\/WP\/wp-json\/wp\/v2\/categories?post=5020"},{"taxonomy":"post_tag","embeddable":true,"href":"https:\/\/jblanz.de\/WP\/wp-json\/wp\/v2\/tags?post=5020"}],"curies":[{"name":"wp","href":"https:\/\/api.w.org\/{rel}","templated":true}]}}