{"id":5082,"date":"2020-09-25T17:46:30","date_gmt":"2020-09-25T15:46:30","guid":{"rendered":"http:\/\/jblanz.de\/WP\/?p=5082"},"modified":"2020-09-26T20:07:46","modified_gmt":"2020-09-26T18:07:46","slug":"25-september-2020-mit-dem-fahrrad-durch-hamburg","status":"publish","type":"post","link":"https:\/\/jblanz.de\/WP\/25-september-2020-mit-dem-fahrrad-durch-hamburg\/","title":{"rendered":"25. September 2020 &#8211; Mit dem Fahrrad durch Hamburg"},"content":{"rendered":"\n<p>Den letzten Abend haben wir mit Julian verbracht, zusammen gekocht und einen langen Schwatz gehalten. Er hat uns 2 Station f\u00fcr die heutige Fahrradtour durch Hamburg empfohlen, die wir jetzt angehen. Die erste Station ist das Karolinenviertel, die sich als 1-2 Strassen mit vielen Kneipen und Boutiquen herausstellt. Wir fahren alles zwei Mal ab und entschliessen uns dann zur n\u00e4chsten Station, dem MS Artville am Reiherstieg-Hauptdeich, zu fahren. Der Weg dorthin ist schon recht lang. Es geht durch den Alten Elbtunnel (St. Pauli-Elbtunnel), der auf einer L\u00e4nge von 426 m unter der Elbe durchgeht und die St. Pauli-Landungsbr\u00fccken mit der Elbinsel Steinwerder verbindet. Hinunter und hinauf geht es mit einem alten Lastaufzug. Wir haben den Tunnel vor Jahren schon einmal zu Fuss durchquert und waren daher nicht sehr \u00fcberrascht. Dann ging es einige Zeit durch Industriegebiet, Hafenanlagen bis man am MS Artville, einem eingez\u00e4unten Gel\u00e4nde mit vielen kleinen Bauten, ankommt. Wegen Corona leider alles geschlossen. <\/p>\n\n\n\n<figure class=\"wp-block-image size-large\"><img loading=\"lazy\" decoding=\"async\" width=\"800\" height=\"450\" src=\"https:\/\/jblanz.de\/WP\/wp-content\/uploads\/2020\/09\/Holstein2020_188.jpg\" alt=\"\" class=\"wp-image-5085\" srcset=\"https:\/\/jblanz.de\/WP\/wp-content\/uploads\/2020\/09\/Holstein2020_188.jpg 800w, https:\/\/jblanz.de\/WP\/wp-content\/uploads\/2020\/09\/Holstein2020_188-300x169.jpg 300w, https:\/\/jblanz.de\/WP\/wp-content\/uploads\/2020\/09\/Holstein2020_188-768x432.jpg 768w\" sizes=\"auto, (max-width: 800px) 100vw, 800px\" \/><\/figure>\n\n\n\n<figure class=\"wp-block-image size-large\"><img loading=\"lazy\" decoding=\"async\" width=\"800\" height=\"450\" src=\"https:\/\/jblanz.de\/WP\/wp-content\/uploads\/2020\/09\/Holstein2020_189.jpg\" alt=\"\" class=\"wp-image-5102\" srcset=\"https:\/\/jblanz.de\/WP\/wp-content\/uploads\/2020\/09\/Holstein2020_189.jpg 800w, https:\/\/jblanz.de\/WP\/wp-content\/uploads\/2020\/09\/Holstein2020_189-300x169.jpg 300w, https:\/\/jblanz.de\/WP\/wp-content\/uploads\/2020\/09\/Holstein2020_189-768x432.jpg 768w\" sizes=\"auto, (max-width: 800px) 100vw, 800px\" \/><\/figure>\n\n\n\n<figure class=\"wp-block-image size-large\"><img loading=\"lazy\" decoding=\"async\" width=\"800\" height=\"450\" src=\"https:\/\/jblanz.de\/WP\/wp-content\/uploads\/2020\/09\/Holstein2020_191.jpg\" alt=\"\" class=\"wp-image-5101\" srcset=\"https:\/\/jblanz.de\/WP\/wp-content\/uploads\/2020\/09\/Holstein2020_191.jpg 800w, https:\/\/jblanz.de\/WP\/wp-content\/uploads\/2020\/09\/Holstein2020_191-300x169.jpg 300w, https:\/\/jblanz.de\/WP\/wp-content\/uploads\/2020\/09\/Holstein2020_191-768x432.jpg 768w\" sizes=\"auto, (max-width: 800px) 100vw, 800px\" \/><\/figure>\n\n\n\n<p>Aber nebenan gibt es den MS Uferpark, eine kleine Ausstellung von Kunstwerken des MS Artville Festivals, die wegen Corona \u00f6ffentlich zug\u00e4nglich gemacht wurden. In den Bildern seht ihr ein paar Impressionen dieser Kunstwerke.<\/p>\n\n\n\n<figure class=\"wp-block-image size-large\"><img loading=\"lazy\" decoding=\"async\" width=\"800\" height=\"450\" src=\"https:\/\/jblanz.de\/WP\/wp-content\/uploads\/2020\/09\/Holstein2020_192.jpg\" alt=\"\" class=\"wp-image-5100\" srcset=\"https:\/\/jblanz.de\/WP\/wp-content\/uploads\/2020\/09\/Holstein2020_192.jpg 800w, https:\/\/jblanz.de\/WP\/wp-content\/uploads\/2020\/09\/Holstein2020_192-300x169.jpg 300w, https:\/\/jblanz.de\/WP\/wp-content\/uploads\/2020\/09\/Holstein2020_192-768x432.jpg 768w\" sizes=\"auto, (max-width: 800px) 100vw, 800px\" \/><\/figure>\n\n\n\n<figure class=\"wp-block-image size-large\"><img loading=\"lazy\" decoding=\"async\" width=\"800\" height=\"450\" src=\"https:\/\/jblanz.de\/WP\/wp-content\/uploads\/2020\/09\/Holstein2020_215.jpg\" alt=\"\" class=\"wp-image-5095\" srcset=\"https:\/\/jblanz.de\/WP\/wp-content\/uploads\/2020\/09\/Holstein2020_215.jpg 800w, https:\/\/jblanz.de\/WP\/wp-content\/uploads\/2020\/09\/Holstein2020_215-300x169.jpg 300w, https:\/\/jblanz.de\/WP\/wp-content\/uploads\/2020\/09\/Holstein2020_215-768x432.jpg 768w\" sizes=\"auto, (max-width: 800px) 100vw, 800px\" \/><\/figure>\n\n\n\n<figure class=\"wp-block-image size-large\"><img loading=\"lazy\" decoding=\"async\" width=\"800\" height=\"450\" src=\"https:\/\/jblanz.de\/WP\/wp-content\/uploads\/2020\/09\/Holstein2020_196.jpg\" alt=\"\" class=\"wp-image-5099\" srcset=\"https:\/\/jblanz.de\/WP\/wp-content\/uploads\/2020\/09\/Holstein2020_196.jpg 800w, https:\/\/jblanz.de\/WP\/wp-content\/uploads\/2020\/09\/Holstein2020_196-300x169.jpg 300w, https:\/\/jblanz.de\/WP\/wp-content\/uploads\/2020\/09\/Holstein2020_196-768x432.jpg 768w\" sizes=\"auto, (max-width: 800px) 100vw, 800px\" \/><\/figure>\n\n\n\n<figure class=\"wp-block-gallery columns-2 is-cropped wp-block-gallery-2 is-layout-flex wp-block-gallery-is-layout-flex\"><ul class=\"blocks-gallery-grid\"><li class=\"blocks-gallery-item\"><figure><img loading=\"lazy\" decoding=\"async\" width=\"800\" height=\"450\" src=\"https:\/\/jblanz.de\/WP\/wp-content\/uploads\/2020\/09\/Holstein2020_217.jpg\" alt=\"\" data-id=\"5093\" data-full-url=\"https:\/\/jblanz.de\/WP\/wp-content\/uploads\/2020\/09\/Holstein2020_217.jpg\" data-link=\"https:\/\/jblanz.de\/WP\/wp-content\/uploads\/2020\/09\/Holstein2020_217.jpg\" class=\"wp-image-5093\" srcset=\"https:\/\/jblanz.de\/WP\/wp-content\/uploads\/2020\/09\/Holstein2020_217.jpg 800w, https:\/\/jblanz.de\/WP\/wp-content\/uploads\/2020\/09\/Holstein2020_217-300x169.jpg 300w, https:\/\/jblanz.de\/WP\/wp-content\/uploads\/2020\/09\/Holstein2020_217-768x432.jpg 768w\" sizes=\"auto, (max-width: 800px) 100vw, 800px\" \/><\/figure><\/li><li class=\"blocks-gallery-item\"><figure><img loading=\"lazy\" decoding=\"async\" width=\"800\" height=\"450\" src=\"https:\/\/jblanz.de\/WP\/wp-content\/uploads\/2020\/09\/Holstein2020_218.jpg\" alt=\"\" data-id=\"5092\" data-full-url=\"https:\/\/jblanz.de\/WP\/wp-content\/uploads\/2020\/09\/Holstein2020_218.jpg\" data-link=\"https:\/\/jblanz.de\/WP\/wp-content\/uploads\/2020\/09\/Holstein2020_218.jpg\" class=\"wp-image-5092\" srcset=\"https:\/\/jblanz.de\/WP\/wp-content\/uploads\/2020\/09\/Holstein2020_218.jpg 800w, https:\/\/jblanz.de\/WP\/wp-content\/uploads\/2020\/09\/Holstein2020_218-300x169.jpg 300w, https:\/\/jblanz.de\/WP\/wp-content\/uploads\/2020\/09\/Holstein2020_218-768x432.jpg 768w\" sizes=\"auto, (max-width: 800px) 100vw, 800px\" \/><\/figure><\/li><\/ul><\/figure>\n\n\n\n<figure class=\"wp-block-image size-large\"><img loading=\"lazy\" decoding=\"async\" width=\"800\" height=\"450\" src=\"https:\/\/jblanz.de\/WP\/wp-content\/uploads\/2020\/09\/Holstein2020_202.jpg\" alt=\"\" class=\"wp-image-5098\" srcset=\"https:\/\/jblanz.de\/WP\/wp-content\/uploads\/2020\/09\/Holstein2020_202.jpg 800w, https:\/\/jblanz.de\/WP\/wp-content\/uploads\/2020\/09\/Holstein2020_202-300x169.jpg 300w, https:\/\/jblanz.de\/WP\/wp-content\/uploads\/2020\/09\/Holstein2020_202-768x432.jpg 768w\" sizes=\"auto, (max-width: 800px) 100vw, 800px\" \/><\/figure>\n\n\n\n<figure class=\"wp-block-image size-large\"><img loading=\"lazy\" decoding=\"async\" width=\"800\" height=\"450\" src=\"https:\/\/jblanz.de\/WP\/wp-content\/uploads\/2020\/09\/Holstein2020_216.jpg\" alt=\"\" class=\"wp-image-5094\" srcset=\"https:\/\/jblanz.de\/WP\/wp-content\/uploads\/2020\/09\/Holstein2020_216.jpg 800w, https:\/\/jblanz.de\/WP\/wp-content\/uploads\/2020\/09\/Holstein2020_216-300x169.jpg 300w, https:\/\/jblanz.de\/WP\/wp-content\/uploads\/2020\/09\/Holstein2020_216-768x432.jpg 768w\" sizes=\"auto, (max-width: 800px) 100vw, 800px\" \/><\/figure>\n\n\n\n<figure class=\"wp-block-image size-large\"><img loading=\"lazy\" decoding=\"async\" width=\"800\" height=\"450\" src=\"https:\/\/jblanz.de\/WP\/wp-content\/uploads\/2020\/09\/Holstein2020_206.jpg\" alt=\"\" class=\"wp-image-5096\" srcset=\"https:\/\/jblanz.de\/WP\/wp-content\/uploads\/2020\/09\/Holstein2020_206.jpg 800w, https:\/\/jblanz.de\/WP\/wp-content\/uploads\/2020\/09\/Holstein2020_206-300x169.jpg 300w, https:\/\/jblanz.de\/WP\/wp-content\/uploads\/2020\/09\/Holstein2020_206-768x432.jpg 768w\" sizes=\"auto, (max-width: 800px) 100vw, 800px\" \/><\/figure>\n\n\n\n<p>Zur\u00fcck geht es einen anderen Weg, der erst an der Harburger Chaussee und dann am Hafenviertel vorbeif\u00fchrt. Das bestehende Hafenviertel wird gerade um etwa die gleiche Fl\u00e4che erweitert. Das Ganze ist schon ein ziemlich grosser, nicht sehr anziehend wirkender Bereich, dem irgendwie der Charme fehlt, obwohl alles architektonisch super gestaltet ist. Wir fahren durch St Pauli und bleiben an der &#8222;Fridays for Future&#8220;-Demo h\u00e4ngen, an der wirklich viele Leute teilnehmen. Es ist die Erste dieser Demos in Hamburg seit den Corona-Einschr\u00e4nkungen, alle !! Teilnehmer halten Abstand und tragen Mund-Nasen-Schutz. Gratulation an jeden Teilnehmer, dass er\/sie sich so vern\u00fcnftig verhalten. Sp\u00e4ter kommen wir zu dem Platz, an dem die Kundgebung stattfindet und eine Pop-Gruppe namens <span class=\"st\">@giantrooksmusic<\/span> f\u00fcr die Teilnehmer spielt. Halb Hamburg h\u00f6rt die Gruppe, so lautstark ist der Sound.<\/p>\n\n\n\n<figure class=\"wp-block-image size-large\"><img loading=\"lazy\" decoding=\"async\" width=\"800\" height=\"450\" src=\"https:\/\/jblanz.de\/WP\/wp-content\/uploads\/2020\/09\/Holstein2020_226.jpg\" alt=\"\" class=\"wp-image-5089\" srcset=\"https:\/\/jblanz.de\/WP\/wp-content\/uploads\/2020\/09\/Holstein2020_226.jpg 800w, https:\/\/jblanz.de\/WP\/wp-content\/uploads\/2020\/09\/Holstein2020_226-300x169.jpg 300w, https:\/\/jblanz.de\/WP\/wp-content\/uploads\/2020\/09\/Holstein2020_226-768x432.jpg 768w\" sizes=\"auto, (max-width: 800px) 100vw, 800px\" \/><\/figure>\n\n\n\n<figure class=\"wp-block-image size-large\"><img loading=\"lazy\" decoding=\"async\" width=\"800\" height=\"450\" src=\"https:\/\/jblanz.de\/WP\/wp-content\/uploads\/2020\/09\/Holstein2020_224.jpg\" alt=\"\" class=\"wp-image-5091\" srcset=\"https:\/\/jblanz.de\/WP\/wp-content\/uploads\/2020\/09\/Holstein2020_224.jpg 800w, https:\/\/jblanz.de\/WP\/wp-content\/uploads\/2020\/09\/Holstein2020_224-300x169.jpg 300w, https:\/\/jblanz.de\/WP\/wp-content\/uploads\/2020\/09\/Holstein2020_224-768x432.jpg 768w\" sizes=\"auto, (max-width: 800px) 100vw, 800px\" \/><\/figure>\n\n\n\n<figure class=\"wp-block-image size-large\"><img loading=\"lazy\" decoding=\"async\" width=\"800\" height=\"450\" src=\"https:\/\/jblanz.de\/WP\/wp-content\/uploads\/2020\/09\/Holstein2020_225.jpg\" alt=\"\" class=\"wp-image-5090\" srcset=\"https:\/\/jblanz.de\/WP\/wp-content\/uploads\/2020\/09\/Holstein2020_225.jpg 800w, https:\/\/jblanz.de\/WP\/wp-content\/uploads\/2020\/09\/Holstein2020_225-300x169.jpg 300w, https:\/\/jblanz.de\/WP\/wp-content\/uploads\/2020\/09\/Holstein2020_225-768x432.jpg 768w\" sizes=\"auto, (max-width: 800px) 100vw, 800px\" \/><\/figure>\n\n\n\n<figure class=\"wp-block-image size-large\"><img loading=\"lazy\" decoding=\"async\" width=\"800\" height=\"450\" src=\"https:\/\/jblanz.de\/WP\/wp-content\/uploads\/2020\/09\/Holstein2020_229.jpg\" alt=\"\" class=\"wp-image-5086\" srcset=\"https:\/\/jblanz.de\/WP\/wp-content\/uploads\/2020\/09\/Holstein2020_229.jpg 800w, https:\/\/jblanz.de\/WP\/wp-content\/uploads\/2020\/09\/Holstein2020_229-300x169.jpg 300w, https:\/\/jblanz.de\/WP\/wp-content\/uploads\/2020\/09\/Holstein2020_229-768x432.jpg 768w\" sizes=\"auto, (max-width: 800px) 100vw, 800px\" \/><\/figure>\n\n\n\n<p>Wir fahren weiter Richtung M\u00f6nkebergstrasse und Hanseviertel. Von \u00fcberall sieht man die Demo-Teilnehmer stehen. Die Demo verursacht eIn riesiges Verkehrschaos in der Innenstadt.<\/p>\n\n\n\n<figure class=\"wp-block-image size-large\"><img loading=\"lazy\" decoding=\"async\" width=\"800\" height=\"450\" src=\"https:\/\/jblanz.de\/WP\/wp-content\/uploads\/2020\/09\/Holstein2020_227.jpg\" alt=\"\" class=\"wp-image-5087\" srcset=\"https:\/\/jblanz.de\/WP\/wp-content\/uploads\/2020\/09\/Holstein2020_227.jpg 800w, https:\/\/jblanz.de\/WP\/wp-content\/uploads\/2020\/09\/Holstein2020_227-300x169.jpg 300w, https:\/\/jblanz.de\/WP\/wp-content\/uploads\/2020\/09\/Holstein2020_227-768x432.jpg 768w\" sizes=\"auto, (max-width: 800px) 100vw, 800px\" \/><\/figure>\n\n\n\n<p>Auf dem G\u00e4nsemarkt sind anr\u00fchrende Bilder und Geschichten von alten Menschen in Pflege ausgestellt, die wir aufmerksam lesen. Nat\u00fcrlich benimmt sich wieder ein angetrunkener Depp daneben und findet das Bild einer alten nackten Frau von hinten zu fotografieren toll, obwohl seine Kumpel ihm sagen, dass sie das nicht gut finden. Es wird dann Zeit zur Heimfahrt zum Bus. Wir haben eingekauft und kochen am Abend bei Julian ein vegetarisches Biryani mit Jackfruit, Koriander-Chutney und Minzjoghurt, das sehr lecker schmeckt. Das Rezept kommt aus seinem neuen Kochbuch.<\/p>\n\n\n","protected":false},"excerpt":{"rendered":"<p>Den letzten Abend haben wir mit Julian verbracht, zusammen gekocht und einen langen Schwatz gehalten. Er hat uns 2 Station<\/p>\n","protected":false},"author":1,"featured_media":5084,"comment_status":"open","ping_status":"open","sticky":false,"template":"","format":"standard","meta":{"colormag_page_container_layout":"default_layout","colormag_page_sidebar_layout":"default_layout","_monsterinsights_skip_tracking":false,"_monsterinsights_sitenote_active":false,"_monsterinsights_sitenote_note":"","_monsterinsights_sitenote_category":0,"footnotes":""},"categories":[201,225,159],"tags":[],"class_list":["post-5082","post","type-post","status-publish","format-standard","has-post-thumbnail","hentry","category-201","category-deutschland","category-europa"],"yoast_head":"<!-- This site is optimized with the Yoast SEO plugin v27.4 - https:\/\/yoast.com\/product\/yoast-seo-wordpress\/ -->\n<title>25. September 2020 - Mit dem Fahrrad durch Hamburg - Reiseblog von Karin &amp; Joachim<\/title>\n<meta name=\"robots\" content=\"index, follow, max-snippet:-1, max-image-preview:large, max-video-preview:-1\" \/>\n<link rel=\"canonical\" href=\"https:\/\/jblanz.de\/WP\/25-september-2020-mit-dem-fahrrad-durch-hamburg\/\" \/>\n<meta property=\"og:locale\" content=\"de_DE\" \/>\n<meta property=\"og:type\" content=\"article\" \/>\n<meta property=\"og:title\" content=\"25. September 2020 - Mit dem Fahrrad durch Hamburg - Reiseblog von Karin &amp; Joachim\" \/>\n<meta property=\"og:description\" content=\"Den letzten Abend haben wir mit Julian verbracht, zusammen gekocht und einen langen Schwatz gehalten. Er hat uns 2 Station\" \/>\n<meta property=\"og:url\" content=\"https:\/\/jblanz.de\/WP\/25-september-2020-mit-dem-fahrrad-durch-hamburg\/\" \/>\n<meta property=\"og:site_name\" content=\"Reiseblog von Karin &amp; Joachim\" \/>\n<meta property=\"article:published_time\" content=\"2020-09-25T15:46:30+00:00\" \/>\n<meta property=\"article:modified_time\" content=\"2020-09-26T18:07:46+00:00\" \/>\n<meta property=\"og:image\" content=\"https:\/\/jblanz.de\/WP\/wp-content\/uploads\/2020\/09\/Holstein2020_195.jpg\" \/>\n\t<meta property=\"og:image:width\" content=\"800\" \/>\n\t<meta property=\"og:image:height\" content=\"450\" \/>\n\t<meta property=\"og:image:type\" content=\"image\/jpeg\" \/>\n<meta name=\"author\" content=\"Achim\" \/>\n<meta name=\"twitter:card\" content=\"summary_large_image\" \/>\n<meta name=\"twitter:label1\" content=\"Verfasst von\" \/>\n\t<meta name=\"twitter:data1\" content=\"Achim\" \/>\n\t<meta name=\"twitter:label2\" content=\"Gesch\u00e4tzte Lesezeit\" \/>\n\t<meta name=\"twitter:data2\" content=\"2\u00a0Minuten\" \/>\n<script type=\"application\/ld+json\" class=\"yoast-schema-graph\">{\"@context\":\"https:\\\/\\\/schema.org\",\"@graph\":[{\"@type\":\"Article\",\"@id\":\"https:\\\/\\\/jblanz.de\\\/WP\\\/25-september-2020-mit-dem-fahrrad-durch-hamburg\\\/#article\",\"isPartOf\":{\"@id\":\"https:\\\/\\\/jblanz.de\\\/WP\\\/25-september-2020-mit-dem-fahrrad-durch-hamburg\\\/\"},\"author\":{\"name\":\"Achim\",\"@id\":\"https:\\\/\\\/jblanz.de\\\/WP\\\/#\\\/schema\\\/person\\\/17a70f07162e42bc0b181c22397286e0\"},\"headline\":\"25. September 2020 &#8211; Mit dem Fahrrad durch Hamburg\",\"datePublished\":\"2020-09-25T15:46:30+00:00\",\"dateModified\":\"2020-09-26T18:07:46+00:00\",\"mainEntityOfPage\":{\"@id\":\"https:\\\/\\\/jblanz.de\\\/WP\\\/25-september-2020-mit-dem-fahrrad-durch-hamburg\\\/\"},\"wordCount\":452,\"commentCount\":0,\"publisher\":{\"@id\":\"https:\\\/\\\/jblanz.de\\\/WP\\\/#\\\/schema\\\/person\\\/17a70f07162e42bc0b181c22397286e0\"},\"image\":{\"@id\":\"https:\\\/\\\/jblanz.de\\\/WP\\\/25-september-2020-mit-dem-fahrrad-durch-hamburg\\\/#primaryimage\"},\"thumbnailUrl\":\"https:\\\/\\\/jblanz.de\\\/WP\\\/wp-content\\\/uploads\\\/2020\\\/09\\\/Holstein2020_195.jpg\",\"articleSection\":[\"2020\",\"Deutschland\",\"Europa\"],\"inLanguage\":\"de\",\"potentialAction\":[{\"@type\":\"CommentAction\",\"name\":\"Comment\",\"target\":[\"https:\\\/\\\/jblanz.de\\\/WP\\\/25-september-2020-mit-dem-fahrrad-durch-hamburg\\\/#respond\"]}]},{\"@type\":\"WebPage\",\"@id\":\"https:\\\/\\\/jblanz.de\\\/WP\\\/25-september-2020-mit-dem-fahrrad-durch-hamburg\\\/\",\"url\":\"https:\\\/\\\/jblanz.de\\\/WP\\\/25-september-2020-mit-dem-fahrrad-durch-hamburg\\\/\",\"name\":\"25. September 2020 - Mit dem Fahrrad durch Hamburg - Reiseblog von Karin &amp; Joachim\",\"isPartOf\":{\"@id\":\"https:\\\/\\\/jblanz.de\\\/WP\\\/#website\"},\"primaryImageOfPage\":{\"@id\":\"https:\\\/\\\/jblanz.de\\\/WP\\\/25-september-2020-mit-dem-fahrrad-durch-hamburg\\\/#primaryimage\"},\"image\":{\"@id\":\"https:\\\/\\\/jblanz.de\\\/WP\\\/25-september-2020-mit-dem-fahrrad-durch-hamburg\\\/#primaryimage\"},\"thumbnailUrl\":\"https:\\\/\\\/jblanz.de\\\/WP\\\/wp-content\\\/uploads\\\/2020\\\/09\\\/Holstein2020_195.jpg\",\"datePublished\":\"2020-09-25T15:46:30+00:00\",\"dateModified\":\"2020-09-26T18:07:46+00:00\",\"breadcrumb\":{\"@id\":\"https:\\\/\\\/jblanz.de\\\/WP\\\/25-september-2020-mit-dem-fahrrad-durch-hamburg\\\/#breadcrumb\"},\"inLanguage\":\"de\",\"potentialAction\":[{\"@type\":\"ReadAction\",\"target\":[\"https:\\\/\\\/jblanz.de\\\/WP\\\/25-september-2020-mit-dem-fahrrad-durch-hamburg\\\/\"]}]},{\"@type\":\"ImageObject\",\"inLanguage\":\"de\",\"@id\":\"https:\\\/\\\/jblanz.de\\\/WP\\\/25-september-2020-mit-dem-fahrrad-durch-hamburg\\\/#primaryimage\",\"url\":\"https:\\\/\\\/jblanz.de\\\/WP\\\/wp-content\\\/uploads\\\/2020\\\/09\\\/Holstein2020_195.jpg\",\"contentUrl\":\"https:\\\/\\\/jblanz.de\\\/WP\\\/wp-content\\\/uploads\\\/2020\\\/09\\\/Holstein2020_195.jpg\",\"width\":800,\"height\":450},{\"@type\":\"BreadcrumbList\",\"@id\":\"https:\\\/\\\/jblanz.de\\\/WP\\\/25-september-2020-mit-dem-fahrrad-durch-hamburg\\\/#breadcrumb\",\"itemListElement\":[{\"@type\":\"ListItem\",\"position\":1,\"name\":\"Startseite\",\"item\":\"https:\\\/\\\/jblanz.de\\\/WP\\\/\"},{\"@type\":\"ListItem\",\"position\":2,\"name\":\"25. September 2020 &#8211; Mit dem Fahrrad durch Hamburg\"}]},{\"@type\":\"WebSite\",\"@id\":\"https:\\\/\\\/jblanz.de\\\/WP\\\/#website\",\"url\":\"https:\\\/\\\/jblanz.de\\\/WP\\\/\",\"name\":\"Reiseblog von Karin & Joachim\",\"description\":\"Wir schreiben den Blog f\u00fcr uns als Erinnerung - f\u00fcr euch als Inspiration\",\"publisher\":{\"@id\":\"https:\\\/\\\/jblanz.de\\\/WP\\\/#\\\/schema\\\/person\\\/17a70f07162e42bc0b181c22397286e0\"},\"potentialAction\":[{\"@type\":\"SearchAction\",\"target\":{\"@type\":\"EntryPoint\",\"urlTemplate\":\"https:\\\/\\\/jblanz.de\\\/WP\\\/?s={search_term_string}\"},\"query-input\":{\"@type\":\"PropertyValueSpecification\",\"valueRequired\":true,\"valueName\":\"search_term_string\"}}],\"inLanguage\":\"de\"},{\"@type\":[\"Person\",\"Organization\"],\"@id\":\"https:\\\/\\\/jblanz.de\\\/WP\\\/#\\\/schema\\\/person\\\/17a70f07162e42bc0b181c22397286e0\",\"name\":\"Achim\",\"image\":{\"@type\":\"ImageObject\",\"inLanguage\":\"de\",\"@id\":\"https:\\\/\\\/secure.gravatar.com\\\/avatar\\\/b7ab31bc55956af4a9bebf7fd034761212b11b803b7e39464914d6abeefb12f3?s=96&d=mm&r=g\",\"url\":\"https:\\\/\\\/secure.gravatar.com\\\/avatar\\\/b7ab31bc55956af4a9bebf7fd034761212b11b803b7e39464914d6abeefb12f3?s=96&d=mm&r=g\",\"contentUrl\":\"https:\\\/\\\/secure.gravatar.com\\\/avatar\\\/b7ab31bc55956af4a9bebf7fd034761212b11b803b7e39464914d6abeefb12f3?s=96&d=mm&r=g\",\"caption\":\"Achim\"},\"logo\":{\"@id\":\"https:\\\/\\\/secure.gravatar.com\\\/avatar\\\/b7ab31bc55956af4a9bebf7fd034761212b11b803b7e39464914d6abeefb12f3?s=96&d=mm&r=g\"},\"url\":\"https:\\\/\\\/jblanz.de\\\/WP\\\/author\\\/achim\\\/\"}]}<\/script>\n<!-- \/ Yoast SEO plugin. -->","yoast_head_json":{"title":"25. September 2020 - Mit dem Fahrrad durch Hamburg - Reiseblog von Karin &amp; Joachim","robots":{"index":"index","follow":"follow","max-snippet":"max-snippet:-1","max-image-preview":"max-image-preview:large","max-video-preview":"max-video-preview:-1"},"canonical":"https:\/\/jblanz.de\/WP\/25-september-2020-mit-dem-fahrrad-durch-hamburg\/","og_locale":"de_DE","og_type":"article","og_title":"25. September 2020 - Mit dem Fahrrad durch Hamburg - Reiseblog von Karin &amp; Joachim","og_description":"Den letzten Abend haben wir mit Julian verbracht, zusammen gekocht und einen langen Schwatz gehalten. Er hat uns 2 Station","og_url":"https:\/\/jblanz.de\/WP\/25-september-2020-mit-dem-fahrrad-durch-hamburg\/","og_site_name":"Reiseblog von Karin &amp; Joachim","article_published_time":"2020-09-25T15:46:30+00:00","article_modified_time":"2020-09-26T18:07:46+00:00","og_image":[{"width":800,"height":450,"url":"https:\/\/jblanz.de\/WP\/wp-content\/uploads\/2020\/09\/Holstein2020_195.jpg","type":"image\/jpeg"}],"author":"Achim","twitter_card":"summary_large_image","twitter_misc":{"Verfasst von":"Achim","Gesch\u00e4tzte Lesezeit":"2\u00a0Minuten"},"schema":{"@context":"https:\/\/schema.org","@graph":[{"@type":"Article","@id":"https:\/\/jblanz.de\/WP\/25-september-2020-mit-dem-fahrrad-durch-hamburg\/#article","isPartOf":{"@id":"https:\/\/jblanz.de\/WP\/25-september-2020-mit-dem-fahrrad-durch-hamburg\/"},"author":{"name":"Achim","@id":"https:\/\/jblanz.de\/WP\/#\/schema\/person\/17a70f07162e42bc0b181c22397286e0"},"headline":"25. September 2020 &#8211; Mit dem Fahrrad durch Hamburg","datePublished":"2020-09-25T15:46:30+00:00","dateModified":"2020-09-26T18:07:46+00:00","mainEntityOfPage":{"@id":"https:\/\/jblanz.de\/WP\/25-september-2020-mit-dem-fahrrad-durch-hamburg\/"},"wordCount":452,"commentCount":0,"publisher":{"@id":"https:\/\/jblanz.de\/WP\/#\/schema\/person\/17a70f07162e42bc0b181c22397286e0"},"image":{"@id":"https:\/\/jblanz.de\/WP\/25-september-2020-mit-dem-fahrrad-durch-hamburg\/#primaryimage"},"thumbnailUrl":"https:\/\/jblanz.de\/WP\/wp-content\/uploads\/2020\/09\/Holstein2020_195.jpg","articleSection":["2020","Deutschland","Europa"],"inLanguage":"de","potentialAction":[{"@type":"CommentAction","name":"Comment","target":["https:\/\/jblanz.de\/WP\/25-september-2020-mit-dem-fahrrad-durch-hamburg\/#respond"]}]},{"@type":"WebPage","@id":"https:\/\/jblanz.de\/WP\/25-september-2020-mit-dem-fahrrad-durch-hamburg\/","url":"https:\/\/jblanz.de\/WP\/25-september-2020-mit-dem-fahrrad-durch-hamburg\/","name":"25. September 2020 - Mit dem Fahrrad durch Hamburg - Reiseblog von Karin &amp; Joachim","isPartOf":{"@id":"https:\/\/jblanz.de\/WP\/#website"},"primaryImageOfPage":{"@id":"https:\/\/jblanz.de\/WP\/25-september-2020-mit-dem-fahrrad-durch-hamburg\/#primaryimage"},"image":{"@id":"https:\/\/jblanz.de\/WP\/25-september-2020-mit-dem-fahrrad-durch-hamburg\/#primaryimage"},"thumbnailUrl":"https:\/\/jblanz.de\/WP\/wp-content\/uploads\/2020\/09\/Holstein2020_195.jpg","datePublished":"2020-09-25T15:46:30+00:00","dateModified":"2020-09-26T18:07:46+00:00","breadcrumb":{"@id":"https:\/\/jblanz.de\/WP\/25-september-2020-mit-dem-fahrrad-durch-hamburg\/#breadcrumb"},"inLanguage":"de","potentialAction":[{"@type":"ReadAction","target":["https:\/\/jblanz.de\/WP\/25-september-2020-mit-dem-fahrrad-durch-hamburg\/"]}]},{"@type":"ImageObject","inLanguage":"de","@id":"https:\/\/jblanz.de\/WP\/25-september-2020-mit-dem-fahrrad-durch-hamburg\/#primaryimage","url":"https:\/\/jblanz.de\/WP\/wp-content\/uploads\/2020\/09\/Holstein2020_195.jpg","contentUrl":"https:\/\/jblanz.de\/WP\/wp-content\/uploads\/2020\/09\/Holstein2020_195.jpg","width":800,"height":450},{"@type":"BreadcrumbList","@id":"https:\/\/jblanz.de\/WP\/25-september-2020-mit-dem-fahrrad-durch-hamburg\/#breadcrumb","itemListElement":[{"@type":"ListItem","position":1,"name":"Startseite","item":"https:\/\/jblanz.de\/WP\/"},{"@type":"ListItem","position":2,"name":"25. September 2020 &#8211; Mit dem Fahrrad durch Hamburg"}]},{"@type":"WebSite","@id":"https:\/\/jblanz.de\/WP\/#website","url":"https:\/\/jblanz.de\/WP\/","name":"Reiseblog von Karin & Joachim","description":"Wir schreiben den Blog f\u00fcr uns als Erinnerung - f\u00fcr euch als Inspiration","publisher":{"@id":"https:\/\/jblanz.de\/WP\/#\/schema\/person\/17a70f07162e42bc0b181c22397286e0"},"potentialAction":[{"@type":"SearchAction","target":{"@type":"EntryPoint","urlTemplate":"https:\/\/jblanz.de\/WP\/?s={search_term_string}"},"query-input":{"@type":"PropertyValueSpecification","valueRequired":true,"valueName":"search_term_string"}}],"inLanguage":"de"},{"@type":["Person","Organization"],"@id":"https:\/\/jblanz.de\/WP\/#\/schema\/person\/17a70f07162e42bc0b181c22397286e0","name":"Achim","image":{"@type":"ImageObject","inLanguage":"de","@id":"https:\/\/secure.gravatar.com\/avatar\/b7ab31bc55956af4a9bebf7fd034761212b11b803b7e39464914d6abeefb12f3?s=96&d=mm&r=g","url":"https:\/\/secure.gravatar.com\/avatar\/b7ab31bc55956af4a9bebf7fd034761212b11b803b7e39464914d6abeefb12f3?s=96&d=mm&r=g","contentUrl":"https:\/\/secure.gravatar.com\/avatar\/b7ab31bc55956af4a9bebf7fd034761212b11b803b7e39464914d6abeefb12f3?s=96&d=mm&r=g","caption":"Achim"},"logo":{"@id":"https:\/\/secure.gravatar.com\/avatar\/b7ab31bc55956af4a9bebf7fd034761212b11b803b7e39464914d6abeefb12f3?s=96&d=mm&r=g"},"url":"https:\/\/jblanz.de\/WP\/author\/achim\/"}]}},"_links":{"self":[{"href":"https:\/\/jblanz.de\/WP\/wp-json\/wp\/v2\/posts\/5082","targetHints":{"allow":["GET"]}}],"collection":[{"href":"https:\/\/jblanz.de\/WP\/wp-json\/wp\/v2\/posts"}],"about":[{"href":"https:\/\/jblanz.de\/WP\/wp-json\/wp\/v2\/types\/post"}],"author":[{"embeddable":true,"href":"https:\/\/jblanz.de\/WP\/wp-json\/wp\/v2\/users\/1"}],"replies":[{"embeddable":true,"href":"https:\/\/jblanz.de\/WP\/wp-json\/wp\/v2\/comments?post=5082"}],"version-history":[{"count":0,"href":"https:\/\/jblanz.de\/WP\/wp-json\/wp\/v2\/posts\/5082\/revisions"}],"wp:featuredmedia":[{"embeddable":true,"href":"https:\/\/jblanz.de\/WP\/wp-json\/wp\/v2\/media\/5084"}],"wp:attachment":[{"href":"https:\/\/jblanz.de\/WP\/wp-json\/wp\/v2\/media?parent=5082"}],"wp:term":[{"taxonomy":"category","embeddable":true,"href":"https:\/\/jblanz.de\/WP\/wp-json\/wp\/v2\/categories?post=5082"},{"taxonomy":"post_tag","embeddable":true,"href":"https:\/\/jblanz.de\/WP\/wp-json\/wp\/v2\/tags?post=5082"}],"curies":[{"name":"wp","href":"https:\/\/api.w.org\/{rel}","templated":true}]}}