{"id":5122,"date":"2020-09-27T14:33:12","date_gmt":"2020-09-27T12:33:12","guid":{"rendered":"http:\/\/jblanz.de\/WP\/?p=5122"},"modified":"2020-09-27T23:54:31","modified_gmt":"2020-09-27T21:54:31","slug":"27-september-2020-meissenheimer-teiche-und-heimfahrt","status":"publish","type":"post","link":"https:\/\/jblanz.de\/WP\/27-september-2020-meissenheimer-teiche-und-heimfahrt\/","title":{"rendered":"27. September 2020 &#8211; Mei\u00dfenheimer Teiche und Heimfahrt"},"content":{"rendered":"\n<p>Der Wetterbericht stimmt. Heute morgen regnet es nicht mehr und wir fahren nach dem Fr\u00fchst\u00fcck den Rundwanderweg durch diese Teiche. Wirklich eine sehr sch\u00f6ne Gegend, wir sind praktisch alle unterwegs. Nur 3 Frauen mit Ferngl\u00e4sern und eine Familie mit Hund begegnen uns auf der gesamten knapp 6 km langen Tour. Die Seen sind bev\u00f6lkert mit Schw\u00e4nen und Enten, ab und an steht ein Fischreiher am Ufer. Leider sehen wir keinen Adler und keine Schlangen. Pl\u00f6tzlich kommt aus der Ferne eine grosser Schwarm von G\u00e4nsen an und landet in einem der Seen. Eine V-Formation von V\u00f6geln n\u00e4hert sich anschliessend. Wir denken\u00a0 erst dass sie zu den G\u00e4nsen geh\u00f6ren, stellen aber beim Anschauen der Fotos fest, dass es sich um grauen Kraniche gehandelt hat. Leider sind die Lichtverh\u00e4ltnisse nicht besonders, so dass ich mit 1\/1600 sec und ISO 5000 fotografieren muss und die V\u00f6gel sind sehr weit entfernt.<\/p>\n\n\n\n<figure class=\"wp-block-image size-large\"><img loading=\"lazy\" decoding=\"async\" width=\"800\" height=\"450\" src=\"https:\/\/jblanz.de\/WP\/wp-content\/uploads\/2020\/09\/Holstein2020_240.jpg\" alt=\"\" class=\"wp-image-5132\" srcset=\"https:\/\/jblanz.de\/WP\/wp-content\/uploads\/2020\/09\/Holstein2020_240.jpg 800w, https:\/\/jblanz.de\/WP\/wp-content\/uploads\/2020\/09\/Holstein2020_240-300x169.jpg 300w, https:\/\/jblanz.de\/WP\/wp-content\/uploads\/2020\/09\/Holstein2020_240-768x432.jpg 768w\" sizes=\"auto, (max-width: 800px) 100vw, 800px\" \/><\/figure>\n\n\n\n<figure class=\"wp-block-image size-large\"><img loading=\"lazy\" decoding=\"async\" width=\"800\" height=\"450\" src=\"https:\/\/jblanz.de\/WP\/wp-content\/uploads\/2020\/09\/Holstein2020_233.jpg\" alt=\"\" class=\"wp-image-5126\" srcset=\"https:\/\/jblanz.de\/WP\/wp-content\/uploads\/2020\/09\/Holstein2020_233.jpg 800w, https:\/\/jblanz.de\/WP\/wp-content\/uploads\/2020\/09\/Holstein2020_233-300x169.jpg 300w, https:\/\/jblanz.de\/WP\/wp-content\/uploads\/2020\/09\/Holstein2020_233-768x432.jpg 768w\" sizes=\"auto, (max-width: 800px) 100vw, 800px\" \/><\/figure>\n\n\n\n<figure class=\"wp-block-image size-large\"><img loading=\"lazy\" decoding=\"async\" width=\"800\" height=\"450\" src=\"https:\/\/jblanz.de\/WP\/wp-content\/uploads\/2020\/09\/Holstein2020_238.jpg\" alt=\"\" class=\"wp-image-5133\" srcset=\"https:\/\/jblanz.de\/WP\/wp-content\/uploads\/2020\/09\/Holstein2020_238.jpg 800w, https:\/\/jblanz.de\/WP\/wp-content\/uploads\/2020\/09\/Holstein2020_238-300x169.jpg 300w, https:\/\/jblanz.de\/WP\/wp-content\/uploads\/2020\/09\/Holstein2020_238-768x432.jpg 768w\" sizes=\"auto, (max-width: 800px) 100vw, 800px\" \/><\/figure>\n\n\n\n<figure class=\"wp-block-image size-large\"><img loading=\"lazy\" decoding=\"async\" width=\"800\" height=\"450\" src=\"https:\/\/jblanz.de\/WP\/wp-content\/uploads\/2020\/09\/Holstein2020_246.jpg\" alt=\"\" class=\"wp-image-5129\" srcset=\"https:\/\/jblanz.de\/WP\/wp-content\/uploads\/2020\/09\/Holstein2020_246.jpg 800w, https:\/\/jblanz.de\/WP\/wp-content\/uploads\/2020\/09\/Holstein2020_246-300x169.jpg 300w, https:\/\/jblanz.de\/WP\/wp-content\/uploads\/2020\/09\/Holstein2020_246-768x432.jpg 768w\" sizes=\"auto, (max-width: 800px) 100vw, 800px\" \/><\/figure>\n\n\n\n<figure class=\"wp-block-gallery columns-3 is-cropped wp-block-gallery-2 is-layout-flex wp-block-gallery-is-layout-flex\"><ul class=\"blocks-gallery-grid\"><li class=\"blocks-gallery-item\"><figure><img loading=\"lazy\" decoding=\"async\" width=\"800\" height=\"450\" src=\"https:\/\/jblanz.de\/WP\/wp-content\/uploads\/2020\/09\/Holstein2020_248.jpg\" alt=\"\" data-id=\"5128\" data-full-url=\"https:\/\/jblanz.de\/WP\/wp-content\/uploads\/2020\/09\/Holstein2020_248.jpg\" data-link=\"https:\/\/jblanz.de\/WP\/wp-content\/uploads\/2020\/09\/Holstein2020_248.jpg\" class=\"wp-image-5128\" srcset=\"https:\/\/jblanz.de\/WP\/wp-content\/uploads\/2020\/09\/Holstein2020_248.jpg 800w, https:\/\/jblanz.de\/WP\/wp-content\/uploads\/2020\/09\/Holstein2020_248-300x169.jpg 300w, https:\/\/jblanz.de\/WP\/wp-content\/uploads\/2020\/09\/Holstein2020_248-768x432.jpg 768w\" sizes=\"auto, (max-width: 800px) 100vw, 800px\" \/><\/figure><\/li><li class=\"blocks-gallery-item\"><figure><img loading=\"lazy\" decoding=\"async\" width=\"800\" height=\"450\" src=\"https:\/\/jblanz.de\/WP\/wp-content\/uploads\/2020\/09\/Holstein2020_249.jpg\" alt=\"\" data-id=\"5127\" data-full-url=\"https:\/\/jblanz.de\/WP\/wp-content\/uploads\/2020\/09\/Holstein2020_249.jpg\" data-link=\"https:\/\/jblanz.de\/WP\/wp-content\/uploads\/2020\/09\/Holstein2020_249.jpg\" class=\"wp-image-5127\" srcset=\"https:\/\/jblanz.de\/WP\/wp-content\/uploads\/2020\/09\/Holstein2020_249.jpg 800w, https:\/\/jblanz.de\/WP\/wp-content\/uploads\/2020\/09\/Holstein2020_249-300x169.jpg 300w, https:\/\/jblanz.de\/WP\/wp-content\/uploads\/2020\/09\/Holstein2020_249-768x432.jpg 768w\" sizes=\"auto, (max-width: 800px) 100vw, 800px\" \/><\/figure><\/li><li class=\"blocks-gallery-item\"><figure><img loading=\"lazy\" decoding=\"async\" width=\"800\" height=\"450\" src=\"https:\/\/jblanz.de\/WP\/wp-content\/uploads\/2020\/09\/Holstein2020_235.jpg\" alt=\"\" data-id=\"5135\" data-full-url=\"https:\/\/jblanz.de\/WP\/wp-content\/uploads\/2020\/09\/Holstein2020_235.jpg\" data-link=\"https:\/\/jblanz.de\/WP\/wp-content\/uploads\/2020\/09\/Holstein2020_235.jpg\" class=\"wp-image-5135\" srcset=\"https:\/\/jblanz.de\/WP\/wp-content\/uploads\/2020\/09\/Holstein2020_235.jpg 800w, https:\/\/jblanz.de\/WP\/wp-content\/uploads\/2020\/09\/Holstein2020_235-300x169.jpg 300w, https:\/\/jblanz.de\/WP\/wp-content\/uploads\/2020\/09\/Holstein2020_235-768x432.jpg 768w\" sizes=\"auto, (max-width: 800px) 100vw, 800px\" \/><\/figure><\/li><li class=\"blocks-gallery-item\"><figure><img loading=\"lazy\" decoding=\"async\" width=\"800\" height=\"450\" src=\"https:\/\/jblanz.de\/WP\/wp-content\/uploads\/2020\/09\/Holstein2020_241-1.jpg\" alt=\"\" data-id=\"5143\" data-full-url=\"https:\/\/jblanz.de\/WP\/wp-content\/uploads\/2020\/09\/Holstein2020_241-1.jpg\" data-link=\"https:\/\/jblanz.de\/WP\/27-september-2020-meissenheimer-teiche-und-heimfahrt\/holstein2020_241-1\/\" class=\"wp-image-5143\" srcset=\"https:\/\/jblanz.de\/WP\/wp-content\/uploads\/2020\/09\/Holstein2020_241-1.jpg 800w, https:\/\/jblanz.de\/WP\/wp-content\/uploads\/2020\/09\/Holstein2020_241-1-300x169.jpg 300w, https:\/\/jblanz.de\/WP\/wp-content\/uploads\/2020\/09\/Holstein2020_241-1-768x432.jpg 768w\" sizes=\"auto, (max-width: 800px) 100vw, 800px\" \/><\/figure><\/li><\/ul><\/figure>\n\n\n\n<figure class=\"wp-block-image size-large\"><img loading=\"lazy\" decoding=\"async\" width=\"800\" height=\"450\" src=\"https:\/\/jblanz.de\/WP\/wp-content\/uploads\/2020\/09\/Holstein2020_256.jpg\" alt=\"\" class=\"wp-image-5144\" srcset=\"https:\/\/jblanz.de\/WP\/wp-content\/uploads\/2020\/09\/Holstein2020_256.jpg 800w, https:\/\/jblanz.de\/WP\/wp-content\/uploads\/2020\/09\/Holstein2020_256-300x169.jpg 300w, https:\/\/jblanz.de\/WP\/wp-content\/uploads\/2020\/09\/Holstein2020_256-768x432.jpg 768w\" sizes=\"auto, (max-width: 800px) 100vw, 800px\" \/><figcaption>Flug der Kraniche<\/figcaption><\/figure>\n\n\n\n<figure class=\"wp-block-image size-large\"><img loading=\"lazy\" decoding=\"async\" width=\"800\" height=\"450\" src=\"https:\/\/jblanz.de\/WP\/wp-content\/uploads\/2020\/09\/Holstein2020_253.jpg\" alt=\"\" class=\"wp-image-5150\" srcset=\"https:\/\/jblanz.de\/WP\/wp-content\/uploads\/2020\/09\/Holstein2020_253.jpg 800w, https:\/\/jblanz.de\/WP\/wp-content\/uploads\/2020\/09\/Holstein2020_253-300x169.jpg 300w, https:\/\/jblanz.de\/WP\/wp-content\/uploads\/2020\/09\/Holstein2020_253-768x432.jpg 768w\" sizes=\"auto, (max-width: 800px) 100vw, 800px\" \/><\/figure>\n\n\n\n<figure class=\"wp-block-image size-large\"><img loading=\"lazy\" decoding=\"async\" width=\"800\" height=\"450\" src=\"https:\/\/jblanz.de\/WP\/wp-content\/uploads\/2020\/09\/Holstein2020_263.jpg\" alt=\"\" class=\"wp-image-5148\" srcset=\"https:\/\/jblanz.de\/WP\/wp-content\/uploads\/2020\/09\/Holstein2020_263.jpg 800w, https:\/\/jblanz.de\/WP\/wp-content\/uploads\/2020\/09\/Holstein2020_263-300x169.jpg 300w, https:\/\/jblanz.de\/WP\/wp-content\/uploads\/2020\/09\/Holstein2020_263-768x432.jpg 768w\" sizes=\"auto, (max-width: 800px) 100vw, 800px\" \/><\/figure>\n\n\n\n<p>Um ca 11.30 Uhr fahren wir ab, kaufen an einem Stand noch 10 kg Heidekartoffeln und machen uns auf den 720 km langen Heimweg. EIn 8 km langer Stau am Kirchheimer Kreuz bremst uns aus. Um kurz nach 20 Uhr kommen wir in Steinen an. <\/p>\n\n\n\n<p><\/p>\n","protected":false},"excerpt":{"rendered":"<p>Der Wetterbericht stimmt. Heute morgen regnet es nicht mehr und wir fahren nach dem Fr\u00fchst\u00fcck den Rundwanderweg durch diese Teiche.<\/p>\n","protected":false},"author":1,"featured_media":5139,"comment_status":"open","ping_status":"open","sticky":false,"template":"","format":"standard","meta":{"colormag_page_container_layout":"default_layout","colormag_page_sidebar_layout":"default_layout","_monsterinsights_skip_tracking":false,"_monsterinsights_sitenote_active":false,"_monsterinsights_sitenote_note":"","_monsterinsights_sitenote_category":0,"footnotes":""},"categories":[201,225,159],"tags":[],"class_list":["post-5122","post","type-post","status-publish","format-standard","has-post-thumbnail","hentry","category-201","category-deutschland","category-europa"],"yoast_head":"<!-- This site is optimized with the Yoast SEO plugin v27.4 - https:\/\/yoast.com\/product\/yoast-seo-wordpress\/ -->\n<title>27. September 2020 - Mei\u00dfenheimer Teiche und Heimfahrt - Reiseblog von Karin &amp; Joachim<\/title>\n<meta name=\"robots\" content=\"index, follow, max-snippet:-1, max-image-preview:large, max-video-preview:-1\" \/>\n<link rel=\"canonical\" href=\"https:\/\/jblanz.de\/WP\/27-september-2020-meissenheimer-teiche-und-heimfahrt\/\" \/>\n<meta property=\"og:locale\" content=\"de_DE\" \/>\n<meta property=\"og:type\" content=\"article\" \/>\n<meta property=\"og:title\" content=\"27. September 2020 - Mei\u00dfenheimer Teiche und Heimfahrt - Reiseblog von Karin &amp; Joachim\" \/>\n<meta property=\"og:description\" content=\"Der Wetterbericht stimmt. Heute morgen regnet es nicht mehr und wir fahren nach dem Fr\u00fchst\u00fcck den Rundwanderweg durch diese Teiche.\" \/>\n<meta property=\"og:url\" content=\"https:\/\/jblanz.de\/WP\/27-september-2020-meissenheimer-teiche-und-heimfahrt\/\" \/>\n<meta property=\"og:site_name\" content=\"Reiseblog von Karin &amp; Joachim\" \/>\n<meta property=\"article:published_time\" content=\"2020-09-27T12:33:12+00:00\" \/>\n<meta property=\"article:modified_time\" content=\"2020-09-27T21:54:31+00:00\" \/>\n<meta property=\"og:image\" content=\"https:\/\/jblanz.de\/WP\/wp-content\/uploads\/2020\/09\/Holstein2020_255.jpg\" \/>\n\t<meta property=\"og:image:width\" content=\"800\" \/>\n\t<meta property=\"og:image:height\" content=\"450\" \/>\n\t<meta property=\"og:image:type\" content=\"image\/jpeg\" \/>\n<meta name=\"author\" content=\"Achim\" \/>\n<meta name=\"twitter:card\" content=\"summary_large_image\" \/>\n<meta name=\"twitter:label1\" content=\"Verfasst von\" \/>\n\t<meta name=\"twitter:data1\" content=\"Achim\" \/>\n\t<meta name=\"twitter:label2\" content=\"Gesch\u00e4tzte Lesezeit\" \/>\n\t<meta name=\"twitter:data2\" content=\"1\u00a0Minute\" \/>\n<script type=\"application\/ld+json\" class=\"yoast-schema-graph\">{\"@context\":\"https:\\\/\\\/schema.org\",\"@graph\":[{\"@type\":\"Article\",\"@id\":\"https:\\\/\\\/jblanz.de\\\/WP\\\/27-september-2020-meissenheimer-teiche-und-heimfahrt\\\/#article\",\"isPartOf\":{\"@id\":\"https:\\\/\\\/jblanz.de\\\/WP\\\/27-september-2020-meissenheimer-teiche-und-heimfahrt\\\/\"},\"author\":{\"name\":\"Achim\",\"@id\":\"https:\\\/\\\/jblanz.de\\\/WP\\\/#\\\/schema\\\/person\\\/17a70f07162e42bc0b181c22397286e0\"},\"headline\":\"27. September 2020 &#8211; Mei\u00dfenheimer Teiche und Heimfahrt\",\"datePublished\":\"2020-09-27T12:33:12+00:00\",\"dateModified\":\"2020-09-27T21:54:31+00:00\",\"mainEntityOfPage\":{\"@id\":\"https:\\\/\\\/jblanz.de\\\/WP\\\/27-september-2020-meissenheimer-teiche-und-heimfahrt\\\/\"},\"wordCount\":206,\"commentCount\":0,\"publisher\":{\"@id\":\"https:\\\/\\\/jblanz.de\\\/WP\\\/#\\\/schema\\\/person\\\/17a70f07162e42bc0b181c22397286e0\"},\"image\":{\"@id\":\"https:\\\/\\\/jblanz.de\\\/WP\\\/27-september-2020-meissenheimer-teiche-und-heimfahrt\\\/#primaryimage\"},\"thumbnailUrl\":\"https:\\\/\\\/jblanz.de\\\/WP\\\/wp-content\\\/uploads\\\/2020\\\/09\\\/Holstein2020_255.jpg\",\"articleSection\":[\"2020\",\"Deutschland\",\"Europa\"],\"inLanguage\":\"de\",\"potentialAction\":[{\"@type\":\"CommentAction\",\"name\":\"Comment\",\"target\":[\"https:\\\/\\\/jblanz.de\\\/WP\\\/27-september-2020-meissenheimer-teiche-und-heimfahrt\\\/#respond\"]}]},{\"@type\":\"WebPage\",\"@id\":\"https:\\\/\\\/jblanz.de\\\/WP\\\/27-september-2020-meissenheimer-teiche-und-heimfahrt\\\/\",\"url\":\"https:\\\/\\\/jblanz.de\\\/WP\\\/27-september-2020-meissenheimer-teiche-und-heimfahrt\\\/\",\"name\":\"27. September 2020 - Mei\u00dfenheimer Teiche und Heimfahrt - Reiseblog von Karin &amp; Joachim\",\"isPartOf\":{\"@id\":\"https:\\\/\\\/jblanz.de\\\/WP\\\/#website\"},\"primaryImageOfPage\":{\"@id\":\"https:\\\/\\\/jblanz.de\\\/WP\\\/27-september-2020-meissenheimer-teiche-und-heimfahrt\\\/#primaryimage\"},\"image\":{\"@id\":\"https:\\\/\\\/jblanz.de\\\/WP\\\/27-september-2020-meissenheimer-teiche-und-heimfahrt\\\/#primaryimage\"},\"thumbnailUrl\":\"https:\\\/\\\/jblanz.de\\\/WP\\\/wp-content\\\/uploads\\\/2020\\\/09\\\/Holstein2020_255.jpg\",\"datePublished\":\"2020-09-27T12:33:12+00:00\",\"dateModified\":\"2020-09-27T21:54:31+00:00\",\"breadcrumb\":{\"@id\":\"https:\\\/\\\/jblanz.de\\\/WP\\\/27-september-2020-meissenheimer-teiche-und-heimfahrt\\\/#breadcrumb\"},\"inLanguage\":\"de\",\"potentialAction\":[{\"@type\":\"ReadAction\",\"target\":[\"https:\\\/\\\/jblanz.de\\\/WP\\\/27-september-2020-meissenheimer-teiche-und-heimfahrt\\\/\"]}]},{\"@type\":\"ImageObject\",\"inLanguage\":\"de\",\"@id\":\"https:\\\/\\\/jblanz.de\\\/WP\\\/27-september-2020-meissenheimer-teiche-und-heimfahrt\\\/#primaryimage\",\"url\":\"https:\\\/\\\/jblanz.de\\\/WP\\\/wp-content\\\/uploads\\\/2020\\\/09\\\/Holstein2020_255.jpg\",\"contentUrl\":\"https:\\\/\\\/jblanz.de\\\/WP\\\/wp-content\\\/uploads\\\/2020\\\/09\\\/Holstein2020_255.jpg\",\"width\":800,\"height\":450},{\"@type\":\"BreadcrumbList\",\"@id\":\"https:\\\/\\\/jblanz.de\\\/WP\\\/27-september-2020-meissenheimer-teiche-und-heimfahrt\\\/#breadcrumb\",\"itemListElement\":[{\"@type\":\"ListItem\",\"position\":1,\"name\":\"Startseite\",\"item\":\"https:\\\/\\\/jblanz.de\\\/WP\\\/\"},{\"@type\":\"ListItem\",\"position\":2,\"name\":\"27. September 2020 &#8211; Mei\u00dfenheimer Teiche und Heimfahrt\"}]},{\"@type\":\"WebSite\",\"@id\":\"https:\\\/\\\/jblanz.de\\\/WP\\\/#website\",\"url\":\"https:\\\/\\\/jblanz.de\\\/WP\\\/\",\"name\":\"Reiseblog von Karin & Joachim\",\"description\":\"Wir schreiben den Blog f\u00fcr uns als Erinnerung - f\u00fcr euch als Inspiration\",\"publisher\":{\"@id\":\"https:\\\/\\\/jblanz.de\\\/WP\\\/#\\\/schema\\\/person\\\/17a70f07162e42bc0b181c22397286e0\"},\"potentialAction\":[{\"@type\":\"SearchAction\",\"target\":{\"@type\":\"EntryPoint\",\"urlTemplate\":\"https:\\\/\\\/jblanz.de\\\/WP\\\/?s={search_term_string}\"},\"query-input\":{\"@type\":\"PropertyValueSpecification\",\"valueRequired\":true,\"valueName\":\"search_term_string\"}}],\"inLanguage\":\"de\"},{\"@type\":[\"Person\",\"Organization\"],\"@id\":\"https:\\\/\\\/jblanz.de\\\/WP\\\/#\\\/schema\\\/person\\\/17a70f07162e42bc0b181c22397286e0\",\"name\":\"Achim\",\"image\":{\"@type\":\"ImageObject\",\"inLanguage\":\"de\",\"@id\":\"https:\\\/\\\/secure.gravatar.com\\\/avatar\\\/b7ab31bc55956af4a9bebf7fd034761212b11b803b7e39464914d6abeefb12f3?s=96&d=mm&r=g\",\"url\":\"https:\\\/\\\/secure.gravatar.com\\\/avatar\\\/b7ab31bc55956af4a9bebf7fd034761212b11b803b7e39464914d6abeefb12f3?s=96&d=mm&r=g\",\"contentUrl\":\"https:\\\/\\\/secure.gravatar.com\\\/avatar\\\/b7ab31bc55956af4a9bebf7fd034761212b11b803b7e39464914d6abeefb12f3?s=96&d=mm&r=g\",\"caption\":\"Achim\"},\"logo\":{\"@id\":\"https:\\\/\\\/secure.gravatar.com\\\/avatar\\\/b7ab31bc55956af4a9bebf7fd034761212b11b803b7e39464914d6abeefb12f3?s=96&d=mm&r=g\"},\"url\":\"https:\\\/\\\/jblanz.de\\\/WP\\\/author\\\/achim\\\/\"}]}<\/script>\n<!-- \/ Yoast SEO plugin. -->","yoast_head_json":{"title":"27. September 2020 - Mei\u00dfenheimer Teiche und Heimfahrt - Reiseblog von Karin &amp; Joachim","robots":{"index":"index","follow":"follow","max-snippet":"max-snippet:-1","max-image-preview":"max-image-preview:large","max-video-preview":"max-video-preview:-1"},"canonical":"https:\/\/jblanz.de\/WP\/27-september-2020-meissenheimer-teiche-und-heimfahrt\/","og_locale":"de_DE","og_type":"article","og_title":"27. September 2020 - Mei\u00dfenheimer Teiche und Heimfahrt - Reiseblog von Karin &amp; Joachim","og_description":"Der Wetterbericht stimmt. Heute morgen regnet es nicht mehr und wir fahren nach dem Fr\u00fchst\u00fcck den Rundwanderweg durch diese Teiche.","og_url":"https:\/\/jblanz.de\/WP\/27-september-2020-meissenheimer-teiche-und-heimfahrt\/","og_site_name":"Reiseblog von Karin &amp; Joachim","article_published_time":"2020-09-27T12:33:12+00:00","article_modified_time":"2020-09-27T21:54:31+00:00","og_image":[{"width":800,"height":450,"url":"https:\/\/jblanz.de\/WP\/wp-content\/uploads\/2020\/09\/Holstein2020_255.jpg","type":"image\/jpeg"}],"author":"Achim","twitter_card":"summary_large_image","twitter_misc":{"Verfasst von":"Achim","Gesch\u00e4tzte Lesezeit":"1\u00a0Minute"},"schema":{"@context":"https:\/\/schema.org","@graph":[{"@type":"Article","@id":"https:\/\/jblanz.de\/WP\/27-september-2020-meissenheimer-teiche-und-heimfahrt\/#article","isPartOf":{"@id":"https:\/\/jblanz.de\/WP\/27-september-2020-meissenheimer-teiche-und-heimfahrt\/"},"author":{"name":"Achim","@id":"https:\/\/jblanz.de\/WP\/#\/schema\/person\/17a70f07162e42bc0b181c22397286e0"},"headline":"27. September 2020 &#8211; Mei\u00dfenheimer Teiche und Heimfahrt","datePublished":"2020-09-27T12:33:12+00:00","dateModified":"2020-09-27T21:54:31+00:00","mainEntityOfPage":{"@id":"https:\/\/jblanz.de\/WP\/27-september-2020-meissenheimer-teiche-und-heimfahrt\/"},"wordCount":206,"commentCount":0,"publisher":{"@id":"https:\/\/jblanz.de\/WP\/#\/schema\/person\/17a70f07162e42bc0b181c22397286e0"},"image":{"@id":"https:\/\/jblanz.de\/WP\/27-september-2020-meissenheimer-teiche-und-heimfahrt\/#primaryimage"},"thumbnailUrl":"https:\/\/jblanz.de\/WP\/wp-content\/uploads\/2020\/09\/Holstein2020_255.jpg","articleSection":["2020","Deutschland","Europa"],"inLanguage":"de","potentialAction":[{"@type":"CommentAction","name":"Comment","target":["https:\/\/jblanz.de\/WP\/27-september-2020-meissenheimer-teiche-und-heimfahrt\/#respond"]}]},{"@type":"WebPage","@id":"https:\/\/jblanz.de\/WP\/27-september-2020-meissenheimer-teiche-und-heimfahrt\/","url":"https:\/\/jblanz.de\/WP\/27-september-2020-meissenheimer-teiche-und-heimfahrt\/","name":"27. September 2020 - Mei\u00dfenheimer Teiche und Heimfahrt - Reiseblog von Karin &amp; Joachim","isPartOf":{"@id":"https:\/\/jblanz.de\/WP\/#website"},"primaryImageOfPage":{"@id":"https:\/\/jblanz.de\/WP\/27-september-2020-meissenheimer-teiche-und-heimfahrt\/#primaryimage"},"image":{"@id":"https:\/\/jblanz.de\/WP\/27-september-2020-meissenheimer-teiche-und-heimfahrt\/#primaryimage"},"thumbnailUrl":"https:\/\/jblanz.de\/WP\/wp-content\/uploads\/2020\/09\/Holstein2020_255.jpg","datePublished":"2020-09-27T12:33:12+00:00","dateModified":"2020-09-27T21:54:31+00:00","breadcrumb":{"@id":"https:\/\/jblanz.de\/WP\/27-september-2020-meissenheimer-teiche-und-heimfahrt\/#breadcrumb"},"inLanguage":"de","potentialAction":[{"@type":"ReadAction","target":["https:\/\/jblanz.de\/WP\/27-september-2020-meissenheimer-teiche-und-heimfahrt\/"]}]},{"@type":"ImageObject","inLanguage":"de","@id":"https:\/\/jblanz.de\/WP\/27-september-2020-meissenheimer-teiche-und-heimfahrt\/#primaryimage","url":"https:\/\/jblanz.de\/WP\/wp-content\/uploads\/2020\/09\/Holstein2020_255.jpg","contentUrl":"https:\/\/jblanz.de\/WP\/wp-content\/uploads\/2020\/09\/Holstein2020_255.jpg","width":800,"height":450},{"@type":"BreadcrumbList","@id":"https:\/\/jblanz.de\/WP\/27-september-2020-meissenheimer-teiche-und-heimfahrt\/#breadcrumb","itemListElement":[{"@type":"ListItem","position":1,"name":"Startseite","item":"https:\/\/jblanz.de\/WP\/"},{"@type":"ListItem","position":2,"name":"27. September 2020 &#8211; Mei\u00dfenheimer Teiche und Heimfahrt"}]},{"@type":"WebSite","@id":"https:\/\/jblanz.de\/WP\/#website","url":"https:\/\/jblanz.de\/WP\/","name":"Reiseblog von Karin & Joachim","description":"Wir schreiben den Blog f\u00fcr uns als Erinnerung - f\u00fcr euch als Inspiration","publisher":{"@id":"https:\/\/jblanz.de\/WP\/#\/schema\/person\/17a70f07162e42bc0b181c22397286e0"},"potentialAction":[{"@type":"SearchAction","target":{"@type":"EntryPoint","urlTemplate":"https:\/\/jblanz.de\/WP\/?s={search_term_string}"},"query-input":{"@type":"PropertyValueSpecification","valueRequired":true,"valueName":"search_term_string"}}],"inLanguage":"de"},{"@type":["Person","Organization"],"@id":"https:\/\/jblanz.de\/WP\/#\/schema\/person\/17a70f07162e42bc0b181c22397286e0","name":"Achim","image":{"@type":"ImageObject","inLanguage":"de","@id":"https:\/\/secure.gravatar.com\/avatar\/b7ab31bc55956af4a9bebf7fd034761212b11b803b7e39464914d6abeefb12f3?s=96&d=mm&r=g","url":"https:\/\/secure.gravatar.com\/avatar\/b7ab31bc55956af4a9bebf7fd034761212b11b803b7e39464914d6abeefb12f3?s=96&d=mm&r=g","contentUrl":"https:\/\/secure.gravatar.com\/avatar\/b7ab31bc55956af4a9bebf7fd034761212b11b803b7e39464914d6abeefb12f3?s=96&d=mm&r=g","caption":"Achim"},"logo":{"@id":"https:\/\/secure.gravatar.com\/avatar\/b7ab31bc55956af4a9bebf7fd034761212b11b803b7e39464914d6abeefb12f3?s=96&d=mm&r=g"},"url":"https:\/\/jblanz.de\/WP\/author\/achim\/"}]}},"_links":{"self":[{"href":"https:\/\/jblanz.de\/WP\/wp-json\/wp\/v2\/posts\/5122","targetHints":{"allow":["GET"]}}],"collection":[{"href":"https:\/\/jblanz.de\/WP\/wp-json\/wp\/v2\/posts"}],"about":[{"href":"https:\/\/jblanz.de\/WP\/wp-json\/wp\/v2\/types\/post"}],"author":[{"embeddable":true,"href":"https:\/\/jblanz.de\/WP\/wp-json\/wp\/v2\/users\/1"}],"replies":[{"embeddable":true,"href":"https:\/\/jblanz.de\/WP\/wp-json\/wp\/v2\/comments?post=5122"}],"version-history":[{"count":0,"href":"https:\/\/jblanz.de\/WP\/wp-json\/wp\/v2\/posts\/5122\/revisions"}],"wp:featuredmedia":[{"embeddable":true,"href":"https:\/\/jblanz.de\/WP\/wp-json\/wp\/v2\/media\/5139"}],"wp:attachment":[{"href":"https:\/\/jblanz.de\/WP\/wp-json\/wp\/v2\/media?parent=5122"}],"wp:term":[{"taxonomy":"category","embeddable":true,"href":"https:\/\/jblanz.de\/WP\/wp-json\/wp\/v2\/categories?post=5122"},{"taxonomy":"post_tag","embeddable":true,"href":"https:\/\/jblanz.de\/WP\/wp-json\/wp\/v2\/tags?post=5122"}],"curies":[{"name":"wp","href":"https:\/\/api.w.org\/{rel}","templated":true}]}}