{"id":654,"date":"2016-08-11T18:00:53","date_gmt":"2016-08-11T16:00:53","guid":{"rendered":"http:\/\/jblanz.de\/WP\/?p=654"},"modified":"2016-08-13T12:12:50","modified_gmt":"2016-08-13T10:12:50","slug":"fahrt-dambulla","status":"publish","type":"post","link":"https:\/\/jblanz.de\/WP\/fahrt-dambulla\/","title":{"rendered":"Fahrt nach Dambulla"},"content":{"rendered":"<p>Heute morgen um 9 Uhr ging es weiter Richtung Dambulla, das 72 km von Kandy entfernt liegt. Unterwegs in Matale kam der erste Tempel, ein Hindu-Tempel, der direkt an der Hauptstrasse lag. Wie immer erst Schuhe ausziehen und bei der Schuhaufbewahrung abgeben, barfuss \u00fcber die heissen Steine gehen, d.h. beschleunigt laufen. Im Innern des Tempels waren die \u00fcblichen Gottheiten in kleinen Schreinen und nat\u00fcrlich das Heiligtum, das f\u00fcr Touristen nicht zug\u00e4nglich ist. Man kann von aussen lediglich einen Blick darauf werfen. Hindu-Tempel zeichnen sich durch ihre Farbigkeit und ihre tollen Ornamente an der Decke und an den W\u00e4nden aus.<\/p>\n<p><img loading=\"lazy\" decoding=\"async\" class=\"aligncenter wp-image-708 size-full\" src=\"https:\/\/jblanz.de\/WP\/wp-content\/uploads\/2016\/08\/MG_0466.jpg\" alt=\"_MG_0466\" width=\"800\" height=\"450\" srcset=\"https:\/\/jblanz.de\/WP\/wp-content\/uploads\/2016\/08\/MG_0466.jpg 800w, https:\/\/jblanz.de\/WP\/wp-content\/uploads\/2016\/08\/MG_0466-300x169.jpg 300w, https:\/\/jblanz.de\/WP\/wp-content\/uploads\/2016\/08\/MG_0466-768x432.jpg 768w\" sizes=\"auto, (max-width: 800px) 100vw, 800px\" \/><\/p>\n<p><img loading=\"lazy\" decoding=\"async\" class=\"aligncenter wp-image-706 size-full\" src=\"https:\/\/jblanz.de\/WP\/wp-content\/uploads\/2016\/08\/MG_0463.jpg\" alt=\"_MG_0463\" width=\"800\" height=\"450\" srcset=\"https:\/\/jblanz.de\/WP\/wp-content\/uploads\/2016\/08\/MG_0463.jpg 800w, https:\/\/jblanz.de\/WP\/wp-content\/uploads\/2016\/08\/MG_0463-300x169.jpg 300w, https:\/\/jblanz.de\/WP\/wp-content\/uploads\/2016\/08\/MG_0463-768x432.jpg 768w\" sizes=\"auto, (max-width: 800px) 100vw, 800px\" \/><\/p>\n<p>On the road kam Karin der Gedanke, dass sie mal Kokosnuss essen wollte. Nicht die King Coconut nat\u00fcrlich, sondern das Innere einer Kokosnuss, wie man sie bei uns bekommt. Wir hielten an, Christi versuchte zu erkl\u00e4ren, was wir wollten. Erst ungl\u00e4ubige Blicke, dann ging der Verk\u00e4ufer unter das Haus und zauberte genau die Art von brauner Kokosnuss hervor, die Karin wollte. Das \u00d6ffnen gestaltete sich etwas schwieriger, die Leute hatten mit dieser Art von Kokosnuss einfach keine Erfahrung.<br \/>\nKarin bekam was sie wollte, wir tranken Kokosnuss-Wasser und verspeisten das glibberige Innere, das gut schmeckt und s\u00e4ttigt.<\/p>\n<p>Nach der Besichtigung ging es weiter zum einem buddhistischen H\u00f6hlenkloster namens Aluvihara, der eigentlich nicht so viel zu bieten hatte, ausser eine H\u00f6hle, in der Szenen von k\u00f6rperlicher Bestrafung zu sehen waren, die von Hautabziehen \u00fcber Pf\u00e4hlen, Ertr\u00e4nken, Beine abhacken usw. Bestrafungen f\u00fcr verschiedene Vergehen erkl\u00e4rten.<\/p>\n<p><img loading=\"lazy\" decoding=\"async\" class=\"alignnone wp-image-709 size-full\" src=\"https:\/\/jblanz.de\/WP\/wp-content\/uploads\/2016\/08\/MG_0477.jpg\" alt=\"_MG_0477\" width=\"800\" height=\"450\" srcset=\"https:\/\/jblanz.de\/WP\/wp-content\/uploads\/2016\/08\/MG_0477.jpg 800w, https:\/\/jblanz.de\/WP\/wp-content\/uploads\/2016\/08\/MG_0477-300x169.jpg 300w, https:\/\/jblanz.de\/WP\/wp-content\/uploads\/2016\/08\/MG_0477-768x432.jpg 768w\" sizes=\"auto, (max-width: 800px) 100vw, 800px\" \/><\/p>\n<p><img loading=\"lazy\" decoding=\"async\" class=\"aligncenter wp-image-710 size-full\" src=\"https:\/\/jblanz.de\/WP\/wp-content\/uploads\/2016\/08\/MG_0480.jpg\" alt=\"_MG_0480\" width=\"800\" height=\"450\" srcset=\"https:\/\/jblanz.de\/WP\/wp-content\/uploads\/2016\/08\/MG_0480.jpg 800w, https:\/\/jblanz.de\/WP\/wp-content\/uploads\/2016\/08\/MG_0480-300x169.jpg 300w, https:\/\/jblanz.de\/WP\/wp-content\/uploads\/2016\/08\/MG_0480-768x432.jpg 768w\" sizes=\"auto, (max-width: 800px) 100vw, 800px\" \/><\/p>\n<figure id=\"attachment_712\" aria-describedby=\"caption-attachment-712\" style=\"width: 800px\" class=\"wp-caption aligncenter\"><img loading=\"lazy\" decoding=\"async\" class=\"wp-image-712 size-full\" src=\"https:\/\/jblanz.de\/WP\/wp-content\/uploads\/2016\/08\/MG_0478.jpg\" alt=\"_MG_0478\" width=\"800\" height=\"450\" srcset=\"https:\/\/jblanz.de\/WP\/wp-content\/uploads\/2016\/08\/MG_0478.jpg 800w, https:\/\/jblanz.de\/WP\/wp-content\/uploads\/2016\/08\/MG_0478-300x169.jpg 300w, https:\/\/jblanz.de\/WP\/wp-content\/uploads\/2016\/08\/MG_0478-768x432.jpg 768w\" sizes=\"auto, (max-width: 800px) 100vw, 800px\" \/><figcaption id=\"caption-attachment-712\" class=\"wp-caption-text\">In den Monolithen eingeschlagene Dreiecke zum Abstellen von Kerzen<\/figcaption><\/figure>\n<p><img loading=\"lazy\" decoding=\"async\" class=\"aligncenter wp-image-711 size-full\" src=\"https:\/\/jblanz.de\/WP\/wp-content\/uploads\/2016\/08\/MG_0491.jpg\" alt=\"_MG_0491\" width=\"800\" height=\"450\" srcset=\"https:\/\/jblanz.de\/WP\/wp-content\/uploads\/2016\/08\/MG_0491.jpg 800w, https:\/\/jblanz.de\/WP\/wp-content\/uploads\/2016\/08\/MG_0491-300x169.jpg 300w, https:\/\/jblanz.de\/WP\/wp-content\/uploads\/2016\/08\/MG_0491-768x432.jpg 768w\" sizes=\"auto, (max-width: 800px) 100vw, 800px\" \/><\/p>\n<p>Die Hauptattraktion war jedoch ein Museum, in dem der Pali-Kanon (die urspr\u00fcngliche Lehre Buddhas, so eine Art Bibel) nach \u00fcber 400 Jahren m\u00fcndlicher \u00dcberlieferung zum ersten Mal schriftlich niedergelegt wurde (ca 100 Jahre vor Christus !!). Die Texte wurden auf Ola-Bl\u00e4tter, einem Art Papier aus Palmbl\u00e4ttern, eingeritzt und mit einer Rizinus\u00f6l\/Holzkohle-Mischung sichtbar gemacht. Nach dem S\u00e4ubern des Blattes mit etwas Kreide wird alles lesbar und wird es \u00fcber Hunderte von Jahren bleiben. Wir unterhielten uns mit dem Museumsbetreiber und so kam es, dass er f\u00fcr uns eine solches Ola-Blatt beschrieb, das wir nun an unsere Kinder vererben m\u00fcssen, damit sie oder unsere Enkel irgendwann feststellen, wie lange die Schrift lesbar bleibt.<\/p>\n<p><img loading=\"lazy\" decoding=\"async\" class=\"aligncenter wp-image-715 size-full\" src=\"https:\/\/jblanz.de\/WP\/wp-content\/uploads\/2016\/08\/MG_0511.jpg\" alt=\"_MG_0511\" width=\"800\" height=\"450\" srcset=\"https:\/\/jblanz.de\/WP\/wp-content\/uploads\/2016\/08\/MG_0511.jpg 800w, https:\/\/jblanz.de\/WP\/wp-content\/uploads\/2016\/08\/MG_0511-300x169.jpg 300w, https:\/\/jblanz.de\/WP\/wp-content\/uploads\/2016\/08\/MG_0511-768x432.jpg 768w\" sizes=\"auto, (max-width: 800px) 100vw, 800px\" \/><\/p>\n<p><img loading=\"lazy\" decoding=\"async\" class=\"aligncenter wp-image-714 size-full\" src=\"https:\/\/jblanz.de\/WP\/wp-content\/uploads\/2016\/08\/MG_0508.jpg\" alt=\"_MG_0508\" width=\"800\" height=\"450\" srcset=\"https:\/\/jblanz.de\/WP\/wp-content\/uploads\/2016\/08\/MG_0508.jpg 800w, https:\/\/jblanz.de\/WP\/wp-content\/uploads\/2016\/08\/MG_0508-300x169.jpg 300w, https:\/\/jblanz.de\/WP\/wp-content\/uploads\/2016\/08\/MG_0508-768x432.jpg 768w\" sizes=\"auto, (max-width: 800px) 100vw, 800px\" \/><\/p>\n<p>Leider wurden die meisten der Originale durch die Briten zerst\u00f6rt, aber von 1981 bis 1991 haben M\u00f6nche den gesamten Pali-Kanon wieder auf Ola-Bl\u00e4tter geschrieben. 9 464 000 Zeichen auf 10360 Bl\u00e4tter (66 mal 7.7 cm gro\u00df). Sie liegen nun nahezu ungesch\u00fctzt in einer Glasvitrine in diesem Museum. Der W\u00e4rter fand, dass die B\u00fccher gut gesch\u00fctzt w\u00e4ren, aber es braucht nur einen gro\u00dfen Hammer, um all die Arbeit zu zerst\u00f6ren.<\/p>\n<p>Auf dem H\u00fcgel fand sich noch eine gro\u00dfe Glocke, dessen Holzst\u00f6\u00dfel mit einer Kette gesichert war. Wir fanden, dass wir den Klang der Glocke einfach h\u00f6ren mussten. Genaues anschauen der Kette zeigte, dass die Kette eigentlich offen war und so erklang die Glocke an diesem speziellen Tag unseres Besuchs gleich mehrmals. Kaum ausgeklungen, kamen die M\u00f6nche angerannt und sicherten den Glockenst\u00f6\u00dfel abermals, wieder so dilettantisch, dass hoffentlich sp\u00e4tere Besucher die Glocke ebenfalls zum erklingen bringen werden.<\/p>\n<p>Weiter ging die Reise zu den H\u00f6hlentempeln von Dambulla. Dieses UNESCO Weltkulturerbe blickt auf eine 2000j\u00e4hrige Geschichte zur\u00fcck. Am Fuss des Aufstiegs wurde eine 33 m hohe goldene Buddha-Statue errichtet. Soll die gr\u00f6\u00dfte der Welt sein, naja. Sorry, ist eigentlich eher eine Verschandelung der Gegend.<br \/>\nDann geht es 120 Stufen hoch zu den H\u00f6hlentempeln. Das ganze liegt auf riesigen Basaltfelsen, die in dieser Gegend eine geologische Besonderheit sind. Wir k\u00f6nnen uns sehr gut vorstellen, dass diese Felsformationen mystische Gedanken hervorgerufen haben. Auf dem Basaltfelsen wurden dann 5 H\u00f6hlen mit Buddha-Statuen gef\u00fcllt. Die Decken und W\u00e4nde wurden bemalt, um die Geschichte rund um Buddha zu berichten. Die H\u00f6hlen sind es wirklich wert besucht zuwenden. Es ist sehr schwierig diese Tempel zu beschreiben, schaut euch die Bilder an.<\/p>\n<p><img loading=\"lazy\" decoding=\"async\" class=\"aligncenter wp-image-717 size-full\" src=\"https:\/\/jblanz.de\/WP\/wp-content\/uploads\/2016\/08\/MG_0535.jpg\" alt=\"_MG_0535\" width=\"800\" height=\"450\" srcset=\"https:\/\/jblanz.de\/WP\/wp-content\/uploads\/2016\/08\/MG_0535.jpg 800w, https:\/\/jblanz.de\/WP\/wp-content\/uploads\/2016\/08\/MG_0535-300x169.jpg 300w, https:\/\/jblanz.de\/WP\/wp-content\/uploads\/2016\/08\/MG_0535-768x432.jpg 768w\" sizes=\"auto, (max-width: 800px) 100vw, 800px\" \/><\/p>\n<p><img loading=\"lazy\" decoding=\"async\" class=\"aligncenter wp-image-718 size-full\" src=\"https:\/\/jblanz.de\/WP\/wp-content\/uploads\/2016\/08\/MG_0545.jpg\" alt=\"_MG_0545\" width=\"800\" height=\"450\" srcset=\"https:\/\/jblanz.de\/WP\/wp-content\/uploads\/2016\/08\/MG_0545.jpg 800w, https:\/\/jblanz.de\/WP\/wp-content\/uploads\/2016\/08\/MG_0545-300x169.jpg 300w, https:\/\/jblanz.de\/WP\/wp-content\/uploads\/2016\/08\/MG_0545-768x432.jpg 768w\" sizes=\"auto, (max-width: 800px) 100vw, 800px\" \/><\/p>\n<p><img loading=\"lazy\" decoding=\"async\" class=\"aligncenter wp-image-716 size-full\" src=\"https:\/\/jblanz.de\/WP\/wp-content\/uploads\/2016\/08\/MG_0530-Pano.jpg\" alt=\"_MG_0530-Pano\" width=\"800\" height=\"415\" srcset=\"https:\/\/jblanz.de\/WP\/wp-content\/uploads\/2016\/08\/MG_0530-Pano.jpg 800w, https:\/\/jblanz.de\/WP\/wp-content\/uploads\/2016\/08\/MG_0530-Pano-300x156.jpg 300w, https:\/\/jblanz.de\/WP\/wp-content\/uploads\/2016\/08\/MG_0530-Pano-768x398.jpg 768w\" sizes=\"auto, (max-width: 800px) 100vw, 800px\" \/><\/p>\n<p>Auf dem Weg zur\u00fcck verkaufen Frauen Mango-Schnitze. Die Makkaken-Affen, die den Weg s\u00e4umen, wissen Bescheid und greifen Kinder an, um sie zum Wegwerfen der Mangoschnitze zu zwingen. Oft sind sie erfolgreich. Wer sich wehrt wird mit gefleschten Z\u00e4hnen bedacht. Den meisten Leuten reicht diese Droh-Geste, um Respekt zu bekommen.<\/p>\n<p>1-2 km weiter kommt die Abzweigung zum Resort \u201eNice Place\u201c, das unsere Unterkunft f\u00fcr die n\u00e4chsten Tage sein wird. Tolles Zimmer mit Balkon und Blick auf Sigiriya. Sch\u00f6ner Swimming pool, hier bleiben wir jetzt ein paar Tage. Ihr seht richtig, hier l\u00e4uft ein Pony rum. Morgens steht es hinter dem Koch und bettelt.<\/p>\n<p><img loading=\"lazy\" decoding=\"async\" class=\"aligncenter wp-image-719 size-full\" src=\"https:\/\/jblanz.de\/WP\/wp-content\/uploads\/2016\/08\/MG_0697.jpg\" alt=\"_MG_0697\" width=\"800\" height=\"450\" srcset=\"https:\/\/jblanz.de\/WP\/wp-content\/uploads\/2016\/08\/MG_0697.jpg 800w, https:\/\/jblanz.de\/WP\/wp-content\/uploads\/2016\/08\/MG_0697-300x169.jpg 300w, https:\/\/jblanz.de\/WP\/wp-content\/uploads\/2016\/08\/MG_0697-768x432.jpg 768w\" sizes=\"auto, (max-width: 800px) 100vw, 800px\" \/><\/p>\n","protected":false},"excerpt":{"rendered":"<p>Heute morgen um 9 Uhr ging es weiter Richtung Dambulla, das 72 km von Kandy entfernt liegt. Unterwegs in Matale<\/p>\n","protected":false},"author":1,"featured_media":704,"comment_status":"open","ping_status":"open","sticky":false,"template":"","format":"standard","meta":{"colormag_page_container_layout":"default_layout","colormag_page_sidebar_layout":"default_layout","_monsterinsights_skip_tracking":false,"_monsterinsights_sitenote_active":false,"_monsterinsights_sitenote_note":"","_monsterinsights_sitenote_category":0,"footnotes":""},"categories":[88,28,87],"tags":[95,97,96],"class_list":["post-654","post","type-post","status-publish","format-standard","has-post-thumbnail","hentry","category-88","category-asien","category-srilanka","tag-dambulla","tag-felsenkloster","tag-felsentempel"],"yoast_head":"<!-- This site is optimized with the Yoast SEO plugin v27.4 - https:\/\/yoast.com\/product\/yoast-seo-wordpress\/ -->\n<title>Fahrt nach Dambulla - Reiseblog von Karin &amp; Joachim<\/title>\n<meta name=\"robots\" content=\"index, follow, max-snippet:-1, max-image-preview:large, max-video-preview:-1\" \/>\n<link rel=\"canonical\" href=\"https:\/\/jblanz.de\/WP\/fahrt-dambulla\/\" \/>\n<meta property=\"og:locale\" content=\"de_DE\" \/>\n<meta property=\"og:type\" content=\"article\" \/>\n<meta property=\"og:title\" content=\"Fahrt nach Dambulla - Reiseblog von Karin &amp; Joachim\" \/>\n<meta property=\"og:description\" content=\"Heute morgen um 9 Uhr ging es weiter Richtung Dambulla, das 72 km von Kandy entfernt liegt. Unterwegs in Matale\" \/>\n<meta property=\"og:url\" content=\"https:\/\/jblanz.de\/WP\/fahrt-dambulla\/\" \/>\n<meta property=\"og:site_name\" content=\"Reiseblog von Karin &amp; Joachim\" \/>\n<meta property=\"article:published_time\" content=\"2016-08-11T16:00:53+00:00\" \/>\n<meta property=\"article:modified_time\" content=\"2016-08-13T10:12:50+00:00\" \/>\n<meta property=\"og:image\" content=\"https:\/\/jblanz.de\/WP\/wp-content\/uploads\/2016\/08\/MG_0464.jpg\" \/>\n\t<meta property=\"og:image:width\" content=\"800\" \/>\n\t<meta property=\"og:image:height\" content=\"450\" \/>\n\t<meta property=\"og:image:type\" content=\"image\/jpeg\" \/>\n<meta name=\"author\" content=\"Achim\" \/>\n<meta name=\"twitter:card\" content=\"summary_large_image\" \/>\n<meta name=\"twitter:label1\" content=\"Verfasst von\" \/>\n\t<meta name=\"twitter:data1\" content=\"Achim\" \/>\n\t<meta name=\"twitter:label2\" content=\"Gesch\u00e4tzte Lesezeit\" \/>\n\t<meta name=\"twitter:data2\" content=\"4\u00a0Minuten\" \/>\n<script type=\"application\/ld+json\" class=\"yoast-schema-graph\">{\"@context\":\"https:\\\/\\\/schema.org\",\"@graph\":[{\"@type\":\"Article\",\"@id\":\"https:\\\/\\\/jblanz.de\\\/WP\\\/fahrt-dambulla\\\/#article\",\"isPartOf\":{\"@id\":\"https:\\\/\\\/jblanz.de\\\/WP\\\/fahrt-dambulla\\\/\"},\"author\":{\"name\":\"Achim\",\"@id\":\"https:\\\/\\\/jblanz.de\\\/WP\\\/#\\\/schema\\\/person\\\/17a70f07162e42bc0b181c22397286e0\"},\"headline\":\"Fahrt nach Dambulla\",\"datePublished\":\"2016-08-11T16:00:53+00:00\",\"dateModified\":\"2016-08-13T10:12:50+00:00\",\"mainEntityOfPage\":{\"@id\":\"https:\\\/\\\/jblanz.de\\\/WP\\\/fahrt-dambulla\\\/\"},\"wordCount\":789,\"commentCount\":0,\"publisher\":{\"@id\":\"https:\\\/\\\/jblanz.de\\\/WP\\\/#\\\/schema\\\/person\\\/17a70f07162e42bc0b181c22397286e0\"},\"image\":{\"@id\":\"https:\\\/\\\/jblanz.de\\\/WP\\\/fahrt-dambulla\\\/#primaryimage\"},\"thumbnailUrl\":\"https:\\\/\\\/jblanz.de\\\/WP\\\/wp-content\\\/uploads\\\/2016\\\/08\\\/MG_0464.jpg\",\"keywords\":[\"Dambulla\",\"Felsenkloster\",\"Felsentempel\"],\"articleSection\":[\"2016\",\"Asien\",\"SriLanka\"],\"inLanguage\":\"de\",\"potentialAction\":[{\"@type\":\"CommentAction\",\"name\":\"Comment\",\"target\":[\"https:\\\/\\\/jblanz.de\\\/WP\\\/fahrt-dambulla\\\/#respond\"]}]},{\"@type\":\"WebPage\",\"@id\":\"https:\\\/\\\/jblanz.de\\\/WP\\\/fahrt-dambulla\\\/\",\"url\":\"https:\\\/\\\/jblanz.de\\\/WP\\\/fahrt-dambulla\\\/\",\"name\":\"Fahrt nach Dambulla - Reiseblog von Karin &amp; Joachim\",\"isPartOf\":{\"@id\":\"https:\\\/\\\/jblanz.de\\\/WP\\\/#website\"},\"primaryImageOfPage\":{\"@id\":\"https:\\\/\\\/jblanz.de\\\/WP\\\/fahrt-dambulla\\\/#primaryimage\"},\"image\":{\"@id\":\"https:\\\/\\\/jblanz.de\\\/WP\\\/fahrt-dambulla\\\/#primaryimage\"},\"thumbnailUrl\":\"https:\\\/\\\/jblanz.de\\\/WP\\\/wp-content\\\/uploads\\\/2016\\\/08\\\/MG_0464.jpg\",\"datePublished\":\"2016-08-11T16:00:53+00:00\",\"dateModified\":\"2016-08-13T10:12:50+00:00\",\"breadcrumb\":{\"@id\":\"https:\\\/\\\/jblanz.de\\\/WP\\\/fahrt-dambulla\\\/#breadcrumb\"},\"inLanguage\":\"de\",\"potentialAction\":[{\"@type\":\"ReadAction\",\"target\":[\"https:\\\/\\\/jblanz.de\\\/WP\\\/fahrt-dambulla\\\/\"]}]},{\"@type\":\"ImageObject\",\"inLanguage\":\"de\",\"@id\":\"https:\\\/\\\/jblanz.de\\\/WP\\\/fahrt-dambulla\\\/#primaryimage\",\"url\":\"https:\\\/\\\/jblanz.de\\\/WP\\\/wp-content\\\/uploads\\\/2016\\\/08\\\/MG_0464.jpg\",\"contentUrl\":\"https:\\\/\\\/jblanz.de\\\/WP\\\/wp-content\\\/uploads\\\/2016\\\/08\\\/MG_0464.jpg\",\"width\":800,\"height\":450},{\"@type\":\"BreadcrumbList\",\"@id\":\"https:\\\/\\\/jblanz.de\\\/WP\\\/fahrt-dambulla\\\/#breadcrumb\",\"itemListElement\":[{\"@type\":\"ListItem\",\"position\":1,\"name\":\"Startseite\",\"item\":\"https:\\\/\\\/jblanz.de\\\/WP\\\/\"},{\"@type\":\"ListItem\",\"position\":2,\"name\":\"Fahrt nach Dambulla\"}]},{\"@type\":\"WebSite\",\"@id\":\"https:\\\/\\\/jblanz.de\\\/WP\\\/#website\",\"url\":\"https:\\\/\\\/jblanz.de\\\/WP\\\/\",\"name\":\"Reiseblog von Karin & Joachim\",\"description\":\"Wir schreiben den Blog f\u00fcr uns als Erinnerung - f\u00fcr euch als Inspiration\",\"publisher\":{\"@id\":\"https:\\\/\\\/jblanz.de\\\/WP\\\/#\\\/schema\\\/person\\\/17a70f07162e42bc0b181c22397286e0\"},\"potentialAction\":[{\"@type\":\"SearchAction\",\"target\":{\"@type\":\"EntryPoint\",\"urlTemplate\":\"https:\\\/\\\/jblanz.de\\\/WP\\\/?s={search_term_string}\"},\"query-input\":{\"@type\":\"PropertyValueSpecification\",\"valueRequired\":true,\"valueName\":\"search_term_string\"}}],\"inLanguage\":\"de\"},{\"@type\":[\"Person\",\"Organization\"],\"@id\":\"https:\\\/\\\/jblanz.de\\\/WP\\\/#\\\/schema\\\/person\\\/17a70f07162e42bc0b181c22397286e0\",\"name\":\"Achim\",\"image\":{\"@type\":\"ImageObject\",\"inLanguage\":\"de\",\"@id\":\"https:\\\/\\\/secure.gravatar.com\\\/avatar\\\/b7ab31bc55956af4a9bebf7fd034761212b11b803b7e39464914d6abeefb12f3?s=96&d=mm&r=g\",\"url\":\"https:\\\/\\\/secure.gravatar.com\\\/avatar\\\/b7ab31bc55956af4a9bebf7fd034761212b11b803b7e39464914d6abeefb12f3?s=96&d=mm&r=g\",\"contentUrl\":\"https:\\\/\\\/secure.gravatar.com\\\/avatar\\\/b7ab31bc55956af4a9bebf7fd034761212b11b803b7e39464914d6abeefb12f3?s=96&d=mm&r=g\",\"caption\":\"Achim\"},\"logo\":{\"@id\":\"https:\\\/\\\/secure.gravatar.com\\\/avatar\\\/b7ab31bc55956af4a9bebf7fd034761212b11b803b7e39464914d6abeefb12f3?s=96&d=mm&r=g\"},\"url\":\"https:\\\/\\\/jblanz.de\\\/WP\\\/author\\\/achim\\\/\"}]}<\/script>\n<!-- \/ Yoast SEO plugin. -->","yoast_head_json":{"title":"Fahrt nach Dambulla - Reiseblog von Karin &amp; Joachim","robots":{"index":"index","follow":"follow","max-snippet":"max-snippet:-1","max-image-preview":"max-image-preview:large","max-video-preview":"max-video-preview:-1"},"canonical":"https:\/\/jblanz.de\/WP\/fahrt-dambulla\/","og_locale":"de_DE","og_type":"article","og_title":"Fahrt nach Dambulla - Reiseblog von Karin &amp; Joachim","og_description":"Heute morgen um 9 Uhr ging es weiter Richtung Dambulla, das 72 km von Kandy entfernt liegt. Unterwegs in Matale","og_url":"https:\/\/jblanz.de\/WP\/fahrt-dambulla\/","og_site_name":"Reiseblog von Karin &amp; Joachim","article_published_time":"2016-08-11T16:00:53+00:00","article_modified_time":"2016-08-13T10:12:50+00:00","og_image":[{"width":800,"height":450,"url":"https:\/\/jblanz.de\/WP\/wp-content\/uploads\/2016\/08\/MG_0464.jpg","type":"image\/jpeg"}],"author":"Achim","twitter_card":"summary_large_image","twitter_misc":{"Verfasst von":"Achim","Gesch\u00e4tzte Lesezeit":"4\u00a0Minuten"},"schema":{"@context":"https:\/\/schema.org","@graph":[{"@type":"Article","@id":"https:\/\/jblanz.de\/WP\/fahrt-dambulla\/#article","isPartOf":{"@id":"https:\/\/jblanz.de\/WP\/fahrt-dambulla\/"},"author":{"name":"Achim","@id":"https:\/\/jblanz.de\/WP\/#\/schema\/person\/17a70f07162e42bc0b181c22397286e0"},"headline":"Fahrt nach Dambulla","datePublished":"2016-08-11T16:00:53+00:00","dateModified":"2016-08-13T10:12:50+00:00","mainEntityOfPage":{"@id":"https:\/\/jblanz.de\/WP\/fahrt-dambulla\/"},"wordCount":789,"commentCount":0,"publisher":{"@id":"https:\/\/jblanz.de\/WP\/#\/schema\/person\/17a70f07162e42bc0b181c22397286e0"},"image":{"@id":"https:\/\/jblanz.de\/WP\/fahrt-dambulla\/#primaryimage"},"thumbnailUrl":"https:\/\/jblanz.de\/WP\/wp-content\/uploads\/2016\/08\/MG_0464.jpg","keywords":["Dambulla","Felsenkloster","Felsentempel"],"articleSection":["2016","Asien","SriLanka"],"inLanguage":"de","potentialAction":[{"@type":"CommentAction","name":"Comment","target":["https:\/\/jblanz.de\/WP\/fahrt-dambulla\/#respond"]}]},{"@type":"WebPage","@id":"https:\/\/jblanz.de\/WP\/fahrt-dambulla\/","url":"https:\/\/jblanz.de\/WP\/fahrt-dambulla\/","name":"Fahrt nach Dambulla - Reiseblog von Karin &amp; Joachim","isPartOf":{"@id":"https:\/\/jblanz.de\/WP\/#website"},"primaryImageOfPage":{"@id":"https:\/\/jblanz.de\/WP\/fahrt-dambulla\/#primaryimage"},"image":{"@id":"https:\/\/jblanz.de\/WP\/fahrt-dambulla\/#primaryimage"},"thumbnailUrl":"https:\/\/jblanz.de\/WP\/wp-content\/uploads\/2016\/08\/MG_0464.jpg","datePublished":"2016-08-11T16:00:53+00:00","dateModified":"2016-08-13T10:12:50+00:00","breadcrumb":{"@id":"https:\/\/jblanz.de\/WP\/fahrt-dambulla\/#breadcrumb"},"inLanguage":"de","potentialAction":[{"@type":"ReadAction","target":["https:\/\/jblanz.de\/WP\/fahrt-dambulla\/"]}]},{"@type":"ImageObject","inLanguage":"de","@id":"https:\/\/jblanz.de\/WP\/fahrt-dambulla\/#primaryimage","url":"https:\/\/jblanz.de\/WP\/wp-content\/uploads\/2016\/08\/MG_0464.jpg","contentUrl":"https:\/\/jblanz.de\/WP\/wp-content\/uploads\/2016\/08\/MG_0464.jpg","width":800,"height":450},{"@type":"BreadcrumbList","@id":"https:\/\/jblanz.de\/WP\/fahrt-dambulla\/#breadcrumb","itemListElement":[{"@type":"ListItem","position":1,"name":"Startseite","item":"https:\/\/jblanz.de\/WP\/"},{"@type":"ListItem","position":2,"name":"Fahrt nach Dambulla"}]},{"@type":"WebSite","@id":"https:\/\/jblanz.de\/WP\/#website","url":"https:\/\/jblanz.de\/WP\/","name":"Reiseblog von Karin & Joachim","description":"Wir schreiben den Blog f\u00fcr uns als Erinnerung - f\u00fcr euch als Inspiration","publisher":{"@id":"https:\/\/jblanz.de\/WP\/#\/schema\/person\/17a70f07162e42bc0b181c22397286e0"},"potentialAction":[{"@type":"SearchAction","target":{"@type":"EntryPoint","urlTemplate":"https:\/\/jblanz.de\/WP\/?s={search_term_string}"},"query-input":{"@type":"PropertyValueSpecification","valueRequired":true,"valueName":"search_term_string"}}],"inLanguage":"de"},{"@type":["Person","Organization"],"@id":"https:\/\/jblanz.de\/WP\/#\/schema\/person\/17a70f07162e42bc0b181c22397286e0","name":"Achim","image":{"@type":"ImageObject","inLanguage":"de","@id":"https:\/\/secure.gravatar.com\/avatar\/b7ab31bc55956af4a9bebf7fd034761212b11b803b7e39464914d6abeefb12f3?s=96&d=mm&r=g","url":"https:\/\/secure.gravatar.com\/avatar\/b7ab31bc55956af4a9bebf7fd034761212b11b803b7e39464914d6abeefb12f3?s=96&d=mm&r=g","contentUrl":"https:\/\/secure.gravatar.com\/avatar\/b7ab31bc55956af4a9bebf7fd034761212b11b803b7e39464914d6abeefb12f3?s=96&d=mm&r=g","caption":"Achim"},"logo":{"@id":"https:\/\/secure.gravatar.com\/avatar\/b7ab31bc55956af4a9bebf7fd034761212b11b803b7e39464914d6abeefb12f3?s=96&d=mm&r=g"},"url":"https:\/\/jblanz.de\/WP\/author\/achim\/"}]}},"_links":{"self":[{"href":"https:\/\/jblanz.de\/WP\/wp-json\/wp\/v2\/posts\/654","targetHints":{"allow":["GET"]}}],"collection":[{"href":"https:\/\/jblanz.de\/WP\/wp-json\/wp\/v2\/posts"}],"about":[{"href":"https:\/\/jblanz.de\/WP\/wp-json\/wp\/v2\/types\/post"}],"author":[{"embeddable":true,"href":"https:\/\/jblanz.de\/WP\/wp-json\/wp\/v2\/users\/1"}],"replies":[{"embeddable":true,"href":"https:\/\/jblanz.de\/WP\/wp-json\/wp\/v2\/comments?post=654"}],"version-history":[{"count":0,"href":"https:\/\/jblanz.de\/WP\/wp-json\/wp\/v2\/posts\/654\/revisions"}],"wp:featuredmedia":[{"embeddable":true,"href":"https:\/\/jblanz.de\/WP\/wp-json\/wp\/v2\/media\/704"}],"wp:attachment":[{"href":"https:\/\/jblanz.de\/WP\/wp-json\/wp\/v2\/media?parent=654"}],"wp:term":[{"taxonomy":"category","embeddable":true,"href":"https:\/\/jblanz.de\/WP\/wp-json\/wp\/v2\/categories?post=654"},{"taxonomy":"post_tag","embeddable":true,"href":"https:\/\/jblanz.de\/WP\/wp-json\/wp\/v2\/tags?post=654"}],"curies":[{"name":"wp","href":"https:\/\/api.w.org\/{rel}","templated":true}]}}