{"id":9542,"date":"2008-08-23T19:11:00","date_gmt":"2008-08-23T17:11:00","guid":{"rendered":"http:\/\/jblanz.de\/WP\/?p=9542"},"modified":"2021-03-14T18:39:26","modified_gmt":"2021-03-14T17:39:26","slug":"23-august-2008-tauchen-rund-um-bunaken","status":"publish","type":"post","link":"https:\/\/jblanz.de\/WP\/23-august-2008-tauchen-rund-um-bunaken\/","title":{"rendered":"23. August 2008 &#8211; Tauchen rund um Bunaken"},"content":{"rendered":"\n<p>Am Morgen nahmen wir ein Taxi, das uns zum Hafen in Manado brachte. Dort erwartete uns Ferdinandi Nuij, mit dem ich im Vorfeld etliche Emails gewechselt hatte und der unseren Aufenthalt auf Bunaken organisiert hatte. Auf Ferdinand wurde ich aufmerksam \u00fcber eine Webseite von Klaus (www.bunaken-klaus.com). Im Hafen wartete bereits ein kleines Boot auf uns und brachte uns nach Bunaken. Wir hatten in Daniel&#8217;s Homestay eine Woche Tauchen gebucht. Die Insel Bunaken liegt 3 km vom Festland entfernt, die \u00dcberfahrt dauerte ca 45 Minuten, das Meer zwischen Festland und Bunaken ist mehr als 1800 m tief. Zum Gl\u00fcck war das Wetter sehr gut und wir hatten eine problemlose \u00dcberfahrt mit sch\u00f6nem Blick auf das Festland mit seinen Vulkanen. Wir bezogen einen Bungalow mit Aussendusche aber ohne Air Condition.<\/p>\n\n\n\n<figure class=\"wp-block-gallery columns-2 is-cropped wp-block-gallery-2 is-layout-flex wp-block-gallery-is-layout-flex\"><ul class=\"blocks-gallery-grid\"><li class=\"blocks-gallery-item\"><figure><img loading=\"lazy\" decoding=\"async\" width=\"800\" height=\"450\" src=\"https:\/\/jblanz.de\/WP\/wp-content\/uploads\/2021\/03\/Bunaken_0003.jpg\" alt=\"\" data-id=\"9544\" data-full-url=\"https:\/\/jblanz.de\/WP\/wp-content\/uploads\/2021\/03\/Bunaken_0003.jpg\" data-link=\"https:\/\/jblanz.de\/WP\/23-august-2008-tauchen-rund-um-bunaken\/bunaken_0003\/\" class=\"wp-image-9544\" srcset=\"https:\/\/jblanz.de\/WP\/wp-content\/uploads\/2021\/03\/Bunaken_0003.jpg 800w, https:\/\/jblanz.de\/WP\/wp-content\/uploads\/2021\/03\/Bunaken_0003-300x169.jpg 300w, https:\/\/jblanz.de\/WP\/wp-content\/uploads\/2021\/03\/Bunaken_0003-768x432.jpg 768w\" sizes=\"auto, (max-width: 800px) 100vw, 800px\" \/><\/figure><\/li><li class=\"blocks-gallery-item\"><figure><img loading=\"lazy\" decoding=\"async\" width=\"800\" height=\"450\" src=\"https:\/\/jblanz.de\/WP\/wp-content\/uploads\/2021\/03\/Bunaken_0002.jpg\" alt=\"\" data-id=\"9545\" data-full-url=\"https:\/\/jblanz.de\/WP\/wp-content\/uploads\/2021\/03\/Bunaken_0002.jpg\" data-link=\"https:\/\/jblanz.de\/WP\/23-august-2008-tauchen-rund-um-bunaken\/bunaken_0002\/\" class=\"wp-image-9545\" srcset=\"https:\/\/jblanz.de\/WP\/wp-content\/uploads\/2021\/03\/Bunaken_0002.jpg 800w, https:\/\/jblanz.de\/WP\/wp-content\/uploads\/2021\/03\/Bunaken_0002-300x169.jpg 300w, https:\/\/jblanz.de\/WP\/wp-content\/uploads\/2021\/03\/Bunaken_0002-768x432.jpg 768w\" sizes=\"auto, (max-width: 800px) 100vw, 800px\" \/><\/figure><\/li><li class=\"blocks-gallery-item\"><figure><img loading=\"lazy\" decoding=\"async\" width=\"800\" height=\"450\" src=\"https:\/\/jblanz.de\/WP\/wp-content\/uploads\/2021\/03\/Bunaken_0005.jpg\" alt=\"\" data-id=\"9546\" data-full-url=\"https:\/\/jblanz.de\/WP\/wp-content\/uploads\/2021\/03\/Bunaken_0005.jpg\" data-link=\"https:\/\/jblanz.de\/WP\/23-august-2008-tauchen-rund-um-bunaken\/bunaken_0005\/\" class=\"wp-image-9546\" srcset=\"https:\/\/jblanz.de\/WP\/wp-content\/uploads\/2021\/03\/Bunaken_0005.jpg 800w, https:\/\/jblanz.de\/WP\/wp-content\/uploads\/2021\/03\/Bunaken_0005-300x169.jpg 300w, https:\/\/jblanz.de\/WP\/wp-content\/uploads\/2021\/03\/Bunaken_0005-768x432.jpg 768w\" sizes=\"auto, (max-width: 800px) 100vw, 800px\" \/><\/figure><\/li><li class=\"blocks-gallery-item\"><figure><img loading=\"lazy\" decoding=\"async\" width=\"800\" height=\"450\" src=\"https:\/\/jblanz.de\/WP\/wp-content\/uploads\/2021\/03\/Bunaken_0012.jpg\" alt=\"\" data-id=\"9547\" data-full-url=\"https:\/\/jblanz.de\/WP\/wp-content\/uploads\/2021\/03\/Bunaken_0012.jpg\" data-link=\"https:\/\/jblanz.de\/WP\/23-august-2008-tauchen-rund-um-bunaken\/bunaken_0012\/\" class=\"wp-image-9547\" srcset=\"https:\/\/jblanz.de\/WP\/wp-content\/uploads\/2021\/03\/Bunaken_0012.jpg 800w, https:\/\/jblanz.de\/WP\/wp-content\/uploads\/2021\/03\/Bunaken_0012-300x169.jpg 300w, https:\/\/jblanz.de\/WP\/wp-content\/uploads\/2021\/03\/Bunaken_0012-768x432.jpg 768w\" sizes=\"auto, (max-width: 800px) 100vw, 800px\" \/><\/figure><\/li><li class=\"blocks-gallery-item\"><figure><img loading=\"lazy\" decoding=\"async\" width=\"800\" height=\"450\" src=\"https:\/\/jblanz.de\/WP\/wp-content\/uploads\/2021\/03\/Bunaken_0009.jpg\" alt=\"\" data-id=\"9548\" data-full-url=\"https:\/\/jblanz.de\/WP\/wp-content\/uploads\/2021\/03\/Bunaken_0009.jpg\" data-link=\"https:\/\/jblanz.de\/WP\/23-august-2008-tauchen-rund-um-bunaken\/bunaken_0009\/\" class=\"wp-image-9548\" srcset=\"https:\/\/jblanz.de\/WP\/wp-content\/uploads\/2021\/03\/Bunaken_0009.jpg 800w, https:\/\/jblanz.de\/WP\/wp-content\/uploads\/2021\/03\/Bunaken_0009-300x169.jpg 300w, https:\/\/jblanz.de\/WP\/wp-content\/uploads\/2021\/03\/Bunaken_0009-768x432.jpg 768w\" sizes=\"auto, (max-width: 800px) 100vw, 800px\" \/><\/figure><\/li><li class=\"blocks-gallery-item\"><figure><img loading=\"lazy\" decoding=\"async\" width=\"800\" height=\"450\" src=\"https:\/\/jblanz.de\/WP\/wp-content\/uploads\/2021\/03\/Bunaken_0011.jpg\" alt=\"\" data-id=\"9549\" data-full-url=\"https:\/\/jblanz.de\/WP\/wp-content\/uploads\/2021\/03\/Bunaken_0011.jpg\" data-link=\"https:\/\/jblanz.de\/WP\/23-august-2008-tauchen-rund-um-bunaken\/bunaken_0011\/\" class=\"wp-image-9549\" srcset=\"https:\/\/jblanz.de\/WP\/wp-content\/uploads\/2021\/03\/Bunaken_0011.jpg 800w, https:\/\/jblanz.de\/WP\/wp-content\/uploads\/2021\/03\/Bunaken_0011-300x169.jpg 300w, https:\/\/jblanz.de\/WP\/wp-content\/uploads\/2021\/03\/Bunaken_0011-768x432.jpg 768w\" sizes=\"auto, (max-width: 800px) 100vw, 800px\" \/><\/figure><\/li><li class=\"blocks-gallery-item\"><figure><img loading=\"lazy\" decoding=\"async\" width=\"800\" height=\"450\" src=\"https:\/\/jblanz.de\/WP\/wp-content\/uploads\/2021\/03\/Bunaken_0010.jpg\" alt=\"\" data-id=\"9550\" data-full-url=\"https:\/\/jblanz.de\/WP\/wp-content\/uploads\/2021\/03\/Bunaken_0010.jpg\" data-link=\"https:\/\/jblanz.de\/WP\/23-august-2008-tauchen-rund-um-bunaken\/bunaken_0010\/\" class=\"wp-image-9550\" srcset=\"https:\/\/jblanz.de\/WP\/wp-content\/uploads\/2021\/03\/Bunaken_0010.jpg 800w, https:\/\/jblanz.de\/WP\/wp-content\/uploads\/2021\/03\/Bunaken_0010-300x169.jpg 300w, https:\/\/jblanz.de\/WP\/wp-content\/uploads\/2021\/03\/Bunaken_0010-768x432.jpg 768w\" sizes=\"auto, (max-width: 800px) 100vw, 800px\" \/><\/figure><\/li><li class=\"blocks-gallery-item\"><figure><img loading=\"lazy\" decoding=\"async\" width=\"800\" height=\"450\" src=\"https:\/\/jblanz.de\/WP\/wp-content\/uploads\/2021\/03\/Bunaken_0008.jpg\" alt=\"\" data-id=\"9551\" data-full-url=\"https:\/\/jblanz.de\/WP\/wp-content\/uploads\/2021\/03\/Bunaken_0008.jpg\" data-link=\"https:\/\/jblanz.de\/WP\/23-august-2008-tauchen-rund-um-bunaken\/bunaken_0008\/\" class=\"wp-image-9551\" srcset=\"https:\/\/jblanz.de\/WP\/wp-content\/uploads\/2021\/03\/Bunaken_0008.jpg 800w, https:\/\/jblanz.de\/WP\/wp-content\/uploads\/2021\/03\/Bunaken_0008-300x169.jpg 300w, https:\/\/jblanz.de\/WP\/wp-content\/uploads\/2021\/03\/Bunaken_0008-768x432.jpg 768w\" sizes=\"auto, (max-width: 800px) 100vw, 800px\" \/><\/figure><\/li><li class=\"blocks-gallery-item\"><figure><img loading=\"lazy\" decoding=\"async\" width=\"800\" height=\"450\" src=\"https:\/\/jblanz.de\/WP\/wp-content\/uploads\/2021\/03\/Bunaken_0167.jpg\" alt=\"\" data-id=\"9552\" data-full-url=\"https:\/\/jblanz.de\/WP\/wp-content\/uploads\/2021\/03\/Bunaken_0167.jpg\" data-link=\"https:\/\/jblanz.de\/WP\/23-august-2008-tauchen-rund-um-bunaken\/bunaken_0167\/\" class=\"wp-image-9552\" srcset=\"https:\/\/jblanz.de\/WP\/wp-content\/uploads\/2021\/03\/Bunaken_0167.jpg 800w, https:\/\/jblanz.de\/WP\/wp-content\/uploads\/2021\/03\/Bunaken_0167-300x169.jpg 300w, https:\/\/jblanz.de\/WP\/wp-content\/uploads\/2021\/03\/Bunaken_0167-768x432.jpg 768w\" sizes=\"auto, (max-width: 800px) 100vw, 800px\" \/><\/figure><\/li><li class=\"blocks-gallery-item\"><figure><img loading=\"lazy\" decoding=\"async\" width=\"800\" height=\"450\" src=\"https:\/\/jblanz.de\/WP\/wp-content\/uploads\/2021\/03\/Bunaken_0169.jpg\" alt=\"\" data-id=\"9553\" data-full-url=\"https:\/\/jblanz.de\/WP\/wp-content\/uploads\/2021\/03\/Bunaken_0169.jpg\" data-link=\"https:\/\/jblanz.de\/WP\/23-august-2008-tauchen-rund-um-bunaken\/bunaken_0169\/\" class=\"wp-image-9553\" srcset=\"https:\/\/jblanz.de\/WP\/wp-content\/uploads\/2021\/03\/Bunaken_0169.jpg 800w, https:\/\/jblanz.de\/WP\/wp-content\/uploads\/2021\/03\/Bunaken_0169-300x169.jpg 300w, https:\/\/jblanz.de\/WP\/wp-content\/uploads\/2021\/03\/Bunaken_0169-768x432.jpg 768w\" sizes=\"auto, (max-width: 800px) 100vw, 800px\" \/><\/figure><\/li><\/ul><\/figure>\n\n\n\n<p>Nach kurzem Auspacken wollten wir nur noch ins Wasser und schnorchelten bestimmt 2 Stunden lang im sch\u00f6n warmen Wasser. Wenn man \u00fcber das Riff hinausschwamm, blickte man in das unendliche Tiefblau des Grabens vor Bunaken. Mir wurde bei dem Gedanken, dass jederzeit ein Hai aus der Tiefe angreifen k\u00f6nnte, echt schwummrig. Karin hingegen genoss diese Situation und schwamm immer weiter hinaus. Sie liess sich nur mit M\u00fche \u00fcberreden zur\u00fcck ans ungef\u00e4hrliche Ufer zu schwimmen. <\/p>\n\n\n\n<figure class=\"wp-block-gallery columns-2 is-cropped wp-block-gallery-3 is-layout-flex wp-block-gallery-is-layout-flex\"><ul class=\"blocks-gallery-grid\"><li class=\"blocks-gallery-item\"><figure><img loading=\"lazy\" decoding=\"async\" width=\"800\" height=\"450\" src=\"https:\/\/jblanz.de\/WP\/wp-content\/uploads\/2021\/03\/Bunaken_0014.jpg\" alt=\"\" data-id=\"9571\" data-full-url=\"https:\/\/jblanz.de\/WP\/wp-content\/uploads\/2021\/03\/Bunaken_0014.jpg\" data-link=\"https:\/\/jblanz.de\/WP\/23-august-2008-tauchen-rund-um-bunaken\/bunaken_0014\/\" class=\"wp-image-9571\" srcset=\"https:\/\/jblanz.de\/WP\/wp-content\/uploads\/2021\/03\/Bunaken_0014.jpg 800w, https:\/\/jblanz.de\/WP\/wp-content\/uploads\/2021\/03\/Bunaken_0014-300x169.jpg 300w, https:\/\/jblanz.de\/WP\/wp-content\/uploads\/2021\/03\/Bunaken_0014-768x432.jpg 768w\" sizes=\"auto, (max-width: 800px) 100vw, 800px\" \/><\/figure><\/li><li class=\"blocks-gallery-item\"><figure><img loading=\"lazy\" decoding=\"async\" width=\"800\" height=\"450\" src=\"https:\/\/jblanz.de\/WP\/wp-content\/uploads\/2021\/03\/Bunaken_0015.jpg\" alt=\"\" data-id=\"9572\" data-full-url=\"https:\/\/jblanz.de\/WP\/wp-content\/uploads\/2021\/03\/Bunaken_0015.jpg\" data-link=\"https:\/\/jblanz.de\/WP\/23-august-2008-tauchen-rund-um-bunaken\/bunaken_0015\/\" class=\"wp-image-9572\" srcset=\"https:\/\/jblanz.de\/WP\/wp-content\/uploads\/2021\/03\/Bunaken_0015.jpg 800w, https:\/\/jblanz.de\/WP\/wp-content\/uploads\/2021\/03\/Bunaken_0015-300x169.jpg 300w, https:\/\/jblanz.de\/WP\/wp-content\/uploads\/2021\/03\/Bunaken_0015-768x432.jpg 768w\" sizes=\"auto, (max-width: 800px) 100vw, 800px\" \/><\/figure><\/li><\/ul><\/figure>\n\n\n\n<p>Im seichten Wasser entdeckte ich eine schwarz-weiss geb\u00e4nderte Schlange, die st\u00e4ndig die Richtung wechselte. Wir verfolgten sie einige Zeit und merkten, dass es sich um einen Ringelschlangen-Aal handelte, der fast genauso aussieht wie hochgiftigen Seeschlangen. Dieses Mimikri sch\u00fctzt ihn vor Fressfeinden, aber am Kopf erkannten wir den Unterschied. Nach kurzer Zeit bekam der Aal noch Besuch von einem Kumpel.<\/p>\n\n\n\n<figure class=\"wp-block-gallery columns-2 is-cropped wp-block-gallery-4 is-layout-flex wp-block-gallery-is-layout-flex\"><ul class=\"blocks-gallery-grid\"><li class=\"blocks-gallery-item\"><figure><img loading=\"lazy\" decoding=\"async\" width=\"800\" height=\"450\" src=\"https:\/\/jblanz.de\/WP\/wp-content\/uploads\/2021\/03\/Bunaken_0417.jpg\" alt=\"\" data-id=\"9568\" data-full-url=\"https:\/\/jblanz.de\/WP\/wp-content\/uploads\/2021\/03\/Bunaken_0417.jpg\" data-link=\"https:\/\/jblanz.de\/WP\/23-august-2008-tauchen-rund-um-bunaken\/bunaken_0417\/\" class=\"wp-image-9568\" srcset=\"https:\/\/jblanz.de\/WP\/wp-content\/uploads\/2021\/03\/Bunaken_0417.jpg 800w, https:\/\/jblanz.de\/WP\/wp-content\/uploads\/2021\/03\/Bunaken_0417-300x169.jpg 300w, https:\/\/jblanz.de\/WP\/wp-content\/uploads\/2021\/03\/Bunaken_0417-768x432.jpg 768w\" sizes=\"auto, (max-width: 800px) 100vw, 800px\" \/><\/figure><\/li><li class=\"blocks-gallery-item\"><figure><img loading=\"lazy\" decoding=\"async\" width=\"800\" height=\"450\" src=\"https:\/\/jblanz.de\/WP\/wp-content\/uploads\/2021\/03\/Bunaken_0414A.jpg\" alt=\"\" data-id=\"9567\" data-full-url=\"https:\/\/jblanz.de\/WP\/wp-content\/uploads\/2021\/03\/Bunaken_0414A.jpg\" data-link=\"https:\/\/jblanz.de\/WP\/23-august-2008-tauchen-rund-um-bunaken\/bunaken_0414a\/\" class=\"wp-image-9567\" srcset=\"https:\/\/jblanz.de\/WP\/wp-content\/uploads\/2021\/03\/Bunaken_0414A.jpg 800w, https:\/\/jblanz.de\/WP\/wp-content\/uploads\/2021\/03\/Bunaken_0414A-300x169.jpg 300w, https:\/\/jblanz.de\/WP\/wp-content\/uploads\/2021\/03\/Bunaken_0414A-768x432.jpg 768w\" sizes=\"auto, (max-width: 800px) 100vw, 800px\" \/><\/figure><\/li><\/ul><\/figure>\n\n\n\n<p>Es gab einiges zu sehen, ein Oktopus versuchte sich vor uns zu verstecken, eine andere Aalsorte beobachtete uns argw\u00f6hnisch, ein Rotfeuerfisch schwamm majestetisch unter uns. Es gab Seesterne, Nacktschnecken und verschiedene Kugelfische. Aus einem Schneckenhaus glotzte uns ein Augenpaar an.<\/p>\n\n\n\n<figure class=\"wp-block-gallery columns-2 is-cropped wp-block-gallery-5 is-layout-flex wp-block-gallery-is-layout-flex\"><ul class=\"blocks-gallery-grid\"><li class=\"blocks-gallery-item\"><figure><img loading=\"lazy\" decoding=\"async\" width=\"800\" height=\"450\" src=\"https:\/\/jblanz.de\/WP\/wp-content\/uploads\/2021\/03\/Bunaken_0022.jpg\" alt=\"\" data-id=\"9576\" data-full-url=\"https:\/\/jblanz.de\/WP\/wp-content\/uploads\/2021\/03\/Bunaken_0022.jpg\" data-link=\"https:\/\/jblanz.de\/WP\/23-august-2008-tauchen-rund-um-bunaken\/bunaken_0022\/\" class=\"wp-image-9576\" srcset=\"https:\/\/jblanz.de\/WP\/wp-content\/uploads\/2021\/03\/Bunaken_0022.jpg 800w, https:\/\/jblanz.de\/WP\/wp-content\/uploads\/2021\/03\/Bunaken_0022-300x169.jpg 300w, https:\/\/jblanz.de\/WP\/wp-content\/uploads\/2021\/03\/Bunaken_0022-768x432.jpg 768w\" sizes=\"auto, (max-width: 800px) 100vw, 800px\" \/><\/figure><\/li><li class=\"blocks-gallery-item\"><figure><img loading=\"lazy\" decoding=\"async\" width=\"800\" height=\"450\" src=\"https:\/\/jblanz.de\/WP\/wp-content\/uploads\/2021\/03\/Bunaken_0042.jpg\" alt=\"\" data-id=\"9577\" data-full-url=\"https:\/\/jblanz.de\/WP\/wp-content\/uploads\/2021\/03\/Bunaken_0042.jpg\" data-link=\"https:\/\/jblanz.de\/WP\/23-august-2008-tauchen-rund-um-bunaken\/bunaken_0042\/\" class=\"wp-image-9577\" srcset=\"https:\/\/jblanz.de\/WP\/wp-content\/uploads\/2021\/03\/Bunaken_0042.jpg 800w, https:\/\/jblanz.de\/WP\/wp-content\/uploads\/2021\/03\/Bunaken_0042-300x169.jpg 300w, https:\/\/jblanz.de\/WP\/wp-content\/uploads\/2021\/03\/Bunaken_0042-768x432.jpg 768w\" sizes=\"auto, (max-width: 800px) 100vw, 800px\" \/><\/figure><\/li><li class=\"blocks-gallery-item\"><figure><img loading=\"lazy\" decoding=\"async\" width=\"800\" height=\"450\" src=\"https:\/\/jblanz.de\/WP\/wp-content\/uploads\/2021\/03\/Bunaken_0048.jpg\" alt=\"\" data-id=\"9578\" data-full-url=\"https:\/\/jblanz.de\/WP\/wp-content\/uploads\/2021\/03\/Bunaken_0048.jpg\" data-link=\"https:\/\/jblanz.de\/WP\/23-august-2008-tauchen-rund-um-bunaken\/bunaken_0048\/\" class=\"wp-image-9578\" srcset=\"https:\/\/jblanz.de\/WP\/wp-content\/uploads\/2021\/03\/Bunaken_0048.jpg 800w, https:\/\/jblanz.de\/WP\/wp-content\/uploads\/2021\/03\/Bunaken_0048-300x169.jpg 300w, https:\/\/jblanz.de\/WP\/wp-content\/uploads\/2021\/03\/Bunaken_0048-768x432.jpg 768w\" sizes=\"auto, (max-width: 800px) 100vw, 800px\" \/><\/figure><\/li><li class=\"blocks-gallery-item\"><figure><img loading=\"lazy\" decoding=\"async\" width=\"800\" height=\"450\" src=\"https:\/\/jblanz.de\/WP\/wp-content\/uploads\/2021\/03\/Bunaken_0051.jpg\" alt=\"\" data-id=\"9579\" data-full-url=\"https:\/\/jblanz.de\/WP\/wp-content\/uploads\/2021\/03\/Bunaken_0051.jpg\" data-link=\"https:\/\/jblanz.de\/WP\/23-august-2008-tauchen-rund-um-bunaken\/bunaken_0051\/\" class=\"wp-image-9579\" srcset=\"https:\/\/jblanz.de\/WP\/wp-content\/uploads\/2021\/03\/Bunaken_0051.jpg 800w, https:\/\/jblanz.de\/WP\/wp-content\/uploads\/2021\/03\/Bunaken_0051-300x169.jpg 300w, https:\/\/jblanz.de\/WP\/wp-content\/uploads\/2021\/03\/Bunaken_0051-768x432.jpg 768w\" sizes=\"auto, (max-width: 800px) 100vw, 800px\" \/><\/figure><\/li><li class=\"blocks-gallery-item\"><figure><img loading=\"lazy\" decoding=\"async\" width=\"800\" height=\"450\" src=\"https:\/\/jblanz.de\/WP\/wp-content\/uploads\/2021\/03\/Bunaken_0056.jpg\" alt=\"\" data-id=\"9580\" data-full-url=\"https:\/\/jblanz.de\/WP\/wp-content\/uploads\/2021\/03\/Bunaken_0056.jpg\" data-link=\"https:\/\/jblanz.de\/WP\/23-august-2008-tauchen-rund-um-bunaken\/bunaken_0056\/\" class=\"wp-image-9580\" srcset=\"https:\/\/jblanz.de\/WP\/wp-content\/uploads\/2021\/03\/Bunaken_0056.jpg 800w, https:\/\/jblanz.de\/WP\/wp-content\/uploads\/2021\/03\/Bunaken_0056-300x169.jpg 300w, https:\/\/jblanz.de\/WP\/wp-content\/uploads\/2021\/03\/Bunaken_0056-768x432.jpg 768w\" sizes=\"auto, (max-width: 800px) 100vw, 800px\" \/><\/figure><\/li><li class=\"blocks-gallery-item\"><figure><img loading=\"lazy\" decoding=\"async\" width=\"800\" height=\"450\" src=\"https:\/\/jblanz.de\/WP\/wp-content\/uploads\/2021\/03\/Bunaken_0061.jpg\" alt=\"\" data-id=\"9581\" data-full-url=\"https:\/\/jblanz.de\/WP\/wp-content\/uploads\/2021\/03\/Bunaken_0061.jpg\" data-link=\"https:\/\/jblanz.de\/WP\/23-august-2008-tauchen-rund-um-bunaken\/bunaken_0061\/\" class=\"wp-image-9581\" srcset=\"https:\/\/jblanz.de\/WP\/wp-content\/uploads\/2021\/03\/Bunaken_0061.jpg 800w, https:\/\/jblanz.de\/WP\/wp-content\/uploads\/2021\/03\/Bunaken_0061-300x169.jpg 300w, https:\/\/jblanz.de\/WP\/wp-content\/uploads\/2021\/03\/Bunaken_0061-768x432.jpg 768w\" sizes=\"auto, (max-width: 800px) 100vw, 800px\" \/><\/figure><\/li><li class=\"blocks-gallery-item\"><figure><img loading=\"lazy\" decoding=\"async\" width=\"800\" height=\"450\" src=\"https:\/\/jblanz.de\/WP\/wp-content\/uploads\/2021\/03\/Bunaken_0033.jpg\" alt=\"\" data-id=\"9575\" data-full-url=\"https:\/\/jblanz.de\/WP\/wp-content\/uploads\/2021\/03\/Bunaken_0033.jpg\" data-link=\"https:\/\/jblanz.de\/WP\/23-august-2008-tauchen-rund-um-bunaken\/bunaken_0033\/\" class=\"wp-image-9575\" srcset=\"https:\/\/jblanz.de\/WP\/wp-content\/uploads\/2021\/03\/Bunaken_0033.jpg 800w, https:\/\/jblanz.de\/WP\/wp-content\/uploads\/2021\/03\/Bunaken_0033-300x169.jpg 300w, https:\/\/jblanz.de\/WP\/wp-content\/uploads\/2021\/03\/Bunaken_0033-768x432.jpg 768w\" sizes=\"auto, (max-width: 800px) 100vw, 800px\" \/><figcaption class=\"blocks-gallery-item__caption\">vermutlich eine Geh\u00e4useschnecke (<strong><em>Strombus haemastoma<\/em><\/strong>)<\/figcaption><\/figure><\/li><\/ul><\/figure>\n\n\n\n<p>Ausser uns war noch eine deutsche Familie im Resort, deren Tochter gerade erste Taucherfahrungen sammelte und eine j\u00fcngeres P\u00e4rchen aus Italien. Wir liehen uns am Tauchcenter die Ausr\u00fcstungsteile, die wir nicht mitgebracht hatten und verabredeten uns am n\u00e4chsten Morgen zum ersten Tauchgang.<\/p>\n","protected":false},"excerpt":{"rendered":"<p>Am Morgen nahmen wir ein Taxi, das uns zum Hafen in Manado brachte. Dort erwartete uns Ferdinandi Nuij, mit dem<\/p>\n","protected":false},"author":1,"featured_media":9575,"comment_status":"open","ping_status":"open","sticky":false,"template":"","format":"standard","meta":{"colormag_page_container_layout":"default_layout","colormag_page_sidebar_layout":"default_layout","_monsterinsights_skip_tracking":false,"_monsterinsights_sitenote_active":false,"_monsterinsights_sitenote_note":"","_monsterinsights_sitenote_category":0,"footnotes":""},"categories":[208,28,7,231],"tags":[],"class_list":["post-9542","post","type-post","status-publish","format-standard","has-post-thumbnail","hentry","category-208","category-asien","category-indonesien","category-sulawesi-2008"],"yoast_head":"<!-- This site is optimized with the Yoast SEO plugin v27.4 - https:\/\/yoast.com\/product\/yoast-seo-wordpress\/ -->\n<title>23. August 2008 - Tauchen rund um Bunaken - Reiseblog von Karin &amp; Joachim<\/title>\n<meta name=\"robots\" content=\"index, follow, max-snippet:-1, max-image-preview:large, max-video-preview:-1\" \/>\n<link rel=\"canonical\" href=\"https:\/\/jblanz.de\/WP\/23-august-2008-tauchen-rund-um-bunaken\/\" \/>\n<meta property=\"og:locale\" content=\"de_DE\" \/>\n<meta property=\"og:type\" content=\"article\" \/>\n<meta property=\"og:title\" content=\"23. August 2008 - Tauchen rund um Bunaken - Reiseblog von Karin &amp; Joachim\" \/>\n<meta property=\"og:description\" content=\"Am Morgen nahmen wir ein Taxi, das uns zum Hafen in Manado brachte. Dort erwartete uns Ferdinandi Nuij, mit dem\" \/>\n<meta property=\"og:url\" content=\"https:\/\/jblanz.de\/WP\/23-august-2008-tauchen-rund-um-bunaken\/\" \/>\n<meta property=\"og:site_name\" content=\"Reiseblog von Karin &amp; Joachim\" \/>\n<meta property=\"article:published_time\" content=\"2008-08-23T17:11:00+00:00\" \/>\n<meta property=\"article:modified_time\" content=\"2021-03-14T17:39:26+00:00\" \/>\n<meta property=\"og:image\" content=\"https:\/\/jblanz.de\/WP\/wp-content\/uploads\/2021\/03\/Bunaken_0033.jpg\" \/>\n\t<meta property=\"og:image:width\" content=\"800\" \/>\n\t<meta property=\"og:image:height\" content=\"450\" \/>\n\t<meta property=\"og:image:type\" content=\"image\/jpeg\" \/>\n<meta name=\"author\" content=\"Achim\" \/>\n<meta name=\"twitter:card\" content=\"summary_large_image\" \/>\n<meta name=\"twitter:label1\" content=\"Verfasst von\" \/>\n\t<meta name=\"twitter:data1\" content=\"Achim\" \/>\n\t<meta name=\"twitter:label2\" content=\"Gesch\u00e4tzte Lesezeit\" \/>\n\t<meta name=\"twitter:data2\" content=\"6\u00a0Minuten\" \/>\n<script type=\"application\/ld+json\" class=\"yoast-schema-graph\">{\"@context\":\"https:\\\/\\\/schema.org\",\"@graph\":[{\"@type\":\"Article\",\"@id\":\"https:\\\/\\\/jblanz.de\\\/WP\\\/23-august-2008-tauchen-rund-um-bunaken\\\/#article\",\"isPartOf\":{\"@id\":\"https:\\\/\\\/jblanz.de\\\/WP\\\/23-august-2008-tauchen-rund-um-bunaken\\\/\"},\"author\":{\"name\":\"Achim\",\"@id\":\"https:\\\/\\\/jblanz.de\\\/WP\\\/#\\\/schema\\\/person\\\/17a70f07162e42bc0b181c22397286e0\"},\"headline\":\"23. August 2008 &#8211; Tauchen rund um Bunaken\",\"datePublished\":\"2008-08-23T17:11:00+00:00\",\"dateModified\":\"2021-03-14T17:39:26+00:00\",\"mainEntityOfPage\":{\"@id\":\"https:\\\/\\\/jblanz.de\\\/WP\\\/23-august-2008-tauchen-rund-um-bunaken\\\/\"},\"wordCount\":369,\"commentCount\":0,\"publisher\":{\"@id\":\"https:\\\/\\\/jblanz.de\\\/WP\\\/#\\\/schema\\\/person\\\/17a70f07162e42bc0b181c22397286e0\"},\"image\":{\"@id\":\"https:\\\/\\\/jblanz.de\\\/WP\\\/23-august-2008-tauchen-rund-um-bunaken\\\/#primaryimage\"},\"thumbnailUrl\":\"https:\\\/\\\/jblanz.de\\\/WP\\\/wp-content\\\/uploads\\\/2021\\\/03\\\/Bunaken_0033.jpg\",\"articleSection\":[\"2008\",\"Asien\",\"Indonesien\",\"Sulawesi 2008\"],\"inLanguage\":\"de\",\"potentialAction\":[{\"@type\":\"CommentAction\",\"name\":\"Comment\",\"target\":[\"https:\\\/\\\/jblanz.de\\\/WP\\\/23-august-2008-tauchen-rund-um-bunaken\\\/#respond\"]}]},{\"@type\":\"WebPage\",\"@id\":\"https:\\\/\\\/jblanz.de\\\/WP\\\/23-august-2008-tauchen-rund-um-bunaken\\\/\",\"url\":\"https:\\\/\\\/jblanz.de\\\/WP\\\/23-august-2008-tauchen-rund-um-bunaken\\\/\",\"name\":\"23. August 2008 - Tauchen rund um Bunaken - Reiseblog von Karin &amp; Joachim\",\"isPartOf\":{\"@id\":\"https:\\\/\\\/jblanz.de\\\/WP\\\/#website\"},\"primaryImageOfPage\":{\"@id\":\"https:\\\/\\\/jblanz.de\\\/WP\\\/23-august-2008-tauchen-rund-um-bunaken\\\/#primaryimage\"},\"image\":{\"@id\":\"https:\\\/\\\/jblanz.de\\\/WP\\\/23-august-2008-tauchen-rund-um-bunaken\\\/#primaryimage\"},\"thumbnailUrl\":\"https:\\\/\\\/jblanz.de\\\/WP\\\/wp-content\\\/uploads\\\/2021\\\/03\\\/Bunaken_0033.jpg\",\"datePublished\":\"2008-08-23T17:11:00+00:00\",\"dateModified\":\"2021-03-14T17:39:26+00:00\",\"breadcrumb\":{\"@id\":\"https:\\\/\\\/jblanz.de\\\/WP\\\/23-august-2008-tauchen-rund-um-bunaken\\\/#breadcrumb\"},\"inLanguage\":\"de\",\"potentialAction\":[{\"@type\":\"ReadAction\",\"target\":[\"https:\\\/\\\/jblanz.de\\\/WP\\\/23-august-2008-tauchen-rund-um-bunaken\\\/\"]}]},{\"@type\":\"ImageObject\",\"inLanguage\":\"de\",\"@id\":\"https:\\\/\\\/jblanz.de\\\/WP\\\/23-august-2008-tauchen-rund-um-bunaken\\\/#primaryimage\",\"url\":\"https:\\\/\\\/jblanz.de\\\/WP\\\/wp-content\\\/uploads\\\/2021\\\/03\\\/Bunaken_0033.jpg\",\"contentUrl\":\"https:\\\/\\\/jblanz.de\\\/WP\\\/wp-content\\\/uploads\\\/2021\\\/03\\\/Bunaken_0033.jpg\",\"width\":800,\"height\":450},{\"@type\":\"BreadcrumbList\",\"@id\":\"https:\\\/\\\/jblanz.de\\\/WP\\\/23-august-2008-tauchen-rund-um-bunaken\\\/#breadcrumb\",\"itemListElement\":[{\"@type\":\"ListItem\",\"position\":1,\"name\":\"Startseite\",\"item\":\"https:\\\/\\\/jblanz.de\\\/WP\\\/\"},{\"@type\":\"ListItem\",\"position\":2,\"name\":\"23. August 2008 &#8211; Tauchen rund um Bunaken\"}]},{\"@type\":\"WebSite\",\"@id\":\"https:\\\/\\\/jblanz.de\\\/WP\\\/#website\",\"url\":\"https:\\\/\\\/jblanz.de\\\/WP\\\/\",\"name\":\"Reiseblog von Karin & Joachim\",\"description\":\"Wir schreiben den Blog f\u00fcr uns als Erinnerung - f\u00fcr euch als Inspiration\",\"publisher\":{\"@id\":\"https:\\\/\\\/jblanz.de\\\/WP\\\/#\\\/schema\\\/person\\\/17a70f07162e42bc0b181c22397286e0\"},\"potentialAction\":[{\"@type\":\"SearchAction\",\"target\":{\"@type\":\"EntryPoint\",\"urlTemplate\":\"https:\\\/\\\/jblanz.de\\\/WP\\\/?s={search_term_string}\"},\"query-input\":{\"@type\":\"PropertyValueSpecification\",\"valueRequired\":true,\"valueName\":\"search_term_string\"}}],\"inLanguage\":\"de\"},{\"@type\":[\"Person\",\"Organization\"],\"@id\":\"https:\\\/\\\/jblanz.de\\\/WP\\\/#\\\/schema\\\/person\\\/17a70f07162e42bc0b181c22397286e0\",\"name\":\"Achim\",\"image\":{\"@type\":\"ImageObject\",\"inLanguage\":\"de\",\"@id\":\"https:\\\/\\\/secure.gravatar.com\\\/avatar\\\/b7ab31bc55956af4a9bebf7fd034761212b11b803b7e39464914d6abeefb12f3?s=96&d=mm&r=g\",\"url\":\"https:\\\/\\\/secure.gravatar.com\\\/avatar\\\/b7ab31bc55956af4a9bebf7fd034761212b11b803b7e39464914d6abeefb12f3?s=96&d=mm&r=g\",\"contentUrl\":\"https:\\\/\\\/secure.gravatar.com\\\/avatar\\\/b7ab31bc55956af4a9bebf7fd034761212b11b803b7e39464914d6abeefb12f3?s=96&d=mm&r=g\",\"caption\":\"Achim\"},\"logo\":{\"@id\":\"https:\\\/\\\/secure.gravatar.com\\\/avatar\\\/b7ab31bc55956af4a9bebf7fd034761212b11b803b7e39464914d6abeefb12f3?s=96&d=mm&r=g\"},\"url\":\"https:\\\/\\\/jblanz.de\\\/WP\\\/author\\\/achim\\\/\"}]}<\/script>\n<!-- \/ Yoast SEO plugin. -->","yoast_head_json":{"title":"23. August 2008 - Tauchen rund um Bunaken - Reiseblog von Karin &amp; Joachim","robots":{"index":"index","follow":"follow","max-snippet":"max-snippet:-1","max-image-preview":"max-image-preview:large","max-video-preview":"max-video-preview:-1"},"canonical":"https:\/\/jblanz.de\/WP\/23-august-2008-tauchen-rund-um-bunaken\/","og_locale":"de_DE","og_type":"article","og_title":"23. August 2008 - Tauchen rund um Bunaken - Reiseblog von Karin &amp; Joachim","og_description":"Am Morgen nahmen wir ein Taxi, das uns zum Hafen in Manado brachte. Dort erwartete uns Ferdinandi Nuij, mit dem","og_url":"https:\/\/jblanz.de\/WP\/23-august-2008-tauchen-rund-um-bunaken\/","og_site_name":"Reiseblog von Karin &amp; Joachim","article_published_time":"2008-08-23T17:11:00+00:00","article_modified_time":"2021-03-14T17:39:26+00:00","og_image":[{"width":800,"height":450,"url":"https:\/\/jblanz.de\/WP\/wp-content\/uploads\/2021\/03\/Bunaken_0033.jpg","type":"image\/jpeg"}],"author":"Achim","twitter_card":"summary_large_image","twitter_misc":{"Verfasst von":"Achim","Gesch\u00e4tzte Lesezeit":"6\u00a0Minuten"},"schema":{"@context":"https:\/\/schema.org","@graph":[{"@type":"Article","@id":"https:\/\/jblanz.de\/WP\/23-august-2008-tauchen-rund-um-bunaken\/#article","isPartOf":{"@id":"https:\/\/jblanz.de\/WP\/23-august-2008-tauchen-rund-um-bunaken\/"},"author":{"name":"Achim","@id":"https:\/\/jblanz.de\/WP\/#\/schema\/person\/17a70f07162e42bc0b181c22397286e0"},"headline":"23. August 2008 &#8211; Tauchen rund um Bunaken","datePublished":"2008-08-23T17:11:00+00:00","dateModified":"2021-03-14T17:39:26+00:00","mainEntityOfPage":{"@id":"https:\/\/jblanz.de\/WP\/23-august-2008-tauchen-rund-um-bunaken\/"},"wordCount":369,"commentCount":0,"publisher":{"@id":"https:\/\/jblanz.de\/WP\/#\/schema\/person\/17a70f07162e42bc0b181c22397286e0"},"image":{"@id":"https:\/\/jblanz.de\/WP\/23-august-2008-tauchen-rund-um-bunaken\/#primaryimage"},"thumbnailUrl":"https:\/\/jblanz.de\/WP\/wp-content\/uploads\/2021\/03\/Bunaken_0033.jpg","articleSection":["2008","Asien","Indonesien","Sulawesi 2008"],"inLanguage":"de","potentialAction":[{"@type":"CommentAction","name":"Comment","target":["https:\/\/jblanz.de\/WP\/23-august-2008-tauchen-rund-um-bunaken\/#respond"]}]},{"@type":"WebPage","@id":"https:\/\/jblanz.de\/WP\/23-august-2008-tauchen-rund-um-bunaken\/","url":"https:\/\/jblanz.de\/WP\/23-august-2008-tauchen-rund-um-bunaken\/","name":"23. August 2008 - Tauchen rund um Bunaken - Reiseblog von Karin &amp; Joachim","isPartOf":{"@id":"https:\/\/jblanz.de\/WP\/#website"},"primaryImageOfPage":{"@id":"https:\/\/jblanz.de\/WP\/23-august-2008-tauchen-rund-um-bunaken\/#primaryimage"},"image":{"@id":"https:\/\/jblanz.de\/WP\/23-august-2008-tauchen-rund-um-bunaken\/#primaryimage"},"thumbnailUrl":"https:\/\/jblanz.de\/WP\/wp-content\/uploads\/2021\/03\/Bunaken_0033.jpg","datePublished":"2008-08-23T17:11:00+00:00","dateModified":"2021-03-14T17:39:26+00:00","breadcrumb":{"@id":"https:\/\/jblanz.de\/WP\/23-august-2008-tauchen-rund-um-bunaken\/#breadcrumb"},"inLanguage":"de","potentialAction":[{"@type":"ReadAction","target":["https:\/\/jblanz.de\/WP\/23-august-2008-tauchen-rund-um-bunaken\/"]}]},{"@type":"ImageObject","inLanguage":"de","@id":"https:\/\/jblanz.de\/WP\/23-august-2008-tauchen-rund-um-bunaken\/#primaryimage","url":"https:\/\/jblanz.de\/WP\/wp-content\/uploads\/2021\/03\/Bunaken_0033.jpg","contentUrl":"https:\/\/jblanz.de\/WP\/wp-content\/uploads\/2021\/03\/Bunaken_0033.jpg","width":800,"height":450},{"@type":"BreadcrumbList","@id":"https:\/\/jblanz.de\/WP\/23-august-2008-tauchen-rund-um-bunaken\/#breadcrumb","itemListElement":[{"@type":"ListItem","position":1,"name":"Startseite","item":"https:\/\/jblanz.de\/WP\/"},{"@type":"ListItem","position":2,"name":"23. August 2008 &#8211; Tauchen rund um Bunaken"}]},{"@type":"WebSite","@id":"https:\/\/jblanz.de\/WP\/#website","url":"https:\/\/jblanz.de\/WP\/","name":"Reiseblog von Karin & Joachim","description":"Wir schreiben den Blog f\u00fcr uns als Erinnerung - f\u00fcr euch als Inspiration","publisher":{"@id":"https:\/\/jblanz.de\/WP\/#\/schema\/person\/17a70f07162e42bc0b181c22397286e0"},"potentialAction":[{"@type":"SearchAction","target":{"@type":"EntryPoint","urlTemplate":"https:\/\/jblanz.de\/WP\/?s={search_term_string}"},"query-input":{"@type":"PropertyValueSpecification","valueRequired":true,"valueName":"search_term_string"}}],"inLanguage":"de"},{"@type":["Person","Organization"],"@id":"https:\/\/jblanz.de\/WP\/#\/schema\/person\/17a70f07162e42bc0b181c22397286e0","name":"Achim","image":{"@type":"ImageObject","inLanguage":"de","@id":"https:\/\/secure.gravatar.com\/avatar\/b7ab31bc55956af4a9bebf7fd034761212b11b803b7e39464914d6abeefb12f3?s=96&d=mm&r=g","url":"https:\/\/secure.gravatar.com\/avatar\/b7ab31bc55956af4a9bebf7fd034761212b11b803b7e39464914d6abeefb12f3?s=96&d=mm&r=g","contentUrl":"https:\/\/secure.gravatar.com\/avatar\/b7ab31bc55956af4a9bebf7fd034761212b11b803b7e39464914d6abeefb12f3?s=96&d=mm&r=g","caption":"Achim"},"logo":{"@id":"https:\/\/secure.gravatar.com\/avatar\/b7ab31bc55956af4a9bebf7fd034761212b11b803b7e39464914d6abeefb12f3?s=96&d=mm&r=g"},"url":"https:\/\/jblanz.de\/WP\/author\/achim\/"}]}},"_links":{"self":[{"href":"https:\/\/jblanz.de\/WP\/wp-json\/wp\/v2\/posts\/9542","targetHints":{"allow":["GET"]}}],"collection":[{"href":"https:\/\/jblanz.de\/WP\/wp-json\/wp\/v2\/posts"}],"about":[{"href":"https:\/\/jblanz.de\/WP\/wp-json\/wp\/v2\/types\/post"}],"author":[{"embeddable":true,"href":"https:\/\/jblanz.de\/WP\/wp-json\/wp\/v2\/users\/1"}],"replies":[{"embeddable":true,"href":"https:\/\/jblanz.de\/WP\/wp-json\/wp\/v2\/comments?post=9542"}],"version-history":[{"count":0,"href":"https:\/\/jblanz.de\/WP\/wp-json\/wp\/v2\/posts\/9542\/revisions"}],"wp:featuredmedia":[{"embeddable":true,"href":"https:\/\/jblanz.de\/WP\/wp-json\/wp\/v2\/media\/9575"}],"wp:attachment":[{"href":"https:\/\/jblanz.de\/WP\/wp-json\/wp\/v2\/media?parent=9542"}],"wp:term":[{"taxonomy":"category","embeddable":true,"href":"https:\/\/jblanz.de\/WP\/wp-json\/wp\/v2\/categories?post=9542"},{"taxonomy":"post_tag","embeddable":true,"href":"https:\/\/jblanz.de\/WP\/wp-json\/wp\/v2\/tags?post=9542"}],"curies":[{"name":"wp","href":"https:\/\/api.w.org\/{rel}","templated":true}]}}