{"id":961,"date":"2016-08-22T18:34:00","date_gmt":"2016-08-22T16:34:00","guid":{"rendered":"http:\/\/jblanz.de\/WP\/?p=961"},"modified":"2016-08-31T06:59:34","modified_gmt":"2016-08-31T04:59:34","slug":"jaffna","status":"publish","type":"post","link":"https:\/\/jblanz.de\/WP\/jaffna\/","title":{"rendered":"Jaffna"},"content":{"rendered":"<p style=\"text-align: justify;\">Als wir vom Camp wegfahren, windet sich eine mehr als 2 m lange Kobra (Korrektur: keine Kobra, sondern eine indische Rattenschlange, Ptyas mucosa) \u00fcber die Strasse, sie war zu schnell weg, um Bilder zu machen. Sie waren also da, die Schlangen, obwohl wir ihnen &#8222;gl\u00fccklicherweise&#8220; nicht begegnet sind. Der Manager des Camp&#8217;s hatte uns gewarnt, nicht durch die Reisfelder oder durchs Gras zu wandern. Ausser Kobras, die normalerweise Menschen kommen h\u00f6ren, sich davonmachen oder wenn man zu nahe ist, warnen, gibt es noch viel gef\u00e4hrlichere Schlangen in dieser Gegend, Ceylon Kraits, Russell&#8217;s Viper und andere Vipern. Diese Schlangen sind besonders gef\u00e4hrlich, da sie sich nicht entfernen, sondern liegenbleiben und wenn man zu nahe kommt, sofort zubeissen. Sie k\u00f6nnen sogar \u00fcber Meter hinweg springen. Dann bleiben einem noch 25 Minuten bis zum Tod. Die Vipern haben genau das Muster des Laubs, in dem wir gestern bei der Nachtwanderung gestanden haben.<\/p>\n<p style=\"text-align: justify;\">Die Fahrt vom Camp nach Jaffna (ca. 210 km) dauerte 4.5 Stunden. Kurz nach Anuradhapura \u00e4ndert sich das Aussehen der Menschen, pl\u00f6tzlich tragen die meisten Frauen bunte Sari&#8217;s. \u00dcberall Hindutempel und fast ist es als ob wir in Tamil Nadu in Indien w\u00e4ren. Kein Wunder, der Norden Sri Lanka&#8217;s wird von Tamilen bewohnt. Diese Gegend war von ca 1980 bis 2010 von Touristen nicht besuchbar, da die tamilische Befreiungsbewegung &#8222;Tamil Tigers&#8220; jeden Zugang unterband. Am Wegrand wurden grosse Bomben gez\u00fcndet, wenn Autos aus dem S\u00fcden vorbeifuhren, alle Singhalesen wurden aus dem Norden und Osten des Landes vertrieben. Es wird gesch\u00e4tzt, dass 80000 &#8211; 100000 Menschen Opfer dieses B\u00fcrgerkriegs wurden. In manchen H\u00e4usern sieht man noch die Einschussl\u00f6cher von Maschinenpistolen, andere sind zerbombte Ruinen. Unser Fahrer Christi war w\u00e4hrend unseres Aufenthalt im Zeltcamp mit dem Bus nach Hause gefahren. Er musste um 4.30 Uhr morgens den Bus nehmen, damit er um 10 Uhr bei uns sein konnte. Unterwegs halten wir kurz an, um Christi einen Tee bzw Kaffee zu g\u00f6nnen. Die schnurgerade Strasse, entlang der neu gebauten Bahntrasse, verleitet zum Rasen, obwohl Tempolimit 70 km\/h auf den Strassen in\u00a0 Sri Lanka gilt. Obwohl st\u00e4ndig Polizei lauert, f\u00e4hrt Christi manchmal 100 km\/h.<\/p>\n<p style=\"text-align: justify;\"><img loading=\"lazy\" decoding=\"async\" class=\"aligncenter size-full wp-image-971\" src=\"https:\/\/jblanz.de\/WP\/wp-content\/uploads\/2016\/08\/2016-08-22-11.52.39.jpg\" alt=\"2016-08-22 11.52.39\" width=\"800\" height=\"450\" srcset=\"https:\/\/jblanz.de\/WP\/wp-content\/uploads\/2016\/08\/2016-08-22-11.52.39.jpg 800w, https:\/\/jblanz.de\/WP\/wp-content\/uploads\/2016\/08\/2016-08-22-11.52.39-300x169.jpg 300w, https:\/\/jblanz.de\/WP\/wp-content\/uploads\/2016\/08\/2016-08-22-11.52.39-768x432.jpg 768w\" sizes=\"auto, (max-width: 800px) 100vw, 800px\" \/><\/p>\n<p style=\"text-align: justify;\"><img loading=\"lazy\" decoding=\"async\" class=\"aligncenter size-full wp-image-970\" src=\"https:\/\/jblanz.de\/WP\/wp-content\/uploads\/2016\/08\/MG_0611.jpg\" alt=\"_MG_0611\" width=\"800\" height=\"450\" srcset=\"https:\/\/jblanz.de\/WP\/wp-content\/uploads\/2016\/08\/MG_0611.jpg 800w, https:\/\/jblanz.de\/WP\/wp-content\/uploads\/2016\/08\/MG_0611-300x169.jpg 300w, https:\/\/jblanz.de\/WP\/wp-content\/uploads\/2016\/08\/MG_0611-768x432.jpg 768w\" sizes=\"auto, (max-width: 800px) 100vw, 800px\" \/><\/p>\n<p style=\"text-align: justify;\">Die ganze Gegend ist vollkommen unterschiedlich zum bisherigen Sri Lanka. Flaches Land, nirgends Wasser (das Trinkwasser wird in Tanklastern her transportiert), \u00fcberall Palmyra-Palmen mit schwarzen Fr\u00fcchten. Nach einiger Zeit kommt eine Lagune und k\u00fcndigt an, dass wir uns langsam der Landzunge n\u00e4hern, auf der Jaffna liegt. Die Lagune war w\u00e4hrend des Kriegs als strategisch wichtiger Zugang zur der Halbinsel, auf der Jaffna liegt, mehrfach Gegenstand von blutigen Gefechten. Heute sieht man davon nichts mehr, eine Br\u00fccke f\u00fchrt \u00fcber das Wasser.<\/p>\n<p style=\"text-align: justify;\">Unser Hotel, &#8222;The Valampuri&#8220;, hat sch\u00f6ne, aber hellh\u00f6rige Zimmer. Man h\u00f6rt jeden Ton aus dem Flur. Daf\u00fcr liegt es recht zentral, gleich neben dem Bahnhof. Aus dem Zimmer, das unserem gegen\u00fcber liegt, kommt gerade eine Braut als wir einziehen. Wir sehen sie sp\u00e4ter im Hotelvorhof bei Fotos machen.<\/p>\n<p style=\"text-align: justify;\"><img loading=\"lazy\" decoding=\"async\" class=\"aligncenter size-full wp-image-972\" src=\"https:\/\/jblanz.de\/WP\/wp-content\/uploads\/2016\/08\/MG_0614.jpg\" alt=\"_MG_0614\" width=\"800\" height=\"450\" srcset=\"https:\/\/jblanz.de\/WP\/wp-content\/uploads\/2016\/08\/MG_0614.jpg 800w, https:\/\/jblanz.de\/WP\/wp-content\/uploads\/2016\/08\/MG_0614-300x169.jpg 300w, https:\/\/jblanz.de\/WP\/wp-content\/uploads\/2016\/08\/MG_0614-768x432.jpg 768w\" sizes=\"auto, (max-width: 800px) 100vw, 800px\" \/><\/p>\n<p style=\"text-align: justify;\">Nachmittags fahren wir ins Stadtzentrum, schauen uns den Markt an und schlendern so durch die Gassen. Alle Leute sind extrem freundlich, gr\u00fcssen uns und sind offen f\u00fcr ein Foto. Da freut sich das Fotografenherz.<\/p>\n<p style=\"text-align: justify;\"><img loading=\"lazy\" decoding=\"async\" class=\"aligncenter size-full wp-image-975\" src=\"https:\/\/jblanz.de\/WP\/wp-content\/uploads\/2016\/08\/MG_0622.jpg\" alt=\"_MG_0622\" width=\"800\" height=\"450\" srcset=\"https:\/\/jblanz.de\/WP\/wp-content\/uploads\/2016\/08\/MG_0622.jpg 800w, https:\/\/jblanz.de\/WP\/wp-content\/uploads\/2016\/08\/MG_0622-300x169.jpg 300w, https:\/\/jblanz.de\/WP\/wp-content\/uploads\/2016\/08\/MG_0622-768x432.jpg 768w\" sizes=\"auto, (max-width: 800px) 100vw, 800px\" \/>\u00a0 <img loading=\"lazy\" decoding=\"async\" class=\"aligncenter size-full wp-image-977\" src=\"https:\/\/jblanz.de\/WP\/wp-content\/uploads\/2016\/08\/MG_0626.jpg\" alt=\"_MG_0626\" width=\"800\" height=\"450\" srcset=\"https:\/\/jblanz.de\/WP\/wp-content\/uploads\/2016\/08\/MG_0626.jpg 800w, https:\/\/jblanz.de\/WP\/wp-content\/uploads\/2016\/08\/MG_0626-300x169.jpg 300w, https:\/\/jblanz.de\/WP\/wp-content\/uploads\/2016\/08\/MG_0626-768x432.jpg 768w\" sizes=\"auto, (max-width: 800px) 100vw, 800px\" \/><\/p>\n<p style=\"text-align: justify;\"><img loading=\"lazy\" decoding=\"async\" class=\"aligncenter size-full wp-image-978\" src=\"https:\/\/jblanz.de\/WP\/wp-content\/uploads\/2016\/08\/MG_0630.jpg\" alt=\"_MG_0630\" width=\"800\" height=\"450\" srcset=\"https:\/\/jblanz.de\/WP\/wp-content\/uploads\/2016\/08\/MG_0630.jpg 800w, https:\/\/jblanz.de\/WP\/wp-content\/uploads\/2016\/08\/MG_0630-300x169.jpg 300w, https:\/\/jblanz.de\/WP\/wp-content\/uploads\/2016\/08\/MG_0630-768x432.jpg 768w\" sizes=\"auto, (max-width: 800px) 100vw, 800px\" \/><\/p>\n<p style=\"text-align: justify;\"><img loading=\"lazy\" decoding=\"async\" class=\"aligncenter size-full wp-image-979\" src=\"https:\/\/jblanz.de\/WP\/wp-content\/uploads\/2016\/08\/MG_0634.jpg\" alt=\"_MG_0634\" width=\"800\" height=\"450\" srcset=\"https:\/\/jblanz.de\/WP\/wp-content\/uploads\/2016\/08\/MG_0634.jpg 800w, https:\/\/jblanz.de\/WP\/wp-content\/uploads\/2016\/08\/MG_0634-300x169.jpg 300w, https:\/\/jblanz.de\/WP\/wp-content\/uploads\/2016\/08\/MG_0634-768x432.jpg 768w\" sizes=\"auto, (max-width: 800px) 100vw, 800px\" \/><\/p>\n<p style=\"text-align: justify;\">Abends gehen wir in dem Restaurant des Hotels essen. Es gibt typisch tamilisches Essen, Crab Curry f\u00fcr mich, Chicken Curry f\u00fcr Karin, dazu Reis und Naan. Die Krabben sind nur in der Mitte zerteilt und es wird ein ziemlich m\u00fchsames Unterfangen, mit einer Zange alle Scheren und Glieder zu \u00f6ffnen, um an das Krebsfleisch heranzukommen, schmeckt aber sehr gut. Karin&#8217;s Curry kommt mit Versp\u00e4tung und ist, obwohl sie &#8222;nicht scharf&#8220; bestellt hat, \u00fcber ihre Geschmacksgrenzen. So esse ich sowohl meinen, als auch ihren Curry und freue mich \u00fcber den tollen, very spicy Geschmack der Sossen. Im Hotel gibt es einen Alkoholshop. Das f\u00fchrt dazu, dass am Nachbartisch ein paar Jungs 2 Flaschen Whisky wegkippen und nach einiger Zeit lallend rumsitzen. Der Kellner holt sogar die n\u00e4chste Flasche vom Shop, da die Jungs kaum noch laufen k\u00f6nnen. Alle fahren anschliessend mit dem Motorrad weiter !!<\/p>\n<p style=\"text-align: justify;\"><img loading=\"lazy\" decoding=\"async\" class=\"aligncenter size-full wp-image-968\" src=\"https:\/\/jblanz.de\/WP\/wp-content\/uploads\/2016\/08\/2016-08-22-20.26.04.jpg\" alt=\"2016-08-22 20.26.04\" width=\"253\" height=\"450\" srcset=\"https:\/\/jblanz.de\/WP\/wp-content\/uploads\/2016\/08\/2016-08-22-20.26.04.jpg 253w, https:\/\/jblanz.de\/WP\/wp-content\/uploads\/2016\/08\/2016-08-22-20.26.04-169x300.jpg 169w\" sizes=\"auto, (max-width: 253px) 100vw, 253px\" \/><\/p>\n","protected":false},"excerpt":{"rendered":"<p>Als wir vom Camp wegfahren, windet sich eine mehr als 2 m lange Kobra (Korrektur: keine Kobra, sondern eine indische<\/p>\n","protected":false},"author":1,"featured_media":980,"comment_status":"open","ping_status":"open","sticky":false,"template":"","format":"standard","meta":{"colormag_page_container_layout":"default_layout","colormag_page_sidebar_layout":"default_layout","_monsterinsights_skip_tracking":false,"_monsterinsights_sitenote_active":false,"_monsterinsights_sitenote_note":"","_monsterinsights_sitenote_category":0,"footnotes":""},"categories":[88,28,87],"tags":[131,99],"class_list":["post-961","post","type-post","status-publish","format-standard","has-post-thumbnail","hentry","category-88","category-asien","category-srilanka","tag-jaffna","tag-markt"],"yoast_head":"<!-- This site is optimized with the Yoast SEO plugin v27.4 - https:\/\/yoast.com\/product\/yoast-seo-wordpress\/ -->\n<title>Jaffna - Reiseblog von Karin &amp; Joachim<\/title>\n<meta name=\"robots\" content=\"index, follow, max-snippet:-1, max-image-preview:large, max-video-preview:-1\" \/>\n<link rel=\"canonical\" href=\"https:\/\/jblanz.de\/WP\/jaffna\/\" \/>\n<meta property=\"og:locale\" content=\"de_DE\" \/>\n<meta property=\"og:type\" content=\"article\" \/>\n<meta property=\"og:title\" content=\"Jaffna - Reiseblog von Karin &amp; Joachim\" \/>\n<meta property=\"og:description\" content=\"Als wir vom Camp wegfahren, windet sich eine mehr als 2 m lange Kobra (Korrektur: keine Kobra, sondern eine indische\" \/>\n<meta property=\"og:url\" content=\"https:\/\/jblanz.de\/WP\/jaffna\/\" \/>\n<meta property=\"og:site_name\" content=\"Reiseblog von Karin &amp; Joachim\" \/>\n<meta property=\"article:published_time\" content=\"2016-08-22T16:34:00+00:00\" \/>\n<meta property=\"article:modified_time\" content=\"2016-08-31T04:59:34+00:00\" \/>\n<meta property=\"og:image\" content=\"https:\/\/jblanz.de\/WP\/wp-content\/uploads\/2016\/08\/MG_0620.jpg\" \/>\n\t<meta property=\"og:image:width\" content=\"800\" \/>\n\t<meta property=\"og:image:height\" content=\"450\" \/>\n\t<meta property=\"og:image:type\" content=\"image\/jpeg\" \/>\n<meta name=\"author\" content=\"Achim\" \/>\n<meta name=\"twitter:card\" content=\"summary_large_image\" \/>\n<meta name=\"twitter:label1\" content=\"Verfasst von\" \/>\n\t<meta name=\"twitter:data1\" content=\"Achim\" \/>\n\t<meta name=\"twitter:label2\" content=\"Gesch\u00e4tzte Lesezeit\" \/>\n\t<meta name=\"twitter:data2\" content=\"3\u00a0Minuten\" \/>\n<script type=\"application\/ld+json\" class=\"yoast-schema-graph\">{\"@context\":\"https:\\\/\\\/schema.org\",\"@graph\":[{\"@type\":\"Article\",\"@id\":\"https:\\\/\\\/jblanz.de\\\/WP\\\/jaffna\\\/#article\",\"isPartOf\":{\"@id\":\"https:\\\/\\\/jblanz.de\\\/WP\\\/jaffna\\\/\"},\"author\":{\"name\":\"Achim\",\"@id\":\"https:\\\/\\\/jblanz.de\\\/WP\\\/#\\\/schema\\\/person\\\/17a70f07162e42bc0b181c22397286e0\"},\"headline\":\"Jaffna\",\"datePublished\":\"2016-08-22T16:34:00+00:00\",\"dateModified\":\"2016-08-31T04:59:34+00:00\",\"mainEntityOfPage\":{\"@id\":\"https:\\\/\\\/jblanz.de\\\/WP\\\/jaffna\\\/\"},\"wordCount\":687,\"commentCount\":0,\"publisher\":{\"@id\":\"https:\\\/\\\/jblanz.de\\\/WP\\\/#\\\/schema\\\/person\\\/17a70f07162e42bc0b181c22397286e0\"},\"image\":{\"@id\":\"https:\\\/\\\/jblanz.de\\\/WP\\\/jaffna\\\/#primaryimage\"},\"thumbnailUrl\":\"https:\\\/\\\/jblanz.de\\\/WP\\\/wp-content\\\/uploads\\\/2016\\\/08\\\/MG_0620.jpg\",\"keywords\":[\"Jaffna\",\"Markt\"],\"articleSection\":[\"2016\",\"Asien\",\"SriLanka\"],\"inLanguage\":\"de\",\"potentialAction\":[{\"@type\":\"CommentAction\",\"name\":\"Comment\",\"target\":[\"https:\\\/\\\/jblanz.de\\\/WP\\\/jaffna\\\/#respond\"]}]},{\"@type\":\"WebPage\",\"@id\":\"https:\\\/\\\/jblanz.de\\\/WP\\\/jaffna\\\/\",\"url\":\"https:\\\/\\\/jblanz.de\\\/WP\\\/jaffna\\\/\",\"name\":\"Jaffna - Reiseblog von Karin &amp; Joachim\",\"isPartOf\":{\"@id\":\"https:\\\/\\\/jblanz.de\\\/WP\\\/#website\"},\"primaryImageOfPage\":{\"@id\":\"https:\\\/\\\/jblanz.de\\\/WP\\\/jaffna\\\/#primaryimage\"},\"image\":{\"@id\":\"https:\\\/\\\/jblanz.de\\\/WP\\\/jaffna\\\/#primaryimage\"},\"thumbnailUrl\":\"https:\\\/\\\/jblanz.de\\\/WP\\\/wp-content\\\/uploads\\\/2016\\\/08\\\/MG_0620.jpg\",\"datePublished\":\"2016-08-22T16:34:00+00:00\",\"dateModified\":\"2016-08-31T04:59:34+00:00\",\"breadcrumb\":{\"@id\":\"https:\\\/\\\/jblanz.de\\\/WP\\\/jaffna\\\/#breadcrumb\"},\"inLanguage\":\"de\",\"potentialAction\":[{\"@type\":\"ReadAction\",\"target\":[\"https:\\\/\\\/jblanz.de\\\/WP\\\/jaffna\\\/\"]}]},{\"@type\":\"ImageObject\",\"inLanguage\":\"de\",\"@id\":\"https:\\\/\\\/jblanz.de\\\/WP\\\/jaffna\\\/#primaryimage\",\"url\":\"https:\\\/\\\/jblanz.de\\\/WP\\\/wp-content\\\/uploads\\\/2016\\\/08\\\/MG_0620.jpg\",\"contentUrl\":\"https:\\\/\\\/jblanz.de\\\/WP\\\/wp-content\\\/uploads\\\/2016\\\/08\\\/MG_0620.jpg\",\"width\":800,\"height\":450},{\"@type\":\"BreadcrumbList\",\"@id\":\"https:\\\/\\\/jblanz.de\\\/WP\\\/jaffna\\\/#breadcrumb\",\"itemListElement\":[{\"@type\":\"ListItem\",\"position\":1,\"name\":\"Startseite\",\"item\":\"https:\\\/\\\/jblanz.de\\\/WP\\\/\"},{\"@type\":\"ListItem\",\"position\":2,\"name\":\"Jaffna\"}]},{\"@type\":\"WebSite\",\"@id\":\"https:\\\/\\\/jblanz.de\\\/WP\\\/#website\",\"url\":\"https:\\\/\\\/jblanz.de\\\/WP\\\/\",\"name\":\"Reiseblog von Karin & Joachim\",\"description\":\"Wir schreiben den Blog f\u00fcr uns als Erinnerung - f\u00fcr euch als Inspiration\",\"publisher\":{\"@id\":\"https:\\\/\\\/jblanz.de\\\/WP\\\/#\\\/schema\\\/person\\\/17a70f07162e42bc0b181c22397286e0\"},\"potentialAction\":[{\"@type\":\"SearchAction\",\"target\":{\"@type\":\"EntryPoint\",\"urlTemplate\":\"https:\\\/\\\/jblanz.de\\\/WP\\\/?s={search_term_string}\"},\"query-input\":{\"@type\":\"PropertyValueSpecification\",\"valueRequired\":true,\"valueName\":\"search_term_string\"}}],\"inLanguage\":\"de\"},{\"@type\":[\"Person\",\"Organization\"],\"@id\":\"https:\\\/\\\/jblanz.de\\\/WP\\\/#\\\/schema\\\/person\\\/17a70f07162e42bc0b181c22397286e0\",\"name\":\"Achim\",\"image\":{\"@type\":\"ImageObject\",\"inLanguage\":\"de\",\"@id\":\"https:\\\/\\\/secure.gravatar.com\\\/avatar\\\/b7ab31bc55956af4a9bebf7fd034761212b11b803b7e39464914d6abeefb12f3?s=96&d=mm&r=g\",\"url\":\"https:\\\/\\\/secure.gravatar.com\\\/avatar\\\/b7ab31bc55956af4a9bebf7fd034761212b11b803b7e39464914d6abeefb12f3?s=96&d=mm&r=g\",\"contentUrl\":\"https:\\\/\\\/secure.gravatar.com\\\/avatar\\\/b7ab31bc55956af4a9bebf7fd034761212b11b803b7e39464914d6abeefb12f3?s=96&d=mm&r=g\",\"caption\":\"Achim\"},\"logo\":{\"@id\":\"https:\\\/\\\/secure.gravatar.com\\\/avatar\\\/b7ab31bc55956af4a9bebf7fd034761212b11b803b7e39464914d6abeefb12f3?s=96&d=mm&r=g\"},\"url\":\"https:\\\/\\\/jblanz.de\\\/WP\\\/author\\\/achim\\\/\"}]}<\/script>\n<!-- \/ Yoast SEO plugin. -->","yoast_head_json":{"title":"Jaffna - Reiseblog von Karin &amp; Joachim","robots":{"index":"index","follow":"follow","max-snippet":"max-snippet:-1","max-image-preview":"max-image-preview:large","max-video-preview":"max-video-preview:-1"},"canonical":"https:\/\/jblanz.de\/WP\/jaffna\/","og_locale":"de_DE","og_type":"article","og_title":"Jaffna - Reiseblog von Karin &amp; Joachim","og_description":"Als wir vom Camp wegfahren, windet sich eine mehr als 2 m lange Kobra (Korrektur: keine Kobra, sondern eine indische","og_url":"https:\/\/jblanz.de\/WP\/jaffna\/","og_site_name":"Reiseblog von Karin &amp; Joachim","article_published_time":"2016-08-22T16:34:00+00:00","article_modified_time":"2016-08-31T04:59:34+00:00","og_image":[{"width":800,"height":450,"url":"https:\/\/jblanz.de\/WP\/wp-content\/uploads\/2016\/08\/MG_0620.jpg","type":"image\/jpeg"}],"author":"Achim","twitter_card":"summary_large_image","twitter_misc":{"Verfasst von":"Achim","Gesch\u00e4tzte Lesezeit":"3\u00a0Minuten"},"schema":{"@context":"https:\/\/schema.org","@graph":[{"@type":"Article","@id":"https:\/\/jblanz.de\/WP\/jaffna\/#article","isPartOf":{"@id":"https:\/\/jblanz.de\/WP\/jaffna\/"},"author":{"name":"Achim","@id":"https:\/\/jblanz.de\/WP\/#\/schema\/person\/17a70f07162e42bc0b181c22397286e0"},"headline":"Jaffna","datePublished":"2016-08-22T16:34:00+00:00","dateModified":"2016-08-31T04:59:34+00:00","mainEntityOfPage":{"@id":"https:\/\/jblanz.de\/WP\/jaffna\/"},"wordCount":687,"commentCount":0,"publisher":{"@id":"https:\/\/jblanz.de\/WP\/#\/schema\/person\/17a70f07162e42bc0b181c22397286e0"},"image":{"@id":"https:\/\/jblanz.de\/WP\/jaffna\/#primaryimage"},"thumbnailUrl":"https:\/\/jblanz.de\/WP\/wp-content\/uploads\/2016\/08\/MG_0620.jpg","keywords":["Jaffna","Markt"],"articleSection":["2016","Asien","SriLanka"],"inLanguage":"de","potentialAction":[{"@type":"CommentAction","name":"Comment","target":["https:\/\/jblanz.de\/WP\/jaffna\/#respond"]}]},{"@type":"WebPage","@id":"https:\/\/jblanz.de\/WP\/jaffna\/","url":"https:\/\/jblanz.de\/WP\/jaffna\/","name":"Jaffna - Reiseblog von Karin &amp; Joachim","isPartOf":{"@id":"https:\/\/jblanz.de\/WP\/#website"},"primaryImageOfPage":{"@id":"https:\/\/jblanz.de\/WP\/jaffna\/#primaryimage"},"image":{"@id":"https:\/\/jblanz.de\/WP\/jaffna\/#primaryimage"},"thumbnailUrl":"https:\/\/jblanz.de\/WP\/wp-content\/uploads\/2016\/08\/MG_0620.jpg","datePublished":"2016-08-22T16:34:00+00:00","dateModified":"2016-08-31T04:59:34+00:00","breadcrumb":{"@id":"https:\/\/jblanz.de\/WP\/jaffna\/#breadcrumb"},"inLanguage":"de","potentialAction":[{"@type":"ReadAction","target":["https:\/\/jblanz.de\/WP\/jaffna\/"]}]},{"@type":"ImageObject","inLanguage":"de","@id":"https:\/\/jblanz.de\/WP\/jaffna\/#primaryimage","url":"https:\/\/jblanz.de\/WP\/wp-content\/uploads\/2016\/08\/MG_0620.jpg","contentUrl":"https:\/\/jblanz.de\/WP\/wp-content\/uploads\/2016\/08\/MG_0620.jpg","width":800,"height":450},{"@type":"BreadcrumbList","@id":"https:\/\/jblanz.de\/WP\/jaffna\/#breadcrumb","itemListElement":[{"@type":"ListItem","position":1,"name":"Startseite","item":"https:\/\/jblanz.de\/WP\/"},{"@type":"ListItem","position":2,"name":"Jaffna"}]},{"@type":"WebSite","@id":"https:\/\/jblanz.de\/WP\/#website","url":"https:\/\/jblanz.de\/WP\/","name":"Reiseblog von Karin & Joachim","description":"Wir schreiben den Blog f\u00fcr uns als Erinnerung - f\u00fcr euch als Inspiration","publisher":{"@id":"https:\/\/jblanz.de\/WP\/#\/schema\/person\/17a70f07162e42bc0b181c22397286e0"},"potentialAction":[{"@type":"SearchAction","target":{"@type":"EntryPoint","urlTemplate":"https:\/\/jblanz.de\/WP\/?s={search_term_string}"},"query-input":{"@type":"PropertyValueSpecification","valueRequired":true,"valueName":"search_term_string"}}],"inLanguage":"de"},{"@type":["Person","Organization"],"@id":"https:\/\/jblanz.de\/WP\/#\/schema\/person\/17a70f07162e42bc0b181c22397286e0","name":"Achim","image":{"@type":"ImageObject","inLanguage":"de","@id":"https:\/\/secure.gravatar.com\/avatar\/b7ab31bc55956af4a9bebf7fd034761212b11b803b7e39464914d6abeefb12f3?s=96&d=mm&r=g","url":"https:\/\/secure.gravatar.com\/avatar\/b7ab31bc55956af4a9bebf7fd034761212b11b803b7e39464914d6abeefb12f3?s=96&d=mm&r=g","contentUrl":"https:\/\/secure.gravatar.com\/avatar\/b7ab31bc55956af4a9bebf7fd034761212b11b803b7e39464914d6abeefb12f3?s=96&d=mm&r=g","caption":"Achim"},"logo":{"@id":"https:\/\/secure.gravatar.com\/avatar\/b7ab31bc55956af4a9bebf7fd034761212b11b803b7e39464914d6abeefb12f3?s=96&d=mm&r=g"},"url":"https:\/\/jblanz.de\/WP\/author\/achim\/"}]}},"_links":{"self":[{"href":"https:\/\/jblanz.de\/WP\/wp-json\/wp\/v2\/posts\/961","targetHints":{"allow":["GET"]}}],"collection":[{"href":"https:\/\/jblanz.de\/WP\/wp-json\/wp\/v2\/posts"}],"about":[{"href":"https:\/\/jblanz.de\/WP\/wp-json\/wp\/v2\/types\/post"}],"author":[{"embeddable":true,"href":"https:\/\/jblanz.de\/WP\/wp-json\/wp\/v2\/users\/1"}],"replies":[{"embeddable":true,"href":"https:\/\/jblanz.de\/WP\/wp-json\/wp\/v2\/comments?post=961"}],"version-history":[{"count":0,"href":"https:\/\/jblanz.de\/WP\/wp-json\/wp\/v2\/posts\/961\/revisions"}],"wp:featuredmedia":[{"embeddable":true,"href":"https:\/\/jblanz.de\/WP\/wp-json\/wp\/v2\/media\/980"}],"wp:attachment":[{"href":"https:\/\/jblanz.de\/WP\/wp-json\/wp\/v2\/media?parent=961"}],"wp:term":[{"taxonomy":"category","embeddable":true,"href":"https:\/\/jblanz.de\/WP\/wp-json\/wp\/v2\/categories?post=961"},{"taxonomy":"post_tag","embeddable":true,"href":"https:\/\/jblanz.de\/WP\/wp-json\/wp\/v2\/tags?post=961"}],"curies":[{"name":"wp","href":"https:\/\/api.w.org\/{rel}","templated":true}]}}